{"id":62627,"date":"2026-03-07T02:59:47","date_gmt":"2026-03-07T02:59:47","guid":{"rendered":"https:\/\/www.viajamenorca.com\/sin-categorizar\/semana-santa-en-menorca-2026-procesiones-y-recorridos\/"},"modified":"2026-04-02T00:15:13","modified_gmt":"2026-04-02T00:15:13","slug":"holy-week","status":"publish","type":"post","link":"https:\/\/www.viajamenorca.com\/en\/magazine\/holy-week\/","title":{"rendered":"Holy Week in Menorca 2026: Processions and Routes"},"content":{"rendered":"\n<h3 class=\"wp-block-heading\"><span style=\"font-size: 13pt;\">From Sunday, March 29 to Sunday, April 5, the island celebrates one of the most deeply rooted festivities in Menorcan culture, offering a unique blend of tradition, spirituality, and natural beauty.<\/span><\/h3>\n\n\n<div class=\"wp-block-image\">\n<figure class=\"alignright size-large is-resized\"><a href=\"https:\/\/www.viajamenorca.com\/wp-content\/uploads\/2025\/03\/semana-santa-menorca-2026-2-724x1024.jpg\"><img decoding=\"async\" width=\"724\" height=\"1024\" src=\"https:\/\/www.viajamenorca.com\/wp-content\/uploads\/2025\/03\/semana-santa-menorca-2026-2-724x1024.jpg\" alt=\"\" class=\"wp-image-62490\" style=\"width:350px\" title=\"Holy Week in Menorca 2026: Processions and Routes\" srcset=\"https:\/\/www.viajamenorca.com\/wp-content\/uploads\/2025\/03\/semana-santa-menorca-2026-2-724x1024.jpg 724w, https:\/\/www.viajamenorca.com\/wp-content\/uploads\/2025\/03\/semana-santa-menorca-2026-2-247x350.jpg 247w, https:\/\/www.viajamenorca.com\/wp-content\/uploads\/2025\/03\/semana-santa-menorca-2026-2-768x1086.jpg 768w, https:\/\/www.viajamenorca.com\/wp-content\/uploads\/2025\/03\/semana-santa-menorca-2026-2.jpg 905w\" sizes=\"(max-width: 724px) 100vw, 724px\" \/><\/a><\/figure>\n<\/div>\n\n\n<h4 class=\"wp-block-heading\"><span style=\"font-size: 14pt;\"><\/span><\/h4>\n\n\n\n<h2 class=\"wp-block-heading\"><span style=\"font-size: 18pt;\">Tradition and Spirituality<\/span><\/h2>\n\n\n\n<p><strong>Renewed Processions:<\/strong> Menorca\u2019s brotherhoods (<em>cofrad\u00edas<\/em>) are preparing this year&#8217;s processions with new features, keeping tradition alive while offering visitors a unique experience.<br><strong>Community Gatherings:<\/strong> Holy Week is an ideal time to connect with the local community and participate in religious events held in the island&#8217;s various <strong><a href=\"https:\/\/www.viajamenorca.com\/en\/tourist-guide\/villages\/\" type=\"post\" id=\"55183\">villages<\/a><\/strong>.<\/p>\n\n\n\n<h3 class=\"wp-block-heading\"><span style=\"font-size: 13pt;\"><strong>S\u2019\u00c0via Corema and the Carametler<\/strong><\/span><\/h3>\n\n\n\n<h3 class=\"wp-block-heading\"><span style=\"font-size: 13pt;\">During Holy Week in Menorca, two traditional figures stand out in the celebration:<\/span><\/h3>\n\n\n\n<p><strong>S\u2019\u00c0via Corema:<\/strong> An elderly woman with seven legs, symbolizing the seven weeks leading up to Easter. Each week she loses a leg, marking the countdown to the holiday. This iconic figure remains a hallmark of Menorcan tradition.<\/p>\n\n\n\n<p><strong>The \u201cCarametler\u201d:<\/strong> Marks the end of the period of abstinence with a festive touch. It is a magical tree decorated with candies and sweets, which children water with sugar water to &#8220;make it grow&#8221; before collecting their reward\u2014a celebration full of symbolism and joy.<\/p>\n\n\n\n<h2 class=\"wp-block-heading\"><span style=\"font-size: 18pt;\">Things to Do in Menorca During Holy Week<\/span><\/h2>\n\n\n\n<h3 class=\"wp-block-heading\"><strong><span style=\"font-size: 14pt;\">Activities for Everyone<\/span><\/strong><\/h3>\n\n\n\n<p>Menorca offers activities for all, from outdoor adventures to delicious gastronomy and a rich local culture, featuring historical routes, artisan markets, and beautiful natural landscapes.<\/p>\n\n\n\n<h2 class=\"wp-block-heading\"><strong><span style=\"font-size: 14pt;\">Nature and Adventure<\/span><\/strong><\/h2>\n\n\n\n<p><div class=\"g g-5\"><div class=\"g-single a-68\"><a href=\"https:\/\/www.civitatis.com\/en\/mahon\/mahon-free-tour\/?aid=99960\" target=\"_blank\" rel=\"nofollow\">\r\n    <img decoding=\"async\" src=\"https:\/\/www.viajamenorca.com\/wp-content\/uploads\/2026\/02\/INGLES_ROSE-7-1.jpg\" width=\"350\" height=\"210\" title=\"Free tour of Mah\u00f3n\" alt=\"Free tour of Mah\u00f3n\" \/>\r\n<\/a><\/div><\/div> <strong>Discovering Secret Coves:<\/strong> Take advantage of the tranquility of Holy Week to explore <strong>pristine coves<\/strong> and hidden corners of the Menorcan coastline.<br><strong>Hiking and Cycling Routes:<\/strong> Enjoy nature in its purest state by traveling the island\u2019s <strong><a href=\"https:\/\/www.viajamenorca.com\/en\/tourist-guide\/routes-and-itineraries\/scenic-route\/\">trails and paths<\/a><\/strong>, such as the <a href=\"https:\/\/www.viajamenorca.com\/en\/tourist-guide\/routes-and-itineraries\/cami-cavalls-trail\/\"><strong>Cam\u00ed de Cavalls<\/strong><\/a>.<br><strong>Water Activities:<\/strong> Dive into the crystal-clear waters of the Mediterranean with <a href=\"https:\/\/www.viajamenorca.com\/en\/activities\/water-sports\/scuba-diving\/\" rel=\"nofollow\"><strong>snorkeling<\/strong><\/a>, <a href=\"https:\/\/www.viajamenorca.com\/en\/activities\/water-sports\/scuba-diving\/\"><strong>scuba<\/strong> <\/a>or <strong>kayaking<\/strong>.<\/p>\n\n\n\n<h2 class=\"wp-block-heading\"><strong><span style=\"font-size: 14pt;\">Gastronomy and Local Products<\/span><\/strong><\/h2>\n\n\n\n<p><strong>Artisan Markets:<\/strong> Find unique handmade products in the various <strong><a href=\"https:\/\/www.viajamenorca.com\/en\/what-to-do-in-menorca\/fairs-and-markets\/artisan-and-agro-food-markets-calendar\/\" type=\"category\" id=\"1538\">markets<\/a><\/strong> held during Holy Week.<br><strong>Tapas Route:<\/strong> Discover Menorca\u2019s <strong><a href=\"https:\/\/www.viajamenorca.com\/en\/what-to-do-in-menorca\/where-to-eat\/\">bars and restaurants<\/a><\/strong> and try their most traditional tapas.<br><strong>Menorcan Wines:<\/strong> Pair your meals with wines from the &#8220;Vino de la Tierra Isla de Menorca&#8221; designation of origin. You can also visit a <strong>winery<\/strong>.<\/p>\n\n\n\n<h2 class=\"wp-block-heading\"><strong><span style=\"font-size: 14pt;\">Culture and Heritage<\/span><\/strong><\/h2>\n\n\n\n<p><strong>Guided Tours:<\/strong> Learn about the history and legends of Menorca from <strong><a href=\"https:\/\/www.viajamenorca.com\/en\/activities\/guided-tours-tour-guides\/\">gu\u00edas expertos<\/a><\/strong>. Don&#8217;t miss the <a href=\"https:\/\/www.viajamenorca.com\/en\/activities\/guided-tours-tour-guides\/\"><strong>visitas guiadas gratuitas<\/strong><\/a> of <strong>Mah\u00f3n<\/strong> and <a title=\"Visitas guiada gratuita a Ciudadela\" href=\"https:\/\/www.viajamenorca.com\/en\/activities\/guided-tours\/guided-tour-free-tour-around-ciutadella\/\" target=\"_blank\" rel=\"nofollow noopener\"><strong>Ciutadella<\/strong><\/a>. More information <strong><a href=\"https:\/\/www.viajamenorca.com\/en\/activities\/guided-tours-tour-guides\/\">here<\/a><\/strong>. <br><strong>Archaeological Sites:<\/strong> Visit the talayots and <strong><a href=\"https:\/\/www.viajamenorca.com\/en\/tourist-guide\/routes-and-itineraries\/menorca-talayotic\/\" type=\"post\" id=\"58137\">prehistoric settlements<\/a><\/strong> to discover the island\u2019s history and its rich Talayotic culture, recently declared a <a href=\"https:\/\/www.viajamenorca.com\/en\/magazine\/world-heritage-site\/\"><strong>UNESCO World Heritage site<\/strong><\/a>.<br><strong>Museums and Exhibitions:<\/strong> Discover Menorca\u2019s cultural heritage in its <strong><a href=\"https:\/\/www.viajamenorca.com\/en\/tourist-guide\/routes-and-itineraries\/cultural-itinerary\/\" type=\"post\" id=\"56411\">museums and temporary exhibitions<\/a><\/strong>.<br><strong>Classical Music Concerts:<\/strong> Enjoy sacred music in various temples across the island. <div class=\"g g-7\"><div class=\"g-single a-61\"><a href=\"https:\/\/www.viajamenorca.com\/en\/activities\/boat-rental\/hire-a-kayak\/\" target=\"_blank\" rel=\"nofollow\">\r\n    <img decoding=\"async\" src=\"https:\/\/www.viajamenorca.com\/wp-content\/uploads\/2026\/02\/INGLES_BLUE-7-1.jpg\" width=\"350\" height=\"210\" title=\"Kayak Excursions\" alt=\"Kayak Excursions\" \/>\r\n<\/a><\/div><\/div><\/p>\n\n\n\n<h2 class=\"wp-block-heading\"><span style=\"font-size: 18pt;\">Practical Tips<\/span><\/h2>\n\n\n\n<p><strong>Book in Advance:<\/strong> <strong><a href=\"https:\/\/www.viajamenorca.com\/en\/.\/accommodation\/hotels\/\" type=\"category\" id=\"1779\">Hotels<\/a>, <a href=\"https:\/\/www.viajamenorca.com\/en\/tourist-guide\/transportation\/flights\/\" type=\"post\" id=\"58566\">flights<\/a>, car rentals, <\/strong>and<strong> <\/strong><a href=\"https:\/\/www.viajamenorca.com\/en\/tourist-guide\/transportation\/taxis-rates-and-services\/#Other_private_services\" type=\"post\" id=\"52799\"><strong>transfers<\/strong> <\/a>usually have lower prices when booked early.<br><strong>Public Transportation:<\/strong> Use <strong><a href=\"https:\/\/www.viajamenorca.com\/en\/tourist-guide\/transportation\/\" type=\"page\" id=\"53350\">public transport<\/a><\/strong> to get around the island and avoid parking issues.<br><strong>Respect the Environment:<\/strong> Help conserve the <strong>environment<\/strong> and follow the rules of the natural protected areas.<\/p>\n\n\n\n<h2 class=\"wp-block-heading\"><span style=\"font-size: 18pt;\">Religious Calendar: Processions and Routes<\/span><\/h2>\n\n\n\n<h3 class=\"wp-block-heading\"><strong><span style=\"font-size: 16pt;\">Holy Week Dates in Menorca 2026<\/span><\/strong><\/h3>\n\n\n\n<ul class=\"wp-block-list fechas Semana Santa 2023\">\n<li><h2><span style=\"font-size: 14pt;\"><strong><strong>Palm Sunday: March 29<\/strong><\/strong><\/span><\/h2><\/li>\n<\/ul>\n\n\n\n<p><span style=\"font-size: 12pt;\">The events of Palm Sunday mark the beginning of Holy Week. Many churches across Menorca hold the <strong>Blessing of the Palms<\/strong> and traditional <strong>Stations of the Cross (V\u00eda Crucis)<\/strong> processions.<\/span><\/p>\n\n\n\n<ul class=\"wp-block-list fechas Semana Santa 2023\">\n<li><h3><span style=\"font-size: 14pt;\"><strong><strong>Holy Monday: March 30<\/strong><\/strong><\/span><\/h3><\/li>\n<\/ul>\n\n\n\n<p>Procession of the <em>Cofrad\u00eda de Nuestro Padre Jes\u00fas de la Sentencia<\/em> at the<strong> Church of Sant Antoni Abat in Mah\u00f3n<\/strong>.<\/p>\n\n\n\n<ul class=\"wp-block-list fechas Semana Santa 2023\">\n<li><h3><span style=\"font-size: 14pt;\"><strong><strong>Holy Tuesday: March 31<\/strong><\/strong><\/span><\/h3><\/li>\n<\/ul>\n\n\n\n<p>Stations of the Cross (<em>V\u00eda Crucis<\/em>) procession at <strong>the Roser Parish in Es Castell<\/strong>.<\/p>\n\n\n\n<ul class=\"wp-block-list fechas Semana Santa 2023\">\n<li><h2><span style=\"font-size: 14pt;\"><strong><strong>Holy Wednesday: April 1<\/strong><\/strong><\/span><\/h2><\/li>\n<\/ul>\n\n\n\n<p><strong>Chrism Mass<\/strong> at the <strong>Cathedral of Menorca<\/strong>. During this Mass, the Holy Chrism is consecrated, and the Holy Oils for the catechumens and the sick are blessed.<\/p>\n\n\n\n<ul class=\"wp-block-list fechas Semana Santa 2023\">\n<li><h2><span style=\"font-size: 14pt;\"><strong><strong>Holy Thursday: April 2<\/strong><\/strong><\/span><\/h2><\/li>\n<\/ul>\n\n\n\n<p>Holy Thursday begins with a <strong>prayer vigil<\/strong> alongside Jesus and the Eucharist &#8220;al Sant\u00edssim,&#8221; commemorating the Lord&#8217;s Supper at the <strong>Church of La Concepci\u00f3n in Mah\u00f3n<\/strong>.<\/p>\n\n\n\n<p><span style=\"font-size: 12pt;\">This is followed by the <strong>Procession of Holy Silence<\/strong>, featuring the <strong>Cofrad\u00eda de La Sang of Mah\u00f3n<\/strong>. This marks the start of the <strong>Paschal Triduum religious acts<\/strong> in Menorca, held at the <strong>Church of Sant Josep<\/strong>, featuring the image of <strong>Christ Crucified with Mary Magdalene<\/strong> embracing the foot of the cross.<\/span><\/p>\n\n\n\n<ul class=\"wp-block-list\">\n<li><h2><span style=\"font-size: 14pt;\"><strong><strong>Good Friday: April 3<\/strong><\/strong><\/span><\/h2><\/li>\n<\/ul>\n\n\n\n<p><span style=\"font-size: 14pt;\"><span style=\"line-height: 1.5;\">Procession at the <strong>Cathedral of Ciutadella<\/strong>, the seat of the Diocese of Menorca.<\/span><\/span><\/p>\n\n\n<div class=\"wp-block-image\">\n<figure class=\"alignright\"><a href=\"https:\/\/www.viajamenorca.com\/wp-content\/uploads\/2024\/02\/confrares-350x233.jpg\" rel=\"noopener\"><img decoding=\"async\" width=\"350\" height=\"233\" src=\"https:\/\/www.viajamenorca.com\/wp-content\/uploads\/2024\/02\/confrares-350x233.jpg\" alt=\"\" class=\"wp-image-33190\" title=\"Photo: jesusdenatzaret.com\" srcset=\"https:\/\/www.viajamenorca.com\/wp-content\/uploads\/2024\/02\/confrares-350x233.jpg 350w, https:\/\/www.viajamenorca.com\/wp-content\/uploads\/2024\/02\/confrares-768x510.jpg 768w, https:\/\/www.viajamenorca.com\/wp-content\/uploads\/2024\/02\/confrares.jpg 960w\" sizes=\"(max-width: 350px) 100vw, 350px\" \/><\/a><figcaption class=\"wp-element-caption\">Photo: <a href=\"http:\/\/jesusdenatzaret.com\/\" target=\"_blank\" rel=\"noopener\">jesusdenatzaret.com<\/a><\/figcaption><\/figure>\n<\/div>\n\n\n<p><span style=\"font-size: 12pt;\"><span style=\"line-height: 1.5;\">The event will feature the prominent presence of <strong>Mr. Gerard Villalonga Hell\u00edn<\/strong> (to be confirmed), <strong>Bishop of the Diocese of Menorca<\/strong>, who will have the honor of presiding over the procession. It will depart from the main doors of the Cathedral and wind through the city&#8217;s central streets with the participation of various brotherhoods (<em>cofrad\u00edas<\/em>).<\/span><\/span><\/p>\n\n\n\n<p><span style=\"font-size: 12pt;\"><span style=\"font-size: 12pt;\">The <strong>most attended Good Friday celebrations<\/strong> are typically those in <\/span><strong><a href=\"https:\/\/www.viajamenorca.com\/en\/tourist-guide\/villages\/mao-mahon\/\" type=\"post\" id=\"57612\">Mah\u00f3n<\/a><\/strong><span style=\"font-size: 12pt;\"> and <\/span><strong><a href=\"https:\/\/www.viajamenorca.com\/en\/tourist-guide\/villages\/ciutadella-ciudadela\/\" type=\"post\" id=\"57531\">Ciudadela<\/a><\/strong><span style=\"font-size: 12pt;\">, but the <strong>Procession of the Holy Burial (Santo Entierro)<\/strong> can also be followed in several<\/span> <a style=\"font-size: 12pt;\" href=\"https:\/\/www.viajamenorca.com\/en\/tourist-guide\/villages\/\" rel=\"nofollow\"><strong>towns<\/strong><\/a><span style=\"font-size: 12pt;\"> across the island: <\/span><span style=\"line-height: 1.5;\"><strong><a href=\"https:\/\/www.viajamenorca.com\/en\/tourist-guide\/villages\/es-mercadal\/\" type=\"post\" id=\"57894\">Es Mercadal<\/a><\/strong>, <strong><a href=\"https:\/\/www.viajamenorca.com\/en\/tourist-guide\/villages\/alaior-alayor\/\">Alaior<\/a><\/strong>, <a href=\"https:\/\/www.viajamenorca.com\/en\/tourist-guide\/villages\/ferrerias\/\"><b>Ferreries<\/b><\/a><span style=\"font-size: 12pt;\">, <strong><a href=\"https:\/\/www.viajamenorca.com\/en\/tourist-guide\/villages\/es-migjorn-gran\/\" type=\"post\" id=\"57985\">Es Migjorn<\/a><\/strong>, <\/span><a style=\"font-size: 12pt;\" href=\"https:\/\/www.viajamenorca.com\/en\/tourist-guide\/villages\/san-luis\/\"><strong>Sant Llu\u00eds<\/strong><\/a><span style=\"font-size: 12pt;\">, <strong><a href=\"https:\/\/www.viajamenorca.com\/en\/tourist-guide\/villages\/es-castell-villacarlos\/\" type=\"post\" id=\"57333\">Es castell<\/a><\/strong>, <\/span><a style=\"font-size: 12pt;\" href=\"https:\/\/www.viajamenorca.com\/en\/tourist-guide\/villages\/fornells\/\"><strong>Fornells<\/strong><\/a><span style=\"font-size: 12pt;\">.<\/span><\/span><\/span><\/p>\n\n\n\n<ul class=\"wp-block-list fechas Semana Santa 2023\">\n<li><h2><span style=\"font-size: 14pt;\"><strong><strong>Holy Saturday: April 4<\/strong><\/strong><\/span><\/h2><\/li>\n\n\n\n<li><h2><span style=\"font-size: 14pt;\"><strong><strong>Easter Sunday: April 5<\/strong><\/strong><\/span><\/h2><\/li>\n<\/ul>\n\n\n\n<p><span style=\"font-size: 12pt;\">Menorca celebrates Easter Sunday with several processions across various municipalities, culminating in the <strong>Procession of the Encounter (Encuentro)<\/strong>.<\/span><\/p>\n\n\n\n<p><strong>Bishop Villalonga Hell\u00edn<\/strong> will preside over the events (to be confirmed), including the Easter Mass at the <strong>Church of Santa Maria in Mah\u00f3n<\/strong>. Notably, the <strong>Procession of the Encounter<\/strong> will feature a revised route this year, bypassing the <em>Plaza de la Constituci\u00f3n<\/em> due to ongoing construction, and departing instead from the <strong>Church of the Concepcionistas<\/strong>.<\/p>\n\n\n\n<p><span style=\"font-size: 12pt;\"><span style=\"line-height: 1.5;\">To conclude, several municipalities celebrate the traditional <strong>\u2018Deixem lo Dol\u2019<\/strong> chant, featuring <strong>performances by local choirs<\/strong> singing and celebrating Easter.<\/span><\/span><\/p>\n\n\n\n<h2 class=\"wp-block-heading\"><span style=\"font-size: 18pt;\"><strong>Mass and Concert Schedules<\/strong><\/span><\/h2>\n\n\n\n<h3 class=\"wp-block-heading\"><a href=\"https:\/\/bisbatdemenorca.org\/setmana-santa-horaris\/\" target=\"_blank\" rel=\"noopener\">\u25ba <\/a>On the Diocese&#8217;s website, you can consult the full schedules for each village&#8217;s Holy Week processions:<strong><span style=\"font-size: 14pt;\"> <\/span><\/strong><a title=\"Bisbat de Menorca\" href=\"https:\/\/bisbatdemenorca.org\" target=\"_blank\" rel=\"noopener\"><strong><span style=\"font-size: 14pt;\">bisbatdemenorca.org<\/span><\/strong><\/a>, Additionally, the <a href=\"https:\/\/bisbatdemenorca.org\/processons-setmana-santa\/\" target=\"_blank\" rel=\"nofollow noopener\"><\/a><strong><a href=\"https:\/\/lasang.com\/agenda.html\" target=\"_blank\" rel=\"noreferrer noopener nofollow\">cofrad\u00eda de la sang<\/a><\/strong> website provides their <strong><a href=\"https:\/\/lasang.com\/agenda.html\" target=\"_blank\" rel=\"noreferrer noopener nofollow\">agenda <\/a><\/strong>and <strong><a href=\"https:\/\/lasang.com\/procesiones.html\" target=\"_blank\" rel=\"noreferrer noopener nofollow\">routes <\/a><\/strong>ein Mah\u00f3n. You may also visit the websites of various other Menorcan brotherhoods. <strong><a href=\"https:\/\/cofradiasmenorca.wordpress.com\/enlaces\/\" target=\"_blank\" rel=\"noreferrer noopener nofollow\">See list<\/a><\/strong><\/h3>\n\n\n\n<h2 class=\"wp-block-heading\"><span style=\"font-size: 17pt;\">Watch Online<\/span><\/h2>\n\n\n\n<h3 class=\"wp-block-heading LC20lb DKV0Md\">Y<span style=\"font-size: 12pt;\">ou can <strong>follow the various religious events<\/strong> via the Menorca &#8220;Bisbat&#8221; <strong>YouTube channel<\/strong>:<strong><a href=\"https:\/\/www.youtube.com\/user\/BisbatdeMenorca\" target=\"_blank\" rel=\"noreferrer noopener nofollow\">youtube.com\/user\/BisbatdeMenorca<\/a><\/strong><\/span> <span style=\"font-size: 12pt;\">and the official <strong>Diocese of Menorca website<\/strong>: <strong><a href=\"https:\/\/bisbatdemenorca.org\" target=\"_blank\" rel=\"nofollow noopener\">bisbatdemenorca.org<\/a><\/strong><\/span>.<\/h3>\n\n\n\n<hr \/>\n<h3><span style=\"font-size: 14pt;\"><strong>Video<\/strong><\/span><\/h3>\n\n\n\n<figure class=\"wp-block-embed is-type-video is-provider-youtube wp-block-embed-youtube wp-embed-aspect-16-9 wp-has-aspect-ratio\"><div class=\"wp-block-embed__wrapper\">\n<iframe title=\"DOMINGO DE RAMOS. MAH\u00d3N 2024.\" width=\"1200\" height=\"675\" src=\"https:\/\/www.youtube.com\/embed\/PdEUzAQcw7I?feature=oembed\" frameborder=\"0\" allow=\"accelerometer; autoplay; clipboard-write; encrypted-media; gyroscope; picture-in-picture; web-share\" referrerpolicy=\"strict-origin-when-cross-origin\" allowfullscreen><\/iframe>\n<\/div><\/figure>\n\n\n\n<hr class=\"wp-block-separator has-alpha-channel-opacity\"\/>\n\n\n\n<h3 class=\"wp-block-heading\"><span style=\"font-size: 14pt;\">Holy Week in Menorca is an experience you cannot miss. Come and enjoy the tradition, culture, nature, and gastronomy of this wonderful island.<\/span><\/h3>\n","protected":false},"excerpt":{"rendered":"<p>From Sunday, March 29 to Sunday, April 5, the island celebrates one of the most deeply rooted festivities in Menorcan culture, offering a unique blend of tradition, spirituality, and natural &#8230; <\/p>\n<p class=\"read-more-container\"><a title=\"Holy Week in Menorca 2026: Processions and Routes\" class=\"read-more button\" href=\"https:\/\/www.viajamenorca.com\/en\/magazine\/holy-week\/#more-62627\" aria-label=\"Read more about Holy Week in Menorca 2026: Processions and Routes\">Read more<\/a><\/p>\n","protected":false},"author":1,"featured_media":64885,"comment_status":"open","ping_status":"open","sticky":false,"template":"","format":"standard","meta":{"_acf_changed":false,"footnotes":""},"categories":[1574,1728],"tags":[2807,2806,1532,2729,2324,2813,2804,2814,2815,2817,1529,2808,2809,2816,2811,2810,2805],"class_list":["post-62627","post","type-post","status-publish","format-standard","has-post-thumbnail","hentry","category-magazine","category-plans-and-guides","tag-actos-religiosos","tag-calendario-de-actos","tag-citadel","tag-ciudadela","tag-ciutadella","tag-concerts","tag-conciertos","tag-holy-week","tag-holy-week-masses","tag-holy-week-menorca","tag-mahon","tag-misas-semana-santa","tag-procesiones-y-recorridos","tag-processions-and-routes","tag-schedule-of-events","tag-semana-santa","tag-semana-santa-menorca","resize-featured-image"],"acf":{"elige_un_tipo_de_actividad":"","buscar_por_zonas":""},"yoast_head":"<!-- This site is optimized with the Yoast SEO plugin v27.4 - https:\/\/yoast.com\/product\/yoast-seo-wordpress\/ -->\n<title>Holy Week in Menorca 2026: Processions and Routes - Guide<\/title>\n<meta name=\"description\" content=\"Holy Week is one of the most significant festivities for Menorcans and a unique opportunity for tourists and visitors to experience\" \/>\n<meta name=\"robots\" content=\"index, follow, max-snippet:-1, max-image-preview:large, max-video-preview:-1\" \/>\n<link rel=\"canonical\" href=\"https:\/\/www.viajamenorca.com\/en\/magazine\/holy-week\/\" \/>\n<meta property=\"og:locale\" content=\"en_US\" \/>\n<meta property=\"og:type\" content=\"article\" \/>\n<meta property=\"og:title\" content=\"Holy Week in Menorca 2026: Processions and Routes - Guide\" \/>\n<meta property=\"og:description\" content=\"Holy Week is one of the most significant festivities for Menorcans and a unique opportunity for tourists and visitors to experience\" \/>\n<meta property=\"og:url\" content=\"https:\/\/www.viajamenorca.com\/en\/magazine\/holy-week\/\" \/>\n<meta property=\"og:site_name\" content=\"Viaja a Menorca\" \/>\n<meta property=\"article:publisher\" content=\"https:\/\/www.facebook.com\/ViajaMenorca\/\" \/>\n<meta property=\"article:author\" content=\"https:\/\/www.facebook.com\/ViajaMenorca\/\" \/>\n<meta property=\"article:published_time\" content=\"2026-03-07T02:59:47+00:00\" \/>\n<meta property=\"article:modified_time\" content=\"2026-04-02T00:15:13+00:00\" \/>\n<meta property=\"og:image\" content=\"https:\/\/www.viajamenorca.com\/wp-content\/uploads\/2025\/03\/semana-santa-menorca-2026-2.jpg\" \/>\n\t<meta property=\"og:image:width\" content=\"905\" \/>\n\t<meta property=\"og:image:height\" content=\"1280\" \/>\n\t<meta property=\"og:image:type\" content=\"image\/jpeg\" \/>\n<meta name=\"author\" content=\"RVM\" \/>\n<meta name=\"twitter:card\" content=\"summary_large_image\" \/>\n<meta name=\"twitter:creator\" content=\"@ViajaMenorca\" \/>\n<meta name=\"twitter:site\" content=\"@ViajaMenorca\" \/>\n<meta name=\"twitter:label1\" content=\"Written by\" \/>\n\t<meta name=\"twitter:data1\" content=\"RVM\" \/>\n\t<meta name=\"twitter:label2\" content=\"Est. reading time\" \/>\n\t<meta name=\"twitter:data2\" content=\"6 minutes\" \/>\n<script type=\"application\/ld+json\" class=\"yoast-schema-graph\">{\"@context\":\"https:\\\/\\\/schema.org\",\"@graph\":[{\"@type\":\"Article\",\"@id\":\"https:\\\/\\\/www.viajamenorca.com\\\/en\\\/magazine\\\/holy-week\\\/#article\",\"isPartOf\":{\"@id\":\"https:\\\/\\\/www.viajamenorca.com\\\/en\\\/magazine\\\/holy-week\\\/\"},\"author\":{\"name\":\"RVM\",\"@id\":\"https:\\\/\\\/www.viajamenorca.com\\\/en\\\/#\\\/schema\\\/person\\\/a4a17bcf26fbf36b9726dc16edd0a3fc\"},\"headline\":\"Holy Week in Menorca 2026: Processions and Routes\",\"datePublished\":\"2026-03-07T02:59:47+00:00\",\"dateModified\":\"2026-04-02T00:15:13+00:00\",\"mainEntityOfPage\":{\"@id\":\"https:\\\/\\\/www.viajamenorca.com\\\/en\\\/magazine\\\/holy-week\\\/\"},\"wordCount\":1028,\"commentCount\":0,\"publisher\":{\"@id\":\"https:\\\/\\\/www.viajamenorca.com\\\/en\\\/#organization\"},\"image\":{\"@id\":\"https:\\\/\\\/www.viajamenorca.com\\\/en\\\/magazine\\\/holy-week\\\/#primaryimage\"},\"thumbnailUrl\":\"https:\\\/\\\/www.viajamenorca.com\\\/wp-content\\\/uploads\\\/2025\\\/03\\\/semana-santa-menorca-2026-2.jpg\",\"keywords\":[\"Actos religiosos\",\"Calendario de actos\",\"Citadel\",\"Ciudadela\",\"Ciutadella\",\"Concerts\",\"Conciertos\",\"Holy Week\",\"Holy Week masses\",\"Holy Week Menorca\",\"Mahon\",\"Misas semana santa\",\"Procesiones y recorridos\",\"Processions and routes\",\"Schedule of events\",\"Semana Santa\",\"semana santa menorca\"],\"articleSection\":[\"Blog | Tourism Magazine\",\"Plans and guides\"],\"inLanguage\":\"en-US\",\"potentialAction\":[{\"@type\":\"CommentAction\",\"name\":\"Comment\",\"target\":[\"https:\\\/\\\/www.viajamenorca.com\\\/en\\\/magazine\\\/holy-week\\\/#respond\"]}]},{\"@type\":\"WebPage\",\"@id\":\"https:\\\/\\\/www.viajamenorca.com\\\/en\\\/magazine\\\/holy-week\\\/\",\"url\":\"https:\\\/\\\/www.viajamenorca.com\\\/en\\\/magazine\\\/holy-week\\\/\",\"name\":\"Holy Week in Menorca 2026: Processions and Routes - Guide\",\"isPartOf\":{\"@id\":\"https:\\\/\\\/www.viajamenorca.com\\\/en\\\/#website\"},\"primaryImageOfPage\":{\"@id\":\"https:\\\/\\\/www.viajamenorca.com\\\/en\\\/magazine\\\/holy-week\\\/#primaryimage\"},\"image\":{\"@id\":\"https:\\\/\\\/www.viajamenorca.com\\\/en\\\/magazine\\\/holy-week\\\/#primaryimage\"},\"thumbnailUrl\":\"https:\\\/\\\/www.viajamenorca.com\\\/wp-content\\\/uploads\\\/2025\\\/03\\\/semana-santa-menorca-2026-2.jpg\",\"datePublished\":\"2026-03-07T02:59:47+00:00\",\"dateModified\":\"2026-04-02T00:15:13+00:00\",\"description\":\"Holy Week is one of the most significant festivities for Menorcans and a unique opportunity for tourists and visitors to experience\",\"breadcrumb\":{\"@id\":\"https:\\\/\\\/www.viajamenorca.com\\\/en\\\/magazine\\\/holy-week\\\/#breadcrumb\"},\"inLanguage\":\"en-US\",\"potentialAction\":[{\"@type\":\"ReadAction\",\"target\":[\"https:\\\/\\\/www.viajamenorca.com\\\/en\\\/magazine\\\/holy-week\\\/\"]}]},{\"@type\":\"ImageObject\",\"inLanguage\":\"en-US\",\"@id\":\"https:\\\/\\\/www.viajamenorca.com\\\/en\\\/magazine\\\/holy-week\\\/#primaryimage\",\"url\":\"https:\\\/\\\/www.viajamenorca.com\\\/wp-content\\\/uploads\\\/2025\\\/03\\\/semana-santa-menorca-2026-2.jpg\",\"contentUrl\":\"https:\\\/\\\/www.viajamenorca.com\\\/wp-content\\\/uploads\\\/2025\\\/03\\\/semana-santa-menorca-2026-2.jpg\",\"width\":905,\"height\":1280},{\"@type\":\"BreadcrumbList\",\"@id\":\"https:\\\/\\\/www.viajamenorca.com\\\/en\\\/magazine\\\/holy-week\\\/#breadcrumb\",\"itemListElement\":[{\"@type\":\"ListItem\",\"position\":1,\"name\":\"Blog | Tourism Magazine\",\"item\":\"https:\\\/\\\/www.viajamenorca.com\\\/en\\\/.\\\/magazine\\\/\"},{\"@type\":\"ListItem\",\"position\":2,\"name\":\"Religious Calendar\"}]},{\"@type\":\"WebSite\",\"@id\":\"https:\\\/\\\/www.viajamenorca.com\\\/en\\\/#website\",\"url\":\"https:\\\/\\\/www.viajamenorca.com\\\/en\\\/\",\"name\":\"Viaja a Menorca\",\"description\":\"Your Menorca adventure begins here!\",\"publisher\":{\"@id\":\"https:\\\/\\\/www.viajamenorca.com\\\/en\\\/#organization\"},\"alternateName\":\"Gu\u00eda tur\u00edstica de Menorca\",\"potentialAction\":[{\"@type\":\"SearchAction\",\"target\":{\"@type\":\"EntryPoint\",\"urlTemplate\":\"https:\\\/\\\/www.viajamenorca.com\\\/en\\\/?s={search_term_string}\"},\"query-input\":{\"@type\":\"PropertyValueSpecification\",\"valueRequired\":true,\"valueName\":\"search_term_string\"}}],\"inLanguage\":\"en-US\"},{\"@type\":\"Organization\",\"@id\":\"https:\\\/\\\/www.viajamenorca.com\\\/en\\\/#organization\",\"name\":\"Viaja a Menorca - Gu\u00eda tur\u00edstica\",\"alternateName\":\"Viaja a Menorca\",\"url\":\"https:\\\/\\\/www.viajamenorca.com\\\/en\\\/\",\"logo\":{\"@type\":\"ImageObject\",\"inLanguage\":\"en-US\",\"@id\":\"https:\\\/\\\/www.viajamenorca.com\\\/en\\\/#\\\/schema\\\/logo\\\/image\\\/\",\"url\":\"https:\\\/\\\/www.viajamenorca.com\\\/wp-content\\\/uploads\\\/2021\\\/11\\\/viajamenorca.jpg\",\"contentUrl\":\"https:\\\/\\\/www.viajamenorca.com\\\/wp-content\\\/uploads\\\/2021\\\/11\\\/viajamenorca.jpg\",\"width\":714,\"height\":714,\"caption\":\"Viaja a Menorca - Gu\u00eda tur\u00edstica\"},\"image\":{\"@id\":\"https:\\\/\\\/www.viajamenorca.com\\\/en\\\/#\\\/schema\\\/logo\\\/image\\\/\"},\"sameAs\":[\"https:\\\/\\\/www.facebook.com\\\/ViajaMenorca\\\/\",\"https:\\\/\\\/x.com\\\/ViajaMenorca\",\"https:\\\/\\\/www.instagram.com\\\/viaja_menorca\\\/?hl=es\",\"https:\\\/\\\/www.youtube.com\\\/channel\\\/UCWtpR3jxp79HeZ8zZfHLhXw\"]},{\"@type\":\"Person\",\"@id\":\"https:\\\/\\\/www.viajamenorca.com\\\/en\\\/#\\\/schema\\\/person\\\/a4a17bcf26fbf36b9726dc16edd0a3fc\",\"name\":\"RVM\",\"image\":{\"@type\":\"ImageObject\",\"inLanguage\":\"en-US\",\"@id\":\"https:\\\/\\\/www.viajamenorca.com\\\/wp-content\\\/litespeed\\\/avatar\\\/f92762d1538920c5ee7c40d8d2c84bc0.jpg?ver=1776737859\",\"url\":\"https:\\\/\\\/www.viajamenorca.com\\\/wp-content\\\/litespeed\\\/avatar\\\/f92762d1538920c5ee7c40d8d2c84bc0.jpg?ver=1776737859\",\"contentUrl\":\"https:\\\/\\\/www.viajamenorca.com\\\/wp-content\\\/litespeed\\\/avatar\\\/f92762d1538920c5ee7c40d8d2c84bc0.jpg?ver=1776737859\",\"caption\":\"RVM\"},\"description\":\"Guia turistica de Menorca creada por un menorquin amante de su tierra, espero que os guste.\",\"sameAs\":[\"http:\\\/\\\/www.viajamenorca.com\",\"https:\\\/\\\/www.facebook.com\\\/ViajaMenorca\\\/\",\"https:\\\/\\\/www.instagram.com\\\/viaja_menorca\\\/?hl=es\",\"https:\\\/\\\/x.com\\\/ViajaMenorca\",\"https:\\\/\\\/www.youtube.com\\\/c\\\/ViajamenorcaEs\",\"https:\\\/\\\/es.wikipedia.org\\\/wiki\\\/Menorca\"]}]}<\/script>\n<!-- \/ Yoast SEO plugin. -->","yoast_head_json":{"title":"Holy Week in Menorca 2026: Processions and Routes - Guide","description":"Holy Week is one of the most significant festivities for Menorcans and a unique opportunity for tourists and visitors to experience","robots":{"index":"index","follow":"follow","max-snippet":"max-snippet:-1","max-image-preview":"max-image-preview:large","max-video-preview":"max-video-preview:-1"},"canonical":"https:\/\/www.viajamenorca.com\/en\/magazine\/holy-week\/","og_locale":"en_US","og_type":"article","og_title":"Holy Week in Menorca 2026: Processions and Routes - Guide","og_description":"Holy Week is one of the most significant festivities for Menorcans and a unique opportunity for tourists and visitors to experience","og_url":"https:\/\/www.viajamenorca.com\/en\/magazine\/holy-week\/","og_site_name":"Viaja a Menorca","article_publisher":"https:\/\/www.facebook.com\/ViajaMenorca\/","article_author":"https:\/\/www.facebook.com\/ViajaMenorca\/","article_published_time":"2026-03-07T02:59:47+00:00","article_modified_time":"2026-04-02T00:15:13+00:00","og_image":[{"width":905,"height":1280,"url":"https:\/\/www.viajamenorca.com\/wp-content\/uploads\/2025\/03\/semana-santa-menorca-2026-2.jpg","type":"image\/jpeg"}],"author":"RVM","twitter_card":"summary_large_image","twitter_creator":"@ViajaMenorca","twitter_site":"@ViajaMenorca","twitter_misc":{"Written by":"RVM","Est. reading time":"6 minutes"},"schema":{"@context":"https:\/\/schema.org","@graph":[{"@type":"Article","@id":"https:\/\/www.viajamenorca.com\/en\/magazine\/holy-week\/#article","isPartOf":{"@id":"https:\/\/www.viajamenorca.com\/en\/magazine\/holy-week\/"},"author":{"name":"RVM","@id":"https:\/\/www.viajamenorca.com\/en\/#\/schema\/person\/a4a17bcf26fbf36b9726dc16edd0a3fc"},"headline":"Holy Week in Menorca 2026: Processions and Routes","datePublished":"2026-03-07T02:59:47+00:00","dateModified":"2026-04-02T00:15:13+00:00","mainEntityOfPage":{"@id":"https:\/\/www.viajamenorca.com\/en\/magazine\/holy-week\/"},"wordCount":1028,"commentCount":0,"publisher":{"@id":"https:\/\/www.viajamenorca.com\/en\/#organization"},"image":{"@id":"https:\/\/www.viajamenorca.com\/en\/magazine\/holy-week\/#primaryimage"},"thumbnailUrl":"https:\/\/www.viajamenorca.com\/wp-content\/uploads\/2025\/03\/semana-santa-menorca-2026-2.jpg","keywords":["Actos religiosos","Calendario de actos","Citadel","Ciudadela","Ciutadella","Concerts","Conciertos","Holy Week","Holy Week masses","Holy Week Menorca","Mahon","Misas semana santa","Procesiones y recorridos","Processions and routes","Schedule of events","Semana Santa","semana santa menorca"],"articleSection":["Blog | Tourism Magazine","Plans and guides"],"inLanguage":"en-US","potentialAction":[{"@type":"CommentAction","name":"Comment","target":["https:\/\/www.viajamenorca.com\/en\/magazine\/holy-week\/#respond"]}]},{"@type":"WebPage","@id":"https:\/\/www.viajamenorca.com\/en\/magazine\/holy-week\/","url":"https:\/\/www.viajamenorca.com\/en\/magazine\/holy-week\/","name":"Holy Week in Menorca 2026: Processions and Routes - Guide","isPartOf":{"@id":"https:\/\/www.viajamenorca.com\/en\/#website"},"primaryImageOfPage":{"@id":"https:\/\/www.viajamenorca.com\/en\/magazine\/holy-week\/#primaryimage"},"image":{"@id":"https:\/\/www.viajamenorca.com\/en\/magazine\/holy-week\/#primaryimage"},"thumbnailUrl":"https:\/\/www.viajamenorca.com\/wp-content\/uploads\/2025\/03\/semana-santa-menorca-2026-2.jpg","datePublished":"2026-03-07T02:59:47+00:00","dateModified":"2026-04-02T00:15:13+00:00","description":"Holy Week is one of the most significant festivities for Menorcans and a unique opportunity for tourists and visitors to experience","breadcrumb":{"@id":"https:\/\/www.viajamenorca.com\/en\/magazine\/holy-week\/#breadcrumb"},"inLanguage":"en-US","potentialAction":[{"@type":"ReadAction","target":["https:\/\/www.viajamenorca.com\/en\/magazine\/holy-week\/"]}]},{"@type":"ImageObject","inLanguage":"en-US","@id":"https:\/\/www.viajamenorca.com\/en\/magazine\/holy-week\/#primaryimage","url":"https:\/\/www.viajamenorca.com\/wp-content\/uploads\/2025\/03\/semana-santa-menorca-2026-2.jpg","contentUrl":"https:\/\/www.viajamenorca.com\/wp-content\/uploads\/2025\/03\/semana-santa-menorca-2026-2.jpg","width":905,"height":1280},{"@type":"BreadcrumbList","@id":"https:\/\/www.viajamenorca.com\/en\/magazine\/holy-week\/#breadcrumb","itemListElement":[{"@type":"ListItem","position":1,"name":"Blog | Tourism Magazine","item":"https:\/\/www.viajamenorca.com\/en\/.\/magazine\/"},{"@type":"ListItem","position":2,"name":"Religious Calendar"}]},{"@type":"WebSite","@id":"https:\/\/www.viajamenorca.com\/en\/#website","url":"https:\/\/www.viajamenorca.com\/en\/","name":"Viaja a Menorca","description":"Your Menorca adventure begins here!","publisher":{"@id":"https:\/\/www.viajamenorca.com\/en\/#organization"},"alternateName":"Gu\u00eda tur\u00edstica de Menorca","potentialAction":[{"@type":"SearchAction","target":{"@type":"EntryPoint","urlTemplate":"https:\/\/www.viajamenorca.com\/en\/?s={search_term_string}"},"query-input":{"@type":"PropertyValueSpecification","valueRequired":true,"valueName":"search_term_string"}}],"inLanguage":"en-US"},{"@type":"Organization","@id":"https:\/\/www.viajamenorca.com\/en\/#organization","name":"Viaja a Menorca - Gu\u00eda tur\u00edstica","alternateName":"Viaja a Menorca","url":"https:\/\/www.viajamenorca.com\/en\/","logo":{"@type":"ImageObject","inLanguage":"en-US","@id":"https:\/\/www.viajamenorca.com\/en\/#\/schema\/logo\/image\/","url":"https:\/\/www.viajamenorca.com\/wp-content\/uploads\/2021\/11\/viajamenorca.jpg","contentUrl":"https:\/\/www.viajamenorca.com\/wp-content\/uploads\/2021\/11\/viajamenorca.jpg","width":714,"height":714,"caption":"Viaja a Menorca - Gu\u00eda tur\u00edstica"},"image":{"@id":"https:\/\/www.viajamenorca.com\/en\/#\/schema\/logo\/image\/"},"sameAs":["https:\/\/www.facebook.com\/ViajaMenorca\/","https:\/\/x.com\/ViajaMenorca","https:\/\/www.instagram.com\/viaja_menorca\/?hl=es","https:\/\/www.youtube.com\/channel\/UCWtpR3jxp79HeZ8zZfHLhXw"]},{"@type":"Person","@id":"https:\/\/www.viajamenorca.com\/en\/#\/schema\/person\/a4a17bcf26fbf36b9726dc16edd0a3fc","name":"RVM","image":{"@type":"ImageObject","inLanguage":"en-US","@id":"https:\/\/www.viajamenorca.com\/wp-content\/litespeed\/avatar\/f92762d1538920c5ee7c40d8d2c84bc0.jpg?ver=1776737859","url":"https:\/\/www.viajamenorca.com\/wp-content\/litespeed\/avatar\/f92762d1538920c5ee7c40d8d2c84bc0.jpg?ver=1776737859","contentUrl":"https:\/\/www.viajamenorca.com\/wp-content\/litespeed\/avatar\/f92762d1538920c5ee7c40d8d2c84bc0.jpg?ver=1776737859","caption":"RVM"},"description":"Guia turistica de Menorca creada por un menorquin amante de su tierra, espero que os guste.","sameAs":["http:\/\/www.viajamenorca.com","https:\/\/www.facebook.com\/ViajaMenorca\/","https:\/\/www.instagram.com\/viaja_menorca\/?hl=es","https:\/\/x.com\/ViajaMenorca","https:\/\/www.youtube.com\/c\/ViajamenorcaEs","https:\/\/es.wikipedia.org\/wiki\/Menorca"]}]}},"_links":{"self":[{"href":"https:\/\/www.viajamenorca.com\/en\/wp-json\/wp\/v2\/posts\/62627","targetHints":{"allow":["GET"]}}],"collection":[{"href":"https:\/\/www.viajamenorca.com\/en\/wp-json\/wp\/v2\/posts"}],"about":[{"href":"https:\/\/www.viajamenorca.com\/en\/wp-json\/wp\/v2\/types\/post"}],"author":[{"embeddable":true,"href":"https:\/\/www.viajamenorca.com\/en\/wp-json\/wp\/v2\/users\/1"}],"replies":[{"embeddable":true,"href":"https:\/\/www.viajamenorca.com\/en\/wp-json\/wp\/v2\/comments?post=62627"}],"version-history":[{"count":12,"href":"https:\/\/www.viajamenorca.com\/en\/wp-json\/wp\/v2\/posts\/62627\/revisions"}],"predecessor-version":[{"id":64892,"href":"https:\/\/www.viajamenorca.com\/en\/wp-json\/wp\/v2\/posts\/62627\/revisions\/64892"}],"wp:featuredmedia":[{"embeddable":true,"href":"https:\/\/www.viajamenorca.com\/en\/wp-json\/wp\/v2\/media\/64885"}],"wp:attachment":[{"href":"https:\/\/www.viajamenorca.com\/en\/wp-json\/wp\/v2\/media?parent=62627"}],"wp:term":[{"taxonomy":"category","embeddable":true,"href":"https:\/\/www.viajamenorca.com\/en\/wp-json\/wp\/v2\/categories?post=62627"},{"taxonomy":"post_tag","embeddable":true,"href":"https:\/\/www.viajamenorca.com\/en\/wp-json\/wp\/v2\/tags?post=62627"}],"curies":[{"name":"wp","href":"https:\/\/api.w.org\/{rel}","templated":true}]}}