{"id":63366,"date":"2019-04-29T11:19:58","date_gmt":"2019-04-29T11:19:58","guid":{"rendered":"https:\/\/www.viajamenorca.com\/sin-categorizar\/cami-de-cavalls\/"},"modified":"2026-03-12T04:09:25","modified_gmt":"2026-03-12T04:09:25","slug":"cami-cavalls-trail","status":"publish","type":"post","link":"https:\/\/www.viajamenorca.com\/en\/tourist-guide\/routes-and-itineraries\/cami-cavalls-trail\/","title":{"rendered":"Cam\u00ed de Cavalls (trail)"},"content":{"rendered":"\n<h3><span style=\"font-size: 15pt;\">The GR-223, known as\u00a0<a href=\"https:\/\/www.viajamenorca.com\/en\/tourist-guide\/routes-and-itineraries\/cami-cavalls-trail\/\"><b>Cam\u00ed de Cavalls<\/b><\/a> (Road of the Horses), <span style=\"font-size: 14pt;\"> is a circular trail that surrounds the island of Menorca. With a GR length of 185 kilometers, it offers a unique experience for those looking to practice outdoor sports.<\/span><\/span><\/h3>\n<figure id=\"attachment_20110\" aria-describedby=\"caption-attachment-20110\" style=\"width: 330px\" class=\"wp-caption alignright\"><a href=\"https:\/\/www.viajamenorca.com\/wp-content\/uploads\/2019\/04\/DSC_0493-scaled.jpg\"><img decoding=\"async\" class=\"wp-image-20110\" title=\"Markers that you will find along the way indicating the route to follow\" src=\"https:\/\/www.viajamenorca.com\/wp-content\/uploads\/2019\/04\/DSC_0493-576x1024.jpg\" alt=\"\" width=\"340\" height=\"604\" srcset=\"https:\/\/www.viajamenorca.com\/wp-content\/uploads\/2019\/04\/DSC_0493-576x1024.jpg 576w, https:\/\/www.viajamenorca.com\/wp-content\/uploads\/2019\/04\/DSC_0493-197x350.jpg 197w, https:\/\/www.viajamenorca.com\/wp-content\/uploads\/2019\/04\/DSC_0493-768x1365.jpg 768w, https:\/\/www.viajamenorca.com\/wp-content\/uploads\/2019\/04\/DSC_0493-864x1536.jpg 864w, https:\/\/www.viajamenorca.com\/wp-content\/uploads\/2019\/04\/DSC_0493-1152x2048.jpg 1152w, https:\/\/www.viajamenorca.com\/wp-content\/uploads\/2019\/04\/DSC_0493-scaled.jpg 1440w\" sizes=\"(max-width: 340px) 100vw, 340px\" \/><\/a><figcaption id=\"caption-attachment-20110\" class=\"wp-caption-text\"><span style=\"font-size: 12pt;\">Markers that you will find along the way indicating the route to follow<\/span><\/figcaption><\/figure>\n<p><span style=\"font-size: 12pt;\"><\/span><\/p>\n<h2><span style=\"font-size: 18pt;\">An ideal path for practicing sports<\/span><\/h2>\n<p>The Cam\u00ed de Cavalls is an ideal route for hiking, <a href=\"https:\/\/www.viajamenorca.com\/revista\/menorca-en-bicicleta\/\"><strong>cycling<\/strong><\/a>, horseback riding, and running. It offers a unique way to explore the natural beauty of Menorca, with a wide geological and landscape variety. The path crosses beautiful beaches, rural areas with green fields, crops, and forests, as well as passing through urban areas like Ma\u00f3-Mah\u00f3n, the island&#8217;s capital located in the eastern zone, and Ciutadella de Menorca in the western part.<\/p>\n<p>The trail is divided into 20 stages, each with its own charm and challenges, making it accessible for all skill levels. Some of the most popular sections include the northern coast of Menorca, with its stunning sea views, and the Monte Toro mountain, with its forests and panoramic views.<\/p>\n<p>Horse lovers will also enjoy the Cam\u00ed de Cavalls. There are several options for guided horseback tours across the island for those who want to enjoy a unique experience close to nature.<\/p>\n<figure id=\"attachment_1777\" aria-describedby=\"caption-attachment-1777\" style=\"width: 310px\" class=\"wp-caption alignright\"><a href=\"http:\/\/www.viajamenorca.es\/wp-content\/uploads\/2017\/01\/IMG_20161216_152151-e1484952238326.jpg\"><img decoding=\"async\" class=\"wp-image-1777\" title=\"The entire Cam\u00ed de Cavalls is well signposted\" src=\"https:\/\/www.viajamenorca.com\/wp-content\/uploads\/2017\/01\/IMG_20161216_152151-e1484952226460-1024x660.jpg\" alt=\"Cam\u00ed de Cavalls Menorca\" width=\"320\" height=\"206\" \/><\/a><figcaption id=\"caption-attachment-1777\" class=\"wp-caption-text\"><span style=\"font-size: 12pt;\">The entire Cam\u00ed de Cavalls is well signposted<\/span><\/figcaption><\/figure>\n<h2><span style=\"font-size: 18pt;\">Tips and recommendations<\/span><\/h2>\n<ul>\n<li><span style=\"font-size: 12pt;\">It is recommended to wear good footwear as well as appropriate equipment for the chosen activity.<\/span><\/li>\n<li><span style=\"font-size: 12pt;\">Do not forget to bring water, provisions, and a fully charged mobile battery.<\/span><\/li>\n<li><span style=\"font-size: 12pt;\">Always follow the <a href=\"https:\/\/www.viajamenorca.com\/en\/tourist-guide\/biosphere-reserve\/get-involved-too\/\"><strong>tips and recommendations<\/strong><\/a> that you will find along the way and respect the environment.<\/span><\/li>\n<li><span style=\"font-size: 12pt;\">Remember to properly close the Menorcan gates so that livestock does not escape.<\/span><\/li>\n<\/ul>\n<h2><span style=\"font-size: 18pt;\">Origins<\/span><\/h2>\n<h3><span style=\"font-size: 15pt;\">The origins of this ancient coastal path are little known. <\/span><\/h3>\n<figure id=\"attachment_1074\" aria-describedby=\"caption-attachment-1074\" style=\"width: 310px\" class=\"wp-caption alignright\"><a href=\"https:\/\/www.viajamenorca.com\/wp-content\/uploads\/2010\/04\/barrera.jpg\"><img decoding=\"async\" class=\"wp-image-1074\" title=\"Remember to leave the typical &quot;barreres&quot; closed\" src=\"https:\/\/www.viajamenorca.com\/wp-content\/uploads\/2010\/04\/barrera.jpg\" alt=\"Menorcan Gates\" width=\"320\" height=\"214\" srcset=\"https:\/\/www.viajamenorca.com\/wp-content\/uploads\/2010\/04\/barrera.jpg 494w, https:\/\/www.viajamenorca.com\/wp-content\/uploads\/2010\/04\/barrera-300x200.jpg 300w, https:\/\/www.viajamenorca.com\/wp-content\/uploads\/2010\/04\/barrera-110x73.jpg 110w, https:\/\/www.viajamenorca.com\/wp-content\/uploads\/2010\/04\/barrera-420x281.jpg 420w\" sizes=\"(max-width: 320px) 100vw, 320px\" \/><\/a><figcaption id=\"caption-attachment-1074\" class=\"wp-caption-text\"><span style=\"font-size: 12pt;\">Remember to leave the typical &#8220;Menorcan gates&#8221; properly closed<\/span><\/figcaption><\/figure>\n<p><span style=\"font-size: 12pt;\">It is known that, in the 14th century, some sections already existed to facilitate the island&#8217;s defense. Later, with the construction of coastal watchtowers against pirate incursions, a perimeter path circling the island became more necessary.<\/span><\/p>\n<p><span style=\"font-size: 12pt;\">In the 18th century, the English administration considered it a &#8220;Camino Real&#8221; (Royal Road) and, at the same time, it was already being used as a public communication route.<\/span><\/p>\n<h2 class=\"mceTemp\"><span style=\"font-size: 18pt;\">Map of the Cam\u00ed de Cavalls, Menorca<\/span><\/h2>\n<h3><span style=\"font-size: 12pt; font-family: verdana, geneva, sans-serif;\"><span style=\"font-family: verdana, geneva, sans-serif;\"><span style=\"font-size: 12pt;\">Download the <a href=\"http:\/\/www.menorca.es\/Documents\/Documents\/9449doc4.pdf\" target=\"_blank\" rel=\"nofollow noopener\"><strong>PDF map<\/strong><\/a><\/span>,<span style=\"font-size: 12pt;\"> with information about the routes at: <\/span><\/span><a style=\"font-family: verdana, geneva, sans-serif; font-size: 12pt; font-weight: bold;\" href=\"http:\/\/www.menorca.es\/Documents\/Documents\/9449doc4.pdf\" target=\"_blank\" rel=\"nofollow noopener\">menorca.es<\/a><\/span><\/h3>\n\n\n\n<figure class=\"wp-block-gallery has-nested-images columns-default is-cropped wp-block-gallery-1 is-layout-flex wp-block-gallery-is-layout-flex\">\n<figure class=\"wp-block-image size-large\"><a href=\"https:\/\/www.viajamenorca.com\/guia-turistica\/rutas-e-itinerarios\/cami-de-cavalls\/attachment\/etapas_camino_cavalls\/#main\"><img decoding=\"async\" width=\"1024\" height=\"672\" data-id=\"36478\" src=\"https:\/\/www.viajamenorca.com\/wp-content\/uploads\/2019\/04\/etapas_camino_cavalls-1024x672.jpg\" alt=\"Stages\" class=\"wp-image-36478\" title=\"Stages of the Cam\u00ed de Cavalls\" srcset=\"https:\/\/www.viajamenorca.com\/wp-content\/uploads\/2019\/04\/etapas_camino_cavalls-1024x672.jpg 1024w, https:\/\/www.viajamenorca.com\/wp-content\/uploads\/2019\/04\/etapas_camino_cavalls-350x230.jpg 350w, https:\/\/www.viajamenorca.com\/wp-content\/uploads\/2019\/04\/etapas_camino_cavalls-768x504.jpg 768w, https:\/\/www.viajamenorca.com\/wp-content\/uploads\/2019\/04\/etapas_camino_cavalls-1536x1008.jpg 1536w, https:\/\/www.viajamenorca.com\/wp-content\/uploads\/2019\/04\/etapas_camino_cavalls-2048x1344.jpg 2048w\" sizes=\"(max-width: 1024px) 100vw, 1024px\" \/><\/a><figcaption class=\"wp-element-caption\">Stages of the Cam\u00ed de Cavalls<\/figcaption><\/figure>\n\n\n\n<figure class=\"wp-block-image size-large\"><a href=\"http:\/\/www.menorca.es\/Documents\/Documents\/9449doc4.pdf\" target=\"_blank\" rel=\"nofollow noopener noreferrer\"><img decoding=\"async\" width=\"1024\" height=\"582\" data-id=\"11907\" src=\"https:\/\/www.viajamenorca.com\/wp-content\/uploads\/2019\/04\/camicavalls-1024x582.png\" alt=\"Map pdf\" class=\"wp-image-11907\" title=\"Map of the Cam\u00ed de Cavalls\" srcset=\"https:\/\/www.viajamenorca.com\/wp-content\/uploads\/2019\/04\/camicavalls-1024x582.png 1024w, https:\/\/www.viajamenorca.com\/wp-content\/uploads\/2019\/04\/camicavalls-300x171.png 300w, https:\/\/www.viajamenorca.com\/wp-content\/uploads\/2019\/04\/camicavalls-768x437.png 768w, https:\/\/www.viajamenorca.com\/wp-content\/uploads\/2019\/04\/camicavalls-110x63.png 110w, https:\/\/www.viajamenorca.com\/wp-content\/uploads\/2019\/04\/camicavalls-420x239.png 420w, https:\/\/www.viajamenorca.com\/wp-content\/uploads\/2019\/04\/camicavalls-756x430.png 756w, https:\/\/www.viajamenorca.com\/wp-content\/uploads\/2019\/04\/camicavalls.png 1402w\" sizes=\"(max-width: 1024px) 100vw, 1024px\" \/><\/a><figcaption class=\"wp-element-caption\">Map in PDF format<\/figcaption><\/figure>\n<\/figure>\n\n\n<hr \/>\n<h2 class=\"mceTemp\"><span style=\"font-size: 18pt;\">20 itineraries to discover<\/span><\/h2>\n<table class=\"wikitable\" style=\"width: 96.8241%; font-size: 95%; height: 1713px;\">\n<thead>\n<tr style=\"height: 63px;\">\n<th style=\"width: 8.1803%; text-align: center; height: 63px;\" align=\"center\">\n<h3><span style=\"font-size: 12pt; font-family: verdana, geneva, sans-serif;\">Stage<\/span><\/h3>\n<\/th>\n<th style=\"width: 24.374%; text-align: center; height: 63px;\" align=\"center\">\n<h3 style=\"text-align: center;\"><span style=\"font-size: 12pt; font-family: verdana, geneva, sans-serif;\">Departure<\/span><\/h3>\n<\/th>\n<th style=\"width: 24.5409%; text-align: center; height: 63px;\" align=\"center\">\n<h3><span style=\"font-size: 12pt; font-family: verdana, geneva, sans-serif;\">Arrival<\/span><\/h3>\n<\/th>\n<th style=\"width: 15.3961%; text-align: center; height: 63px;\" align=\"center\">\n<h3><span style=\"font-size: 12pt; font-family: verdana, geneva, sans-serif;\">Duration<\/span><\/h3>\n<\/th>\n<th style=\"width: 16.3234%; text-align: center; height: 63px;\" align=\"center\">\n<h3><span style=\"font-size: 12pt; font-family: verdana, geneva, sans-serif;\">Distance<\/span><\/h3>\n<\/th>\n<th style=\"width: 13.0217%; text-align: center; height: 63px;\" align=\"center\">\n<h3 style=\"text-align: center;\"><span style=\"font-size: 12pt; font-family: verdana, geneva, sans-serif;\">Difficulty<\/span><\/h3>\n<\/th>\n<\/tr>\n<\/thead>\n<tbody>\n<tr style=\"height: 89px;\">\n<td style=\"width: 8.1803%; text-align: center; height: 89px;\" align=\"center\">\n<h3><span style=\"font-size: 12pt; font-family: verdana, geneva, sans-serif;\">1<\/span><\/h3>\n<\/td>\n<td style=\"width: 24.374%; text-align: center; height: 89px;\" align=\"center\">\n<h2><strong><span style=\"font-size: 12pt; font-family: verdana, geneva, sans-serif;\"><a href=\"https:\/\/www.viajamenorca.com\/en\/tourist-guide\/villages\/mao-mahon\/\">Mah\u00f3n<\/a><\/span><\/strong><\/h2>\n<\/td>\n<td style=\"width: 24.5409%; text-align: center; height: 89px;\" align=\"center\">\n<h3><strong><span style=\"font-size: 12pt; font-family: verdana, geneva, sans-serif;\">Es Grau<\/span><\/strong><\/h3>\n<\/td>\n<td style=\"width: 15.3961%; text-align: center; height: 89px;\" align=\"center\">\n<h3><span style=\"font-size: 12pt; font-family: verdana, geneva, sans-serif;\">3 h 30 min<\/span><\/h3>\n<\/td>\n<td style=\"width: 16.3234%; text-align: center; height: 89px;\" align=\"center\">\n<h3><span style=\"font-size: 12pt; font-family: verdana, geneva, sans-serif;\">10 km<\/span><\/h3>\n<\/td>\n<td style=\"width: 13.0217%; text-align: center; height: 89px;\" align=\"center\">\n<h3><span style=\"font-size: 12pt; font-family: verdana, geneva, sans-serif;\">Medium<\/span><\/h3>\n<\/td>\n<\/tr>\n<tr style=\"height: 89px;\">\n<td style=\"width: 8.1803%; text-align: center; height: 89px;\" align=\"center\">\n<h3><span style=\"font-size: 12pt; font-family: verdana, geneva, sans-serif;\">2<\/span><\/h3>\n<\/td>\n<td style=\"width: 24.374%; text-align: center; height: 89px;\" align=\"center\">\n<h2><strong><a href=\"https:\/\/www.viajamenorca.com\/en\/tourist-guide\/beaches-and-coves\/east-coast\/es-grau-beach\/\"><span style=\"font-size: 12pt; font-family: verdana, geneva, sans-serif;\">Es Grau<\/span><\/a><\/strong><\/h2>\n<\/td>\n<td style=\"width: 24.5409%; text-align: center; height: 89px;\" align=\"center\">\n<h3><strong><span style=\"font-size: 12pt; font-family: verdana, geneva, sans-serif;\">Fav\u00e0ritx<\/span><\/strong><\/h3>\n<\/td>\n<td style=\"width: 15.3961%; text-align: center; height: 89px;\" align=\"center\">\n<h3><span style=\"font-size: 12pt; font-family: verdana, geneva, sans-serif;\">3 h 30 min<\/span><\/h3>\n<\/td>\n<td style=\"width: 16.3234%; text-align: center; height: 89px;\" align=\"center\">\n<h3><span style=\"font-size: 12pt; font-family: verdana, geneva, sans-serif;\">8.6 km<\/span><\/h3>\n<\/td>\n<td style=\"width: 13.0217%; text-align: center; height: 89px;\" align=\"center\">\n<h3><span style=\"font-size: 12pt; font-family: verdana, geneva, sans-serif;\">Medium<\/span><\/h3>\n<\/td>\n<\/tr>\n<tr style=\"height: 89px;\">\n<td style=\"width: 8.1803%; text-align: center; height: 89px;\" align=\"center\">\n<h3><span style=\"font-size: 12pt; font-family: verdana, geneva, sans-serif;\">3<\/span><\/h3>\n<\/td>\n<td style=\"width: 24.374%; text-align: center; height: 89px;\" align=\"center\">\n<h2><strong><span style=\"font-size: 12pt; font-family: verdana, geneva, sans-serif;\"><a href=\"https:\/\/www.viajamenorca.com\/en\/tourist-guide\/routes-and-itineraries\/route-of-the-7-lighthouses\/favaritx-lighthouse\/\">Fav\u00e0ritx<\/a><\/span><\/strong><\/h2>\n<\/td>\n<td style=\"width: 24.5409%; text-align: center; height: 89px;\" align=\"center\">\n<h3><strong><span style=\"font-size: 12pt; font-family: verdana, geneva, sans-serif;\">Arenal d&#8217;en Castell<\/span><\/strong><\/h3>\n<\/td>\n<td style=\"width: 15.3961%; text-align: center; height: 89px;\" align=\"center\">\n<h3><span style=\"font-size: 12pt; font-family: verdana, geneva, sans-serif;\">5 h<\/span><\/h3>\n<\/td>\n<td style=\"width: 16.3234%; text-align: center; height: 89px;\" align=\"center\">\n<h3><span style=\"font-size: 12pt; font-family: verdana, geneva, sans-serif;\">13.6 km<\/span><\/h3>\n<\/td>\n<td style=\"width: 13.0217%; text-align: center; height: 89px;\" align=\"center\">\n<h3><span style=\"font-size: 12pt; font-family: verdana, geneva, sans-serif;\">Medium<\/span><\/h3>\n<\/td>\n<\/tr>\n<tr style=\"height: 89px;\">\n<td style=\"width: 8.1803%; text-align: center; height: 89px;\" align=\"center\">\n<h3><span style=\"font-size: 12pt; font-family: verdana, geneva, sans-serif;\">4<\/span><\/h3>\n<\/td>\n<td style=\"width: 24.374%; text-align: center; height: 89px;\" align=\"center\">\n<h2><strong><a href=\"https:\/\/www.viajamenorca.com\/en\/tourist-guide\/beaches-and-coves\/north-coast\/arenal-den-castell-beach\/\"><span style=\"font-size: 12pt; font-family: verdana, geneva, sans-serif;\">Arenal d&#8217;en Castell<\/span><\/a><\/strong><\/h2>\n<\/td>\n<td style=\"width: 24.5409%; text-align: center; height: 89px;\" align=\"center\">\n<h3><strong><span style=\"font-size: 12pt; font-family: verdana, geneva, sans-serif;\">Cala Tirant<\/span><\/strong><\/h3>\n<\/td>\n<td style=\"width: 15.3961%; text-align: center; height: 89px;\" align=\"center\">\n<h3><span style=\"font-size: 12pt; font-family: verdana, geneva, sans-serif;\">4 h<\/span><\/h3>\n<\/td>\n<td style=\"width: 16.3234%; text-align: center; height: 89px;\" align=\"center\">\n<h3><span style=\"font-size: 12pt; font-family: verdana, geneva, sans-serif;\">10.8 km<\/span><\/h3>\n<\/td>\n<td style=\"width: 13.0217%; text-align: center; height: 89px;\" align=\"center\">\n<h3><span style=\"font-size: 12pt; font-family: verdana, geneva, sans-serif;\">Easy<\/span><\/h3>\n<\/td>\n<\/tr>\n<tr style=\"height: 63px;\">\n<td style=\"width: 8.1803%; text-align: center; height: 63px;\" align=\"center\">\n<h3><span style=\"font-size: 12pt; font-family: verdana, geneva, sans-serif;\">5<\/span><\/h3>\n<\/td>\n<td style=\"width: 24.374%; text-align: center; height: 63px;\" align=\"center\">\n<h2><strong><span style=\"font-size: 12pt; font-family: verdana, geneva, sans-serif;\"><a href=\"https:\/\/www.viajamenorca.com\/en\/tourist-guide\/beaches-and-coves\/north-coast\/tirant-cove\/\">Cala Tirant<\/a><\/span><\/strong><\/h2>\n<\/td>\n<td style=\"width: 24.5409%; text-align: center; height: 63px;\" align=\"center\">\n<h3><strong><span style=\"font-size: 12pt; font-family: verdana, geneva, sans-serif;\">Binimel\u00b7l\u00e0<\/span><\/strong><\/h3>\n<\/td>\n<td style=\"width: 15.3961%; text-align: center; height: 63px;\" align=\"center\">\n<h3><span style=\"font-size: 12pt; font-family: verdana, geneva, sans-serif;\">4 h<\/span><\/h3>\n<\/td>\n<td style=\"width: 16.3234%; text-align: center; height: 63px;\" align=\"center\">\n<h3><span style=\"font-size: 12pt; font-family: verdana, geneva, sans-serif;\">9.6 km<\/span><\/h3>\n<\/td>\n<td style=\"width: 13.0217%; text-align: center; height: 63px;\" align=\"center\">\n<h3><span style=\"font-size: 12pt; font-family: verdana, geneva, sans-serif;\">Medium<\/span><\/h3>\n<\/td>\n<\/tr>\n<tr style=\"height: 63px;\">\n<td style=\"width: 8.1803%; text-align: center; height: 63px;\" align=\"center\">\n<h3><span style=\"font-size: 12pt; font-family: verdana, geneva, sans-serif;\">6<\/span><\/h3>\n<\/td>\n<td style=\"width: 24.374%; text-align: center; height: 63px;\" align=\"center\">\n<h2><strong><a href=\"https:\/\/viajamenorca.com\/guia-turistica\/playas-y-calas\/costa-norte\/binimel%c2%b7la\/\"><span style=\"font-size: 12pt; font-family: verdana, geneva, sans-serif;\">Binimel\u00b7l\u00e0<\/span><\/a><\/strong><\/h2>\n<\/td>\n<td style=\"width: 24.5409%; text-align: center; height: 63px;\" align=\"center\">\n<h3><strong><span style=\"font-size: 12pt; font-family: verdana, geneva, sans-serif;\">Els Alocs<\/span><\/strong><\/h3>\n<\/td>\n<td style=\"width: 15.3961%; text-align: center; height: 63px;\" align=\"center\">\n<h3><span style=\"font-size: 12pt; font-family: verdana, geneva, sans-serif;\">5 h<\/span><\/h3>\n<\/td>\n<td style=\"width: 16.3234%; text-align: center; height: 63px;\" align=\"center\">\n<h3><span style=\"font-size: 12pt; font-family: verdana, geneva, sans-serif;\">8.9 km<\/span><\/h3>\n<\/td>\n<td style=\"width: 13.0217%; text-align: center; height: 63px;\" align=\"center\">\n<h3><span style=\"font-size: 12pt; font-family: verdana, geneva, sans-serif;\">Difficult<\/span><\/h3>\n<\/td>\n<\/tr>\n<tr style=\"height: 89px;\">\n<td style=\"width: 8.1803%; text-align: center; height: 89px;\" align=\"center\">\n<h3><span style=\"font-size: 12pt; font-family: verdana, geneva, sans-serif;\">7<\/span><\/h3>\n<\/td>\n<td style=\"width: 24.374%; text-align: center; height: 89px;\" align=\"center\">\n<h2><a href=\"https:\/\/www.viajamenorca.com\/guia-turistica\/playas-y-calas\/costa-norte\/els-alocs\/\"><strong><span style=\"font-size: 12pt; font-family: verdana, geneva, sans-serif;\">Els Alocs<\/span><\/strong><\/a><\/h2>\n<\/td>\n<td style=\"width: 24.5409%; text-align: center; height: 89px;\" align=\"center\">\n<h3><strong><span style=\"font-size: 12pt; font-family: verdana, geneva, sans-serif;\">Algaiarens<\/span><\/strong><\/h3>\n<\/td>\n<td style=\"width: 15.3961%; text-align: center; height: 89px;\" align=\"center\">\n<h3><span style=\"font-size: 12pt; font-family: verdana, geneva, sans-serif;\">4 h 30 min<\/span><\/h3>\n<\/td>\n<td style=\"width: 16.3234%; text-align: center; height: 89px;\" align=\"center\">\n<h3><span style=\"font-size: 12pt; font-family: verdana, geneva, sans-serif;\">9.7 km<\/span><\/h3>\n<\/td>\n<td style=\"width: 13.0217%; text-align: center; height: 89px;\" align=\"center\">\n<h3><span style=\"font-size: 12pt; font-family: verdana, geneva, sans-serif;\">Medium<\/span><\/h3>\n<\/td>\n<\/tr>\n<tr style=\"height: 89px;\">\n<td style=\"width: 8.1803%; text-align: center; height: 89px;\" align=\"center\">\n<h3><span style=\"font-size: 12pt; font-family: verdana, geneva, sans-serif;\">8<\/span><\/h3>\n<\/td>\n<td style=\"width: 24.374%; text-align: center; height: 89px;\" align=\"center\">\n<h2><strong><a href=\"https:\/\/viajamenorca.com\/guia-turistica\/playas-y-calas\/costa-norte\/la-vall-cala-algaiarens\/\"><span style=\"font-size: 12pt; font-family: verdana, geneva, sans-serif;\">Algaiarens<\/span><\/a><\/strong><\/h2>\n<\/td>\n<td style=\"width: 24.5409%; text-align: center; height: 89px;\" align=\"center\">\n<h3><strong><span style=\"font-size: 12pt; font-family: verdana, geneva, sans-serif;\">Cala Morell<\/span><\/strong><\/h3>\n<\/td>\n<td style=\"width: 15.3961%; text-align: center; height: 89px;\" align=\"center\">\n<h3><span style=\"font-size: 12pt; font-family: verdana, geneva, sans-serif;\">2 h 10 min<\/span><\/h3>\n<\/td>\n<td style=\"width: 16.3234%; text-align: center; height: 89px;\" align=\"center\">\n<h3><span style=\"font-size: 12pt; font-family: verdana, geneva, sans-serif;\">5.4 km<\/span><\/h3>\n<\/td>\n<td style=\"width: 13.0217%; text-align: center; height: 89px;\" align=\"center\">\n<h3><span style=\"font-size: 12pt; font-family: verdana, geneva, sans-serif;\">Medium<\/span><\/h3>\n<\/td>\n<\/tr>\n<tr style=\"height: 63px;\">\n<td style=\"width: 8.1803%; text-align: center; height: 63px;\" align=\"center\">\n<h3><span style=\"font-size: 12pt; font-family: verdana, geneva, sans-serif;\">9<\/span><\/h3>\n<\/td>\n<td style=\"width: 24.374%; text-align: center; height: 63px;\" align=\"center\">\n<h2><strong><span style=\"font-size: 12pt; font-family: verdana, geneva, sans-serif;\"><a href=\"https:\/\/viajamenorca.com\/guia-turistica\/rutas-e-itinerarios\/menorca-talayotica\/cala-morell\/\">Cala Morell<\/a><\/span><\/strong><\/h2>\n<\/td>\n<td style=\"width: 24.5409%; text-align: center; height: 63px;\" align=\"center\">\n<h3><strong><span style=\"font-size: 12pt; font-family: verdana, geneva, sans-serif;\">Punta Nati<\/span><\/strong><\/h3>\n<\/td>\n<td style=\"width: 15.3961%; text-align: center; height: 63px;\" align=\"center\">\n<h3><span style=\"font-size: 12pt; font-family: verdana, geneva, sans-serif;\">3 h<\/span><\/h3>\n<\/td>\n<td style=\"width: 16.3234%; text-align: center; height: 63px;\" align=\"center\">\n<h3><span style=\"font-size: 12pt; font-family: verdana, geneva, sans-serif;\">7 km<\/span><\/h3>\n<\/td>\n<td style=\"width: 13.0217%; text-align: center; height: 63px;\" align=\"center\">\n<h3><span style=\"font-size: 12pt; font-family: verdana, geneva, sans-serif;\">Easy<\/span><\/h3>\n<\/td>\n<\/tr>\n<tr style=\"height: 63px;\">\n<td style=\"width: 8.1803%; text-align: center; height: 63px;\" align=\"center\">\n<h3><span style=\"font-size: 12pt; font-family: verdana, geneva, sans-serif;\">10<\/span><\/h3>\n<\/td>\n<td style=\"width: 24.374%; text-align: center; height: 63px;\" align=\"center\">\n<h2><strong><a href=\"https:\/\/viajamenorca.com\/guia-turistica\/ruta-de-los-7-faros\/faro-punta-nati\/\"><span style=\"font-size: 12pt; font-family: verdana, geneva, sans-serif;\">Punta Nati<\/span><\/a><\/strong><\/h2>\n<\/td>\n<td style=\"width: 24.5409%; text-align: center; height: 63px;\" align=\"center\">\n<h3><strong><span style=\"font-size: 12pt; font-family: verdana, geneva, sans-serif;\">Ciutadella<\/span><\/strong><\/h3>\n<\/td>\n<td style=\"width: 15.3961%; text-align: center; height: 63px;\" align=\"center\">\n<h3><span style=\"font-size: 12pt; font-family: verdana, geneva, sans-serif;\">4 h<\/span><\/h3>\n<\/td>\n<td style=\"width: 16.3234%; text-align: center; height: 63px;\" align=\"center\">\n<h3><span style=\"font-size: 12pt; font-family: verdana, geneva, sans-serif;\">10.5 km<\/span><\/h3>\n<\/td>\n<td style=\"width: 13.0217%; text-align: center; height: 63px;\" align=\"center\">\n<h3><span style=\"font-size: 12pt; font-family: verdana, geneva, sans-serif;\">Easy<\/span><\/h3>\n<\/td>\n<\/tr>\n<tr style=\"height: 63px;\">\n<td style=\"width: 8.1803%; text-align: center; height: 63px;\" align=\"center\">\n<h3><span style=\"font-size: 12pt; font-family: verdana, geneva, sans-serif;\">11<\/span><\/h3>\n<\/td>\n<td style=\"width: 24.374%; text-align: center; height: 63px;\" align=\"center\">\n<h2><strong><a href=\"https:\/\/www.viajamenorca.com\/en\/tourist-guide\/villages\/ciutadella-ciudadela\/\"><span style=\"font-size: 12pt; font-family: verdana, geneva, sans-serif;\">Ciutadella<\/span><\/a><\/strong><\/h2>\n<\/td>\n<td style=\"width: 24.5409%; text-align: center; height: 63px;\" align=\"center\">\n<h3><strong><span style=\"font-size: 12pt; font-family: verdana, geneva, sans-serif;\">Punta de Artrutx<\/span><\/strong><\/h3>\n<\/td>\n<td style=\"width: 15.3961%; text-align: center; height: 63px;\" align=\"center\">\n<h3><span style=\"font-size: 12pt; font-family: verdana, geneva, sans-serif;\">5 h<\/span><\/h3>\n<\/td>\n<td style=\"width: 16.3234%; text-align: center; height: 63px;\" align=\"center\">\n<h3><span style=\"font-size: 12pt; font-family: verdana, geneva, sans-serif;\">13.2 km<\/span><\/h3>\n<\/td>\n<td style=\"width: 13.0217%; text-align: center; height: 63px;\" align=\"center\">\n<h3><span style=\"font-size: 12pt; font-family: verdana, geneva, sans-serif;\">Easy<\/span><\/h3>\n<\/td>\n<\/tr>\n<tr style=\"height: 89px;\">\n<td style=\"width: 8.1803%; text-align: center; height: 89px;\" align=\"center\">\n<h3><span style=\"font-size: 12pt; font-family: verdana, geneva, sans-serif;\">12<\/span><\/h3>\n<\/td>\n<td style=\"width: 24.374%; text-align: center; height: 89px;\" align=\"center\">\n<h2><strong><span style=\"font-size: 12pt; font-family: verdana, geneva, sans-serif;\"><a href=\"https:\/\/viajamenorca.com\/guia-turistica\/ruta-de-los-7-faros\/faro-de-artrutx\/\">Punta de Artrutx<\/a><\/span><\/strong><\/h2>\n<\/td>\n<td style=\"width: 24.5409%; text-align: center; height: 89px;\" align=\"center\">\n<h3><strong><span style=\"font-size: 12pt; font-family: verdana, geneva, sans-serif;\">Cala en Turqueta<\/span><\/strong><\/h3>\n<\/td>\n<td style=\"width: 15.3961%; text-align: center; height: 89px;\" align=\"center\">\n<h3><span style=\"font-size: 12pt; font-family: verdana, geneva, sans-serif;\">5 h<\/span><\/h3>\n<\/td>\n<td style=\"width: 16.3234%; text-align: center; height: 89px;\" align=\"center\">\n<h3><span style=\"font-size: 12pt; font-family: verdana, geneva, sans-serif;\">13.3 km<\/span><\/h3>\n<\/td>\n<td style=\"width: 13.0217%; text-align: center; height: 89px;\" align=\"center\">\n<h3><span style=\"font-size: 12pt; font-family: verdana, geneva, sans-serif;\">Medium<\/span><\/h3>\n<\/td>\n<\/tr>\n<tr style=\"height: 89px;\">\n<td style=\"width: 8.1803%; text-align: center; height: 89px;\" align=\"center\">\n<h3><span style=\"font-size: 12pt; font-family: verdana, geneva, sans-serif;\">13<\/span><\/h3>\n<\/td>\n<td style=\"width: 24.374%; text-align: center; height: 89px;\" align=\"center\">\n<h2><strong><a href=\"https:\/\/viajamenorca.com\/guia-turistica\/playas-y-calas\/cala-en-turqueta\/\"><span style=\"font-size: 12pt; font-family: verdana, geneva, sans-serif;\">Cala en Turqueta<\/span><\/a><\/strong><\/h2>\n<\/td>\n<td style=\"width: 24.5409%; text-align: center; height: 89px;\" align=\"center\">\n<h3><strong><span style=\"font-size: 12pt; font-family: verdana, geneva, sans-serif;\">Cala Galdana<\/span><\/strong><\/h3>\n<\/td>\n<td style=\"width: 15.3961%; text-align: center; height: 89px;\" align=\"center\">\n<h3><span style=\"font-size: 12pt; font-family: verdana, geneva, sans-serif;\">2 h 30 min<\/span><\/h3>\n<\/td>\n<td style=\"width: 16.3234%; text-align: center; height: 89px;\" align=\"center\">\n<h3><span style=\"font-size: 12pt; font-family: verdana, geneva, sans-serif;\">6.4 km<\/span><\/h3>\n<\/td>\n<td style=\"width: 13.0217%; text-align: center; height: 89px;\" align=\"center\">\n<h3><span style=\"font-size: 12pt; font-family: verdana, geneva, sans-serif;\">Easy<\/span><\/h3>\n<\/td>\n<\/tr>\n<tr style=\"height: 89px;\">\n<td style=\"width: 8.1803%; text-align: center; height: 89px;\" align=\"center\">\n<h3><span style=\"font-size: 12pt; font-family: verdana, geneva, sans-serif;\">14<\/span><\/h3>\n<\/td>\n<td style=\"width: 24.374%; text-align: center; height: 89px;\" align=\"center\">\n<h2><strong><span style=\"font-size: 12pt; font-family: verdana, geneva, sans-serif;\"><a href=\"https:\/\/www.viajamenorca.com\/en\/tourist-guide\/beaches-and-coves\/south-coast\/cala-galdana-beach\/\">Cala Galdana<\/a><\/span><\/strong><\/h2>\n<\/td>\n<td style=\"width: 24.5409%; text-align: center; height: 89px;\" align=\"center\">\n<h3><strong><span style=\"font-size: 12pt; font-family: verdana, geneva, sans-serif;\">Sant Tom\u00e0s<\/span><\/strong><\/h3>\n<\/td>\n<td style=\"width: 15.3961%; text-align: center; height: 89px;\" align=\"center\">\n<h3><span style=\"font-size: 12pt; font-family: verdana, geneva, sans-serif;\">4 h 30 min<\/span><\/h3>\n<\/td>\n<td style=\"width: 16.3234%; text-align: center; height: 89px;\" align=\"center\">\n<h3><span style=\"font-size: 12pt; font-family: verdana, geneva, sans-serif;\">10.8 km<\/span><\/h3>\n<\/td>\n<td style=\"width: 13.0217%; text-align: center; height: 89px;\" align=\"center\">\n<h3><span style=\"font-size: 12pt; font-family: verdana, geneva, sans-serif;\">Medium<\/span><\/h3>\n<\/td>\n<\/tr>\n<tr style=\"height: 89px;\">\n<td style=\"width: 8.1803%; text-align: center; height: 89px;\" align=\"center\">\n<h3><span style=\"font-size: 12pt; font-family: verdana, geneva, sans-serif;\">15<\/span><\/h3>\n<\/td>\n<td style=\"width: 24.374%; text-align: center; height: 89px;\" align=\"center\">\n<h2><strong><a href=\"https:\/\/www.viajamenorca.com\/en\/tourist-guide\/beaches-and-coves\/south-coast\/santo-tomas-beach\/\"><span style=\"font-size: 12pt; font-family: verdana, geneva, sans-serif;\">Sant Tom\u00e0s<\/span><\/a><\/strong><\/h2>\n<\/td>\n<td style=\"width: 24.5409%; text-align: center; height: 89px;\" align=\"center\">\n<h3><strong><span style=\"font-size: 12pt; font-family: verdana, geneva, sans-serif;\">Son Bou<\/span><\/strong><\/h3>\n<\/td>\n<td style=\"width: 15.3961%; text-align: center; height: 89px;\" align=\"center\">\n<h3><span style=\"font-size: 12pt; font-family: verdana, geneva, sans-serif;\">2 h 30 min<\/span><\/h3>\n<\/td>\n<td style=\"width: 16.3234%; text-align: center; height: 89px;\" align=\"center\">\n<h3><span style=\"font-size: 12pt; font-family: verdana, geneva, sans-serif;\">6.4 km<\/span><\/h3>\n<\/td>\n<td style=\"width: 13.0217%; text-align: center; height: 89px;\" align=\"center\">\n<h3><span style=\"font-size: 12pt; font-family: verdana, geneva, sans-serif;\">Easy<\/span><\/h3>\n<\/td>\n<\/tr>\n<tr style=\"height: 89px;\">\n<td style=\"width: 8.1803%; text-align: center; height: 89px;\" align=\"center\">\n<h3><span style=\"font-size: 12pt; font-family: verdana, geneva, sans-serif;\">16<\/span><\/h3>\n<\/td>\n<td style=\"width: 24.374%; text-align: center; height: 89px;\" align=\"center\">\n<h2><strong><span style=\"font-size: 12pt; font-family: verdana, geneva, sans-serif;\"><a href=\"https:\/\/www.viajamenorca.com\/en\/tourist-guide\/beaches-and-coves\/south-coast\/son-bou-beach\/\">Son Bou<\/a><\/span><\/strong><\/h2>\n<\/td>\n<td style=\"width: 24.5409%; text-align: center; height: 89px;\" align=\"center\">\n<h3><strong><span style=\"font-size: 12pt; font-family: verdana, geneva, sans-serif;\">Cala en Porter<\/span><\/strong><\/h3>\n<\/td>\n<td style=\"width: 15.3961%; text-align: center; height: 89px;\" align=\"center\">\n<h3><span style=\"font-size: 12pt; font-family: verdana, geneva, sans-serif;\">3 h 30 min<\/span><\/h3>\n<\/td>\n<td style=\"width: 16.3234%; text-align: center; height: 89px;\" align=\"center\">\n<h3><span style=\"font-size: 12pt; font-family: verdana, geneva, sans-serif;\">8 km<\/span><\/h3>\n<\/td>\n<td style=\"width: 13.0217%; text-align: center; height: 89px;\" align=\"center\">\n<h3><span style=\"font-size: 12pt; font-family: verdana, geneva, sans-serif;\">Medium<\/span><\/h3>\n<\/td>\n<\/tr>\n<tr style=\"height: 89px;\">\n<td style=\"width: 8.1803%; text-align: center; height: 89px;\" align=\"center\">\n<h3><span style=\"font-size: 12pt; font-family: verdana, geneva, sans-serif;\">17<\/span><\/h3>\n<\/td>\n<td style=\"width: 24.374%; text-align: center; height: 89px;\" align=\"center\">\n<h2><strong><a href=\"https:\/\/www.viajamenorca.com\/en\/tourist-guide\/beaches-and-coves\/south-coast\/cala-en-porter-beach\/\"><span style=\"font-size: 12pt; font-family: verdana, geneva, sans-serif;\">Cala en Porter<\/span><\/a><\/strong><\/h2>\n<\/td>\n<td style=\"width: 24.5409%; text-align: center; height: 89px;\" align=\"center\">\n<h3><strong><span style=\"font-size: 12pt; font-family: verdana, geneva, sans-serif;\">Binisaf\u00faller<\/span><\/strong><\/h3>\n<\/td>\n<td style=\"width: 15.3961%; text-align: center; height: 89px;\" align=\"center\">\n<h3><span style=\"font-size: 12pt; font-family: verdana, geneva, sans-serif;\">4 h 30 min<\/span><\/h3>\n<\/td>\n<td style=\"width: 16.3234%; text-align: center; height: 89px;\" align=\"center\">\n<h3><span style=\"font-size: 12pt; font-family: verdana, geneva, sans-serif;\">11.8 km<\/span><\/h3>\n<\/td>\n<td style=\"width: 13.0217%; text-align: center; height: 89px;\" align=\"center\">\n<h3><span style=\"font-size: 12pt; font-family: verdana, geneva, sans-serif;\">Easy<\/span><\/h3>\n<\/td>\n<\/tr>\n<tr style=\"height: 89px;\">\n<td style=\"width: 8.1803%; text-align: center; height: 89px;\" align=\"center\">\n<h3><span style=\"font-size: 12pt; font-family: verdana, geneva, sans-serif;\">18<\/span><\/h3>\n<\/td>\n<td style=\"width: 24.374%; text-align: center; height: 89px;\" align=\"center\">\n<h2><a href=\"https:\/\/www.viajamenorca.com\/guia-turistica\/playas-y-calas\/costa-este\/cala-binisafuller\/\"><strong><span style=\"font-size: 12pt; font-family: verdana, geneva, sans-serif;\">Binisaf\u00faller<\/span><\/strong><\/a><\/h2>\n<\/td>\n<td style=\"width: 24.5409%; text-align: center; height: 89px;\" align=\"center\">\n<h3><strong><span style=\"font-size: 12pt; font-family: verdana, geneva, sans-serif;\">Punta Prima<\/span><\/strong><\/h3>\n<\/td>\n<td style=\"width: 15.3961%; text-align: center; height: 89px;\" align=\"center\">\n<h3><span style=\"font-size: 12pt; font-family: verdana, geneva, sans-serif;\">3 h 30 min<\/span><\/h3>\n<\/td>\n<td style=\"width: 16.3234%; text-align: center; height: 89px;\" align=\"center\">\n<h3><span style=\"font-size: 12pt; font-family: verdana, geneva, sans-serif;\">8.1 km<\/span><\/h3>\n<\/td>\n<td style=\"width: 13.0217%; text-align: center; height: 89px;\" align=\"center\">\n<h3><span style=\"font-size: 12pt; font-family: verdana, geneva, sans-serif;\">Easy<\/span><\/h3>\n<\/td>\n<\/tr>\n<tr style=\"height: 89px;\">\n<td style=\"width: 8.1803%; text-align: center; height: 89px;\" align=\"center\">\n<h3><span style=\"font-size: 12pt; font-family: verdana, geneva, sans-serif;\">19<\/span><\/h3>\n<\/td>\n<td style=\"width: 24.374%; text-align: center; height: 89px;\" align=\"center\">\n<h2><strong><a href=\"https:\/\/www.viajamenorca.com\/en\/tourist-guide\/beaches-and-coves\/east-coast\/punta-prima-beach\/\"><span style=\"font-size: 12pt; font-family: verdana, geneva, sans-serif;\">Punta Prima<\/span><\/a><\/strong><\/h2>\n<\/td>\n<td style=\"width: 24.5409%; text-align: center; height: 89px;\" align=\"center\">\n<h3><strong><span style=\"font-size: 12pt; font-family: verdana, geneva, sans-serif;\">Cala de Sant Esteve<\/span><\/strong><\/h3>\n<\/td>\n<td style=\"width: 15.3961%; text-align: center; height: 89px;\" align=\"center\">\n<h3><span style=\"font-size: 12pt; font-family: verdana, geneva, sans-serif;\">2 h 40 min<\/span><\/h3>\n<\/td>\n<td style=\"width: 16.3234%; text-align: center; height: 89px;\" align=\"center\">\n<h3><span style=\"font-size: 12pt; font-family: verdana, geneva, sans-serif;\">7.3 km<\/span><\/h3>\n<\/td>\n<td style=\"width: 13.0217%; text-align: center; height: 89px;\" align=\"center\">\n<h3><span style=\"font-size: 12pt; font-family: verdana, geneva, sans-serif;\">Easy<\/span><\/h3>\n<\/td>\n<\/tr>\n<tr style=\"height: 89px;\">\n<td style=\"width: 8.1803%; text-align: center; height: 89px;\" align=\"center\">\n<h3><span style=\"font-size: 12pt; font-family: verdana, geneva, sans-serif;\">20<\/span><\/h3>\n<\/td>\n<td style=\"width: 24.374%; text-align: center; height: 89px;\" align=\"center\">\n<h2><strong><span style=\"font-size: 12pt; font-family: verdana, geneva, sans-serif;\">Cala de Sant Esteve<\/span><\/strong><\/h2>\n<\/td>\n<td style=\"width: 24.5409%; text-align: center; height: 89px;\" align=\"center\">\n<h3><strong><span style=\"font-size: 12pt; font-family: verdana, geneva, sans-serif;\">Mah\u00f3n<\/span><\/strong><\/h3>\n<\/td>\n<td style=\"width: 15.3961%; text-align: center; height: 89px;\" align=\"center\">\n<h3><span style=\"font-size: 12pt; font-family: verdana, geneva, sans-serif;\">2 h 20 min<\/span><\/h3>\n<\/td>\n<td style=\"width: 16.3234%; text-align: center; height: 89px;\" align=\"center\">\n<h3><span style=\"font-size: 12pt; font-family: verdana, geneva, sans-serif;\">6 km<\/span><\/h3>\n<\/td>\n<td style=\"width: 13.0217%; text-align: center; height: 89px;\" align=\"center\">\n<h3><span style=\"font-size: 12pt; font-family: verdana, geneva, sans-serif;\">Easy<\/span><\/h3>\n<\/td>\n<\/tr>\n<\/tbody>\n<\/table>\n<p><div class=\"g g-5\"><div class=\"g-single a-67\"><a href=\"https:\/\/www.civitatis.com\/en\/fornells\/jeep-safari\/?aid=99960\" target=\"_blank\" rel=\"nofollow\">\r\n    <img decoding=\"async\" src=\"https:\/\/www.viajamenorca.com\/wp-content\/uploads\/2026\/02\/INGLES_ROSE-6-1.jpg\" width=\"350\" height=\"210\" title=\"Off-road tour of Menorca\" alt=\"Off-road tour of Menorca\" \/>\r\n<\/a><\/div><\/div> The Cam\u00ed de Cavalls is an excellent option for those who want to enjoy a sporting experience in contact with nature in Menorca.<\/p>\n<p>With its variety of landscapes and options for hiking, cycling, and horseback riding, it is a wonderful way to explore the island. You will find more information about the routes at: <span style=\"font-size: 12pt; font-family: verdana, geneva, sans-serif;\"><a style=\"font-family: verdana, geneva, sans-serif; font-size: 12pt; font-weight: bold;\" href=\"http:\/\/www.camidecavalls.com\/\" target=\"_blank\" rel=\"nofollow noopener\">camidecavalls.com<\/a><\/span><\/p>\n<h2 style=\"text-align: left;\"><span style=\"font-size: 18pt;\">Image gallery<\/span><\/h2>\n<div id='gallery-1' class='gallery galleryid-63366 gallery-columns-5 gallery-size-thumbnail'><figure class='gallery-item'>\n\t\t\t<div class='gallery-icon landscape'>\n\t\t\t\t<a href='https:\/\/www.viajamenorca.com\/wp-content\/uploads\/2019\/02\/IMG_20210322_172921_stitch-scaled.jpg'><img decoding=\"async\" width=\"150\" height=\"150\" src=\"https:\/\/www.viajamenorca.com\/wp-content\/uploads\/2019\/02\/IMG_20210322_172921_stitch-150x150.jpg\" class=\"attachment-thumbnail size-thumbnail\" alt=\"\" srcset=\"https:\/\/www.viajamenorca.com\/wp-content\/uploads\/2019\/02\/IMG_20210322_172921_stitch-150x150.jpg 150w, https:\/\/www.viajamenorca.com\/wp-content\/uploads\/2019\/02\/IMG_20210322_172921_stitch-250x250.jpg 250w, https:\/\/www.viajamenorca.com\/wp-content\/uploads\/2019\/02\/IMG_20210322_172921_stitch-125x125.jpg 125w, https:\/\/www.viajamenorca.com\/wp-content\/uploads\/2019\/02\/IMG_20210322_172921_stitch-110x110.jpg 110w, https:\/\/www.viajamenorca.com\/wp-content\/uploads\/2019\/02\/IMG_20210322_172921_stitch-420x420.jpg 420w\" sizes=\"(max-width: 150px) 100vw, 150px\" \/><\/a>\n\t\t\t<\/div><\/figure><figure class='gallery-item'>\n\t\t\t<div class='gallery-icon landscape'>\n\t\t\t\t<a href='https:\/\/www.viajamenorca.com\/wp-content\/uploads\/2017\/01\/IMG_20161216_152135-Copy.jpg'><img decoding=\"async\" width=\"150\" height=\"150\" src=\"https:\/\/www.viajamenorca.com\/wp-content\/uploads\/2017\/01\/IMG_20161216_152135-Copy-150x150.jpg\" class=\"attachment-thumbnail size-thumbnail\" alt=\"\" srcset=\"https:\/\/www.viajamenorca.com\/wp-content\/uploads\/2017\/01\/IMG_20161216_152135-Copy-150x150.jpg 150w, https:\/\/www.viajamenorca.com\/wp-content\/uploads\/2017\/01\/IMG_20161216_152135-Copy-250x250.jpg 250w, https:\/\/www.viajamenorca.com\/wp-content\/uploads\/2017\/01\/IMG_20161216_152135-Copy-125x125.jpg 125w, https:\/\/www.viajamenorca.com\/wp-content\/uploads\/2017\/01\/IMG_20161216_152135-Copy-110x110.jpg 110w, https:\/\/www.viajamenorca.com\/wp-content\/uploads\/2017\/01\/IMG_20161216_152135-Copy-420x420.jpg 420w\" sizes=\"(max-width: 150px) 100vw, 150px\" \/><\/a>\n\t\t\t<\/div><\/figure><figure class='gallery-item'>\n\t\t\t<div class='gallery-icon landscape'>\n\t\t\t\t<a href='https:\/\/www.viajamenorca.com\/wp-content\/uploads\/2010\/04\/barrera.jpg'><img decoding=\"async\" width=\"150\" height=\"150\" src=\"https:\/\/www.viajamenorca.com\/wp-content\/uploads\/2010\/04\/barrera-150x150.jpg\" class=\"attachment-thumbnail size-thumbnail\" alt=\"\" srcset=\"https:\/\/www.viajamenorca.com\/wp-content\/uploads\/2010\/04\/barrera-150x150.jpg 150w, https:\/\/www.viajamenorca.com\/wp-content\/uploads\/2010\/04\/barrera-250x250.jpg 250w, https:\/\/www.viajamenorca.com\/wp-content\/uploads\/2010\/04\/barrera-125x125.jpg 125w, https:\/\/www.viajamenorca.com\/wp-content\/uploads\/2010\/04\/barrera-110x110.jpg 110w\" sizes=\"(max-width: 150px) 100vw, 150px\" \/><\/a>\n\t\t\t<\/div><\/figure><figure class='gallery-item'>\n\t\t\t<div class='gallery-icon landscape'>\n\t\t\t\t<a href='https:\/\/www.viajamenorca.com\/wp-content\/uploads\/2019\/04\/DSCN9692.jpg'><img decoding=\"async\" width=\"150\" height=\"150\" src=\"https:\/\/www.viajamenorca.com\/wp-content\/uploads\/2019\/04\/DSCN9692-150x150.jpg\" class=\"attachment-thumbnail size-thumbnail\" alt=\"\" \/><\/a>\n\t\t\t<\/div><\/figure><figure class='gallery-item'>\n\t\t\t<div class='gallery-icon landscape'>\n\t\t\t\t<a href='https:\/\/www.viajamenorca.com\/wp-content\/uploads\/2019\/04\/IMG_3085.jpg'><img decoding=\"async\" width=\"150\" height=\"150\" src=\"https:\/\/www.viajamenorca.com\/wp-content\/uploads\/2019\/04\/IMG_3085-150x150.jpg\" class=\"attachment-thumbnail size-thumbnail\" alt=\"Minorca by bike\" \/><\/a>\n\t\t\t<\/div><\/figure><figure class='gallery-item'>\n\t\t\t<div class='gallery-icon landscape'>\n\t\t\t\t<a href='https:\/\/www.viajamenorca.com\/wp-content\/uploads\/2019\/04\/IMG_4131.jpg'><img decoding=\"async\" width=\"150\" height=\"150\" src=\"https:\/\/www.viajamenorca.com\/wp-content\/uploads\/2019\/04\/IMG_4131-150x150.jpg\" class=\"attachment-thumbnail size-thumbnail\" alt=\"\" \/><\/a>\n\t\t\t<\/div><\/figure><figure class='gallery-item'>\n\t\t\t<div class='gallery-icon landscape'>\n\t\t\t\t<a href='https:\/\/www.viajamenorca.com\/wp-content\/uploads\/2019\/04\/IMG_4099.jpg'><img decoding=\"async\" width=\"150\" height=\"150\" src=\"https:\/\/www.viajamenorca.com\/wp-content\/uploads\/2019\/04\/IMG_4099-150x150.jpg\" class=\"attachment-thumbnail size-thumbnail\" alt=\"\" \/><\/a>\n\t\t\t<\/div><\/figure><figure class='gallery-item'>\n\t\t\t<div class='gallery-icon portrait'>\n\t\t\t\t<a href='https:\/\/www.viajamenorca.com\/wp-content\/uploads\/2019\/04\/IMG_20200226_155211-scaled.jpg'><img decoding=\"async\" width=\"150\" height=\"150\" src=\"https:\/\/www.viajamenorca.com\/wp-content\/uploads\/2019\/04\/IMG_20200226_155211-150x150.jpg\" class=\"attachment-thumbnail size-thumbnail\" alt=\"horse trail\" \/><\/a>\n\t\t\t<\/div><\/figure><figure class='gallery-item'>\n\t\t\t<div class='gallery-icon landscape'>\n\t\t\t\t<a href='https:\/\/www.viajamenorca.com\/wp-content\/uploads\/2022\/02\/IMG_20220218_174135-scaled.jpg'><img decoding=\"async\" width=\"150\" height=\"150\" src=\"https:\/\/www.viajamenorca.com\/wp-content\/uploads\/2022\/02\/IMG_20220218_174135-150x150.jpg\" class=\"attachment-thumbnail size-thumbnail\" alt=\"\" \/><\/a>\n\t\t\t<\/div><\/figure><figure class='gallery-item'>\n\t\t\t<div class='gallery-icon landscape'>\n\t\t\t\t<a href='https:\/\/www.viajamenorca.com\/wp-content\/uploads\/2017\/01\/camidecavalls.jpg'><img decoding=\"async\" width=\"150\" height=\"150\" src=\"https:\/\/www.viajamenorca.com\/wp-content\/uploads\/2017\/01\/camidecavalls-150x150.jpg\" class=\"attachment-thumbnail size-thumbnail\" alt=\"\" srcset=\"https:\/\/www.viajamenorca.com\/wp-content\/uploads\/2017\/01\/camidecavalls-150x150.jpg 150w, https:\/\/www.viajamenorca.com\/wp-content\/uploads\/2017\/01\/camidecavalls-300x300.jpg 300w, https:\/\/www.viajamenorca.com\/wp-content\/uploads\/2017\/01\/camidecavalls-250x250.jpg 250w, https:\/\/www.viajamenorca.com\/wp-content\/uploads\/2017\/01\/camidecavalls-125x125.jpg 125w, https:\/\/www.viajamenorca.com\/wp-content\/uploads\/2017\/01\/camidecavalls-110x110.jpg 110w, https:\/\/www.viajamenorca.com\/wp-content\/uploads\/2017\/01\/camidecavalls-420x420.jpg 420w, https:\/\/www.viajamenorca.com\/wp-content\/uploads\/2017\/01\/camidecavalls-430x430.jpg 430w, https:\/\/www.viajamenorca.com\/wp-content\/uploads\/2017\/01\/camidecavalls.jpg 450w\" sizes=\"(max-width: 150px) 100vw, 150px\" \/><\/a>\n\t\t\t<\/div><\/figure>\n\t\t<\/div>\n\n<h3 dir=\"auto\">Promotional video for the Cam\u00ed de Cavalls<\/h3>\n\n\n<figure class=\"wp-block-embed is-type-video is-provider-youtube wp-block-embed-youtube wp-embed-aspect-16-9 wp-has-aspect-ratio\"><div class=\"wp-block-embed__wrapper\">\n<iframe title=\"Cam\u00ed De Cavalls Hike | TRAILER\" width=\"1200\" height=\"675\" src=\"https:\/\/www.youtube.com\/embed\/naDLANAmGVY?feature=oembed\" frameborder=\"0\" allow=\"accelerometer; autoplay; clipboard-write; encrypted-media; gyroscope; picture-in-picture; web-share\" referrerpolicy=\"strict-origin-when-cross-origin\" allowfullscreen><\/iframe>\n<\/div><\/figure>\n\n\n\n<div style=\"text-align:center;\"><script>function loadScript(url, callback){var script=document.createElement('script'); script.type='text\/javascript'; if (script.readyState){script.onreadystatechange=function(){if (script.readyState=='loaded' || script.readyState=='complete'){script.onreadystatechange=null; callback();}};}else{script.onload=function(){callback();};}script.src=url; document.getElementsByTagName('head')[0].appendChild(script);}loadScript('https:\/\/cdn2.civitatis.com\/js\/vendor\/iframeResizer.min.js', function(){iFrameResize({checkOrigin:false,initCallback:function(iframe){setTimeout(function(){var resizeEvent = window.document.createEvent('UIEvents'); resizeEvent.initUIEvent('resize', true, false, window, 0); iframe.dispatchEvent(resizeEvent);});}})})<\/script><iframe class=\"civitatis-iframe\" src=\"https:\/\/www.civitatis.com\/widget-activities\/?affiliated=99960&amp;display=cosy&amp;cant=6&amp;lang=en&amp;currency=EUR&amp;zone=492&amp;transfer=1&amp;cmp=Widget_Menorca_ES&amp;width=100%&amp;hideButton=0&amp;centerContent=1&amp;typeSelection=all&amp;color=1d5a8f&amp;typography=Montserrat&amp;removeBackground=1&amp;showShadow=1&amp;roundedButtons=1\" width=\"100%\" frameborder=\"0\" data-maxwidth=\"100%\" style=\"max-width: 100%\"><\/iframe><\/div>\n","protected":false},"excerpt":{"rendered":"<p>The GR-223, known as\u00a0Cam\u00ed de Cavalls (Road of the Horses), is a circular trail that surrounds the island of Menorca. With a GR length of 185 kilometers, it offers a &#8230; <\/p>\n<p class=\"read-more-container\"><a title=\"Cam\u00ed de Cavalls (trail)\" class=\"read-more button\" href=\"https:\/\/www.viajamenorca.com\/en\/tourist-guide\/routes-and-itineraries\/cami-cavalls-trail\/#more-63366\" aria-label=\"Read more about Cam\u00ed de Cavalls (trail)\">Read more<\/a><\/p>\n","protected":false},"author":1,"featured_media":63368,"comment_status":"closed","ping_status":"closed","sticky":false,"template":"","format":"standard","meta":{"_acf_changed":false,"footnotes":""},"categories":[1801,1820,1800,1528],"tags":[3064,3086,3087,3088,3085],"class_list":["post-63366","post","type-post","status-publish","format-standard","has-post-thumbnail","hentry","category-cami-de-cavalls","category-routes-itineraries","category-routes-and-itineraries","category-tourist-guide","tag-cami-de-cavalls","tag-horse-path","tag-map-of-the-cami-de-cavalls","tag-road-of-the-horses","tag-trail","resize-featured-image"],"acf":{"elige_un_tipo_de_actividad":"","buscar_por_zonas":""},"yoast_head":"<!-- This site is optimized with the Yoast SEO plugin v27.4 - https:\/\/yoast.com\/product\/yoast-seo-wordpress\/ -->\n<title>Guide to the Cam\u00ed de Cavalls: Stages, maps and practical advice<\/title>\n<meta name=\"description\" content=\"The Cam\u00ed de Cavalls is a long-distance trail (185 km) that circles the island of Menorca and is of great geological and scenic value.\" \/>\n<meta name=\"robots\" content=\"index, follow, max-snippet:-1, max-image-preview:large, max-video-preview:-1\" \/>\n<link rel=\"canonical\" href=\"https:\/\/www.viajamenorca.com\/en\/tourist-guide\/routes-and-itineraries\/cami-cavalls-trail\/\" \/>\n<meta property=\"og:locale\" content=\"en_US\" \/>\n<meta property=\"og:type\" content=\"article\" \/>\n<meta property=\"og:title\" content=\"Guide to the Cam\u00ed de Cavalls: Stages, maps and practical advice\" \/>\n<meta property=\"og:description\" content=\"The Cam\u00ed de Cavalls is a long-distance trail (185 km) that circles the island of Menorca and is of great geological and scenic value.\" \/>\n<meta property=\"og:url\" content=\"https:\/\/www.viajamenorca.com\/en\/tourist-guide\/routes-and-itineraries\/cami-cavalls-trail\/\" \/>\n<meta property=\"og:site_name\" content=\"Viaja a Menorca\" \/>\n<meta property=\"article:publisher\" content=\"https:\/\/www.facebook.com\/ViajaMenorca\/\" \/>\n<meta property=\"article:author\" content=\"https:\/\/www.facebook.com\/ViajaMenorca\/\" \/>\n<meta property=\"article:published_time\" content=\"2019-04-29T11:19:58+00:00\" \/>\n<meta property=\"article:modified_time\" content=\"2026-03-12T04:09:25+00:00\" \/>\n<meta property=\"og:image\" content=\"https:\/\/www.viajamenorca.com\/wp-content\/uploads\/2017\/01\/camidecavalls.jpg\" \/>\n\t<meta property=\"og:image:width\" content=\"450\" \/>\n\t<meta property=\"og:image:height\" content=\"450\" \/>\n\t<meta property=\"og:image:type\" content=\"image\/jpeg\" \/>\n<meta name=\"author\" content=\"RVM\" \/>\n<meta name=\"twitter:card\" content=\"summary_large_image\" \/>\n<meta name=\"twitter:creator\" content=\"@ViajaMenorca\" \/>\n<meta name=\"twitter:site\" content=\"@ViajaMenorca\" \/>\n<meta name=\"twitter:label1\" content=\"Written by\" \/>\n\t<meta name=\"twitter:data1\" content=\"RVM\" \/>\n\t<meta name=\"twitter:label2\" content=\"Est. reading time\" \/>\n\t<meta name=\"twitter:data2\" content=\"5 minutes\" \/>\n<script type=\"application\/ld+json\" class=\"yoast-schema-graph\">{\"@context\":\"https:\\\/\\\/schema.org\",\"@graph\":[{\"@type\":\"Article\",\"@id\":\"https:\\\/\\\/www.viajamenorca.com\\\/en\\\/tourist-guide\\\/routes-and-itineraries\\\/cami-cavalls-trail\\\/#article\",\"isPartOf\":{\"@id\":\"https:\\\/\\\/www.viajamenorca.com\\\/en\\\/tourist-guide\\\/routes-and-itineraries\\\/cami-cavalls-trail\\\/\"},\"author\":{\"name\":\"RVM\",\"@id\":\"https:\\\/\\\/www.viajamenorca.com\\\/en\\\/#\\\/schema\\\/person\\\/a4a17bcf26fbf36b9726dc16edd0a3fc\"},\"headline\":\"Cam\u00ed de Cavalls (trail)\",\"datePublished\":\"2019-04-29T11:19:58+00:00\",\"dateModified\":\"2026-03-12T04:09:25+00:00\",\"mainEntityOfPage\":{\"@id\":\"https:\\\/\\\/www.viajamenorca.com\\\/en\\\/tourist-guide\\\/routes-and-itineraries\\\/cami-cavalls-trail\\\/\"},\"wordCount\":676,\"publisher\":{\"@id\":\"https:\\\/\\\/www.viajamenorca.com\\\/en\\\/#organization\"},\"image\":{\"@id\":\"https:\\\/\\\/www.viajamenorca.com\\\/en\\\/tourist-guide\\\/routes-and-itineraries\\\/cami-cavalls-trail\\\/#primaryimage\"},\"thumbnailUrl\":\"https:\\\/\\\/www.viajamenorca.com\\\/wp-content\\\/uploads\\\/2017\\\/01\\\/camidecavalls.jpg\",\"keywords\":[\"Cam\u00ed de Cavalls\",\"Horse Path\",\"Map of the Cam\u00ed de Cavalls\",\"Road of the Horses\",\"trail\"],\"articleSection\":[\"Cam\u00ed de Cavalls (hiking route)\",\"Routes - Itineraries\",\"Routes and itineraries\",\"Tourist Guide\"],\"inLanguage\":\"en-US\"},{\"@type\":\"WebPage\",\"@id\":\"https:\\\/\\\/www.viajamenorca.com\\\/en\\\/tourist-guide\\\/routes-and-itineraries\\\/cami-cavalls-trail\\\/\",\"url\":\"https:\\\/\\\/www.viajamenorca.com\\\/en\\\/tourist-guide\\\/routes-and-itineraries\\\/cami-cavalls-trail\\\/\",\"name\":\"Guide to the Cam\u00ed de Cavalls: Stages, maps and practical advice\",\"isPartOf\":{\"@id\":\"https:\\\/\\\/www.viajamenorca.com\\\/en\\\/#website\"},\"primaryImageOfPage\":{\"@id\":\"https:\\\/\\\/www.viajamenorca.com\\\/en\\\/tourist-guide\\\/routes-and-itineraries\\\/cami-cavalls-trail\\\/#primaryimage\"},\"image\":{\"@id\":\"https:\\\/\\\/www.viajamenorca.com\\\/en\\\/tourist-guide\\\/routes-and-itineraries\\\/cami-cavalls-trail\\\/#primaryimage\"},\"thumbnailUrl\":\"https:\\\/\\\/www.viajamenorca.com\\\/wp-content\\\/uploads\\\/2017\\\/01\\\/camidecavalls.jpg\",\"datePublished\":\"2019-04-29T11:19:58+00:00\",\"dateModified\":\"2026-03-12T04:09:25+00:00\",\"description\":\"The Cam\u00ed de Cavalls is a long-distance trail (185 km) that circles the island of Menorca and is of great geological and scenic value.\",\"breadcrumb\":{\"@id\":\"https:\\\/\\\/www.viajamenorca.com\\\/en\\\/tourist-guide\\\/routes-and-itineraries\\\/cami-cavalls-trail\\\/#breadcrumb\"},\"inLanguage\":\"en-US\",\"potentialAction\":[{\"@type\":\"ReadAction\",\"target\":[\"https:\\\/\\\/www.viajamenorca.com\\\/en\\\/tourist-guide\\\/routes-and-itineraries\\\/cami-cavalls-trail\\\/\"]}]},{\"@type\":\"ImageObject\",\"inLanguage\":\"en-US\",\"@id\":\"https:\\\/\\\/www.viajamenorca.com\\\/en\\\/tourist-guide\\\/routes-and-itineraries\\\/cami-cavalls-trail\\\/#primaryimage\",\"url\":\"https:\\\/\\\/www.viajamenorca.com\\\/wp-content\\\/uploads\\\/2017\\\/01\\\/camidecavalls.jpg\",\"contentUrl\":\"https:\\\/\\\/www.viajamenorca.com\\\/wp-content\\\/uploads\\\/2017\\\/01\\\/camidecavalls.jpg\",\"width\":450,\"height\":450},{\"@type\":\"BreadcrumbList\",\"@id\":\"https:\\\/\\\/www.viajamenorca.com\\\/en\\\/tourist-guide\\\/routes-and-itineraries\\\/cami-cavalls-trail\\\/#breadcrumb\",\"itemListElement\":[{\"@type\":\"ListItem\",\"position\":1,\"name\":\"Tourist Guide\",\"item\":\"https:\\\/\\\/www.viajamenorca.com\\\/en\\\/.\\\/tourist-guide\\\/\"},{\"@type\":\"ListItem\",\"position\":2,\"name\":\"Routes and itineraries\",\"item\":\"https:\\\/\\\/www.viajamenorca.com\\\/en\\\/.\\\/tourist-guide\\\/routes-and-itineraries\\\/\"},{\"@type\":\"ListItem\",\"position\":3,\"name\":\"trail\"}]},{\"@type\":\"WebSite\",\"@id\":\"https:\\\/\\\/www.viajamenorca.com\\\/en\\\/#website\",\"url\":\"https:\\\/\\\/www.viajamenorca.com\\\/en\\\/\",\"name\":\"Viaja a Menorca\",\"description\":\"Your Menorca adventure begins here!\",\"publisher\":{\"@id\":\"https:\\\/\\\/www.viajamenorca.com\\\/en\\\/#organization\"},\"alternateName\":\"Gu\u00eda tur\u00edstica de Menorca\",\"potentialAction\":[{\"@type\":\"SearchAction\",\"target\":{\"@type\":\"EntryPoint\",\"urlTemplate\":\"https:\\\/\\\/www.viajamenorca.com\\\/en\\\/?s={search_term_string}\"},\"query-input\":{\"@type\":\"PropertyValueSpecification\",\"valueRequired\":true,\"valueName\":\"search_term_string\"}}],\"inLanguage\":\"en-US\"},{\"@type\":\"Organization\",\"@id\":\"https:\\\/\\\/www.viajamenorca.com\\\/en\\\/#organization\",\"name\":\"Viaja a Menorca - Gu\u00eda tur\u00edstica\",\"alternateName\":\"Viaja a Menorca\",\"url\":\"https:\\\/\\\/www.viajamenorca.com\\\/en\\\/\",\"logo\":{\"@type\":\"ImageObject\",\"inLanguage\":\"en-US\",\"@id\":\"https:\\\/\\\/www.viajamenorca.com\\\/en\\\/#\\\/schema\\\/logo\\\/image\\\/\",\"url\":\"https:\\\/\\\/www.viajamenorca.com\\\/wp-content\\\/uploads\\\/2021\\\/11\\\/viajamenorca.jpg\",\"contentUrl\":\"https:\\\/\\\/www.viajamenorca.com\\\/wp-content\\\/uploads\\\/2021\\\/11\\\/viajamenorca.jpg\",\"width\":714,\"height\":714,\"caption\":\"Viaja a Menorca - Gu\u00eda tur\u00edstica\"},\"image\":{\"@id\":\"https:\\\/\\\/www.viajamenorca.com\\\/en\\\/#\\\/schema\\\/logo\\\/image\\\/\"},\"sameAs\":[\"https:\\\/\\\/www.facebook.com\\\/ViajaMenorca\\\/\",\"https:\\\/\\\/x.com\\\/ViajaMenorca\",\"https:\\\/\\\/www.instagram.com\\\/viaja_menorca\\\/?hl=es\",\"https:\\\/\\\/www.youtube.com\\\/channel\\\/UCWtpR3jxp79HeZ8zZfHLhXw\"]},{\"@type\":\"Person\",\"@id\":\"https:\\\/\\\/www.viajamenorca.com\\\/en\\\/#\\\/schema\\\/person\\\/a4a17bcf26fbf36b9726dc16edd0a3fc\",\"name\":\"RVM\",\"image\":{\"@type\":\"ImageObject\",\"inLanguage\":\"en-US\",\"@id\":\"https:\\\/\\\/www.viajamenorca.com\\\/wp-content\\\/litespeed\\\/avatar\\\/f92762d1538920c5ee7c40d8d2c84bc0.jpg?ver=1776737859\",\"url\":\"https:\\\/\\\/www.viajamenorca.com\\\/wp-content\\\/litespeed\\\/avatar\\\/f92762d1538920c5ee7c40d8d2c84bc0.jpg?ver=1776737859\",\"contentUrl\":\"https:\\\/\\\/www.viajamenorca.com\\\/wp-content\\\/litespeed\\\/avatar\\\/f92762d1538920c5ee7c40d8d2c84bc0.jpg?ver=1776737859\",\"caption\":\"RVM\"},\"description\":\"Guia turistica de Menorca creada por un menorquin amante de su tierra, espero que os guste.\",\"sameAs\":[\"http:\\\/\\\/www.viajamenorca.com\",\"https:\\\/\\\/www.facebook.com\\\/ViajaMenorca\\\/\",\"https:\\\/\\\/www.instagram.com\\\/viaja_menorca\\\/?hl=es\",\"https:\\\/\\\/x.com\\\/ViajaMenorca\",\"https:\\\/\\\/www.youtube.com\\\/c\\\/ViajamenorcaEs\",\"https:\\\/\\\/es.wikipedia.org\\\/wiki\\\/Menorca\"]}]}<\/script>\n<!-- \/ Yoast SEO plugin. -->","yoast_head_json":{"title":"Guide to the Cam\u00ed de Cavalls: Stages, maps and practical advice","description":"The Cam\u00ed de Cavalls is a long-distance trail (185 km) that circles the island of Menorca and is of great geological and scenic value.","robots":{"index":"index","follow":"follow","max-snippet":"max-snippet:-1","max-image-preview":"max-image-preview:large","max-video-preview":"max-video-preview:-1"},"canonical":"https:\/\/www.viajamenorca.com\/en\/tourist-guide\/routes-and-itineraries\/cami-cavalls-trail\/","og_locale":"en_US","og_type":"article","og_title":"Guide to the Cam\u00ed de Cavalls: Stages, maps and practical advice","og_description":"The Cam\u00ed de Cavalls is a long-distance trail (185 km) that circles the island of Menorca and is of great geological and scenic value.","og_url":"https:\/\/www.viajamenorca.com\/en\/tourist-guide\/routes-and-itineraries\/cami-cavalls-trail\/","og_site_name":"Viaja a Menorca","article_publisher":"https:\/\/www.facebook.com\/ViajaMenorca\/","article_author":"https:\/\/www.facebook.com\/ViajaMenorca\/","article_published_time":"2019-04-29T11:19:58+00:00","article_modified_time":"2026-03-12T04:09:25+00:00","og_image":[{"width":450,"height":450,"url":"https:\/\/www.viajamenorca.com\/wp-content\/uploads\/2017\/01\/camidecavalls.jpg","type":"image\/jpeg"}],"author":"RVM","twitter_card":"summary_large_image","twitter_creator":"@ViajaMenorca","twitter_site":"@ViajaMenorca","twitter_misc":{"Written by":"RVM","Est. reading time":"5 minutes"},"schema":{"@context":"https:\/\/schema.org","@graph":[{"@type":"Article","@id":"https:\/\/www.viajamenorca.com\/en\/tourist-guide\/routes-and-itineraries\/cami-cavalls-trail\/#article","isPartOf":{"@id":"https:\/\/www.viajamenorca.com\/en\/tourist-guide\/routes-and-itineraries\/cami-cavalls-trail\/"},"author":{"name":"RVM","@id":"https:\/\/www.viajamenorca.com\/en\/#\/schema\/person\/a4a17bcf26fbf36b9726dc16edd0a3fc"},"headline":"Cam\u00ed de Cavalls (trail)","datePublished":"2019-04-29T11:19:58+00:00","dateModified":"2026-03-12T04:09:25+00:00","mainEntityOfPage":{"@id":"https:\/\/www.viajamenorca.com\/en\/tourist-guide\/routes-and-itineraries\/cami-cavalls-trail\/"},"wordCount":676,"publisher":{"@id":"https:\/\/www.viajamenorca.com\/en\/#organization"},"image":{"@id":"https:\/\/www.viajamenorca.com\/en\/tourist-guide\/routes-and-itineraries\/cami-cavalls-trail\/#primaryimage"},"thumbnailUrl":"https:\/\/www.viajamenorca.com\/wp-content\/uploads\/2017\/01\/camidecavalls.jpg","keywords":["Cam\u00ed de Cavalls","Horse Path","Map of the Cam\u00ed de Cavalls","Road of the Horses","trail"],"articleSection":["Cam\u00ed de Cavalls (hiking route)","Routes - Itineraries","Routes and itineraries","Tourist Guide"],"inLanguage":"en-US"},{"@type":"WebPage","@id":"https:\/\/www.viajamenorca.com\/en\/tourist-guide\/routes-and-itineraries\/cami-cavalls-trail\/","url":"https:\/\/www.viajamenorca.com\/en\/tourist-guide\/routes-and-itineraries\/cami-cavalls-trail\/","name":"Guide to the Cam\u00ed de Cavalls: Stages, maps and practical advice","isPartOf":{"@id":"https:\/\/www.viajamenorca.com\/en\/#website"},"primaryImageOfPage":{"@id":"https:\/\/www.viajamenorca.com\/en\/tourist-guide\/routes-and-itineraries\/cami-cavalls-trail\/#primaryimage"},"image":{"@id":"https:\/\/www.viajamenorca.com\/en\/tourist-guide\/routes-and-itineraries\/cami-cavalls-trail\/#primaryimage"},"thumbnailUrl":"https:\/\/www.viajamenorca.com\/wp-content\/uploads\/2017\/01\/camidecavalls.jpg","datePublished":"2019-04-29T11:19:58+00:00","dateModified":"2026-03-12T04:09:25+00:00","description":"The Cam\u00ed de Cavalls is a long-distance trail (185 km) that circles the island of Menorca and is of great geological and scenic value.","breadcrumb":{"@id":"https:\/\/www.viajamenorca.com\/en\/tourist-guide\/routes-and-itineraries\/cami-cavalls-trail\/#breadcrumb"},"inLanguage":"en-US","potentialAction":[{"@type":"ReadAction","target":["https:\/\/www.viajamenorca.com\/en\/tourist-guide\/routes-and-itineraries\/cami-cavalls-trail\/"]}]},{"@type":"ImageObject","inLanguage":"en-US","@id":"https:\/\/www.viajamenorca.com\/en\/tourist-guide\/routes-and-itineraries\/cami-cavalls-trail\/#primaryimage","url":"https:\/\/www.viajamenorca.com\/wp-content\/uploads\/2017\/01\/camidecavalls.jpg","contentUrl":"https:\/\/www.viajamenorca.com\/wp-content\/uploads\/2017\/01\/camidecavalls.jpg","width":450,"height":450},{"@type":"BreadcrumbList","@id":"https:\/\/www.viajamenorca.com\/en\/tourist-guide\/routes-and-itineraries\/cami-cavalls-trail\/#breadcrumb","itemListElement":[{"@type":"ListItem","position":1,"name":"Tourist Guide","item":"https:\/\/www.viajamenorca.com\/en\/.\/tourist-guide\/"},{"@type":"ListItem","position":2,"name":"Routes and itineraries","item":"https:\/\/www.viajamenorca.com\/en\/.\/tourist-guide\/routes-and-itineraries\/"},{"@type":"ListItem","position":3,"name":"trail"}]},{"@type":"WebSite","@id":"https:\/\/www.viajamenorca.com\/en\/#website","url":"https:\/\/www.viajamenorca.com\/en\/","name":"Viaja a Menorca","description":"Your Menorca adventure begins here!","publisher":{"@id":"https:\/\/www.viajamenorca.com\/en\/#organization"},"alternateName":"Gu\u00eda tur\u00edstica de Menorca","potentialAction":[{"@type":"SearchAction","target":{"@type":"EntryPoint","urlTemplate":"https:\/\/www.viajamenorca.com\/en\/?s={search_term_string}"},"query-input":{"@type":"PropertyValueSpecification","valueRequired":true,"valueName":"search_term_string"}}],"inLanguage":"en-US"},{"@type":"Organization","@id":"https:\/\/www.viajamenorca.com\/en\/#organization","name":"Viaja a Menorca - Gu\u00eda tur\u00edstica","alternateName":"Viaja a Menorca","url":"https:\/\/www.viajamenorca.com\/en\/","logo":{"@type":"ImageObject","inLanguage":"en-US","@id":"https:\/\/www.viajamenorca.com\/en\/#\/schema\/logo\/image\/","url":"https:\/\/www.viajamenorca.com\/wp-content\/uploads\/2021\/11\/viajamenorca.jpg","contentUrl":"https:\/\/www.viajamenorca.com\/wp-content\/uploads\/2021\/11\/viajamenorca.jpg","width":714,"height":714,"caption":"Viaja a Menorca - Gu\u00eda tur\u00edstica"},"image":{"@id":"https:\/\/www.viajamenorca.com\/en\/#\/schema\/logo\/image\/"},"sameAs":["https:\/\/www.facebook.com\/ViajaMenorca\/","https:\/\/x.com\/ViajaMenorca","https:\/\/www.instagram.com\/viaja_menorca\/?hl=es","https:\/\/www.youtube.com\/channel\/UCWtpR3jxp79HeZ8zZfHLhXw"]},{"@type":"Person","@id":"https:\/\/www.viajamenorca.com\/en\/#\/schema\/person\/a4a17bcf26fbf36b9726dc16edd0a3fc","name":"RVM","image":{"@type":"ImageObject","inLanguage":"en-US","@id":"https:\/\/www.viajamenorca.com\/wp-content\/litespeed\/avatar\/f92762d1538920c5ee7c40d8d2c84bc0.jpg?ver=1776737859","url":"https:\/\/www.viajamenorca.com\/wp-content\/litespeed\/avatar\/f92762d1538920c5ee7c40d8d2c84bc0.jpg?ver=1776737859","contentUrl":"https:\/\/www.viajamenorca.com\/wp-content\/litespeed\/avatar\/f92762d1538920c5ee7c40d8d2c84bc0.jpg?ver=1776737859","caption":"RVM"},"description":"Guia turistica de Menorca creada por un menorquin amante de su tierra, espero que os guste.","sameAs":["http:\/\/www.viajamenorca.com","https:\/\/www.facebook.com\/ViajaMenorca\/","https:\/\/www.instagram.com\/viaja_menorca\/?hl=es","https:\/\/x.com\/ViajaMenorca","https:\/\/www.youtube.com\/c\/ViajamenorcaEs","https:\/\/es.wikipedia.org\/wiki\/Menorca"]}]}},"_links":{"self":[{"href":"https:\/\/www.viajamenorca.com\/en\/wp-json\/wp\/v2\/posts\/63366","targetHints":{"allow":["GET"]}}],"collection":[{"href":"https:\/\/www.viajamenorca.com\/en\/wp-json\/wp\/v2\/posts"}],"about":[{"href":"https:\/\/www.viajamenorca.com\/en\/wp-json\/wp\/v2\/types\/post"}],"author":[{"embeddable":true,"href":"https:\/\/www.viajamenorca.com\/en\/wp-json\/wp\/v2\/users\/1"}],"replies":[{"embeddable":true,"href":"https:\/\/www.viajamenorca.com\/en\/wp-json\/wp\/v2\/comments?post=63366"}],"version-history":[{"count":7,"href":"https:\/\/www.viajamenorca.com\/en\/wp-json\/wp\/v2\/posts\/63366\/revisions"}],"predecessor-version":[{"id":63413,"href":"https:\/\/www.viajamenorca.com\/en\/wp-json\/wp\/v2\/posts\/63366\/revisions\/63413"}],"wp:featuredmedia":[{"embeddable":true,"href":"https:\/\/www.viajamenorca.com\/en\/wp-json\/wp\/v2\/media\/63368"}],"wp:attachment":[{"href":"https:\/\/www.viajamenorca.com\/en\/wp-json\/wp\/v2\/media?parent=63366"}],"wp:term":[{"taxonomy":"category","embeddable":true,"href":"https:\/\/www.viajamenorca.com\/en\/wp-json\/wp\/v2\/categories?post=63366"},{"taxonomy":"post_tag","embeddable":true,"href":"https:\/\/www.viajamenorca.com\/en\/wp-json\/wp\/v2\/tags?post=63366"}],"curies":[{"name":"wp","href":"https:\/\/api.w.org\/{rel}","templated":true}]}}