{"id":58112,"date":"2025-12-26T11:35:23","date_gmt":"2025-12-26T11:35:23","guid":{"rendered":"https:\/\/www.viajamenorca.com\/non-classe\/avant-de-partir-pour-minorque-questions-frequemment-posees\/"},"modified":"2026-04-02T00:14:04","modified_gmt":"2026-04-02T00:14:04","slug":"foire-aux-questions","status":"publish","type":"post","link":"https:\/\/www.viajamenorca.com\/fr\/blog-magazine\/foire-aux-questions\/","title":{"rendered":"Avant de partir \u00e0 Minorque : Foire aux questions"},"content":{"rendered":"\n<h3><span style=\"font-size: 14pt;\">Avant de planifier votre voyage, il est normal d&rsquo;avoir quelques doutes. Voici des r\u00e9ponses aux questions les plus courantes pour que vous profitiez au maximum de votre s\u00e9jour dans ce paradis des Bal\u00e9ares.<\/span><\/h3>\n<h3><span style=\"font-size: 14pt;\"><\/span><\/h3>\n<h2><span style=\"font-size: 14pt;\">1. Quelle est la meilleure p\u00e9riode de l&rsquo;ann\u00e9e pour voyager \u00e0 Minorque ?<\/span><\/h2>\n<p>La meilleure p\u00e9riode pour profiter de l&rsquo;\u00eele s&rsquo;\u00e9tend de mai \u00e0 octobre. Bien que <a href=\"https:\/\/www.viajamenorca.com\/revista\/que-hacer-el-mes-de-julio-en-menorca\/\"><strong>juillet<\/strong> <\/a>et <a href=\"https:\/\/www.viajamenorca.com\/revista\/menorca-en-agosto\/\"><strong>ao\u00fbt<\/strong> <\/a>soient les mois les plus chauds et les plus fr\u00e9quent\u00e9s, les mois pr\u00e9c\u00e9dents (mai, <a href=\"https:\/\/www.viajamenorca.com\/revista\/que-hacer-el-mes-de-junio-en-menorca\/\"><strong>juin<\/strong><\/a>) et suivants (septembre) offrent un climat parfait, sans la foule, ce qui permet d&rsquo;explorer l&rsquo;\u00eele plus sereinement. Personnellement, je recommande le mois de <a href=\"https:\/\/www.viajamenorca.com\/revista\/menorca-en-septiembre\/\"><strong>septembre<\/strong><\/a> : le climat est toujours excellent, mais l&rsquo;\u00eele semble plus d\u00e9tendue avec les <a href=\"https:\/\/www.viajamenorca.com\/fr\/blog-magazine\/foire-aux-questions\/#13_Ou_voir_le_meilleur_coucher_de_soleil_a_Minorque\"><strong>meilleurs couchers de soleil<\/strong><\/a>.<\/p>\n<h2><span style=\"font-size: 14pt;\">2. Quel est le climat \u00e0 Minorque ? Fait-il du vent toute l&rsquo;ann\u00e9e ?<\/span><\/h2>\n<p>Minorque poss\u00e8de un <a href=\"https:\/\/www.viajamenorca.com\/fr\/guide-touristique\/le-climat-a-minorque\/\"><strong>climat m\u00e9diterran\u00e9en <\/strong><\/a>avec des \u00e9t\u00e9s chauds (25-30\u00b0C) et des hivers doux (10-15\u00b0C). La <a href=\"https:\/\/www.viajamenorca.com\/fr\/guide-touristique\/le-climat-a-minorque\/#Vientos_la_tramuntana\"><strong>Tramontane<\/strong><\/a>, un vent caract\u00e9ristique, peut souffler avec force en hiver et au printemps. Cependant, en \u00e9t\u00e9, elle s&rsquo;adoucit, offrant une brise rafra\u00eechissante qui rend les temp\u00e9ratures plus agr\u00e9ables. Je recommande de visiter l&rsquo;\u00eele au printemps et en automne : temp\u00e9ratures agr\u00e9ables et moins de touristes (surtout en mai, juin et septembre).<\/p>\n<h2><span style=\"font-size: 14pt;\">3. Combien de jours sont n\u00e9cessaires pour d\u00e9couvrir Minorque ?<\/span><\/h2>\n<p>Je recommande entre quatre jours et <a href=\"https:\/\/www.viajamenorca.com\/revista\/menorca-en-una-semana\/\"><strong>une semaine<\/strong><\/a>. Si votre temps est limit\u00e9, concentrez-vous sur les plages les plus embl\u00e9matiques et consacrez une journ\u00e9e \u00e0 explorer les charmants <a href=\"https:\/\/www.viajamenorca.com\/fr\/guide-touristique\/populations\/\"><strong>villages de l&rsquo;\u00eele<\/strong><\/a>, comme <strong><a href=\"https:\/\/www.viajamenorca.com\/fr\/guide-touristique\/villages\/ciutadella-citadelle\/\">Ciutadella<\/a>, <a href=\"https:\/\/www.viajamenorca.com\/fr\/guide-touristique\/villages\/es-mercadal\/\">Es Mercadal<\/a><\/strong> ou <a href=\"https:\/\/www.viajamenorca.com\/fr\/guide-touristique\/villages\/fornells\/\"><strong>Fornells<\/strong><\/a>. En quelques jours, vous pouvez voir l&rsquo;essentiel, mais Minorque a tellement \u00e0 offrir qu&rsquo;il restera toujours des choses \u00e0 d\u00e9couvrir.<\/p>\n<h2><span style=\"font-size: 14pt;\">4. Peut-on visiter Minorque en 3 ou 4 jours ?<\/span><\/h2>\n<p>Bien que l&rsquo;id\u00e9al soit au moins 5 jours pour profiter de l&rsquo;\u00eele calmement, 3 ou 4 jours suffisent pour voir les points forts, comme les <a href=\"https:\/\/www.viajamenorca.com\/revista\/mejores-playas-y-calas-de-menorca\/\"><strong>plus belles criques<\/strong><\/a> et quelques<a href=\"https:\/\/www.viajamenorca.com\/fr\/guide-touristique\/populations\/\"><strong> villages pittoresques<\/strong><\/a>. Si vous manquez de temps, concentrez-vous sur la <a href=\"https:\/\/www.viajamenorca.com\/fr\/guide-touristique\/plages-et-criques\/cote-sud\/\"><strong>c\u00f4te sud<\/strong><\/a> et le <a href=\"https:\/\/www.viajamenorca.com\/fr\/guide-touristique\/routes-et-itineraires\/sentier-cami-de-cavalls\/\"><strong>Cam\u00ed de Cavalls<\/strong><\/a>.<\/p>\n<h2><span style=\"font-size: 14pt;\">5. Minorque est-elle ch\u00e8re ? Quel est le co\u00fbt moyen d&rsquo;un voyage ?<\/span><\/h2>\n<p>Minorque peut \u00eatre un peu ch\u00e8re, surtout en haute saison (juillet et ao\u00fbt), lorsque les prix augmentent. Cependant, il est possible de profiter de l&rsquo;\u00eele avec un <a href=\"https:\/\/www.viajamenorca.com\/revista\/menorca-en-2025-precios-ofertas-y-consejos\/\"><strong>budget mod\u00e9r\u00e9<\/strong><\/a>. La d\u00e9pense moyenne quotidienne oscille g\u00e9n\u00e9ralement entre 80 et 150 \u20ac, selon le type d&rsquo;h\u00e9bergement et les <a href=\"https:\/\/www.viajamenorca.com\/fr\/activites\/\"><strong>activit\u00e9s<\/strong> <\/a>choisies.<\/p>\n<p>Pour \u00e9conomiser, il est conseill\u00e9 de <strong><a href=\"https:\/\/www.viajamenorca.com\/fr\/hebergements\/\">r\u00e9server \u00e0 l&rsquo;avance<\/a><\/strong>, de profiter des <a title=\"Offres h\u00f4tels, appartements\" href=\"https:\/\/www.viajamenorca.com\/alojamientos\/low-cost\/#Ofertas_recientes_en_alojamientos\" rel=\"\"><strong>offres<\/strong> <\/a>ou de voyager hors saison, quand les prix baissent consid\u00e9rablement et qu&rsquo;il est plus facile de trouver des <strong><a title=\"Offres d'h\u00e9bergement\" href=\"https:\/\/www.viajamenorca.com\/alojamientos\/low-cost\/#Ofertas_recientes_en_alojamientos\" rel=\"nofollow\">h\u00e9bergements<\/a><\/strong> et des <a title=\"Vols \u00e9conomiques\" href=\"https:\/\/www.viajamenorca.com\/fr\/guide-touristique\/transport\/vols\/\" rel=\"\"><strong>vols \u00e9conomiques<\/strong><\/a>.<\/p>\n<h2><span style=\"font-size: 14pt;\">6. O\u00f9 loger \u00e0 Minorque ? Est-ce mieux \u00e0 Ciutadella ou \u00e0 Mah\u00f3n ?<\/span><\/h2>\n<p><div class=\"g g-8\"><div class=\"g-single a-70\"><a href=\"https:\/\/www.civitatis.com\/fr\/mahon\/transferts\/?aid=99960\" target=\"_blank\" rel=\"nofollow\">\r\n    <img decoding=\"async\" src=\"https:\/\/www.viajamenorca.com\/wp-content\/uploads\/2026\/02\/FRANCES_BLUE-2-2.jpg\" width=\"350\" height=\"210\" title=\"Transferts \u00e0 Minorque - A\u00e9roport\" alt=\"Transferts \u00e0 Minorque - A\u00e9roport\" \/>\r\n<\/a><\/div><\/div> Les deux options sont excellentes. Si vous recherchez une ambiance plus anim\u00e9e, avec une large offre de restaurants et de <a href=\"https:\/\/www.viajamenorca.com\/que-hacer-en-menorca\/conciertos-espectaculos\/\"><strong>vie nocturne<\/strong><\/a>, <a href=\"https:\/\/www.viajamenorca.com\/fr\/guide-touristique\/villages\/ciutadella-citadelle\/\"><strong>Ciutadella<\/strong> <\/a>est votre meilleure option. De plus, dans ses environs, vous trouverez des <a href=\"https:\/\/www.viajamenorca.com\/alojamientos\/zonas-de-costa\/\"><strong>urbanisations<\/strong> <\/a>telles que <a href=\"https:\/\/www.viajamenorca.com\/fr\/guide-touristique\/plages-et-criques\/cote-ouest\/plage-de-cala-en-blanes\/\"><strong>Cala en Blanes<\/strong><\/a>, <a href=\"https:\/\/www.viajamenorca.com\/guia-turistica\/playas-y-calas\/costa-oeste\/son-xoriguer\/\"><strong>Son Xoriguer<\/strong><\/a> et d&rsquo;autres sur la c\u00f4te ouest, id\u00e9ales pour ceux qui veulent \u00eatre proches de <a href=\"https:\/\/www.viajamenorca.com\/fr\/blog-magazine\/foire-aux-questions\/#9_Cuales_son_las_mejores_playas_y_calas_de_Menorca\"><strong>criques spectaculaires<\/strong><\/a> tout en disposant de tous les services.<\/p>\n<p>En revanche, si vous pr\u00e9f\u00e9rez une ambiance plus tranquille, choisissez <a href=\"https:\/\/www.viajamenorca.com\/fr\/guide-touristique\/villages\/mao-mahon\/\"><strong>Mah\u00f3n<\/strong><\/a>, avec son port charmant et sa proximit\u00e9 avec l&rsquo;<a href=\"https:\/\/www.viajamenorca.com\/fr\/guide-touristique\/transport\/aeroport-de-minorque\/\"><strong>a\u00e9roport<\/strong><\/a>. C&rsquo;est id\u00e9al si vous souhaitez explorer l&rsquo;est de l&rsquo;\u00eele. Vous pouvez aussi envisager de s\u00e9journer \u00e0 <a href=\"https:\/\/www.viajamenorca.com\/fr\/guide-touristique\/villages\/es-castell-villacarlos\/\"><strong>Es Castell<\/strong><\/a>, avec son charmant quai de <strong data-start=\"810\" data-end=\"825\">Cales Fonts<\/strong>, parfait pour un cadre urbain et pittoresque pr\u00e8s de Mah\u00f3n, ou dans des urbanisations comme <a href=\"https:\/\/www.viajamenorca.com\/fr\/guide-touristique\/plages-et-criques\/cote-est\/plage-de-punta-prima\/\"><strong>Punta Prima<\/strong><\/a> et <a href=\"https:\/\/www.viajamenorca.com\/guia-turistica\/playas-y-calas\/costa-este\/cala-binibeca-nou\/\"><strong>Binibeca<\/strong><\/a>, parfaites pour se d\u00e9tendre et profiter de la plage.<\/p>\n<p>Pour un s\u00e9jour sur la c\u00f4te nord, <a href=\"https:\/\/www.viajamenorca.com\/fr\/guide-touristique\/plages-et-criques\/cote-nord\/arenal-de-son-saura\/\"><strong>Son Parc<\/strong><\/a> est une excellente option, surtout pour les amateurs de golf car elle abrite le seul terrain de l&rsquo;\u00eele. Une autre alternative est <a href=\"https:\/\/www.viajamenorca.com\/fr\/guide-touristique\/plages-et-criques\/cote-nord\/plage-darenal-den-castell\/\"><strong>Arenal d\u2019en Castell<\/strong><\/a>, qui dispose d&rsquo;une large plage aux eaux calmes, d&rsquo;une ambiance familiale et d&rsquo;une grande offre d&rsquo;activit\u00e9s pour tous les \u00e2ges, avec bars et restaurants au bord de la mer. La c\u00f4te nord, moins touristique, est id\u00e9ale pour ceux qui recherchent tranquillit\u00e9 et paysages naturels.<\/p>\n<p>Au sud de l&rsquo;\u00eele, des destinations comme <a href=\"https:\/\/www.viajamenorca.com\/fr\/guide-touristique\/plages-et-criques\/cote-sud\/plage-de-son-bou\/\"><strong>Son Bou<\/strong><\/a> et <a href=\"https:\/\/www.viajamenorca.com\/fr\/guide-touristique\/plages-et-criques\/cote-sud\/plage-de-cala-galdana\/\"><strong>Cala Galdana<\/strong><\/a> sont \u00e9galement parfaites pour les familles, avec des plages aux eaux paisibles et une atmosph\u00e8re relaxante. De plus, cette zone se distingue par sa vari\u00e9t\u00e9 de services et ses h\u00f4tels et appartements bien \u00e9quip\u00e9s. Consultez notre <a href=\"https:\/\/www.viajamenorca.com\/fr\/hebergements\/\"><strong>guide complet des h\u00e9bergements ici<\/strong><\/a>.<\/p>\n<h2><span style=\"font-size: 14pt;\">7. Comment se d\u00e9placer \u00e0 Minorque sans voiture ?<\/span><\/h2>\n<p>Si vous ne voulez pas<a href=\"https:\/\/viajamenorca.com\/guia-turistica\/transportes\/alquiler-de-coches\/\"><strong> louer de voiture<\/strong><\/a>, l&rsquo;\u00eele propose des options comme les <a href=\"https:\/\/www.viajamenorca.com\/guia-turistica\/transportes\/autobuses\/\"><strong>bus publics<\/strong><\/a> qui relient certaines des <strong><a href=\"https:\/\/www.viajamenorca.com\/fr\/guide-touristique\/populations\/\">principales localit\u00e9s<\/a><\/strong> et <a href=\"https:\/\/www.viajamenorca.com\/alojamientos\/zonas-de-costa\/\"><strong>urbanisations<\/strong><\/a>. Vous pouvez \u00e9galement louer un <a href=\"https:\/\/www.viajamenorca.com\/revista\/menorca-en-bicicleta\/\"><strong>v\u00e9lo<\/strong> <\/a>ou un scooter, ce qui vous permettra d&rsquo;explorer \u00e0 votre rythme. Pour atteindre certaines criques plus recul\u00e9es, les <a href=\"https:\/\/www.viajamenorca.com\/fr\/guide-touristique\/transport\/taxis-tarifs-et-services\/\"><strong>taxis<\/strong> <\/a>ou les <a href=\"https:\/\/www.viajamenorca.com\/fr\/activites\/excursions\/\"><strong>excursions organis\u00e9es<\/strong><\/a> sont une autre bonne alternative.<\/p>\n<h2><span style=\"font-size: 14pt;\">8. Est-il n\u00e9cessaire de louer une voiture \u00e0 Minorque ?<\/span><\/h2>\n<p>Bien que ce ne soit pas strictement n\u00e9cessaire, <a href=\"https:\/\/viajamenorca.com\/guia-turistica\/transportes\/alquiler-de-coches\/\"><strong>louer une voiture<\/strong><\/a> vous permet d&rsquo;explorer l&rsquo;\u00eele en toute libert\u00e9, surtout pour acc\u00e9der aux criques les plus isol\u00e9es. Il existe un syst\u00e8me de <a href=\"https:\/\/www.viajamenorca.com\/guia-turistica\/transportes\/autobuses\/\"><strong>transports en commun<\/strong><\/a>, mais il est limit\u00e9 et ne dessert pas beaucoup des <a href=\"https:\/\/www.viajamenorca.com\/revista\/mejores-playas-y-calas-de-menorca\/\"><strong>plus belles criques<\/strong><\/a>. Louer un scooter est une autre excellente option.<\/p>\n<h2><span style=\"font-size: 14pt;\">9. Quelles sont les meilleures plages et criques de Minorque ?<\/span><\/h2>\n<p>L&rsquo;\u00eele regorge de <a href=\"https:\/\/www.viajamenorca.com\/revista\/mejores-playas-y-calas-de-menorca\/\"><strong>plages impressionnantes<\/strong><\/a>. <a href=\"https:\/\/www.viajamenorca.com\/guia-turistica\/playas-y-calas\/costa-sur\/cala-macarella\/\"><strong>Cala Macarella<\/strong><\/a> et <a href=\"https:\/\/www.viajamenorca.com\/guia-turistica\/playas-y-calas\/costa-sur\/cala-mitjana\/\"><strong>Cala Mitjana<\/strong><\/a> sont deux des plus connues, pero si vous cherchez un endroit plus calme, ne manquez pas<a href=\"https:\/\/www.viajamenorca.com\/guia-turistica\/playas-y-calas\/costa-sur\/cala-trebaluger\/\"><strong> Cala Trebal\u00fager<\/strong><\/a>, accessible uniquement \u00e0 pied ou en bateau. Personnellement, <a href=\"https:\/\/www.viajamenorca.com\/guia-turistica\/playas-y-calas\/costa-norte\/cala-pregonda\/\"><strong>Cala Pregonda<\/strong><\/a>, avec son sable dor\u00e9 et ses eaux cristallines, est l&rsquo;une de mes favorites. Pour <a href=\"https:\/\/www.viajamenorca.com\/revista\/viajar-con-ninos\/#Playas_recomendadas\"><strong>y aller avec des enfants<\/strong><\/a>, je pr\u00e9f\u00e8re les plages de <a href=\"https:\/\/www.viajamenorca.com\/fr\/guide-touristique\/plages-et-criques\/cote-sud\/plage-de-cala-galdana\/\"><strong>Cala Galdana<\/strong><\/a> ou <a href=\"https:\/\/www.viajamenorca.com\/fr\/guide-touristique\/plages-et-criques\/cote-nord\/arenal-de-son-saura\/\"><strong>Son Parc<\/strong><\/a>, avec des eaux peu profondes et de grandes zones de jeux.<\/p>\n<h2><span style=\"font-size: 14pt;\">10. Comment \u00e9viter les plages bond\u00e9es \u00e0 Minorque en \u00e9t\u00e9 ?<\/span><\/h2>\n<p>Pour \u00e9viter la foule, le mieux est d&rsquo;y aller t\u00f4t le matin ou au coucher du soleil. Si vous pr\u00e9f\u00e9rez une exp\u00e9rience plus paisible, les criques moins accessibles comme <a href=\"https:\/\/www.viajamenorca.com\/guia-turistica\/playas-y-calas\/costa-norte\/cala-pregonda\/\"><strong>Cala Pregonda<\/strong><\/a>,<strong> Cala Mica<\/strong> ou l&rsquo;<a href=\"https:\/\/www.viajamenorca.com\/guia-turistica\/playas-y-calas\/costa-norte\/sarenal-den-mongofre-es-savinar\/\"><strong>Arenal de Mongofre<\/strong><\/a> sont parfaites pour profiter du silence et de la nature.<\/p>\n<h2><span style=\"font-size: 14pt;\">11. Quelles plages et criques de Minorque ont un parking \u00e0 proximit\u00e9 ?<\/span><\/h2>\n<p>Si vous pr\u00e9f\u00e9rez le confort, des plages comme <a href=\"https:\/\/www.viajamenorca.com\/fr\/guide-touristique\/plages-et-criques\/cote-sud\/plage-de-cala-galdana\/\"><strong>Cala Galdana<\/strong><\/a>, <a href=\"https:\/\/www.viajamenorca.com\/fr\/guide-touristique\/plages-et-criques\/cote-sud\/plage-de-son-bou\/\"><strong>Son Bou<\/strong><\/a> et <a href=\"https:\/\/www.viajamenorca.com\/fr\/guide-touristique\/plages-et-criques\/cote-nord\/plage-darenal-den-castell\/\"><strong data-start=\"112\" data-end=\"135\">Arenal d&rsquo;en Castell <\/strong><\/a>disposent d&rsquo;un parking \u00e0 proximit\u00e9. <a href=\"https:\/\/www.viajamenorca.com\/fr\/guide-touristique\/plages-et-criques\/cote-ouest\/plage-de-calan-bosch\/\"><strong>Cala\u2019n Bosch<\/strong><\/a> a \u00e9galement un bon acc\u00e8s. Cependant, certaines criques plus recul\u00e9es comme <strong>Cala Pilar<\/strong> demandent un peu plus d&rsquo;effort car les chemins sont tr\u00e8s \u00e9troits avec des tron\u00e7ons non asphalt\u00e9s.<\/p>\n<h2><span style=\"font-size: 14pt;\">12. Quel est le meilleur chiringuito o beach club \u00e0 Minorque ?<\/span><\/h2>\n<p>Si vous avez envie de profiter d&rsquo;une journ\u00e9e ensoleill\u00e9e, le <strong><a href=\"https:\/\/www.viajamenorca.com\/revista\/playas-con-chiringuito\/#Playa_de_Binimella\">restaurant de la plage de Binimel\u00b7la<\/a><\/strong> est l&rsquo;un de mes endroits pr\u00e9f\u00e9r\u00e9s pour se d\u00e9tendre au bord de l&rsquo;eau. Un autre lieu tr\u00e8s sp\u00e9cial est l&rsquo;<a href=\"https:\/\/www.viajamenorca.com\/revista\/salir-de-fiesta-en-menorca\/#Isabella\"><strong>Isabella Beach Club<\/strong><\/a> \u00e0<a href=\"https:\/\/www.viajamenorca.com\/fr\/guide-touristique\/plages-et-criques\/cote-nord\/cala-tirant\/\"><strong> Playas de Fornells<\/strong><\/a> ou le <a href=\"https:\/\/www.viajamenorca.com\/revista\/playas-con-chiringuito\/#Cala_Tirant\"><strong>Xiringuito de Cala Tirant<\/strong><\/a>. Consultez notre section <a href=\"https:\/\/www.viajamenorca.com\/revista\/playas-con-chiringuito\/\"><strong>plages avec chiringuito<\/strong><\/a> pour en savoir plus.<\/p>\n<h2><span style=\"font-size: 14pt;\">13. O\u00f9 voir le meilleur coucher de soleil \u00e0 Minorque ?<\/span><\/h2>\n<p>Certains des meilleurs points pour admirer le coucher du soleil sont <strong><a href=\"https:\/\/www.viajamenorca.com\/guia-turistica\/rutas-e-itinerarios\/ruta-paisajistica\/pont-den-gil\/\">Es Pont d\u2019en Gil<\/a><\/strong>, le <a href=\"https:\/\/www.viajamenorca.com\/guia-turistica\/rutas-e-itinerarios\/ruta-de-los-7-faros\/faro-punta-nati\/\"><strong>Phare de Punta Nati<\/strong><\/a>, le <a href=\"https:\/\/www.viajamenorca.com\/guia-turistica\/rutas-e-itinerarios\/ruta-de-los-7-faros\/faro-de-cavalleria\/\"><strong>Phare de Cavalleria<\/strong><\/a>, et la plage de <a href=\"https:\/\/www.viajamenorca.com\/fr\/guide-touristique\/plages-et-criques\/cote-sud\/plage-de-santo-tomas\/\"><strong>Santo Tom\u00e1s<\/strong><\/a>. Cependant, l&rsquo;un de mes endroits favoris est la <a href=\"https:\/\/www.viajamenorca.com\/que-hacer-en-menorca\/conciertos-espectaculos\/cova-den-xoroi\/\"><strong>Cova d\u2019en Xoroi<\/strong><\/a>, un bar-discoth\u00e8que situ\u00e9 dans une grotte \u00e0 flanc de falaise \u00e0 <a href=\"https:\/\/www.viajamenorca.com\/fr\/guide-touristique\/plages-et-criques\/cote-sud\/plage-de-cala-en-porter\/\"><strong>Cala en Porter<\/strong><\/a>, o\u00f9 vous profiterez d&rsquo;une vue spectaculaire en prenant un verre.<\/p>\n<h2><span style=\"font-size: 14pt;\">14. Quels sont les meilleurs march\u00e9s de Minorque ?<\/span><\/h2>\n<p>Les <a href=\"https:\/\/www.viajamenorca.com\/fr\/que-faire-a-minorque\/foires-et-marches\/calendrier-des-marches-artisanaux-et-agroalimentaires\/\"><strong>march\u00e9s<\/strong> <\/a>sont une excellente fa\u00e7on de d\u00e9couvrir la culture locale. Ceux d&rsquo;<a href=\"https:\/\/www.viajamenorca.com\/fr\/que-faire-a-minorque\/foires-et-marches\/calendrier-des-marches-artisanaux-et-agroalimentaires\/#Es_Mercadal\"><strong>Es Mercadal<\/strong><\/a> le jeudi, et celui de <a href=\"https:\/\/www.viajamenorca.com\/fr\/que-faire-a-minorque\/foires-et-marches\/calendrier-des-marches-artisanaux-et-agroalimentaires\/#Fornells\"><strong>Fornells<\/strong><\/a> le samedi soir, sont tr\u00e8s populaires. Celui de <a href=\"https:\/\/www.viajamenorca.com\/fr\/que-faire-a-minorque\/foires-et-marches\/calendrier-des-marches-artisanaux-et-agroalimentaires\/#Ciudadela\"><strong>Ciutadella<\/strong><\/a>, qui se tient les lundis et vendredis sur la Plaza del Borne, propose une grande vari\u00e9t\u00e9 de produits locaux. Et celui de <a href=\"https:\/\/www.viajamenorca.com\/fr\/que-faire-a-minorque\/foires-et-marches\/calendrier-des-marches-artisanaux-et-agroalimentaires\/#Mahon\"><strong>Mah\u00f3n<\/strong> <\/a>le mardi soir sur la Plaza del Carmen est \u00e9galement tr\u00e8s appr\u00e9ci\u00e9.<\/p>\n<h2><span style=\"font-size: 14pt;\">15. O\u00f9 acheter de la sobrasada ou du fromage de Minorque authentique ?<\/span><\/h2>\n<p>Vous ne pouvez pas quitter Minorque sans go\u00fbter la <a href=\"https:\/\/www.viajamenorca.com\/fr\/guide-touristique\/gastronomie\/charcuterie-et-fromages\/sobrasada-de-minorque\/\"><strong>sobrasada<\/strong><\/a>. Vous trouverez la meilleure dans les boutiques locales comme <a title=\"Sa Cooperativa del Camp\" href=\"https:\/\/sacooperativadelcamp.com\/es\/\" target=\"_blank\" rel=\"nofollow noopener\"><strong>Sa Cooperativa del Camp<\/strong><\/a> ou dans certaines <a title=\"LLURIACH S.R.M\" href=\"https:\/\/www.lluriach.com\/productos\/\" target=\"_blank\" rel=\"noopener\"><strong>fermes comme celle de Lluriach<\/strong><\/a>, o\u00f9 les paysans vendent directement les <a href=\"https:\/\/www.viajamenorca.com\/guia-turistica\/gastronomia\/embutidos-y-quesos\/\"><strong>fromages et charcuteries traditionnels<\/strong><\/a>. Si vous voulez quelque chose de vraiment authentique, <a href=\"https:\/\/www.viajamenorca.com\/actividades\/experiencias-gastronomicas\/disfruta-de-una-experiencia-gastronomica-unica-en-la-queseria-subaida\/\"><strong>visitez la fromagerie Subaida<\/strong><\/a>, o\u00f9 ils produisent un excellent <a href=\"https:\/\/www.viajamenorca.com\/guia-turistica\/gastronomia\/embutidos-y-quesos\/el-queso-mahon\/\"><strong>fromage de Mah\u00f3n-Minorque<\/strong><\/a>.<\/p>\n<h2><span style=\"font-size: 14pt;\">16. Quels sont les meilleurs restaurants pour manger bien et pas cher \u00e0 Minorque ?<\/span><\/h2>\n<p>L&rsquo;\u00eele poss\u00e8de une excellente <a href=\"https:\/\/www.viajamenorca.com\/fr\/guide-touristique\/gastronomie\/\"><strong>gastronomie<\/strong> <\/a>\u00e0 des prix raisonnables. <a title=\"Restaurante Es Cranc, Fornells\" href=\"http:\/\/www.escranc.com\/\" target=\"_blank\" rel=\"nofollow noopener\"><strong>Es Cranc<\/strong><\/a>, \u00e0 <a href=\"https:\/\/www.viajamenorca.com\/fr\/guide-touristique\/villages\/fornells\/\"><strong>Fornells<\/strong><\/a>, est le lieu id\u00e9al pour go\u00fbter la c\u00e9l\u00e8bre Caldereta de Langouste, un plat traditionnel minorquin. Une autre excellente option dans la zone est <a title=\"Restaurante Sa Llagosta, Fornells\" href=\"https:\/\/www.instagram.com\/sallagosta\/?hl=es\" target=\"_blank\" rel=\"nofollow noopener\"><strong data-start=\"249\" data-end=\"264\">Sa Llagosta<\/strong><\/a>, reconnu pour sa cuisine marine de haute qualit\u00e9.<\/p>\n<p>Si vous cherchez une exp\u00e9rience \u00e0 l&rsquo;int\u00e9rieur des terres, <a href=\"https:\/\/www.viajamenorca.com\/fr\/que-faire-a-minorque\/ou-manger\/meilleurs-restaurants\/ca-nolga\/\"><strong data-start=\"333\" data-end=\"346\">Ca n\u2019Olga<\/strong><\/a>, \u00e0 <a href=\"https:\/\/www.viajamenorca.com\/fr\/guide-touristique\/villages\/es-mercadal\/\"><strong>Es Mercadal<\/strong><\/a>, est l&rsquo;un de mes restaurants favoris, avec des plats bien \u00e9labor\u00e9s et des produits de premi\u00e8re qualit\u00e9. Pour une option plus \u00e9conomique, je vous recommande le menu d&rsquo;<a title=\"Restaurante Es Moli d'ed Raco, Es Mercadal\" href=\"https:\/\/www.viajamenorca.com\/que-hacer-en-menorca\/donde-comer\/restaurantes\/es-moli-des-raco\/\" target=\"_blank\" rel=\"nofollow noopener\"><strong>Es Moli d&rsquo;es Raco<\/strong><\/a>, o\u00f9 vous pourrez d\u00e9guster l&rsquo;authentique cuisine minorquine \u00e0 bon prix.<\/p>\n<p>Ce ne sont que quelques-uns des restaurants que vous trouverez dans notre <a href=\"https:\/\/www.viajamenorca.com\/fr\/que-faire-a-minorque\/ou-manger\/\"><strong>guide gastronomique \u00ab o\u00f9 manger ? \u00bb<\/strong><\/a>.<\/p>\n<h2><span style=\"font-size: 14pt;\">17. Quelles sont les meilleures excursions ou activit\u00e9s \u00e0 Minorque ?<\/span><\/h2>\n<p><div class=\"g g-10\"><div class=\"g-single a-77\"><a href=\"https:\/\/www.civitatis.com\/fr\/mahon\/free-tour-mahon\/?aid=99960\" target=\"_blank\" rel=\"nofollow\">\r\n    <img decoding=\"async\" src=\"https:\/\/www.viajamenorca.com\/wp-content\/uploads\/2026\/02\/FRANCES_ROSE-2-1.jpg\" width=\"350\" height=\"210\" title=\"Visite guid\u00e9e gratuite de Mah\u00f3n\" alt=\"Visite guid\u00e9e gratuite de Mah\u00f3n\" \/>\r\n<\/a><\/div><\/div> Je vous recommande une <a href=\"https:\/\/www.viajamenorca.com\/actividades\/recorridos-en-barco\/\"><strong>balade en bateau<\/strong><\/a> le long de la c\u00f4te, surtout au lever ou au coucher du soleil, quand les criques sont magiques depuis la mer. Vous pouvez aussi faire des excursions en <a href=\"https:\/\/www.viajamenorca.com\/fr\/activites\/location-de-bateaux\/louer-un-kayak\/\"><strong>kayak<\/strong> <\/a>et du <a href=\"https:\/\/www.viajamenorca.com\/fr\/activites\/sports-nautiques\/plongee-sous-marine\/\"><strong>snorkeling<\/strong><\/a> pour d\u00e9couvrir la faune marine dans des criques isol\u00e9es. Si vous cherchez un coin charmant, <a href=\"https:\/\/www.viajamenorca.com\/fr\/guide-touristique\/routes-et-itineraires\/itineraire-panoramique\/village-de-binibeca\/\"><strong>Binibeca<\/strong> <\/a>est une visite incontournable : ce pittoresque village de p\u00eacheurs, avec ses ruelles \u00e9troites et ses maisons blanchies \u00e0 la chaux, est parfait pour se perdre et profiter de son ambiance unique.<\/p>\n<p>Ne manquez pas non plus les <a href=\"https:\/\/www.viajamenorca.com\/fr\/activites\/visites-guidees-guides-touristiques\/\"><strong>visites guid\u00e9es gratuites<\/strong><\/a> des centres historiques de <a href=\"https:\/\/www.viajamenorca.com\/actividades\/visitas-guiadas\/visita-guiada-free-tour-por-mahon-mao\/\"><strong>Mah\u00f3n<\/strong> <\/a>et <a href=\"https:\/\/www.viajamenorca.com\/fr\/activites\/visites-guidees\/visite-guidee-visite-libre-de-ciutadella\/\"><strong>Ciutadella<\/strong><\/a>, o\u00f9 l&rsquo;histoire et l&rsquo;architecture vous transporteront dans une autre \u00e9poque. De plus, si le pass\u00e9 pr\u00e9historique de l&rsquo;\u00eele vous int\u00e9resse, la <a href=\"https:\/\/www.viajamenorca.com\/fr\/guide-touristique\/routes-et-itineraires\/talayotique-minorque\/\"><strong>Route Talayotique<\/strong><\/a> est une exp\u00e9rience fascinante. Cet ensemble de monuments m\u00e9galithiques, d\u00e9clar\u00e9 <a href=\"https:\/\/www.viajamenorca.com\/fr\/blog-magazine\/patrimoine-mondial\/\"><strong>Patrimoine de l&rsquo;Humanit\u00e9<\/strong><\/a>, vous permettra de d\u00e9couvrir les origines de Minorque \u00e0 travers ses impressionnants vestiges arch\u00e9ologiques. Vous pouvez voir plus d&rsquo;<a href=\"https:\/\/www.viajamenorca.com\/fr\/activites\/\"><strong>excursions et activit\u00e9s de loisirs ici<\/strong><\/a>.<\/p>\n<h2><span style=\"font-size: 14pt;\">18. Quelles sont les meilleures routes de randonn\u00e9e \u00e0 Minorque ?<\/span><\/h2>\n<p>Si vous pr\u00e9f\u00e9rez explorer l&rsquo;\u00eele \u00e0 pied, le <a href=\"https:\/\/www.viajamenorca.com\/fr\/guide-touristique\/routes-et-itineraires\/sentier-cami-de-cavalls\/\"><strong>Cam\u00ed de Cavalls<\/strong><\/a> est l&rsquo;une des meilleures options. Ce sentier historique qui entoure toute la c\u00f4te de Minorque offre des itin\u00e9raires spectaculaires tant pour les randonneurs que pour les <a href=\"https:\/\/www.viajamenorca.com\/revista\/menorca-en-bicicleta\/\"><strong>cyclistes<\/strong><\/a>. Le parcourir est une exp\u00e9rience unique pour les amoureux de la nature. Tout au long de ses diff\u00e9rents tron\u00e7ons, vous pourrez profiter de paysages tr\u00e8s vari\u00e9s, des falaises impressionnantes aux for\u00eats m\u00e9diterran\u00e9ennes et <a href=\"https:\/\/www.viajamenorca.com\/fr\/guide-touristique\/plages-et-criques\/plages-vierges\/\"><strong>plages vierges<\/strong><\/a>.<\/p>\n<p>Pour une marche plus d\u00e9tendue, l&rsquo;itin\u00e9raire de <a href=\"https:\/\/www.viajamenorca.com\/guia-turistica\/playas-y-calas\/costa-norte\/playa-cala-morell\/\"><strong>Son Saura (Son Parc)<\/strong><\/a> \u00e0 <strong>Ses Salines de Fornells<\/strong> est une excellente option. Le parcours est accessible et offre des vues imprenables sur la mer en passant par la R\u00e9serve de la Concepci\u00f3n, une zone de grande valeur \u00e9cologique. En chemin, vous pourrez aussi d\u00e9couvrir les restes d&rsquo;une <a href=\"https:\/\/www.viajamenorca.com\/guia-turistica\/rutas-e-itinerarios\/ruta-monumental\/basilicas\/basilica-paleocristiana\/\"><strong>basilique pal\u00e9ochr\u00e9tienne<\/strong> <\/a> et en apprendre davantage sur la production de fleur de sel dans la baie de <a href=\"https:\/\/www.viajamenorca.com\/fr\/guide-touristique\/villages\/fornells\/\"><strong>Fornells<\/strong><\/a>, une tradition minorquine toujours active.<\/p>\n<h2><span style=\"font-size: 14pt;\">19. Peut-on visiter les phares de Minorque de l&rsquo;int\u00e9rieur ?<\/span><\/h2>\n<p>Bien qu&rsquo;ils ne soient pas ouverts au public, les <a href=\"https:\/\/www.viajamenorca.com\/fr\/guide-touristique\/routes-et-itineraires\/route-des-7-phares\/\"><strong>phares de Minorque<\/strong><\/a>, comme celui de <a href=\"https:\/\/www.viajamenorca.com\/fr\/guide-touristique\/routes-et-itineraires\/circuit-des-7-phares\/phare-de-favaritx\/\"><strong>Fav\u00e1ritx<\/strong> <\/a>ou celui de <a href=\"https:\/\/www.viajamenorca.com\/guia-turistica\/rutas-e-itinerarios\/ruta-de-los-7-faros\/faro-de-cavalleria\/\"><strong>Cavalleria<\/strong><\/a>, offrent des vues imprenables sur la c\u00f4te. Les environs des phares sont parfaits pour prendre des photos et profiter du paysage, surtout lors de leurs spectaculaires <a href=\"https:\/\/www.viajamenorca.com\/fr\/blog-magazine\/foire-aux-questions\/#13_Donde_ver_la_mejor_puesta_de_sol_en_Menorca\"><strong>couchers de soleil<\/strong><\/a>.<\/p>\n<h2><span style=\"font-size: 14pt;\">20. O\u00f9 voir des tortues ou des animaux en libert\u00e9 \u00e0 Minorque ?<\/span><\/h2>\n<p>L&rsquo;<a href=\"https:\/\/www.viajamenorca.com\/fr\/guide-touristique\/plages-et-criques\/cote-est\/plage-des-grau\/#Parque_natural_de_S8217Albufera_des_Grau\"><strong>Albufera des Grau<\/strong><\/a> est une excellente <a href=\"https:\/\/www.viajamenorca.com\/revista\/guia-de-aves-de-menorca-y-donde-verlas\/\"><strong>zone pour observer les oiseaux<\/strong><\/a>, et on peut occasionnellement y voir des tortues marines. De plus, certaines <a href=\"https:\/\/www.viajamenorca.com\/actividades\/recorridos-en-barco\/\"><strong>excursions en bateau<\/strong><\/a> offrent la possibilit\u00e9 d&rsquo;apercevoir des dauphins. La <a href=\"https:\/\/www.viajamenorca.com\/fr\/guide-touristique\/reserve-de-biosphere\/\"><strong>biodiversit\u00e9<\/strong> <\/a>de Minorque est l&rsquo;un de ses grands joyaux. Pour les plus petits, vous avez l&rsquo;option de visiter le <a href=\"https:\/\/www.viajamenorca.com\/fr\/activites\/parcs-aquatiques-zoos\/zoo-lloc-de-minorque\/\"><strong>zoo de Es Lloc<\/strong><\/a> \u00e0 <a href=\"https:\/\/www.viajamenorca.com\/fr\/guide-touristique\/villages\/alaior-alayor\/\"><strong>Alaior<\/strong><\/a>.<\/p>\n\n\n\n<figure class=\"wp-block-gallery has-nested-images columns-default is-cropped wp-block-gallery-1 is-layout-flex wp-block-gallery-is-layout-flex\">\n<figure class=\"wp-block-image size-large\"><a href=\"https:\/\/www.viajamenorca.com\/fr\/blog-magazine\/avant-de-partir-pour-minorque-questions-frequemment-posees\/\"><img decoding=\"async\" width=\"1024\" height=\"745\" data-id=\"44837\" src=\"https:\/\/www.viajamenorca.com\/wp-content\/uploads\/2025\/02\/turistas-1024x745.jpg\" alt=\"Foire aux questions\" class=\"wp-image-44837\" title=\"Foire aux questions\" srcset=\"https:\/\/www.viajamenorca.com\/wp-content\/uploads\/2025\/02\/turistas-1024x745.jpg 1024w, https:\/\/www.viajamenorca.com\/wp-content\/uploads\/2025\/02\/turistas-350x254.jpg 350w, https:\/\/www.viajamenorca.com\/wp-content\/uploads\/2025\/02\/turistas-768x558.jpg 768w, https:\/\/www.viajamenorca.com\/wp-content\/uploads\/2025\/02\/turistas-1536x1117.jpg 1536w, https:\/\/www.viajamenorca.com\/wp-content\/uploads\/2025\/02\/turistas.jpg 1909w\" sizes=\"(max-width: 1024px) 100vw, 1024px\" \/><\/a><figcaption class=\"wp-element-caption\"><mark style=\"background-color: rgba(0, 0, 0, 0); color: #474747;\" class=\"has-inline-color\"><a href=\"https:\/\/www.viajamenorca.com\/fr\/blog-magazine\/avant-de-partir-pour-minorque-questions-frequemment-posees\/\">Foire aux questions<\/a><\/mark><\/figcaption><\/figure>\n\n\n\n<figure class=\"wp-block-image size-large\"><a href=\"https:\/\/www.viajamenorca.com\/fr\/guide-touristique\/\"><img decoding=\"async\" width=\"1024\" height=\"788\" data-id=\"44312\" src=\"https:\/\/www.viajamenorca.com\/wp-content\/uploads\/2025\/02\/dispositivos-menorca-1024x788.jpg\" alt=\"Guide touristique\" class=\"wp-image-44312\" title=\"Guide touristique\" srcset=\"https:\/\/www.viajamenorca.com\/wp-content\/uploads\/2025\/02\/dispositivos-menorca-1024x788.jpg 1024w, https:\/\/www.viajamenorca.com\/wp-content\/uploads\/2025\/02\/dispositivos-menorca-350x269.jpg 350w, https:\/\/www.viajamenorca.com\/wp-content\/uploads\/2025\/02\/dispositivos-menorca-768x591.jpg 768w, https:\/\/www.viajamenorca.com\/wp-content\/uploads\/2025\/02\/dispositivos-menorca-1536x1182.jpg 1536w, https:\/\/www.viajamenorca.com\/wp-content\/uploads\/2025\/02\/dispositivos-menorca-2048x1575.jpg 2048w\" sizes=\"(max-width: 1024px) 100vw, 1024px\" \/><\/a><figcaption class=\"wp-element-caption\"><a href=\"https:\/\/www.viajamenorca.com\/fr\/guide-touristique\/\">https:\/\/www.viajamenorca.com\/fr\/guide-touristique\/<\/a><\/figcaption><\/figure>\n<\/figure>\n\n\n\n\n\n\n","protected":false},"excerpt":{"rendered":"<p>Avant de planifier votre voyage, il est normal d&rsquo;avoir quelques doutes. Voici des r\u00e9ponses aux questions les plus courantes pour que vous profitiez au maximum de votre s\u00e9jour dans ce &#8230; <\/p>\n<p class=\"read-more-container\"><a title=\"Avant de partir \u00e0 Minorque : Foire aux questions\" class=\"read-more button\" href=\"https:\/\/www.viajamenorca.com\/fr\/blog-magazine\/foire-aux-questions\/#more-58112\" aria-label=\"En savoir plus sur Avant de partir \u00e0 Minorque : Foire aux questions\">Lire plus<\/a><\/p>\n","protected":false},"author":1,"featured_media":64880,"comment_status":"closed","ping_status":"closed","sticky":false,"template":"","format":"standard","meta":{"_acf_changed":false,"footnotes":""},"categories":[1627,1717],"tags":[2401,3315,3313,1586,2320,1585,3314,1584,2396,1583,1607,2305],"class_list":["post-58112","post","type-post","status-publish","format-standard","has-post-thumbnail","hentry","category-blog-magazine","category-plans-et-lignes-directrices","tag-appartement","tag-avant-de-partir-a-minorque","tag-avant-de-partir-a-minorque-foire-aux-questions","tag-citadelle","tag-ciutadella","tag-es-mercadal","tag-foire-aux-questions","tag-fornells","tag-hotels","tag-mahon","tag-marches","tag-plages","resize-featured-image"],"acf":{"elige_un_tipo_de_actividad":"","buscar_por_zonas":""},"yoast_head":"<!-- This site is optimized with the Yoast SEO plugin v27.4 - https:\/\/yoast.com\/product\/yoast-seo-wordpress\/ -->\n<title>Avant de partir \u00e0 Minorque : Foire aux questions - Viaja a Menorca<\/title>\n<meta name=\"description\" content=\"Antes de planificar tu viaje, es normal tener algunas dudas. Aqu\u00ed te ofrecemos respuestas a las preguntas m\u00e1s comunes sobre Menorca\" \/>\n<meta name=\"robots\" content=\"index, follow, max-snippet:-1, max-image-preview:large, max-video-preview:-1\" \/>\n<link rel=\"canonical\" href=\"https:\/\/www.viajamenorca.com\/fr\/blog-magazine\/foire-aux-questions\/\" \/>\n<meta property=\"og:locale\" content=\"fr_FR\" \/>\n<meta property=\"og:type\" content=\"article\" \/>\n<meta property=\"og:title\" content=\"Avant de partir \u00e0 Minorque : Foire aux questions - Viaja a Menorca\" \/>\n<meta property=\"og:description\" content=\"Antes de planificar tu viaje, es normal tener algunas dudas. Aqu\u00ed te ofrecemos respuestas a las preguntas m\u00e1s comunes sobre Menorca\" \/>\n<meta property=\"og:url\" content=\"https:\/\/www.viajamenorca.com\/fr\/blog-magazine\/foire-aux-questions\/\" \/>\n<meta property=\"og:site_name\" content=\"Viaja a Menorca\" \/>\n<meta property=\"article:publisher\" content=\"https:\/\/www.facebook.com\/ViajaMenorca\/\" \/>\n<meta property=\"article:author\" content=\"https:\/\/www.facebook.com\/ViajaMenorca\/\" \/>\n<meta property=\"article:published_time\" content=\"2025-12-26T11:35:23+00:00\" \/>\n<meta property=\"article:modified_time\" content=\"2026-04-02T00:14:04+00:00\" \/>\n<meta property=\"og:image\" content=\"https:\/\/www.viajamenorca.com\/wp-content\/uploads\/2025\/02\/turistas.jpg\" \/>\n\t<meta property=\"og:image:width\" content=\"1909\" \/>\n\t<meta property=\"og:image:height\" content=\"1388\" \/>\n\t<meta property=\"og:image:type\" content=\"image\/jpeg\" \/>\n<meta name=\"author\" content=\"RVM\" \/>\n<meta name=\"twitter:card\" content=\"summary_large_image\" \/>\n<meta name=\"twitter:creator\" content=\"@ViajaMenorca\" \/>\n<meta name=\"twitter:site\" content=\"@ViajaMenorca\" \/>\n<meta name=\"twitter:label1\" content=\"\u00c9crit par\" \/>\n\t<meta name=\"twitter:data1\" content=\"RVM\" \/>\n\t<meta name=\"twitter:label2\" content=\"Dur\u00e9e de lecture estim\u00e9e\" \/>\n\t<meta name=\"twitter:data2\" content=\"10 minutes\" \/>\n<script type=\"application\/ld+json\" class=\"yoast-schema-graph\">{\"@context\":\"https:\\\/\\\/schema.org\",\"@graph\":[{\"@type\":\"Article\",\"@id\":\"https:\\\/\\\/www.viajamenorca.com\\\/fr\\\/blog-magazine\\\/foire-aux-questions\\\/#article\",\"isPartOf\":{\"@id\":\"https:\\\/\\\/www.viajamenorca.com\\\/fr\\\/blog-magazine\\\/foire-aux-questions\\\/\"},\"author\":{\"name\":\"RVM\",\"@id\":\"https:\\\/\\\/www.viajamenorca.com\\\/fr\\\/#\\\/schema\\\/person\\\/a4a17bcf26fbf36b9726dc16edd0a3fc\"},\"headline\":\"Avant de partir \u00e0 Minorque : Foire aux questions\",\"datePublished\":\"2025-12-26T11:35:23+00:00\",\"dateModified\":\"2026-04-02T00:14:04+00:00\",\"mainEntityOfPage\":{\"@id\":\"https:\\\/\\\/www.viajamenorca.com\\\/fr\\\/blog-magazine\\\/foire-aux-questions\\\/\"},\"wordCount\":2108,\"publisher\":{\"@id\":\"https:\\\/\\\/www.viajamenorca.com\\\/fr\\\/#organization\"},\"image\":{\"@id\":\"https:\\\/\\\/www.viajamenorca.com\\\/fr\\\/blog-magazine\\\/foire-aux-questions\\\/#primaryimage\"},\"thumbnailUrl\":\"https:\\\/\\\/www.viajamenorca.com\\\/wp-content\\\/uploads\\\/2025\\\/02\\\/turistas.jpg\",\"keywords\":[\"Appartement\",\"Avant de partir \u00e0 Minorque\",\"Avant de partir \u00e0 Minorque : Foire aux questions\",\"Citadelle\",\"Ciutadella\",\"Es Mercadal\",\"Foire aux questions\",\"Fornells\",\"H\u00f4tels\",\"Mahon\",\"March\u00e9s\",\"Plages\"],\"articleSection\":[\"Blog | Magazine du tourisme\",\"Plans et lignes\"],\"inLanguage\":\"fr-FR\"},{\"@type\":\"WebPage\",\"@id\":\"https:\\\/\\\/www.viajamenorca.com\\\/fr\\\/blog-magazine\\\/foire-aux-questions\\\/\",\"url\":\"https:\\\/\\\/www.viajamenorca.com\\\/fr\\\/blog-magazine\\\/foire-aux-questions\\\/\",\"name\":\"Avant de partir \u00e0 Minorque : Foire aux questions - Viaja a Menorca\",\"isPartOf\":{\"@id\":\"https:\\\/\\\/www.viajamenorca.com\\\/fr\\\/#website\"},\"primaryImageOfPage\":{\"@id\":\"https:\\\/\\\/www.viajamenorca.com\\\/fr\\\/blog-magazine\\\/foire-aux-questions\\\/#primaryimage\"},\"image\":{\"@id\":\"https:\\\/\\\/www.viajamenorca.com\\\/fr\\\/blog-magazine\\\/foire-aux-questions\\\/#primaryimage\"},\"thumbnailUrl\":\"https:\\\/\\\/www.viajamenorca.com\\\/wp-content\\\/uploads\\\/2025\\\/02\\\/turistas.jpg\",\"datePublished\":\"2025-12-26T11:35:23+00:00\",\"dateModified\":\"2026-04-02T00:14:04+00:00\",\"description\":\"Antes de planificar tu viaje, es normal tener algunas dudas. Aqu\u00ed te ofrecemos respuestas a las preguntas m\u00e1s comunes sobre Menorca\",\"breadcrumb\":{\"@id\":\"https:\\\/\\\/www.viajamenorca.com\\\/fr\\\/blog-magazine\\\/foire-aux-questions\\\/#breadcrumb\"},\"inLanguage\":\"fr-FR\",\"potentialAction\":[{\"@type\":\"ReadAction\",\"target\":[\"https:\\\/\\\/www.viajamenorca.com\\\/fr\\\/blog-magazine\\\/foire-aux-questions\\\/\"]}]},{\"@type\":\"ImageObject\",\"inLanguage\":\"fr-FR\",\"@id\":\"https:\\\/\\\/www.viajamenorca.com\\\/fr\\\/blog-magazine\\\/foire-aux-questions\\\/#primaryimage\",\"url\":\"https:\\\/\\\/www.viajamenorca.com\\\/wp-content\\\/uploads\\\/2025\\\/02\\\/turistas.jpg\",\"contentUrl\":\"https:\\\/\\\/www.viajamenorca.com\\\/wp-content\\\/uploads\\\/2025\\\/02\\\/turistas.jpg\",\"width\":1909,\"height\":1388},{\"@type\":\"BreadcrumbList\",\"@id\":\"https:\\\/\\\/www.viajamenorca.com\\\/fr\\\/blog-magazine\\\/foire-aux-questions\\\/#breadcrumb\",\"itemListElement\":[{\"@type\":\"ListItem\",\"position\":1,\"name\":\"Blog | Magazine du tourisme\",\"item\":\"https:\\\/\\\/www.viajamenorca.com\\\/fr\\\/.\\\/blog-magazine\\\/\"},{\"@type\":\"ListItem\",\"position\":2,\"name\":\"Questionnaire\"}]},{\"@type\":\"WebSite\",\"@id\":\"https:\\\/\\\/www.viajamenorca.com\\\/fr\\\/#website\",\"url\":\"https:\\\/\\\/www.viajamenorca.com\\\/fr\\\/\",\"name\":\"Viaja a Menorca\",\"description\":\"Votre aventure minorquine commence ici !\",\"publisher\":{\"@id\":\"https:\\\/\\\/www.viajamenorca.com\\\/fr\\\/#organization\"},\"alternateName\":\"Gu\u00eda tur\u00edstica de Menorca\",\"potentialAction\":[{\"@type\":\"SearchAction\",\"target\":{\"@type\":\"EntryPoint\",\"urlTemplate\":\"https:\\\/\\\/www.viajamenorca.com\\\/fr\\\/?s={search_term_string}\"},\"query-input\":{\"@type\":\"PropertyValueSpecification\",\"valueRequired\":true,\"valueName\":\"search_term_string\"}}],\"inLanguage\":\"fr-FR\"},{\"@type\":\"Organization\",\"@id\":\"https:\\\/\\\/www.viajamenorca.com\\\/fr\\\/#organization\",\"name\":\"Viaja a Menorca - Gu\u00eda tur\u00edstica\",\"alternateName\":\"Viaja a Menorca\",\"url\":\"https:\\\/\\\/www.viajamenorca.com\\\/fr\\\/\",\"logo\":{\"@type\":\"ImageObject\",\"inLanguage\":\"fr-FR\",\"@id\":\"https:\\\/\\\/www.viajamenorca.com\\\/fr\\\/#\\\/schema\\\/logo\\\/image\\\/\",\"url\":\"https:\\\/\\\/www.viajamenorca.com\\\/wp-content\\\/uploads\\\/2021\\\/11\\\/viajamenorca.jpg\",\"contentUrl\":\"https:\\\/\\\/www.viajamenorca.com\\\/wp-content\\\/uploads\\\/2021\\\/11\\\/viajamenorca.jpg\",\"width\":714,\"height\":714,\"caption\":\"Viaja a Menorca - Gu\u00eda tur\u00edstica\"},\"image\":{\"@id\":\"https:\\\/\\\/www.viajamenorca.com\\\/fr\\\/#\\\/schema\\\/logo\\\/image\\\/\"},\"sameAs\":[\"https:\\\/\\\/www.facebook.com\\\/ViajaMenorca\\\/\",\"https:\\\/\\\/x.com\\\/ViajaMenorca\",\"https:\\\/\\\/www.instagram.com\\\/viaja_menorca\\\/?hl=es\",\"https:\\\/\\\/www.youtube.com\\\/channel\\\/UCWtpR3jxp79HeZ8zZfHLhXw\"]},{\"@type\":\"Person\",\"@id\":\"https:\\\/\\\/www.viajamenorca.com\\\/fr\\\/#\\\/schema\\\/person\\\/a4a17bcf26fbf36b9726dc16edd0a3fc\",\"name\":\"RVM\",\"image\":{\"@type\":\"ImageObject\",\"inLanguage\":\"fr-FR\",\"@id\":\"https:\\\/\\\/www.viajamenorca.com\\\/wp-content\\\/litespeed\\\/avatar\\\/f92762d1538920c5ee7c40d8d2c84bc0.jpg?ver=1777343553\",\"url\":\"https:\\\/\\\/www.viajamenorca.com\\\/wp-content\\\/litespeed\\\/avatar\\\/f92762d1538920c5ee7c40d8d2c84bc0.jpg?ver=1777343553\",\"contentUrl\":\"https:\\\/\\\/www.viajamenorca.com\\\/wp-content\\\/litespeed\\\/avatar\\\/f92762d1538920c5ee7c40d8d2c84bc0.jpg?ver=1777343553\",\"caption\":\"RVM\"},\"description\":\"Guia turistica de Menorca creada por un menorquin amante de su tierra, espero que os guste.\",\"sameAs\":[\"http:\\\/\\\/www.viajamenorca.com\",\"https:\\\/\\\/www.facebook.com\\\/ViajaMenorca\\\/\",\"https:\\\/\\\/www.instagram.com\\\/viaja_menorca\\\/?hl=es\",\"https:\\\/\\\/x.com\\\/ViajaMenorca\",\"https:\\\/\\\/www.youtube.com\\\/c\\\/ViajamenorcaEs\",\"https:\\\/\\\/es.wikipedia.org\\\/wiki\\\/Menorca\"]}]}<\/script>\n<!-- \/ Yoast SEO plugin. -->","yoast_head_json":{"title":"Avant de partir \u00e0 Minorque : Foire aux questions - Viaja a Menorca","description":"Antes de planificar tu viaje, es normal tener algunas dudas. Aqu\u00ed te ofrecemos respuestas a las preguntas m\u00e1s comunes sobre Menorca","robots":{"index":"index","follow":"follow","max-snippet":"max-snippet:-1","max-image-preview":"max-image-preview:large","max-video-preview":"max-video-preview:-1"},"canonical":"https:\/\/www.viajamenorca.com\/fr\/blog-magazine\/foire-aux-questions\/","og_locale":"fr_FR","og_type":"article","og_title":"Avant de partir \u00e0 Minorque : Foire aux questions - Viaja a Menorca","og_description":"Antes de planificar tu viaje, es normal tener algunas dudas. Aqu\u00ed te ofrecemos respuestas a las preguntas m\u00e1s comunes sobre Menorca","og_url":"https:\/\/www.viajamenorca.com\/fr\/blog-magazine\/foire-aux-questions\/","og_site_name":"Viaja a Menorca","article_publisher":"https:\/\/www.facebook.com\/ViajaMenorca\/","article_author":"https:\/\/www.facebook.com\/ViajaMenorca\/","article_published_time":"2025-12-26T11:35:23+00:00","article_modified_time":"2026-04-02T00:14:04+00:00","og_image":[{"width":1909,"height":1388,"url":"https:\/\/www.viajamenorca.com\/wp-content\/uploads\/2025\/02\/turistas.jpg","type":"image\/jpeg"}],"author":"RVM","twitter_card":"summary_large_image","twitter_creator":"@ViajaMenorca","twitter_site":"@ViajaMenorca","twitter_misc":{"\u00c9crit par":"RVM","Dur\u00e9e de lecture estim\u00e9e":"10 minutes"},"schema":{"@context":"https:\/\/schema.org","@graph":[{"@type":"Article","@id":"https:\/\/www.viajamenorca.com\/fr\/blog-magazine\/foire-aux-questions\/#article","isPartOf":{"@id":"https:\/\/www.viajamenorca.com\/fr\/blog-magazine\/foire-aux-questions\/"},"author":{"name":"RVM","@id":"https:\/\/www.viajamenorca.com\/fr\/#\/schema\/person\/a4a17bcf26fbf36b9726dc16edd0a3fc"},"headline":"Avant de partir \u00e0 Minorque : Foire aux questions","datePublished":"2025-12-26T11:35:23+00:00","dateModified":"2026-04-02T00:14:04+00:00","mainEntityOfPage":{"@id":"https:\/\/www.viajamenorca.com\/fr\/blog-magazine\/foire-aux-questions\/"},"wordCount":2108,"publisher":{"@id":"https:\/\/www.viajamenorca.com\/fr\/#organization"},"image":{"@id":"https:\/\/www.viajamenorca.com\/fr\/blog-magazine\/foire-aux-questions\/#primaryimage"},"thumbnailUrl":"https:\/\/www.viajamenorca.com\/wp-content\/uploads\/2025\/02\/turistas.jpg","keywords":["Appartement","Avant de partir \u00e0 Minorque","Avant de partir \u00e0 Minorque : Foire aux questions","Citadelle","Ciutadella","Es Mercadal","Foire aux questions","Fornells","H\u00f4tels","Mahon","March\u00e9s","Plages"],"articleSection":["Blog | Magazine du tourisme","Plans et lignes"],"inLanguage":"fr-FR"},{"@type":"WebPage","@id":"https:\/\/www.viajamenorca.com\/fr\/blog-magazine\/foire-aux-questions\/","url":"https:\/\/www.viajamenorca.com\/fr\/blog-magazine\/foire-aux-questions\/","name":"Avant de partir \u00e0 Minorque : Foire aux questions - Viaja a Menorca","isPartOf":{"@id":"https:\/\/www.viajamenorca.com\/fr\/#website"},"primaryImageOfPage":{"@id":"https:\/\/www.viajamenorca.com\/fr\/blog-magazine\/foire-aux-questions\/#primaryimage"},"image":{"@id":"https:\/\/www.viajamenorca.com\/fr\/blog-magazine\/foire-aux-questions\/#primaryimage"},"thumbnailUrl":"https:\/\/www.viajamenorca.com\/wp-content\/uploads\/2025\/02\/turistas.jpg","datePublished":"2025-12-26T11:35:23+00:00","dateModified":"2026-04-02T00:14:04+00:00","description":"Antes de planificar tu viaje, es normal tener algunas dudas. Aqu\u00ed te ofrecemos respuestas a las preguntas m\u00e1s comunes sobre Menorca","breadcrumb":{"@id":"https:\/\/www.viajamenorca.com\/fr\/blog-magazine\/foire-aux-questions\/#breadcrumb"},"inLanguage":"fr-FR","potentialAction":[{"@type":"ReadAction","target":["https:\/\/www.viajamenorca.com\/fr\/blog-magazine\/foire-aux-questions\/"]}]},{"@type":"ImageObject","inLanguage":"fr-FR","@id":"https:\/\/www.viajamenorca.com\/fr\/blog-magazine\/foire-aux-questions\/#primaryimage","url":"https:\/\/www.viajamenorca.com\/wp-content\/uploads\/2025\/02\/turistas.jpg","contentUrl":"https:\/\/www.viajamenorca.com\/wp-content\/uploads\/2025\/02\/turistas.jpg","width":1909,"height":1388},{"@type":"BreadcrumbList","@id":"https:\/\/www.viajamenorca.com\/fr\/blog-magazine\/foire-aux-questions\/#breadcrumb","itemListElement":[{"@type":"ListItem","position":1,"name":"Blog | Magazine du tourisme","item":"https:\/\/www.viajamenorca.com\/fr\/.\/blog-magazine\/"},{"@type":"ListItem","position":2,"name":"Questionnaire"}]},{"@type":"WebSite","@id":"https:\/\/www.viajamenorca.com\/fr\/#website","url":"https:\/\/www.viajamenorca.com\/fr\/","name":"Viaja a Menorca","description":"Votre aventure minorquine commence ici !","publisher":{"@id":"https:\/\/www.viajamenorca.com\/fr\/#organization"},"alternateName":"Gu\u00eda tur\u00edstica de Menorca","potentialAction":[{"@type":"SearchAction","target":{"@type":"EntryPoint","urlTemplate":"https:\/\/www.viajamenorca.com\/fr\/?s={search_term_string}"},"query-input":{"@type":"PropertyValueSpecification","valueRequired":true,"valueName":"search_term_string"}}],"inLanguage":"fr-FR"},{"@type":"Organization","@id":"https:\/\/www.viajamenorca.com\/fr\/#organization","name":"Viaja a Menorca - Gu\u00eda tur\u00edstica","alternateName":"Viaja a Menorca","url":"https:\/\/www.viajamenorca.com\/fr\/","logo":{"@type":"ImageObject","inLanguage":"fr-FR","@id":"https:\/\/www.viajamenorca.com\/fr\/#\/schema\/logo\/image\/","url":"https:\/\/www.viajamenorca.com\/wp-content\/uploads\/2021\/11\/viajamenorca.jpg","contentUrl":"https:\/\/www.viajamenorca.com\/wp-content\/uploads\/2021\/11\/viajamenorca.jpg","width":714,"height":714,"caption":"Viaja a Menorca - Gu\u00eda tur\u00edstica"},"image":{"@id":"https:\/\/www.viajamenorca.com\/fr\/#\/schema\/logo\/image\/"},"sameAs":["https:\/\/www.facebook.com\/ViajaMenorca\/","https:\/\/x.com\/ViajaMenorca","https:\/\/www.instagram.com\/viaja_menorca\/?hl=es","https:\/\/www.youtube.com\/channel\/UCWtpR3jxp79HeZ8zZfHLhXw"]},{"@type":"Person","@id":"https:\/\/www.viajamenorca.com\/fr\/#\/schema\/person\/a4a17bcf26fbf36b9726dc16edd0a3fc","name":"RVM","image":{"@type":"ImageObject","inLanguage":"fr-FR","@id":"https:\/\/www.viajamenorca.com\/wp-content\/litespeed\/avatar\/f92762d1538920c5ee7c40d8d2c84bc0.jpg?ver=1777343553","url":"https:\/\/www.viajamenorca.com\/wp-content\/litespeed\/avatar\/f92762d1538920c5ee7c40d8d2c84bc0.jpg?ver=1777343553","contentUrl":"https:\/\/www.viajamenorca.com\/wp-content\/litespeed\/avatar\/f92762d1538920c5ee7c40d8d2c84bc0.jpg?ver=1777343553","caption":"RVM"},"description":"Guia turistica de Menorca creada por un menorquin amante de su tierra, espero que os guste.","sameAs":["http:\/\/www.viajamenorca.com","https:\/\/www.facebook.com\/ViajaMenorca\/","https:\/\/www.instagram.com\/viaja_menorca\/?hl=es","https:\/\/x.com\/ViajaMenorca","https:\/\/www.youtube.com\/c\/ViajamenorcaEs","https:\/\/es.wikipedia.org\/wiki\/Menorca"]}]}},"_links":{"self":[{"href":"https:\/\/www.viajamenorca.com\/fr\/wp-json\/wp\/v2\/posts\/58112","targetHints":{"allow":["GET"]}}],"collection":[{"href":"https:\/\/www.viajamenorca.com\/fr\/wp-json\/wp\/v2\/posts"}],"about":[{"href":"https:\/\/www.viajamenorca.com\/fr\/wp-json\/wp\/v2\/types\/post"}],"author":[{"embeddable":true,"href":"https:\/\/www.viajamenorca.com\/fr\/wp-json\/wp\/v2\/users\/1"}],"replies":[{"embeddable":true,"href":"https:\/\/www.viajamenorca.com\/fr\/wp-json\/wp\/v2\/comments?post=58112"}],"version-history":[{"count":17,"href":"https:\/\/www.viajamenorca.com\/fr\/wp-json\/wp\/v2\/posts\/58112\/revisions"}],"predecessor-version":[{"id":64882,"href":"https:\/\/www.viajamenorca.com\/fr\/wp-json\/wp\/v2\/posts\/58112\/revisions\/64882"}],"wp:featuredmedia":[{"embeddable":true,"href":"https:\/\/www.viajamenorca.com\/fr\/wp-json\/wp\/v2\/media\/64880"}],"wp:attachment":[{"href":"https:\/\/www.viajamenorca.com\/fr\/wp-json\/wp\/v2\/media?parent=58112"}],"wp:term":[{"taxonomy":"category","embeddable":true,"href":"https:\/\/www.viajamenorca.com\/fr\/wp-json\/wp\/v2\/categories?post=58112"},{"taxonomy":"post_tag","embeddable":true,"href":"https:\/\/www.viajamenorca.com\/fr\/wp-json\/wp\/v2\/tags?post=58112"}],"curies":[{"name":"wp","href":"https:\/\/api.w.org\/{rel}","templated":true}]}}