{"id":62598,"date":"2026-03-07T02:59:47","date_gmt":"2026-03-07T02:59:47","guid":{"rendered":"https:\/\/www.viajamenorca.com\/non-classe\/semana-santa-en-menorca-2026-procesiones-y-recorridos\/"},"modified":"2026-04-02T00:14:58","modified_gmt":"2026-04-02T00:14:58","slug":"semaine-sainte-minorque","status":"publish","type":"post","link":"https:\/\/www.viajamenorca.com\/fr\/blog-magazine\/semaine-sainte-minorque\/","title":{"rendered":"Semaine Sainte \u00e0 Minorque 2026 : Processions et itin\u00e9raires"},"content":{"rendered":"\n<h3 class=\"wp-block-heading\"><span style=\"font-size: 13pt;\">Du dimanche 29 mars au dimanche 5 avril, l&rsquo;\u00eele c\u00e9l\u00e8bre l&rsquo;une des f\u00eates les plus ancr\u00e9es dans la culture minorquine, offrant un m\u00e9lange unique de tradition, de spiritualit\u00e9 et de beaut\u00e9 naturelle.<\/span><\/h3>\n\n\n<div class=\"wp-block-image\">\n<figure class=\"alignright size-large is-resized\"><a href=\"https:\/\/www.viajamenorca.com\/wp-content\/uploads\/2025\/03\/semana-santa-menorca-2026-2-724x1024.jpg\"><img decoding=\"async\" width=\"724\" height=\"1024\" src=\"https:\/\/www.viajamenorca.com\/wp-content\/uploads\/2025\/03\/semana-santa-menorca-2026-2-724x1024.jpg\" alt=\"\" class=\"wp-image-62490\" style=\"width:350px\" title=\"Semaine Sainte \u00e0 Minorque 2026 : Processions et itin\u00e9raires\" srcset=\"https:\/\/www.viajamenorca.com\/wp-content\/uploads\/2025\/03\/semana-santa-menorca-2026-2-724x1024.jpg 724w, https:\/\/www.viajamenorca.com\/wp-content\/uploads\/2025\/03\/semana-santa-menorca-2026-2-247x350.jpg 247w, https:\/\/www.viajamenorca.com\/wp-content\/uploads\/2025\/03\/semana-santa-menorca-2026-2-768x1086.jpg 768w, https:\/\/www.viajamenorca.com\/wp-content\/uploads\/2025\/03\/semana-santa-menorca-2026-2.jpg 905w\" sizes=\"(max-width: 724px) 100vw, 724px\" \/><\/a><\/figure>\n<\/div>\n\n\n<h4 class=\"wp-block-heading\"><span style=\"font-size: 14pt;\"><\/span><\/h4>\n\n\n\n<h2 class=\"wp-block-heading\"><span style=\"font-size: 18pt;\">Tradition et spiritualit\u00e9<\/span><\/h2>\n\n\n\n<p><strong>Processions renouvel\u00e9es :<\/strong> Les confr\u00e9ries de Minorque pr\u00e9parent des processions avec des nouveaut\u00e9s pour cette ann\u00e9e, faisant vivre la tradition tout en offrant aux visiteurs une exp\u00e9rience unique.<br><strong>Rencontres et retrouvailles :<\/strong> La Semaine Sainte est un moment id\u00e9al pour se connecter avec la communaut\u00e9 locale et participer aux actes religieux c\u00e9l\u00e9br\u00e9s dans les diff\u00e9rents <strong><a href=\"https:\/\/www.viajamenorca.com\/fr\/.\/guide-touristique\/villages\/\" type=\"category\" id=\"1851\">villages <\/a><\/strong>de l&rsquo;\u00eele.<\/p>\n\n\n\n<h3 class=\"wp-block-heading\"><span style=\"font-size: 13pt;\"><strong>S\u2019\u00c0via Corema et le Carametler<\/strong><\/span><\/h3>\n\n\n\n<h3 class=\"wp-block-heading\"><span style=\"font-size: 13pt;\">Lors de la Semaine Sainte \u00e0 Minorque, deux figures traditionnelles se distinguent :<\/span><\/h3>\n\n\n\n<p><strong>S\u2019\u00c0via Corema : <\/strong>Une vieille femme \u00e0 sept jambes, symbolisant les sept semaines pr\u00e9c\u00e9dant P\u00e2ques. Chaque semaine, elle perd une jambe, marquant le compte \u00e0 rebours. Cette figure embl\u00e9matique reste un symbole fort de la tradition minorquine.<\/p>\n\n\n\n<p><strong>Le \u00ab Carametler \u00bb :<\/strong> Il marque la fin de la p\u00e9riode d&rsquo;abstinence avec une touche festive. Il s&rsquo;agit d&rsquo;un arbre magique d\u00e9cor\u00e9 de bonbons et de friandises, que les enfants arrosent d&rsquo;eau sucr\u00e9e pour le \u00ab faire grandir \u00bb avant de r\u00e9colter leur r\u00e9compense. Une c\u00e9l\u00e9bration pleine de symbolisme et de joie.<\/p>\n\n\n\n<h2 class=\"wp-block-heading\"><span style=\"font-size: 18pt;\">Que faire \u00e0 Minorque pendant la Semaine Sainte ?<\/span><\/h2>\n\n\n\n<h3 class=\"wp-block-heading\"><strong><span style=\"font-size: 14pt;\">Des activit\u00e9s pour tous<\/span><\/strong><\/h3>\n\n\n\n<p>Minorque propose des activit\u00e9s pour chacun, des aventures en plein air \u00e0 une gastronomie d\u00e9licieuse, en passant par une riche culture locale avec des routes historiques, des march\u00e9s artisanaux et de magnifiques paysages naturels.<\/p>\n\n\n\n<h2 class=\"wp-block-heading\"><strong><span style=\"font-size: 14pt;\">Nature et aventure<\/span><\/strong><\/h2>\n\n\n\n<p><div class=\"g g-10\"><div class=\"g-single a-78\"><a href=\"https:\/\/www.civitatis.com\/fr\/ciudadela\/free-tour-ciutadella-minorque\/?aid=99960\" target=\"_blank\" rel=\"nofollow\">\r\n    <img decoding=\"async\" src=\"https:\/\/www.viajamenorca.com\/wp-content\/uploads\/2026\/02\/FRANCES_ROSE-3-1.jpg\" width=\"350\" height=\"210\" title=\"Visite guid\u00e9e gratuite de Ciudadela\" alt=\"Visite guid\u00e9e gratuite de Ciudadela\" \/>\r\n<\/a><\/div><\/div> <strong>\u00c0 la d\u00e9couverte des criques secr\u00e8tes :<\/strong> Profitez de la tranquillit\u00e9 de la Semaine Sainte pour explorer les <strong><a href=\"https:\/\/www.viajamenorca.com\/fr\/guide-touristique\/plages-et-criques\/plages-vierges\/\" type=\"page\" id=\"56628\">criques vierges<\/a><\/strong> et les coins cach\u00e9s de la c\u00f4te minorquine.<br><strong>Itin\u00e9raires de randonn\u00e9e et de cyclisme :<\/strong> Profitez de la nature \u00e0 l&rsquo;\u00e9tat pur en parcourant les <strong><a href=\"https:\/\/www.viajamenorca.com\/fr\/guide-touristique\/routes-et-itineraires\/itineraire-panoramique\/\">sentiers et chemins<\/a><\/strong> de l&rsquo;\u00eele, comme le c\u00e9l\u00e8bre <a href=\"https:\/\/www.viajamenorca.com\/fr\/guide-touristique\/routes-et-itineraires\/sentier-cami-de-cavalls\/\"><strong>Cam\u00ed de Cavalls<\/strong><\/a>.<br><strong>Activit\u00e9s nautiques : <\/strong>Plongez dans les eaux cristallines de la M\u00e9diterran\u00e9e en pratiquant le <a href=\"https:\/\/www.viajamenorca.com\/fr\/activites\/sports-nautiques\/plongee-sous-marine\/\" rel=\"nofollow\"><strong>snorkeling<\/strong><\/a>, la <a href=\"https:\/\/www.viajamenorca.com\/fr\/activites\/sports-nautiques\/plongee-sous-marine\/\"><strong>plong\u00e9e<\/strong> <\/a>ou le <a href=\"https:\/\/www.viajamenorca.com\/fr\/activites\/location-de-bateaux\/louer-un-kayak\/\"><strong>kayak<\/strong><\/a>.<\/p>\n\n\n\n<h2 class=\"wp-block-heading\"><strong><span style=\"font-size: 14pt;\">Gastronomie et produits locaux<\/span><\/strong><\/h2>\n\n\n\n<p><strong>March\u00e9s artisanaux : <\/strong>Trouvez des produits faits main uniques sur les diff\u00e9rents <strong><a href=\"https:\/\/www.viajamenorca.com\/fr\/que-faire-a-minorque\/foires-et-marches\/calendrier-des-marches-artisanaux-et-agroalimentaires\/\" type=\"post\" id=\"52917\">march\u00e9s <\/a><\/strong>organis\u00e9s durant la Semaine Sainte.<br><strong>Route des tapas :<\/strong> D\u00e9couvrez les <strong><a href=\"https:\/\/www.viajamenorca.com\/fr\/que-faire-a-minorque\/ou-manger\/\">bars et restaurants<\/a><\/strong> de Minorque et go\u00fbtez \u00e0 leurs tapas les plus typiques.<br><strong>Vins minorquins : <\/strong>Accompagnez vos repas avec les vins de l&rsquo;Indication G\u00e9ographique Prot\u00e9g\u00e9e \u00ab Vin de la terre de l&rsquo;\u00cele de Minorque \u00bb. Vous pouvez \u00e9galement visiter un <a href=\"https:\/\/www.viajamenorca.com\/fr\/guide-touristique\/gastronomie\/boissons-minorquines\/vins-et-caves\/\"><strong>domaine viticole<\/strong><\/a>.<\/p>\n\n\n\n<h2 class=\"wp-block-heading\"><strong><span style=\"font-size: 14pt;\">Culture et patrimoine<\/span><\/strong><\/h2>\n\n\n\n<p><strong>Visites guid\u00e9es : <\/strong>Apprenez l&rsquo;histoire et les l\u00e9gendes de Minorque gr\u00e2ce \u00e0 des <strong><a href=\"https:\/\/www.viajamenorca.com\/fr\/activites\/visites-guidees-guides-touristiques\/\">guides experts<\/a><\/strong>. Ne manquez pas les <a href=\"https:\/\/www.viajamenorca.com\/fr\/activites\/visites-guidees-guides-touristiques\/\"><strong>visites guid\u00e9es gratuites<\/strong><\/a> de <a title=\"Visitas guiada gratuita a Mah\u00f3n\" href=\"https:\/\/www.viajamenorca.com\/actividades\/visitas-guiadas\/visita-guiada-free-tour-por-mahon-mao\/\" target=\"_blank\" rel=\"nofollow noopener\"><strong>Mah\u00f3n<\/strong> <\/a>et <a title=\"Visitas guiada gratuita a Ciudadela\" href=\"https:\/\/www.viajamenorca.com\/fr\/activites\/visites-guidees\/visite-guidee-visite-libre-de-ciutadella\/\" target=\"_blank\" rel=\"nofollow noopener\"><strong>Ciutadella<\/strong><\/a>. Plus d&rsquo;informations <strong><a href=\"https:\/\/www.viajamenorca.com\/fr\/activites\/visites-guidees-guides-touristiques\/\">ici<\/a><\/strong>. <br><strong>Sites arch\u00e9ologiques : <\/strong>Visitez les talayots et les <strong><a href=\"https:\/\/www.viajamenorca.com\/fr\/guide-touristique\/routes-et-itineraires\/talayotique-minorque\/\">villages pr\u00e9historiques<\/a><\/strong> pour d\u00e9couvrir la culture talayotique, r\u00e9cemment d\u00e9clar\u00e9e <a href=\"https:\/\/www.viajamenorca.com\/fr\/blog-magazine\/patrimoine-mondial\/\"><strong>Patrimoine mondial de l&rsquo;UNESCO<\/strong><\/a>.<br><strong>Mus\u00e9es et expositions :<\/strong> D\u00e9couvrez le patrimoine culturel de l&rsquo;\u00eele dans ses <a href=\"https:\/\/www.viajamenorca.com\/fr\/guide-touristique\/routes-et-itineraires\/itineraire-culturel\/\"><strong>mus\u00e9es et expositions<\/strong><\/a> temporaires.<br>Concerts de musique classique : Profitez de la musique sacr\u00e9e dans les diff\u00e9rents temples de l&rsquo;\u00eele. <div class=\"g g-8\"><div class=\"g-single a-70\"><a href=\"https:\/\/www.civitatis.com\/fr\/mahon\/transferts\/?aid=99960\" target=\"_blank\" rel=\"nofollow\">\r\n    <img decoding=\"async\" src=\"https:\/\/www.viajamenorca.com\/wp-content\/uploads\/2026\/02\/FRANCES_BLUE-2-2.jpg\" width=\"350\" height=\"210\" title=\"Transferts \u00e0 Minorque - A\u00e9roport\" alt=\"Transferts \u00e0 Minorque - A\u00e9roport\" \/>\r\n<\/a><\/div><\/div><\/p>\n\n\n\n<h2 class=\"wp-block-heading\"><span style=\"font-size: 18pt;\">Conseils pratiques<\/span><\/h2>\n\n\n\n<p><strong>R\u00e9servez \u00e0 l&rsquo;avance : <\/strong>Les <strong><a href=\"https:\/\/www.viajamenorca.com\/fr\/.\/hebergements\/hotels\/\" type=\"category\" id=\"1927\">h\u00f4tels<\/a><\/strong>, <strong><a href=\"https:\/\/www.viajamenorca.com\/fr\/guide-touristique\/transport\/vols\/\" type=\"post\" id=\"58568\">vols<\/a><\/strong>, <strong>locations de voitures<\/strong> et <a href=\"https:\/\/www.viajamenorca.com\/fr\/guide-touristique\/transport\/taxis-tarifs-et-services\/#Autres_services_prives\"><strong>transferts<\/strong><\/a>, sont souvent moins chers lorsqu&rsquo;ils sont r\u00e9serv\u00e9s \u00e0 l&rsquo;avance.<br><strong>Transports publics :<\/strong> Utilisez les <strong><a href=\"https:\/\/www.viajamenorca.com\/fr\/guide-touristique\/transport\/\" type=\"page\" id=\"53335\">transports <\/a><\/strong>en commun pour vous d\u00e9placer sur l&rsquo;\u00eele et \u00e9viter les probl\u00e8mes de stationnement.<br><strong>Respectez l&rsquo;environnement :<\/strong> Contribuez \u00e0 la conservation de l&rsquo;environnement et respectez les r\u00e8gles des espaces naturels.<\/p>\n\n\n\n<h2 class=\"wp-block-heading\"><span style=\"font-size: 18pt;\">Calendrier religieux, processions et itin\u00e9raires<\/span><\/h2>\n\n\n\n<h3 class=\"wp-block-heading\"><strong><span style=\"font-size: 16pt;\">Dates de la Semaine Sainte \u00e0 Minorque 2026<\/span><\/strong><\/h3>\n\n\n\n<ul class=\"wp-block-list fechas Semana Santa 2023\">\n<li><h2><span style=\"font-size: 14pt;\"><strong>Dimanche des Rameaux : 29 mars<\/strong><\/span><\/h2><\/li>\n<\/ul>\n\n\n\n<p><span style=\"font-size: 12pt;\">Les actes du Dimanche des Rameaux marquent le d\u00e9but de la Semaine Sainte. De nombreuses \u00e9glises de Minorque c\u00e9l\u00e8brent la <strong>b\u00e9n\u00e9diction des rameaux<\/strong> ainsi que les traditionnelles processions du <strong>Chemin de Croix (V\u00eda Crucis)<\/strong>.<\/span><\/p>\n\n\n\n<ul class=\"wp-block-list fechas Semana Santa 2023\">\n<li><h3><span style=\"font-size: 14pt;\"><strong>Lundi Saint : 30 mars<\/strong><\/span><\/h3><\/li>\n<\/ul>\n\n\n\n<p>Procession de la confr\u00e9rie <em>Nuestro Padre Jes\u00fas de la Sentencia<\/em> \u00e0<strong> l&rsquo;\u00e9glise Sant Antoni Abat de Mah\u00f3n<\/strong>.<\/p>\n\n\n\n<ul class=\"wp-block-list fechas Semana Santa 2023\">\n<li><h3><span style=\"font-size: 14pt;\"><strong><strong>Mardi Saint : 31 mars<\/strong><\/strong><\/span><\/h3><\/li>\n<\/ul>\n\n\n\n<p>Procession du Chemin de Croix dans la <strong>paroisse du Roser \u00e0 Es Castell<\/strong>.<\/p>\n\n\n\n<ul class=\"wp-block-list fechas Semana Santa 2023\">\n<li><h2><span style=\"font-size: 14pt;\"><strong><strong>Mercredi Saint : 1er avril<\/strong><\/strong><\/span><\/h2><\/li>\n<\/ul>\n\n\n\n<p><strong>Messe Chrismale<\/strong> \u00e0 la<strong> Cath\u00e9drale de Minorque<\/strong>. Lors de cette messe, le Saint Chr\u00eame est consacr\u00e9 et les Saintes Huiles des cat\u00e9chum\u00e8nes et des malades sont b\u00e9nies.<\/p>\n\n\n\n<ul class=\"wp-block-list fechas Semana Santa 2023\">\n<li><h2><span style=\"font-size: 14pt;\"><strong><strong>Jeudi Saint : 2 avril<\/strong><\/strong><\/span><\/h2><\/li>\n<\/ul>\n\n\n\n<p>Le Jeudi Saint d\u00e9bute par une <strong>veill\u00e9e de pri\u00e8re<\/strong> aupr\u00e8s de J\u00e9sus et de l&rsquo;Eucharistie \u00ab au Saint-Sacrement \u00bb, comm\u00e9morant la C\u00e8ne du Seigneur \u00e0 <strong>l&rsquo;\u00e9glise de La Concepci\u00f3n de Mah\u00f3n<\/strong>.<\/p>\n\n\n\n<p><span style=\"font-size: 12pt;\">Ensuite, place \u00e0 la <strong>Procession du Saint Silence<\/strong>, avec la participation de la <strong>confr\u00e9rie <em>La Sang de Mah\u00f3n<\/em><\/strong>. Cet \u00e9v\u00e9nement marque le d\u00e9but du <strong>Triduum Pascal<\/strong> \u00e0 Minorque, c\u00e9l\u00e9br\u00e9 \u00e0<strong> l&rsquo;\u00e9glise Sant Josep<\/strong> avec l&rsquo;image du Christ crucifi\u00e9 et de Marie-Madeleine embrassant le pied de la croix.<\/span><\/p>\n\n\n\n<ul class=\"wp-block-list\">\n<li><h2><span style=\"font-size: 14pt;\"><strong><strong>Vendredi Saint : 3 avril<\/strong><\/strong><\/span><\/h2><\/li>\n<\/ul>\n\n\n\n<p><span style=\"font-size: 14pt;\"><span style=\"line-height: 1.5;\">Procession \u00e0 la<strong> Cath\u00e9drale de Ciutadella<\/strong>, si\u00e8ge du dioc\u00e8se de Minorque.<\/span><\/span><\/p>\n\n\n<div class=\"wp-block-image\">\n<figure class=\"alignright\"><a href=\"https:\/\/www.viajamenorca.com\/wp-content\/uploads\/2024\/02\/confrares-350x233.jpg\" rel=\"noopener\"><img decoding=\"async\" width=\"350\" height=\"233\" src=\"https:\/\/www.viajamenorca.com\/wp-content\/uploads\/2024\/02\/confrares-350x233.jpg\" alt=\"\" class=\"wp-image-33190\" srcset=\"https:\/\/www.viajamenorca.com\/wp-content\/uploads\/2024\/02\/confrares-350x233.jpg 350w, https:\/\/www.viajamenorca.com\/wp-content\/uploads\/2024\/02\/confrares-768x510.jpg 768w, https:\/\/www.viajamenorca.com\/wp-content\/uploads\/2024\/02\/confrares.jpg 960w\" sizes=\"(max-width: 350px) 100vw, 350px\" \/><\/a><figcaption class=\"wp-element-caption\">Photo : <a href=\"http:\/\/jesusdenatzaret.com\/\" target=\"_blank\" rel=\"noopener\">jesusdenatzaret.com<\/a><\/figcaption><\/figure>\n<\/div>\n\n\n<p><span style=\"font-size: 12pt;\"><span style=\"line-height: 1.5;\">La procession devrait compter sur la pr\u00e9sence de <strong>Monseigneur Gerard Villalonga Hell\u00edn<\/strong> (sous r\u00e9serve de confirmation), \u00e9v\u00eaque du dioc\u00e8se de Minorque, qui aura l&rsquo;honneur de pr\u00e9sider l&rsquo;acte. Le cort\u00e8ge partira de la porte principale de la Cath\u00e9drale et parcourra les rues les plus centrales de la ville avec la participation de diverses confr\u00e9ries.<\/span><\/span><\/p>\n\n\n\n<p><span style=\"font-size: 12pt;\"><span style=\"font-size: 12pt;\">Les c\u00e9l\u00e9brations les plus suivies du Vendredi Saint sont g\u00e9n\u00e9ralement celles de <\/span><strong><a href=\"https:\/\/www.viajamenorca.com\/fr\/guide-touristique\/villages\/mao-mahon\/\" type=\"post\" id=\"57529\">Mah\u00f3n<\/a><\/strong><span style=\"font-size: 12pt;\"> y <\/span><a href=\"https:\/\/www.viajamenorca.com\/fr\/guide-touristique\/villages\/ciutadella-citadelle\/\"><strong>Ciudadela<\/strong><\/a><span style=\"font-size: 12pt;\">, mais vous pouvez \u00e9galement suivre la <strong>Procession du Saint Enterrement<\/strong> dans plusieurs<\/span> <a style=\"font-size: 12pt;\" href=\"https:\/\/www.viajamenorca.com\/fr\/guide-touristique\/populations\/\" rel=\"nofollow\"><strong>localit\u00e9s<\/strong><\/a><span style=\"font-size: 12pt;\"> de l&rsquo;\u00eele : <\/span><\/span><a href=\"https:\/\/www.viajamenorca.com\/fr\/guide-touristique\/villages\/es-mercadal\/\" type=\"post\" id=\"57870\"><strong>Es Mercadal<\/strong><\/a><span style=\"font-size: 12pt;\"><span style=\"line-height: 1.5;\">, <strong><a href=\"https:\/\/www.viajamenorca.com\/fr\/guide-touristique\/villages\/alaior-alayor\/\">Alaior<\/a><\/strong>, <a href=\"https:\/\/www.viajamenorca.com\/fr\/guide-touristique\/villages\/ferreries\/\"><b>Ferreries<\/b><\/a><span style=\"font-size: 12pt;\">, <strong><a href=\"https:\/\/www.viajamenorca.com\/fr\/guide-touristique\/villages\/es-migjorn-gran\/\" type=\"post\" id=\"57917\">Es Migjorn<\/a><\/strong>, <\/span><a style=\"font-size: 12pt;\" href=\"https:\/\/www.viajamenorca.com\/fr\/guide-touristique\/villages\/sant-lluis-san-luis\/\"><strong>Sant Llu\u00eds<\/strong><\/a><span style=\"font-size: 12pt;\">, <strong><a href=\"https:\/\/www.viajamenorca.com\/fr\/guide-touristique\/villages\/es-castell-villacarlos\/\" type=\"post\" id=\"57321\">Es castell<\/a><\/strong> et <\/span><a style=\"font-size: 12pt;\" href=\"https:\/\/www.viajamenorca.com\/fr\/guide-touristique\/villages\/fornells\/\"><strong>Fornells<\/strong><\/a><span style=\"font-size: 12pt;\">.<\/span><\/span><\/span><\/p>\n\n\n\n<ul class=\"wp-block-list fechas Semana Santa 2023\">\n<li><h2><span style=\"font-size: 14pt;\"><strong><strong>Samedi Saint : 4 avril<\/strong><\/strong><\/span><\/h2><\/li>\n\n\n\n<li><h2><span style=\"font-size: 14pt;\"><strong><strong>Dimanche de R\u00e9surrection : 5 avril<\/strong><\/strong><\/span><\/h2><\/li>\n<\/ul>\n\n\n\n<p><span style=\"font-size: 12pt;\">Minorque vit le Dimanche de R\u00e9surrection avec plusieurs processions \u00e0 travers l&rsquo;\u00eele, point d&rsquo;orgue de la Semaine Sainte avec la <strong>Procession de la Rencontre (Encuentro)<\/strong>.<\/span><\/p>\n\n\n\n<p><strong>Monseigneur Villalonga Hell\u00edn<\/strong>, \u00e9v\u00eaque de Minorque, pr\u00e9sidera les actes (sous r\u00e9serve), notamment \u00e0 l&rsquo;\u00e9glise Santa Maria de Mah\u00f3n, o\u00f9 sera offici\u00e9e la messe de P\u00e2ques. \u00c0 noter que la <strong>Procession de la Rencontre<\/strong> change d&rsquo;itin\u00e9raire cette ann\u00e9e en raison de travaux sur la place de la Constituci\u00f3n ; elle partira de<strong> l&rsquo;\u00e9glise des Conceptionniste<\/strong>s.<\/p>\n\n\n\n<p>Pour finir, plusieurs communes c\u00e9l\u00e8brent le chant traditionnel du <strong>\u00ab Deixem lo Dol \u00bb<\/strong>, avec des chorales c\u00e9l\u00e9brant la joie de P\u00e2ques<span style=\"font-size: 12pt;\"><span style=\"line-height: 1.5;\">.<\/span><\/span><\/p>\n\n\n\n<h2 class=\"wp-block-heading\"><span style=\"font-size: 18pt;\">Horaires des messes et concerts<\/span><\/h2>\n\n\n\n<p>\u25ba Sur le site web de l&rsquo;\u00e9v\u00each\u00e9<strong><span style=\"font-size: 14pt;\"> <\/span><\/strong><a title=\"Bisbat de Menorca\" href=\"https:\/\/bisbatdemenorca.org\" target=\"_blank\" rel=\"noopener\"><strong><span style=\"font-size: 14pt;\">bisbatdemenorca.org<\/span><\/strong><\/a>, vous pouvez consulter tous les horaires, village par village. Sur le site de la confr\u00e9rie <strong><a href=\"https:\/\/lasang.com\/agenda.html\" target=\"_blank\" rel=\"noreferrer noopener nofollow\">cofrad\u00eda de la sang<\/a><\/strong> vous trouverez <strong><a href=\"https:\/\/lasang.com\/agenda.html\" target=\"_blank\" rel=\"noreferrer noopener nofollow\">l&rsquo;agenda <\/a><\/strong>et les <strong><a href=\"https:\/\/lasang.com\/procesiones.html\" target=\"_blank\" rel=\"noreferrer noopener nofollow\">itin\u00e9raires <\/a><\/strong>d\u00e9taill\u00e9s pour Mah\u00f3n. Vous pouvez \u00e9galement visiter les sites des diff\u00e9rentes confr\u00e9ries et fraternit\u00e9s de Minorque. [<strong><a href=\"https:\/\/cofradiasmenorca.wordpress.com\/enlaces\/\" target=\"_blank\" rel=\"noreferrer noopener nofollow\">Voir la liste<\/a><\/strong>]<\/p>\n\n\n\n<h2 class=\"wp-block-heading\"><span style=\"font-size: 17pt;\">Suivre les c\u00e9l\u00e9brations sur Internet<\/span><\/h2>\n\n\n\n<h3 class=\"wp-block-heading LC20lb DKV0Md\"><span style=\"font-size: 12pt;\">Vous pouvez suivre les diff\u00e9rentes manifestations religieuses via la cha\u00eene YouTube du \u00ab Bisbat \u00bb de Minorque : <strong><a href=\"https:\/\/www.youtube.com\/user\/BisbatdeMenorca\" target=\"_blank\" rel=\"noreferrer noopener nofollow\">youtube.com\/user\/BisbatdeMenorca<\/a><\/strong><\/span> <span style=\"font-size: 12pt;\">et sur le site officiel : <strong><a href=\"https:\/\/bisbatdemenorca.org\" target=\"_blank\" rel=\"nofollow noopener\">bisbatdemenorca.org<\/a><\/strong><\/span>.<\/h3>\n\n\n\n<hr \/>\n<h3><strong>Vid\u00e9o<\/strong><\/h3>\n\n\n\n<figure class=\"wp-block-embed is-type-video is-provider-youtube wp-block-embed-youtube wp-embed-aspect-16-9 wp-has-aspect-ratio\"><div class=\"wp-block-embed__wrapper\">\n<iframe title=\"DOMINGO DE RAMOS. MAH\u00d3N 2024.\" width=\"1200\" height=\"675\" src=\"https:\/\/www.youtube.com\/embed\/PdEUzAQcw7I?feature=oembed\" frameborder=\"0\" allow=\"accelerometer; autoplay; clipboard-write; encrypted-media; gyroscope; picture-in-picture; web-share\" referrerpolicy=\"strict-origin-when-cross-origin\" allowfullscreen><\/iframe>\n<\/div><\/figure>\n\n\n\n<hr class=\"wp-block-separator has-alpha-channel-opacity\"\/>\n\n\n\n<h3 class=\"wp-block-heading\"><span style=\"font-size: 14pt;\">\u00ab La Semaine Sainte \u00e0 Minorque est une exp\u00e9rience \u00e0 ne pas manquer. Venez profiter de la tradition, de la culture, de la nature et de la gastronomie de cette \u00eele merveilleuse. \u00bb<\/span><\/h3>\n","protected":false},"excerpt":{"rendered":"<p>Du dimanche 29 mars au dimanche 5 avril, l&rsquo;\u00eele c\u00e9l\u00e8bre l&rsquo;une des f\u00eates les plus ancr\u00e9es dans la culture minorquine, offrant un m\u00e9lange unique de tradition, de spiritualit\u00e9 et de &#8230; <\/p>\n<p class=\"read-more-container\"><a title=\"Semaine Sainte \u00e0 Minorque 2026 : Processions et itin\u00e9raires\" class=\"read-more button\" href=\"https:\/\/www.viajamenorca.com\/fr\/blog-magazine\/semaine-sainte-minorque\/#more-62598\" aria-label=\"En savoir plus sur Semaine Sainte \u00e0 Minorque 2026 : Processions et itin\u00e9raires\">Lire plus<\/a><\/p>\n","protected":false},"author":1,"featured_media":64883,"comment_status":"open","ping_status":"open","sticky":false,"template":"","format":"standard","meta":{"_acf_changed":false,"footnotes":""},"categories":[1627,1717],"tags":[2799,2793,2792,2798,1586,2744,2320,2797,2790,1583,2801,2794,2795,2802,2800,2803,2796,2791],"class_list":["post-62598","post","type-post","status-publish","format-standard","has-post-thumbnail","hentry","category-blog-magazine","category-plans-et-lignes-directrices","tag-actes-religieux","tag-actos-religiosos","tag-calendario-de-actos","tag-calendrier-des-evenements","tag-citadelle","tag-ciudadela","tag-ciutadella","tag-concerts","tag-conciertos","tag-mahon","tag-messes-de-la-semaine-sainte","tag-misas-semana-santa","tag-procesiones-y-recorridos","tag-processions-et-itineraires","tag-semaine-sainte","tag-semaine-sainte-minorque","tag-semana-santa","tag-semana-santa-menorca","resize-featured-image"],"acf":{"elige_un_tipo_de_actividad":"","buscar_por_zonas":""},"yoast_head":"<!-- This site is optimized with the Yoast SEO plugin v27.4 - https:\/\/yoast.com\/product\/yoast-seo-wordpress\/ -->\n<title>Semaine Sainte \u00e0 Minorque 2026 : Processions et itin\u00e9raires<\/title>\n<meta name=\"description\" content=\"La Semaine Sainte est l&#039;une des festivit\u00e9s les plus importantes pour les Minorquins et une occasion unique pour les touristes et les visiteurs\" \/>\n<meta name=\"robots\" content=\"index, follow, max-snippet:-1, max-image-preview:large, max-video-preview:-1\" \/>\n<link rel=\"canonical\" href=\"https:\/\/www.viajamenorca.com\/fr\/blog-magazine\/semaine-sainte-minorque\/\" \/>\n<meta property=\"og:locale\" content=\"fr_FR\" \/>\n<meta property=\"og:type\" content=\"article\" \/>\n<meta property=\"og:title\" content=\"Semaine Sainte \u00e0 Minorque 2026 : Processions et itin\u00e9raires\" \/>\n<meta property=\"og:description\" content=\"La Semaine Sainte est l&#039;une des festivit\u00e9s les plus importantes pour les Minorquins et une occasion unique pour les touristes et les visiteurs\" \/>\n<meta property=\"og:url\" content=\"https:\/\/www.viajamenorca.com\/fr\/blog-magazine\/semaine-sainte-minorque\/\" \/>\n<meta property=\"og:site_name\" content=\"Viaja a Menorca\" \/>\n<meta property=\"article:publisher\" content=\"https:\/\/www.facebook.com\/ViajaMenorca\/\" \/>\n<meta property=\"article:author\" content=\"https:\/\/www.facebook.com\/ViajaMenorca\/\" \/>\n<meta property=\"article:published_time\" content=\"2026-03-07T02:59:47+00:00\" \/>\n<meta property=\"article:modified_time\" content=\"2026-04-02T00:14:58+00:00\" \/>\n<meta property=\"og:image\" content=\"https:\/\/www.viajamenorca.com\/wp-content\/uploads\/2025\/03\/semana-santa-menorca-2026-2.jpg\" \/>\n\t<meta property=\"og:image:width\" content=\"905\" \/>\n\t<meta property=\"og:image:height\" content=\"1280\" \/>\n\t<meta property=\"og:image:type\" content=\"image\/jpeg\" \/>\n<meta name=\"author\" content=\"RVM\" \/>\n<meta name=\"twitter:card\" content=\"summary_large_image\" \/>\n<meta name=\"twitter:creator\" content=\"@ViajaMenorca\" \/>\n<meta name=\"twitter:site\" content=\"@ViajaMenorca\" \/>\n<meta name=\"twitter:label1\" content=\"\u00c9crit par\" \/>\n\t<meta name=\"twitter:data1\" content=\"RVM\" \/>\n\t<meta name=\"twitter:label2\" content=\"Dur\u00e9e de lecture estim\u00e9e\" \/>\n\t<meta name=\"twitter:data2\" content=\"6 minutes\" \/>\n<script type=\"application\/ld+json\" class=\"yoast-schema-graph\">{\"@context\":\"https:\\\/\\\/schema.org\",\"@graph\":[{\"@type\":\"Article\",\"@id\":\"https:\\\/\\\/www.viajamenorca.com\\\/fr\\\/blog-magazine\\\/semaine-sainte-minorque\\\/#article\",\"isPartOf\":{\"@id\":\"https:\\\/\\\/www.viajamenorca.com\\\/fr\\\/blog-magazine\\\/semaine-sainte-minorque\\\/\"},\"author\":{\"name\":\"RVM\",\"@id\":\"https:\\\/\\\/www.viajamenorca.com\\\/fr\\\/#\\\/schema\\\/person\\\/a4a17bcf26fbf36b9726dc16edd0a3fc\"},\"headline\":\"Semaine Sainte \u00e0 Minorque 2026 : Processions et itin\u00e9raires\",\"datePublished\":\"2026-03-07T02:59:47+00:00\",\"dateModified\":\"2026-04-02T00:14:58+00:00\",\"mainEntityOfPage\":{\"@id\":\"https:\\\/\\\/www.viajamenorca.com\\\/fr\\\/blog-magazine\\\/semaine-sainte-minorque\\\/\"},\"wordCount\":1238,\"commentCount\":0,\"publisher\":{\"@id\":\"https:\\\/\\\/www.viajamenorca.com\\\/fr\\\/#organization\"},\"image\":{\"@id\":\"https:\\\/\\\/www.viajamenorca.com\\\/fr\\\/blog-magazine\\\/semaine-sainte-minorque\\\/#primaryimage\"},\"thumbnailUrl\":\"https:\\\/\\\/www.viajamenorca.com\\\/wp-content\\\/uploads\\\/2025\\\/03\\\/semana-santa-menorca-2026-2.jpg\",\"keywords\":[\"Actes religieux\",\"Actos religiosos\",\"Calendario de actos\",\"Calendrier des \u00e9v\u00e9nements\",\"Citadelle\",\"Ciudadela\",\"Ciutadella\",\"Concerts\",\"Conciertos\",\"Mahon\",\"Messes de la semaine sainte\",\"Misas semana santa\",\"Procesiones y recorridos\",\"Processions et itin\u00e9raires\",\"Semaine Sainte\",\"semaine sainte minorque\",\"Semana Santa\",\"semana santa menorca\"],\"articleSection\":[\"Blog | Magazine du tourisme\",\"Plans et lignes\"],\"inLanguage\":\"fr-FR\",\"potentialAction\":[{\"@type\":\"CommentAction\",\"name\":\"Comment\",\"target\":[\"https:\\\/\\\/www.viajamenorca.com\\\/fr\\\/blog-magazine\\\/semaine-sainte-minorque\\\/#respond\"]}]},{\"@type\":\"WebPage\",\"@id\":\"https:\\\/\\\/www.viajamenorca.com\\\/fr\\\/blog-magazine\\\/semaine-sainte-minorque\\\/\",\"url\":\"https:\\\/\\\/www.viajamenorca.com\\\/fr\\\/blog-magazine\\\/semaine-sainte-minorque\\\/\",\"name\":\"Semaine Sainte \u00e0 Minorque 2026 : Processions et itin\u00e9raires\",\"isPartOf\":{\"@id\":\"https:\\\/\\\/www.viajamenorca.com\\\/fr\\\/#website\"},\"primaryImageOfPage\":{\"@id\":\"https:\\\/\\\/www.viajamenorca.com\\\/fr\\\/blog-magazine\\\/semaine-sainte-minorque\\\/#primaryimage\"},\"image\":{\"@id\":\"https:\\\/\\\/www.viajamenorca.com\\\/fr\\\/blog-magazine\\\/semaine-sainte-minorque\\\/#primaryimage\"},\"thumbnailUrl\":\"https:\\\/\\\/www.viajamenorca.com\\\/wp-content\\\/uploads\\\/2025\\\/03\\\/semana-santa-menorca-2026-2.jpg\",\"datePublished\":\"2026-03-07T02:59:47+00:00\",\"dateModified\":\"2026-04-02T00:14:58+00:00\",\"description\":\"La Semaine Sainte est l'une des festivit\u00e9s les plus importantes pour les Minorquins et une occasion unique pour les touristes et les visiteurs\",\"breadcrumb\":{\"@id\":\"https:\\\/\\\/www.viajamenorca.com\\\/fr\\\/blog-magazine\\\/semaine-sainte-minorque\\\/#breadcrumb\"},\"inLanguage\":\"fr-FR\",\"potentialAction\":[{\"@type\":\"ReadAction\",\"target\":[\"https:\\\/\\\/www.viajamenorca.com\\\/fr\\\/blog-magazine\\\/semaine-sainte-minorque\\\/\"]}]},{\"@type\":\"ImageObject\",\"inLanguage\":\"fr-FR\",\"@id\":\"https:\\\/\\\/www.viajamenorca.com\\\/fr\\\/blog-magazine\\\/semaine-sainte-minorque\\\/#primaryimage\",\"url\":\"https:\\\/\\\/www.viajamenorca.com\\\/wp-content\\\/uploads\\\/2025\\\/03\\\/semana-santa-menorca-2026-2.jpg\",\"contentUrl\":\"https:\\\/\\\/www.viajamenorca.com\\\/wp-content\\\/uploads\\\/2025\\\/03\\\/semana-santa-menorca-2026-2.jpg\",\"width\":905,\"height\":1280},{\"@type\":\"BreadcrumbList\",\"@id\":\"https:\\\/\\\/www.viajamenorca.com\\\/fr\\\/blog-magazine\\\/semaine-sainte-minorque\\\/#breadcrumb\",\"itemListElement\":[{\"@type\":\"ListItem\",\"position\":1,\"name\":\"Blog | Magazine du tourisme\",\"item\":\"https:\\\/\\\/www.viajamenorca.com\\\/fr\\\/.\\\/blog-magazine\\\/\"},{\"@type\":\"ListItem\",\"position\":2,\"name\":\"Calendrier religieux\"}]},{\"@type\":\"WebSite\",\"@id\":\"https:\\\/\\\/www.viajamenorca.com\\\/fr\\\/#website\",\"url\":\"https:\\\/\\\/www.viajamenorca.com\\\/fr\\\/\",\"name\":\"Viaja a Menorca\",\"description\":\"Votre aventure minorquine commence ici !\",\"publisher\":{\"@id\":\"https:\\\/\\\/www.viajamenorca.com\\\/fr\\\/#organization\"},\"alternateName\":\"Gu\u00eda tur\u00edstica de Menorca\",\"potentialAction\":[{\"@type\":\"SearchAction\",\"target\":{\"@type\":\"EntryPoint\",\"urlTemplate\":\"https:\\\/\\\/www.viajamenorca.com\\\/fr\\\/?s={search_term_string}\"},\"query-input\":{\"@type\":\"PropertyValueSpecification\",\"valueRequired\":true,\"valueName\":\"search_term_string\"}}],\"inLanguage\":\"fr-FR\"},{\"@type\":\"Organization\",\"@id\":\"https:\\\/\\\/www.viajamenorca.com\\\/fr\\\/#organization\",\"name\":\"Viaja a Menorca - Gu\u00eda tur\u00edstica\",\"alternateName\":\"Viaja a Menorca\",\"url\":\"https:\\\/\\\/www.viajamenorca.com\\\/fr\\\/\",\"logo\":{\"@type\":\"ImageObject\",\"inLanguage\":\"fr-FR\",\"@id\":\"https:\\\/\\\/www.viajamenorca.com\\\/fr\\\/#\\\/schema\\\/logo\\\/image\\\/\",\"url\":\"https:\\\/\\\/www.viajamenorca.com\\\/wp-content\\\/uploads\\\/2021\\\/11\\\/viajamenorca.jpg\",\"contentUrl\":\"https:\\\/\\\/www.viajamenorca.com\\\/wp-content\\\/uploads\\\/2021\\\/11\\\/viajamenorca.jpg\",\"width\":714,\"height\":714,\"caption\":\"Viaja a Menorca - Gu\u00eda tur\u00edstica\"},\"image\":{\"@id\":\"https:\\\/\\\/www.viajamenorca.com\\\/fr\\\/#\\\/schema\\\/logo\\\/image\\\/\"},\"sameAs\":[\"https:\\\/\\\/www.facebook.com\\\/ViajaMenorca\\\/\",\"https:\\\/\\\/x.com\\\/ViajaMenorca\",\"https:\\\/\\\/www.instagram.com\\\/viaja_menorca\\\/?hl=es\",\"https:\\\/\\\/www.youtube.com\\\/channel\\\/UCWtpR3jxp79HeZ8zZfHLhXw\"]},{\"@type\":\"Person\",\"@id\":\"https:\\\/\\\/www.viajamenorca.com\\\/fr\\\/#\\\/schema\\\/person\\\/a4a17bcf26fbf36b9726dc16edd0a3fc\",\"name\":\"RVM\",\"image\":{\"@type\":\"ImageObject\",\"inLanguage\":\"fr-FR\",\"@id\":\"https:\\\/\\\/www.viajamenorca.com\\\/wp-content\\\/litespeed\\\/avatar\\\/f92762d1538920c5ee7c40d8d2c84bc0.jpg?ver=1776737859\",\"url\":\"https:\\\/\\\/www.viajamenorca.com\\\/wp-content\\\/litespeed\\\/avatar\\\/f92762d1538920c5ee7c40d8d2c84bc0.jpg?ver=1776737859\",\"contentUrl\":\"https:\\\/\\\/www.viajamenorca.com\\\/wp-content\\\/litespeed\\\/avatar\\\/f92762d1538920c5ee7c40d8d2c84bc0.jpg?ver=1776737859\",\"caption\":\"RVM\"},\"description\":\"Guia turistica de Menorca creada por un menorquin amante de su tierra, espero que os guste.\",\"sameAs\":[\"http:\\\/\\\/www.viajamenorca.com\",\"https:\\\/\\\/www.facebook.com\\\/ViajaMenorca\\\/\",\"https:\\\/\\\/www.instagram.com\\\/viaja_menorca\\\/?hl=es\",\"https:\\\/\\\/x.com\\\/ViajaMenorca\",\"https:\\\/\\\/www.youtube.com\\\/c\\\/ViajamenorcaEs\",\"https:\\\/\\\/es.wikipedia.org\\\/wiki\\\/Menorca\"]}]}<\/script>\n<!-- \/ Yoast SEO plugin. -->","yoast_head_json":{"title":"Semaine Sainte \u00e0 Minorque 2026 : Processions et itin\u00e9raires","description":"La Semaine Sainte est l'une des festivit\u00e9s les plus importantes pour les Minorquins et une occasion unique pour les touristes et les visiteurs","robots":{"index":"index","follow":"follow","max-snippet":"max-snippet:-1","max-image-preview":"max-image-preview:large","max-video-preview":"max-video-preview:-1"},"canonical":"https:\/\/www.viajamenorca.com\/fr\/blog-magazine\/semaine-sainte-minorque\/","og_locale":"fr_FR","og_type":"article","og_title":"Semaine Sainte \u00e0 Minorque 2026 : Processions et itin\u00e9raires","og_description":"La Semaine Sainte est l'une des festivit\u00e9s les plus importantes pour les Minorquins et une occasion unique pour les touristes et les visiteurs","og_url":"https:\/\/www.viajamenorca.com\/fr\/blog-magazine\/semaine-sainte-minorque\/","og_site_name":"Viaja a Menorca","article_publisher":"https:\/\/www.facebook.com\/ViajaMenorca\/","article_author":"https:\/\/www.facebook.com\/ViajaMenorca\/","article_published_time":"2026-03-07T02:59:47+00:00","article_modified_time":"2026-04-02T00:14:58+00:00","og_image":[{"width":905,"height":1280,"url":"https:\/\/www.viajamenorca.com\/wp-content\/uploads\/2025\/03\/semana-santa-menorca-2026-2.jpg","type":"image\/jpeg"}],"author":"RVM","twitter_card":"summary_large_image","twitter_creator":"@ViajaMenorca","twitter_site":"@ViajaMenorca","twitter_misc":{"\u00c9crit par":"RVM","Dur\u00e9e de lecture estim\u00e9e":"6 minutes"},"schema":{"@context":"https:\/\/schema.org","@graph":[{"@type":"Article","@id":"https:\/\/www.viajamenorca.com\/fr\/blog-magazine\/semaine-sainte-minorque\/#article","isPartOf":{"@id":"https:\/\/www.viajamenorca.com\/fr\/blog-magazine\/semaine-sainte-minorque\/"},"author":{"name":"RVM","@id":"https:\/\/www.viajamenorca.com\/fr\/#\/schema\/person\/a4a17bcf26fbf36b9726dc16edd0a3fc"},"headline":"Semaine Sainte \u00e0 Minorque 2026 : Processions et itin\u00e9raires","datePublished":"2026-03-07T02:59:47+00:00","dateModified":"2026-04-02T00:14:58+00:00","mainEntityOfPage":{"@id":"https:\/\/www.viajamenorca.com\/fr\/blog-magazine\/semaine-sainte-minorque\/"},"wordCount":1238,"commentCount":0,"publisher":{"@id":"https:\/\/www.viajamenorca.com\/fr\/#organization"},"image":{"@id":"https:\/\/www.viajamenorca.com\/fr\/blog-magazine\/semaine-sainte-minorque\/#primaryimage"},"thumbnailUrl":"https:\/\/www.viajamenorca.com\/wp-content\/uploads\/2025\/03\/semana-santa-menorca-2026-2.jpg","keywords":["Actes religieux","Actos religiosos","Calendario de actos","Calendrier des \u00e9v\u00e9nements","Citadelle","Ciudadela","Ciutadella","Concerts","Conciertos","Mahon","Messes de la semaine sainte","Misas semana santa","Procesiones y recorridos","Processions et itin\u00e9raires","Semaine Sainte","semaine sainte minorque","Semana Santa","semana santa menorca"],"articleSection":["Blog | Magazine du tourisme","Plans et lignes"],"inLanguage":"fr-FR","potentialAction":[{"@type":"CommentAction","name":"Comment","target":["https:\/\/www.viajamenorca.com\/fr\/blog-magazine\/semaine-sainte-minorque\/#respond"]}]},{"@type":"WebPage","@id":"https:\/\/www.viajamenorca.com\/fr\/blog-magazine\/semaine-sainte-minorque\/","url":"https:\/\/www.viajamenorca.com\/fr\/blog-magazine\/semaine-sainte-minorque\/","name":"Semaine Sainte \u00e0 Minorque 2026 : Processions et itin\u00e9raires","isPartOf":{"@id":"https:\/\/www.viajamenorca.com\/fr\/#website"},"primaryImageOfPage":{"@id":"https:\/\/www.viajamenorca.com\/fr\/blog-magazine\/semaine-sainte-minorque\/#primaryimage"},"image":{"@id":"https:\/\/www.viajamenorca.com\/fr\/blog-magazine\/semaine-sainte-minorque\/#primaryimage"},"thumbnailUrl":"https:\/\/www.viajamenorca.com\/wp-content\/uploads\/2025\/03\/semana-santa-menorca-2026-2.jpg","datePublished":"2026-03-07T02:59:47+00:00","dateModified":"2026-04-02T00:14:58+00:00","description":"La Semaine Sainte est l'une des festivit\u00e9s les plus importantes pour les Minorquins et une occasion unique pour les touristes et les visiteurs","breadcrumb":{"@id":"https:\/\/www.viajamenorca.com\/fr\/blog-magazine\/semaine-sainte-minorque\/#breadcrumb"},"inLanguage":"fr-FR","potentialAction":[{"@type":"ReadAction","target":["https:\/\/www.viajamenorca.com\/fr\/blog-magazine\/semaine-sainte-minorque\/"]}]},{"@type":"ImageObject","inLanguage":"fr-FR","@id":"https:\/\/www.viajamenorca.com\/fr\/blog-magazine\/semaine-sainte-minorque\/#primaryimage","url":"https:\/\/www.viajamenorca.com\/wp-content\/uploads\/2025\/03\/semana-santa-menorca-2026-2.jpg","contentUrl":"https:\/\/www.viajamenorca.com\/wp-content\/uploads\/2025\/03\/semana-santa-menorca-2026-2.jpg","width":905,"height":1280},{"@type":"BreadcrumbList","@id":"https:\/\/www.viajamenorca.com\/fr\/blog-magazine\/semaine-sainte-minorque\/#breadcrumb","itemListElement":[{"@type":"ListItem","position":1,"name":"Blog | Magazine du tourisme","item":"https:\/\/www.viajamenorca.com\/fr\/.\/blog-magazine\/"},{"@type":"ListItem","position":2,"name":"Calendrier religieux"}]},{"@type":"WebSite","@id":"https:\/\/www.viajamenorca.com\/fr\/#website","url":"https:\/\/www.viajamenorca.com\/fr\/","name":"Viaja a Menorca","description":"Votre aventure minorquine commence ici !","publisher":{"@id":"https:\/\/www.viajamenorca.com\/fr\/#organization"},"alternateName":"Gu\u00eda tur\u00edstica de Menorca","potentialAction":[{"@type":"SearchAction","target":{"@type":"EntryPoint","urlTemplate":"https:\/\/www.viajamenorca.com\/fr\/?s={search_term_string}"},"query-input":{"@type":"PropertyValueSpecification","valueRequired":true,"valueName":"search_term_string"}}],"inLanguage":"fr-FR"},{"@type":"Organization","@id":"https:\/\/www.viajamenorca.com\/fr\/#organization","name":"Viaja a Menorca - Gu\u00eda tur\u00edstica","alternateName":"Viaja a Menorca","url":"https:\/\/www.viajamenorca.com\/fr\/","logo":{"@type":"ImageObject","inLanguage":"fr-FR","@id":"https:\/\/www.viajamenorca.com\/fr\/#\/schema\/logo\/image\/","url":"https:\/\/www.viajamenorca.com\/wp-content\/uploads\/2021\/11\/viajamenorca.jpg","contentUrl":"https:\/\/www.viajamenorca.com\/wp-content\/uploads\/2021\/11\/viajamenorca.jpg","width":714,"height":714,"caption":"Viaja a Menorca - Gu\u00eda tur\u00edstica"},"image":{"@id":"https:\/\/www.viajamenorca.com\/fr\/#\/schema\/logo\/image\/"},"sameAs":["https:\/\/www.facebook.com\/ViajaMenorca\/","https:\/\/x.com\/ViajaMenorca","https:\/\/www.instagram.com\/viaja_menorca\/?hl=es","https:\/\/www.youtube.com\/channel\/UCWtpR3jxp79HeZ8zZfHLhXw"]},{"@type":"Person","@id":"https:\/\/www.viajamenorca.com\/fr\/#\/schema\/person\/a4a17bcf26fbf36b9726dc16edd0a3fc","name":"RVM","image":{"@type":"ImageObject","inLanguage":"fr-FR","@id":"https:\/\/www.viajamenorca.com\/wp-content\/litespeed\/avatar\/f92762d1538920c5ee7c40d8d2c84bc0.jpg?ver=1776737859","url":"https:\/\/www.viajamenorca.com\/wp-content\/litespeed\/avatar\/f92762d1538920c5ee7c40d8d2c84bc0.jpg?ver=1776737859","contentUrl":"https:\/\/www.viajamenorca.com\/wp-content\/litespeed\/avatar\/f92762d1538920c5ee7c40d8d2c84bc0.jpg?ver=1776737859","caption":"RVM"},"description":"Guia turistica de Menorca creada por un menorquin amante de su tierra, espero que os guste.","sameAs":["http:\/\/www.viajamenorca.com","https:\/\/www.facebook.com\/ViajaMenorca\/","https:\/\/www.instagram.com\/viaja_menorca\/?hl=es","https:\/\/x.com\/ViajaMenorca","https:\/\/www.youtube.com\/c\/ViajamenorcaEs","https:\/\/es.wikipedia.org\/wiki\/Menorca"]}]}},"_links":{"self":[{"href":"https:\/\/www.viajamenorca.com\/fr\/wp-json\/wp\/v2\/posts\/62598","targetHints":{"allow":["GET"]}}],"collection":[{"href":"https:\/\/www.viajamenorca.com\/fr\/wp-json\/wp\/v2\/posts"}],"about":[{"href":"https:\/\/www.viajamenorca.com\/fr\/wp-json\/wp\/v2\/types\/post"}],"author":[{"embeddable":true,"href":"https:\/\/www.viajamenorca.com\/fr\/wp-json\/wp\/v2\/users\/1"}],"replies":[{"embeddable":true,"href":"https:\/\/www.viajamenorca.com\/fr\/wp-json\/wp\/v2\/comments?post=62598"}],"version-history":[{"count":14,"href":"https:\/\/www.viajamenorca.com\/fr\/wp-json\/wp\/v2\/posts\/62598\/revisions"}],"predecessor-version":[{"id":64890,"href":"https:\/\/www.viajamenorca.com\/fr\/wp-json\/wp\/v2\/posts\/62598\/revisions\/64890"}],"wp:featuredmedia":[{"embeddable":true,"href":"https:\/\/www.viajamenorca.com\/fr\/wp-json\/wp\/v2\/media\/64883"}],"wp:attachment":[{"href":"https:\/\/www.viajamenorca.com\/fr\/wp-json\/wp\/v2\/media?parent=62598"}],"wp:term":[{"taxonomy":"category","embeddable":true,"href":"https:\/\/www.viajamenorca.com\/fr\/wp-json\/wp\/v2\/categories?post=62598"},{"taxonomy":"post_tag","embeddable":true,"href":"https:\/\/www.viajamenorca.com\/fr\/wp-json\/wp\/v2\/tags?post=62598"}],"curies":[{"name":"wp","href":"https:\/\/api.w.org\/{rel}","templated":true}]}}