{"id":63550,"date":"2025-02-12T06:57:24","date_gmt":"2025-02-12T06:57:24","guid":{"rendered":"https:\/\/www.viajamenorca.com\/non-classe\/descubrir-menorca\/"},"modified":"2026-03-12T11:51:12","modified_gmt":"2026-03-12T11:51:12","slug":"plans-et-guides","status":"publish","type":"post","link":"https:\/\/www.viajamenorca.com\/fr\/guide-touristique\/plans-et-guides\/","title":{"rendered":"Plans et guides pour d\u00e9couvrir Minorque"},"content":{"rendered":"\n<h3><span style=\"font-size: 13.5pt;\">Minorque est une destination unique qui allie nature, histoire et tradition. Dans ce guide, nous vous pr\u00e9sentons quelques id\u00e9es de sorties et de voyages pour profiter de l&rsquo;\u00eele \u00e0 tout moment de l&rsquo;ann\u00e9e.<\/span><\/h3>\n\n\n\n<div style=\"height:3px\" aria-hidden=\"true\" class=\"wp-block-spacer\"><\/div>\n\n\n\n<div class=\"gb-grid-wrapper gb-grid-wrapper-b94cc5fe gb-query-loop-wrapper\">\n<div class=\"gb-grid-column gb-grid-column-e417ea2f gb-query-loop-item post-62598 post type-post status-publish format-standard has-post-thumbnail hentry category-blog-magazine category-plans-et-lignes-directrices tag-actes-religieux tag-actos-religiosos tag-calendario-de-actos tag-calendrier-des-evenements tag-citadelle tag-ciudadela tag-ciutadella tag-concerts tag-conciertos tag-mahon tag-messes-de-la-semaine-sainte tag-misas-semana-santa tag-procesiones-y-recorridos tag-processions-et-itineraires tag-semaine-sainte tag-semaine-sainte-minorque tag-semana-santa tag-semana-santa-menorca\"><div class=\"gb-container gb-container-e417ea2f\">\n<figure class=\"gb-block-image gb-block-image-c808e263\"><a href=\"https:\/\/www.viajamenorca.com\/fr\/blog-magazine\/semaine-sainte-minorque\/\"><img decoding=\"async\" width=\"905\" height=\"1280\" src=\"https:\/\/www.viajamenorca.com\/wp-content\/uploads\/2025\/03\/semana-santa-menorca-2026-2.jpg\" class=\"gb-image-c808e263\" alt=\"\" srcset=\"https:\/\/www.viajamenorca.com\/wp-content\/uploads\/2025\/03\/semana-santa-menorca-2026-2.jpg 905w, https:\/\/www.viajamenorca.com\/wp-content\/uploads\/2025\/03\/semana-santa-menorca-2026-2-247x350.jpg 247w, https:\/\/www.viajamenorca.com\/wp-content\/uploads\/2025\/03\/semana-santa-menorca-2026-2-724x1024.jpg 724w, https:\/\/www.viajamenorca.com\/wp-content\/uploads\/2025\/03\/semana-santa-menorca-2026-2-768x1086.jpg 768w\" sizes=\"(max-width: 905px) 100vw, 905px\" \/><\/a><\/figure>\n\n<h2 class=\"gb-headline gb-headline-303b0cd1 gb-headline-text\"><a href=\"https:\/\/www.viajamenorca.com\/fr\/blog-magazine\/semaine-sainte-minorque\/\">Semaine Sainte \u00e0 Minorque 2026 : Processions et itin\u00e9raires<\/a><\/h2>\n\n<div class=\"gb-headline gb-headline-ac0d2231 gb-headline-text\">Du dimanche 29 mars au dimanche 5 avril, l&rsquo;\u00eele c\u00e9l\u00e8bre l&rsquo;une des f\u00eates les plus ancr\u00e9es dans la culture minorquine, offrant un m\u00e9lange unique de tradition, de spiritualit\u00e9 et de &#8230;<\/div>\n\n<a class=\"gb-button gb-button-09e6f493 gb-button-text\" href=\"https:\/\/www.viajamenorca.com\/fr\/blog-magazine\/semaine-sainte-minorque\/\">LEER M\u00c1S..<\/a>\n<\/div><\/div>\n\n<div class=\"gb-grid-column gb-grid-column-e417ea2f gb-query-loop-item post-58112 post type-post status-publish format-standard has-post-thumbnail hentry category-blog-magazine category-plans-et-lignes-directrices tag-appartement tag-avant-de-partir-a-minorque tag-avant-de-partir-a-minorque-foire-aux-questions tag-citadelle tag-ciutadella tag-es-mercadal tag-foire-aux-questions tag-fornells tag-hotels tag-mahon tag-marches tag-plages\"><div class=\"gb-container gb-container-e417ea2f\">\n<figure class=\"gb-block-image gb-block-image-c808e263\"><a href=\"https:\/\/www.viajamenorca.com\/fr\/blog-magazine\/foire-aux-questions\/\"><img decoding=\"async\" width=\"1909\" height=\"1388\" src=\"https:\/\/www.viajamenorca.com\/wp-content\/uploads\/2025\/02\/turistas.jpg\" class=\"gb-image-c808e263\" alt=\"\" srcset=\"https:\/\/www.viajamenorca.com\/wp-content\/uploads\/2025\/02\/turistas.jpg 1909w, https:\/\/www.viajamenorca.com\/wp-content\/uploads\/2025\/02\/turistas-350x254.jpg 350w, https:\/\/www.viajamenorca.com\/wp-content\/uploads\/2025\/02\/turistas-1024x745.jpg 1024w, https:\/\/www.viajamenorca.com\/wp-content\/uploads\/2025\/02\/turistas-768x558.jpg 768w, https:\/\/www.viajamenorca.com\/wp-content\/uploads\/2025\/02\/turistas-1536x1117.jpg 1536w\" sizes=\"(max-width: 1909px) 100vw, 1909px\" \/><\/a><\/figure>\n\n<h2 class=\"gb-headline gb-headline-303b0cd1 gb-headline-text\"><a href=\"https:\/\/www.viajamenorca.com\/fr\/blog-magazine\/foire-aux-questions\/\">Avant de partir \u00e0 Minorque : Foire aux questions<\/a><\/h2>\n\n<div class=\"gb-headline gb-headline-ac0d2231 gb-headline-text\">Avant de planifier votre voyage, il est normal d&rsquo;avoir quelques doutes. Voici des r\u00e9ponses aux questions les plus courantes pour que vous profitiez au maximum de votre s\u00e9jour dans ce &#8230;<\/div>\n\n<a class=\"gb-button gb-button-09e6f493 gb-button-text\" href=\"https:\/\/www.viajamenorca.com\/fr\/blog-magazine\/foire-aux-questions\/\">LEER M\u00c1S..<\/a>\n<\/div><\/div>\n\n<div class=\"gb-grid-column gb-grid-column-e417ea2f gb-query-loop-item post-57190 post type-post status-publish format-standard has-post-thumbnail hentry category-blog-magazine category-plans-et-lignes-directrices tag-banquets tag-citadelle tag-es-mercadal tag-fornells tag-mahon tag-mariages tag-minorque tag-se-marier-a-minorque\"><div class=\"gb-container gb-container-e417ea2f\">\n<figure class=\"gb-block-image gb-block-image-c808e263\"><a href=\"https:\/\/www.viajamenorca.com\/fr\/blog-magazine\/ou-se-marier-a-minorque\/\"><img decoding=\"async\" width=\"1024\" height=\"662\" src=\"https:\/\/www.viajamenorca.com\/wp-content\/uploads\/2025\/02\/bodas_menorca-6.png\" class=\"gb-image-c808e263\" alt=\"\" srcset=\"https:\/\/www.viajamenorca.com\/wp-content\/uploads\/2025\/02\/bodas_menorca-6.png 1024w, https:\/\/www.viajamenorca.com\/wp-content\/uploads\/2025\/02\/bodas_menorca-6-350x226.png 350w, https:\/\/www.viajamenorca.com\/wp-content\/uploads\/2025\/02\/bodas_menorca-6-768x497.png 768w\" sizes=\"(max-width: 1024px) 100vw, 1024px\" \/><\/a><\/figure>\n\n<h2 class=\"gb-headline gb-headline-303b0cd1 gb-headline-text\"><a href=\"https:\/\/www.viajamenorca.com\/fr\/blog-magazine\/ou-se-marier-a-minorque\/\">O\u00f9 se marier \u00e0 Minorque ?<\/a><\/h2>\n\n<div class=\"gb-headline gb-headline-ac0d2231 gb-headline-text\">Vous r\u00eavez d&rsquo;un mariage inoubliable dans un cadre magique ? Minorque est la destination id\u00e9ale pour r\u00e9aliser ce r\u00eave. Avec ses plages immacul\u00e9es, ses criques cach\u00e9es, ses fincas rustiques pleines &#8230;<\/div>\n\n<a class=\"gb-button gb-button-09e6f493 gb-button-text\" href=\"https:\/\/www.viajamenorca.com\/fr\/blog-magazine\/ou-se-marier-a-minorque\/\">LEER M\u00c1S..<\/a>\n<\/div><\/div>\n\n<div class=\"gb-grid-column gb-grid-column-e417ea2f gb-query-loop-item post-52886 post type-post status-publish format-standard has-post-thumbnail hentry category-blog-magazine category-plans-et-lignes-directrices tag-diverxie tag-amis-des-gays tag-guide-gay-de-minorque tag-guide-lgbt tag-lgbt-friendly tag-lieux-de-rencontre-lgbt tag-plages-accueillantes-pour-les-gays\"><div class=\"gb-container gb-container-e417ea2f\">\n<figure class=\"gb-block-image gb-block-image-c808e263\"><a href=\"https:\/\/www.viajamenorca.com\/fr\/blog-magazine\/guide-lgbt-de-minorque\/\"><img decoding=\"async\" width=\"2560\" height=\"1707\" src=\"https:\/\/www.viajamenorca.com\/wp-content\/uploads\/2023\/02\/LGBT-playa-menorca-scaled.jpg\" class=\"gb-image-c808e263\" alt=\"\" srcset=\"https:\/\/www.viajamenorca.com\/wp-content\/uploads\/2023\/02\/LGBT-playa-menorca-scaled.jpg 2560w, https:\/\/www.viajamenorca.com\/wp-content\/uploads\/2023\/02\/LGBT-playa-menorca-350x233.jpg 350w, https:\/\/www.viajamenorca.com\/wp-content\/uploads\/2023\/02\/LGBT-playa-menorca-1024x683.jpg 1024w, https:\/\/www.viajamenorca.com\/wp-content\/uploads\/2023\/02\/LGBT-playa-menorca-768x512.jpg 768w, https:\/\/www.viajamenorca.com\/wp-content\/uploads\/2023\/02\/LGBT-playa-menorca-1536x1024.jpg 1536w, https:\/\/www.viajamenorca.com\/wp-content\/uploads\/2023\/02\/LGBT-playa-menorca-2048x1365.jpg 2048w\" sizes=\"(max-width: 2560px) 100vw, 2560px\" \/><\/a><\/figure>\n\n<h2 class=\"gb-headline gb-headline-303b0cd1 gb-headline-text\"><a href=\"https:\/\/www.viajamenorca.com\/fr\/blog-magazine\/guide-lgbt-de-minorque\/\">Guide LGBT+ de Minorque<\/a><\/h2>\n\n<div class=\"gb-headline gb-headline-ac0d2231 gb-headline-text\">L&rsquo;\u00eele de Minorque est un v\u00e9ritable paradis pour les voyageurs LGBT+. Avec ses plages de r\u00eave, son histoire riche et sa vie nocturne anim\u00e9e, c&rsquo;est l&rsquo;endroit id\u00e9al pour des vacances &#8230;<\/div>\n\n<a class=\"gb-button gb-button-09e6f493 gb-button-text\" href=\"https:\/\/www.viajamenorca.com\/fr\/blog-magazine\/guide-lgbt-de-minorque\/\">LEER M\u00c1S..<\/a>\n<\/div><\/div>\n<\/div>\n\n\n\n<p><span style=\"font-size: 13.5pt;\">Planifiez votre voyage gr\u00e2ce \u00e0 nos recommandations et profitez au maximum de votre s\u00e9jour \u00e0 Minorque. Chaque recoin de l&rsquo;\u00eele vous attend avec des paysages inoubliables et des exp\u00e9riences uniques.<\/span><\/p>\n\n\n\n<div class=\"wp-block-columns is-layout-flex wp-container-core-columns-is-layout-9d6595d7 wp-block-columns-is-layout-flex\">\n<div class=\"wp-block-column is-layout-flow wp-block-column-is-layout-flow\">\n<\/div>\n\n\n\n<div class=\"wp-block-column is-layout-flow wp-block-column-is-layout-flow\">\n<figure class=\"wp-block-image size-large is-resized is-style-default\"><a href=\"https:\/\/www.viajamenorca.com\/fr\/guide-touristique\/plans-et-guides\/\"><img decoding=\"async\" width=\"1024\" height=\"756\" src=\"https:\/\/www.viajamenorca.com\/wp-content\/uploads\/2025\/02\/guias-menorca-e1762621499201-1024x756.jpg\" alt=\"\" class=\"wp-image-48282\" style=\"object-fit:cover;width:400px;height:355px\" title=\"Planes y gu\u00edas para descubrir Menorca\" srcset=\"https:\/\/www.viajamenorca.com\/wp-content\/uploads\/2025\/02\/guias-menorca-e1762621499201-1024x756.jpg 1024w, https:\/\/www.viajamenorca.com\/wp-content\/uploads\/2025\/02\/guias-menorca-e1762621499201-350x259.jpg 350w, https:\/\/www.viajamenorca.com\/wp-content\/uploads\/2025\/02\/guias-menorca-e1762621499201-768x567.jpg 768w, https:\/\/www.viajamenorca.com\/wp-content\/uploads\/2025\/02\/guias-menorca-e1762621499201.jpg 1374w\" sizes=\"(max-width: 1024px) 100vw, 1024px\" \/><\/a><figcaption class=\"wp-element-caption\">Plans et guides pour d\u00e9couvrir Minorque<\/figcaption><\/figure>\n<\/div>\n<\/div>\n\n\n","protected":false},"excerpt":{"rendered":"<p>Minorque est une destination unique qui allie nature, histoire et tradition. Dans ce guide, nous vous pr\u00e9sentons quelques id\u00e9es de sorties et de voyages pour profiter de l&rsquo;\u00eele \u00e0 tout &#8230; <\/p>\n<p class=\"read-more-container\"><a title=\"Plans et guides pour d\u00e9couvrir Minorque\" class=\"read-more button\" href=\"https:\/\/www.viajamenorca.com\/fr\/guide-touristique\/plans-et-guides\/#more-63550\" aria-label=\"En savoir plus sur Plans et guides pour d\u00e9couvrir Minorque\">Lire plus<\/a><\/p>\n","protected":false},"author":1,"featured_media":53303,"comment_status":"closed","ping_status":"closed","sticky":false,"template":"","format":"standard","meta":{"_acf_changed":false,"footnotes":""},"categories":[1581,1606],"tags":[3204,3202,3203],"class_list":["post-63550","post","type-post","status-publish","format-standard","has-post-thumbnail","hentry","category-guide-touristique","category-home-que-faire-a-minorque","tag-decouvrir-minorque","tag-idees-de-voyage","tag-plans-et-guides","resize-featured-image"],"acf":{"elige_un_tipo_de_actividad":"","buscar_por_zonas":""},"yoast_head":"<!-- This site is optimized with the Yoast SEO plugin v27.4 - https:\/\/yoast.com\/product\/yoast-seo-wordpress\/ -->\n<title>Plans et guides pour d\u00e9couvrir Minorque - Id\u00e9es de voyage<\/title>\n<meta name=\"description\" content=\"Programmes et guides : Minorque allie nature, histoire et tradition. Gr\u00e2ce \u00e0 ce guide, vous d\u00e9couvrirez quelques programmes pour profiter\" \/>\n<meta name=\"robots\" content=\"index, follow, max-snippet:-1, max-image-preview:large, max-video-preview:-1\" \/>\n<link rel=\"canonical\" href=\"https:\/\/www.viajamenorca.com\/fr\/guide-touristique\/plans-et-guides\/\" \/>\n<meta property=\"og:locale\" content=\"fr_FR\" \/>\n<meta property=\"og:type\" content=\"article\" \/>\n<meta property=\"og:title\" content=\"Plans et guides pour d\u00e9couvrir Minorque - Id\u00e9es de voyage\" \/>\n<meta property=\"og:description\" content=\"Programmes et guides : Minorque allie nature, histoire et tradition. Gr\u00e2ce \u00e0 ce guide, vous d\u00e9couvrirez quelques programmes pour profiter\" \/>\n<meta property=\"og:url\" content=\"https:\/\/www.viajamenorca.com\/fr\/guide-touristique\/plans-et-guides\/\" \/>\n<meta property=\"og:site_name\" content=\"Viaja a Menorca\" \/>\n<meta property=\"article:publisher\" content=\"https:\/\/www.facebook.com\/ViajaMenorca\/\" \/>\n<meta property=\"article:author\" content=\"https:\/\/www.facebook.com\/ViajaMenorca\/\" \/>\n<meta property=\"article:published_time\" content=\"2025-02-12T06:57:24+00:00\" \/>\n<meta property=\"article:modified_time\" content=\"2026-03-12T11:51:12+00:00\" \/>\n<meta property=\"og:image\" content=\"https:\/\/www.viajamenorca.com\/wp-content\/uploads\/2025\/02\/revista_menorca.jpg\" \/>\n\t<meta property=\"og:image:width\" content=\"1485\" \/>\n\t<meta property=\"og:image:height\" content=\"1080\" \/>\n\t<meta property=\"og:image:type\" content=\"image\/jpeg\" \/>\n<meta name=\"author\" content=\"RVM\" \/>\n<meta name=\"twitter:card\" content=\"summary_large_image\" \/>\n<meta name=\"twitter:creator\" content=\"@ViajaMenorca\" \/>\n<meta name=\"twitter:site\" content=\"@ViajaMenorca\" \/>\n<meta name=\"twitter:label1\" content=\"\u00c9crit par\" \/>\n\t<meta name=\"twitter:data1\" content=\"RVM\" \/>\n\t<meta name=\"twitter:label2\" content=\"Dur\u00e9e de lecture estim\u00e9e\" \/>\n\t<meta name=\"twitter:data2\" content=\"1 minute\" \/>\n<script type=\"application\/ld+json\" class=\"yoast-schema-graph\">{\"@context\":\"https:\\\/\\\/schema.org\",\"@graph\":[{\"@type\":\"Article\",\"@id\":\"https:\\\/\\\/www.viajamenorca.com\\\/fr\\\/guide-touristique\\\/plans-et-guides\\\/#article\",\"isPartOf\":{\"@id\":\"https:\\\/\\\/www.viajamenorca.com\\\/fr\\\/guide-touristique\\\/plans-et-guides\\\/\"},\"author\":{\"name\":\"RVM\",\"@id\":\"https:\\\/\\\/www.viajamenorca.com\\\/fr\\\/#\\\/schema\\\/person\\\/a4a17bcf26fbf36b9726dc16edd0a3fc\"},\"headline\":\"Plans et guides pour d\u00e9couvrir Minorque\",\"datePublished\":\"2025-02-12T06:57:24+00:00\",\"dateModified\":\"2026-03-12T11:51:12+00:00\",\"mainEntityOfPage\":{\"@id\":\"https:\\\/\\\/www.viajamenorca.com\\\/fr\\\/guide-touristique\\\/plans-et-guides\\\/\"},\"wordCount\":89,\"publisher\":{\"@id\":\"https:\\\/\\\/www.viajamenorca.com\\\/fr\\\/#organization\"},\"image\":{\"@id\":\"https:\\\/\\\/www.viajamenorca.com\\\/fr\\\/guide-touristique\\\/plans-et-guides\\\/#primaryimage\"},\"thumbnailUrl\":\"https:\\\/\\\/www.viajamenorca.com\\\/wp-content\\\/uploads\\\/2025\\\/02\\\/revista_menorca.jpg\",\"keywords\":[\"d\u00e9couvrir Minorque\",\"Id\u00e9es de voyage\",\"Plans et guides\"],\"articleSection\":[\"Guide touristique\",\"Home - Que faire \u00e0 Minorque ?\"],\"inLanguage\":\"fr-FR\"},{\"@type\":\"WebPage\",\"@id\":\"https:\\\/\\\/www.viajamenorca.com\\\/fr\\\/guide-touristique\\\/plans-et-guides\\\/\",\"url\":\"https:\\\/\\\/www.viajamenorca.com\\\/fr\\\/guide-touristique\\\/plans-et-guides\\\/\",\"name\":\"Plans et guides pour d\u00e9couvrir Minorque - Id\u00e9es de voyage\",\"isPartOf\":{\"@id\":\"https:\\\/\\\/www.viajamenorca.com\\\/fr\\\/#website\"},\"primaryImageOfPage\":{\"@id\":\"https:\\\/\\\/www.viajamenorca.com\\\/fr\\\/guide-touristique\\\/plans-et-guides\\\/#primaryimage\"},\"image\":{\"@id\":\"https:\\\/\\\/www.viajamenorca.com\\\/fr\\\/guide-touristique\\\/plans-et-guides\\\/#primaryimage\"},\"thumbnailUrl\":\"https:\\\/\\\/www.viajamenorca.com\\\/wp-content\\\/uploads\\\/2025\\\/02\\\/revista_menorca.jpg\",\"datePublished\":\"2025-02-12T06:57:24+00:00\",\"dateModified\":\"2026-03-12T11:51:12+00:00\",\"description\":\"Programmes et guides : Minorque allie nature, histoire et tradition. Gr\u00e2ce \u00e0 ce guide, vous d\u00e9couvrirez quelques programmes pour profiter\",\"breadcrumb\":{\"@id\":\"https:\\\/\\\/www.viajamenorca.com\\\/fr\\\/guide-touristique\\\/plans-et-guides\\\/#breadcrumb\"},\"inLanguage\":\"fr-FR\",\"potentialAction\":[{\"@type\":\"ReadAction\",\"target\":[\"https:\\\/\\\/www.viajamenorca.com\\\/fr\\\/guide-touristique\\\/plans-et-guides\\\/\"]}]},{\"@type\":\"ImageObject\",\"inLanguage\":\"fr-FR\",\"@id\":\"https:\\\/\\\/www.viajamenorca.com\\\/fr\\\/guide-touristique\\\/plans-et-guides\\\/#primaryimage\",\"url\":\"https:\\\/\\\/www.viajamenorca.com\\\/wp-content\\\/uploads\\\/2025\\\/02\\\/revista_menorca.jpg\",\"contentUrl\":\"https:\\\/\\\/www.viajamenorca.com\\\/wp-content\\\/uploads\\\/2025\\\/02\\\/revista_menorca.jpg\",\"width\":1485,\"height\":1080},{\"@type\":\"BreadcrumbList\",\"@id\":\"https:\\\/\\\/www.viajamenorca.com\\\/fr\\\/guide-touristique\\\/plans-et-guides\\\/#breadcrumb\",\"itemListElement\":[{\"@type\":\"ListItem\",\"position\":1,\"name\":\"Guide touristique\",\"item\":\"https:\\\/\\\/www.viajamenorca.com\\\/fr\\\/.\\\/guide-touristique\\\/\"},{\"@type\":\"ListItem\",\"position\":2,\"name\":\"Id\u00e9es de voyage\"}]},{\"@type\":\"WebSite\",\"@id\":\"https:\\\/\\\/www.viajamenorca.com\\\/fr\\\/#website\",\"url\":\"https:\\\/\\\/www.viajamenorca.com\\\/fr\\\/\",\"name\":\"Viaja a Menorca\",\"description\":\"Votre aventure minorquine commence ici !\",\"publisher\":{\"@id\":\"https:\\\/\\\/www.viajamenorca.com\\\/fr\\\/#organization\"},\"alternateName\":\"Gu\u00eda tur\u00edstica de Menorca\",\"potentialAction\":[{\"@type\":\"SearchAction\",\"target\":{\"@type\":\"EntryPoint\",\"urlTemplate\":\"https:\\\/\\\/www.viajamenorca.com\\\/fr\\\/?s={search_term_string}\"},\"query-input\":{\"@type\":\"PropertyValueSpecification\",\"valueRequired\":true,\"valueName\":\"search_term_string\"}}],\"inLanguage\":\"fr-FR\"},{\"@type\":\"Organization\",\"@id\":\"https:\\\/\\\/www.viajamenorca.com\\\/fr\\\/#organization\",\"name\":\"Viaja a Menorca - Gu\u00eda tur\u00edstica\",\"alternateName\":\"Viaja a Menorca\",\"url\":\"https:\\\/\\\/www.viajamenorca.com\\\/fr\\\/\",\"logo\":{\"@type\":\"ImageObject\",\"inLanguage\":\"fr-FR\",\"@id\":\"https:\\\/\\\/www.viajamenorca.com\\\/fr\\\/#\\\/schema\\\/logo\\\/image\\\/\",\"url\":\"https:\\\/\\\/www.viajamenorca.com\\\/wp-content\\\/uploads\\\/2021\\\/11\\\/viajamenorca.jpg\",\"contentUrl\":\"https:\\\/\\\/www.viajamenorca.com\\\/wp-content\\\/uploads\\\/2021\\\/11\\\/viajamenorca.jpg\",\"width\":714,\"height\":714,\"caption\":\"Viaja a Menorca - Gu\u00eda tur\u00edstica\"},\"image\":{\"@id\":\"https:\\\/\\\/www.viajamenorca.com\\\/fr\\\/#\\\/schema\\\/logo\\\/image\\\/\"},\"sameAs\":[\"https:\\\/\\\/www.facebook.com\\\/ViajaMenorca\\\/\",\"https:\\\/\\\/x.com\\\/ViajaMenorca\",\"https:\\\/\\\/www.instagram.com\\\/viaja_menorca\\\/?hl=es\",\"https:\\\/\\\/www.youtube.com\\\/channel\\\/UCWtpR3jxp79HeZ8zZfHLhXw\"]},{\"@type\":\"Person\",\"@id\":\"https:\\\/\\\/www.viajamenorca.com\\\/fr\\\/#\\\/schema\\\/person\\\/a4a17bcf26fbf36b9726dc16edd0a3fc\",\"name\":\"RVM\",\"image\":{\"@type\":\"ImageObject\",\"inLanguage\":\"fr-FR\",\"@id\":\"https:\\\/\\\/www.viajamenorca.com\\\/wp-content\\\/litespeed\\\/avatar\\\/f92762d1538920c5ee7c40d8d2c84bc0.jpg?ver=1776737859\",\"url\":\"https:\\\/\\\/www.viajamenorca.com\\\/wp-content\\\/litespeed\\\/avatar\\\/f92762d1538920c5ee7c40d8d2c84bc0.jpg?ver=1776737859\",\"contentUrl\":\"https:\\\/\\\/www.viajamenorca.com\\\/wp-content\\\/litespeed\\\/avatar\\\/f92762d1538920c5ee7c40d8d2c84bc0.jpg?ver=1776737859\",\"caption\":\"RVM\"},\"description\":\"Guia turistica de Menorca creada por un menorquin amante de su tierra, espero que os guste.\",\"sameAs\":[\"http:\\\/\\\/www.viajamenorca.com\",\"https:\\\/\\\/www.facebook.com\\\/ViajaMenorca\\\/\",\"https:\\\/\\\/www.instagram.com\\\/viaja_menorca\\\/?hl=es\",\"https:\\\/\\\/x.com\\\/ViajaMenorca\",\"https:\\\/\\\/www.youtube.com\\\/c\\\/ViajamenorcaEs\",\"https:\\\/\\\/es.wikipedia.org\\\/wiki\\\/Menorca\"]}]}<\/script>\n<!-- \/ Yoast SEO plugin. -->","yoast_head_json":{"title":"Plans et guides pour d\u00e9couvrir Minorque - Id\u00e9es de voyage","description":"Programmes et guides : Minorque allie nature, histoire et tradition. Gr\u00e2ce \u00e0 ce guide, vous d\u00e9couvrirez quelques programmes pour profiter","robots":{"index":"index","follow":"follow","max-snippet":"max-snippet:-1","max-image-preview":"max-image-preview:large","max-video-preview":"max-video-preview:-1"},"canonical":"https:\/\/www.viajamenorca.com\/fr\/guide-touristique\/plans-et-guides\/","og_locale":"fr_FR","og_type":"article","og_title":"Plans et guides pour d\u00e9couvrir Minorque - Id\u00e9es de voyage","og_description":"Programmes et guides : Minorque allie nature, histoire et tradition. Gr\u00e2ce \u00e0 ce guide, vous d\u00e9couvrirez quelques programmes pour profiter","og_url":"https:\/\/www.viajamenorca.com\/fr\/guide-touristique\/plans-et-guides\/","og_site_name":"Viaja a Menorca","article_publisher":"https:\/\/www.facebook.com\/ViajaMenorca\/","article_author":"https:\/\/www.facebook.com\/ViajaMenorca\/","article_published_time":"2025-02-12T06:57:24+00:00","article_modified_time":"2026-03-12T11:51:12+00:00","og_image":[{"width":1485,"height":1080,"url":"https:\/\/www.viajamenorca.com\/wp-content\/uploads\/2025\/02\/revista_menorca.jpg","type":"image\/jpeg"}],"author":"RVM","twitter_card":"summary_large_image","twitter_creator":"@ViajaMenorca","twitter_site":"@ViajaMenorca","twitter_misc":{"\u00c9crit par":"RVM","Dur\u00e9e de lecture estim\u00e9e":"1 minute"},"schema":{"@context":"https:\/\/schema.org","@graph":[{"@type":"Article","@id":"https:\/\/www.viajamenorca.com\/fr\/guide-touristique\/plans-et-guides\/#article","isPartOf":{"@id":"https:\/\/www.viajamenorca.com\/fr\/guide-touristique\/plans-et-guides\/"},"author":{"name":"RVM","@id":"https:\/\/www.viajamenorca.com\/fr\/#\/schema\/person\/a4a17bcf26fbf36b9726dc16edd0a3fc"},"headline":"Plans et guides pour d\u00e9couvrir Minorque","datePublished":"2025-02-12T06:57:24+00:00","dateModified":"2026-03-12T11:51:12+00:00","mainEntityOfPage":{"@id":"https:\/\/www.viajamenorca.com\/fr\/guide-touristique\/plans-et-guides\/"},"wordCount":89,"publisher":{"@id":"https:\/\/www.viajamenorca.com\/fr\/#organization"},"image":{"@id":"https:\/\/www.viajamenorca.com\/fr\/guide-touristique\/plans-et-guides\/#primaryimage"},"thumbnailUrl":"https:\/\/www.viajamenorca.com\/wp-content\/uploads\/2025\/02\/revista_menorca.jpg","keywords":["d\u00e9couvrir Minorque","Id\u00e9es de voyage","Plans et guides"],"articleSection":["Guide touristique","Home - Que faire \u00e0 Minorque ?"],"inLanguage":"fr-FR"},{"@type":"WebPage","@id":"https:\/\/www.viajamenorca.com\/fr\/guide-touristique\/plans-et-guides\/","url":"https:\/\/www.viajamenorca.com\/fr\/guide-touristique\/plans-et-guides\/","name":"Plans et guides pour d\u00e9couvrir Minorque - Id\u00e9es de voyage","isPartOf":{"@id":"https:\/\/www.viajamenorca.com\/fr\/#website"},"primaryImageOfPage":{"@id":"https:\/\/www.viajamenorca.com\/fr\/guide-touristique\/plans-et-guides\/#primaryimage"},"image":{"@id":"https:\/\/www.viajamenorca.com\/fr\/guide-touristique\/plans-et-guides\/#primaryimage"},"thumbnailUrl":"https:\/\/www.viajamenorca.com\/wp-content\/uploads\/2025\/02\/revista_menorca.jpg","datePublished":"2025-02-12T06:57:24+00:00","dateModified":"2026-03-12T11:51:12+00:00","description":"Programmes et guides : Minorque allie nature, histoire et tradition. Gr\u00e2ce \u00e0 ce guide, vous d\u00e9couvrirez quelques programmes pour profiter","breadcrumb":{"@id":"https:\/\/www.viajamenorca.com\/fr\/guide-touristique\/plans-et-guides\/#breadcrumb"},"inLanguage":"fr-FR","potentialAction":[{"@type":"ReadAction","target":["https:\/\/www.viajamenorca.com\/fr\/guide-touristique\/plans-et-guides\/"]}]},{"@type":"ImageObject","inLanguage":"fr-FR","@id":"https:\/\/www.viajamenorca.com\/fr\/guide-touristique\/plans-et-guides\/#primaryimage","url":"https:\/\/www.viajamenorca.com\/wp-content\/uploads\/2025\/02\/revista_menorca.jpg","contentUrl":"https:\/\/www.viajamenorca.com\/wp-content\/uploads\/2025\/02\/revista_menorca.jpg","width":1485,"height":1080},{"@type":"BreadcrumbList","@id":"https:\/\/www.viajamenorca.com\/fr\/guide-touristique\/plans-et-guides\/#breadcrumb","itemListElement":[{"@type":"ListItem","position":1,"name":"Guide touristique","item":"https:\/\/www.viajamenorca.com\/fr\/.\/guide-touristique\/"},{"@type":"ListItem","position":2,"name":"Id\u00e9es de voyage"}]},{"@type":"WebSite","@id":"https:\/\/www.viajamenorca.com\/fr\/#website","url":"https:\/\/www.viajamenorca.com\/fr\/","name":"Viaja a Menorca","description":"Votre aventure minorquine commence ici !","publisher":{"@id":"https:\/\/www.viajamenorca.com\/fr\/#organization"},"alternateName":"Gu\u00eda tur\u00edstica de Menorca","potentialAction":[{"@type":"SearchAction","target":{"@type":"EntryPoint","urlTemplate":"https:\/\/www.viajamenorca.com\/fr\/?s={search_term_string}"},"query-input":{"@type":"PropertyValueSpecification","valueRequired":true,"valueName":"search_term_string"}}],"inLanguage":"fr-FR"},{"@type":"Organization","@id":"https:\/\/www.viajamenorca.com\/fr\/#organization","name":"Viaja a Menorca - Gu\u00eda tur\u00edstica","alternateName":"Viaja a Menorca","url":"https:\/\/www.viajamenorca.com\/fr\/","logo":{"@type":"ImageObject","inLanguage":"fr-FR","@id":"https:\/\/www.viajamenorca.com\/fr\/#\/schema\/logo\/image\/","url":"https:\/\/www.viajamenorca.com\/wp-content\/uploads\/2021\/11\/viajamenorca.jpg","contentUrl":"https:\/\/www.viajamenorca.com\/wp-content\/uploads\/2021\/11\/viajamenorca.jpg","width":714,"height":714,"caption":"Viaja a Menorca - Gu\u00eda tur\u00edstica"},"image":{"@id":"https:\/\/www.viajamenorca.com\/fr\/#\/schema\/logo\/image\/"},"sameAs":["https:\/\/www.facebook.com\/ViajaMenorca\/","https:\/\/x.com\/ViajaMenorca","https:\/\/www.instagram.com\/viaja_menorca\/?hl=es","https:\/\/www.youtube.com\/channel\/UCWtpR3jxp79HeZ8zZfHLhXw"]},{"@type":"Person","@id":"https:\/\/www.viajamenorca.com\/fr\/#\/schema\/person\/a4a17bcf26fbf36b9726dc16edd0a3fc","name":"RVM","image":{"@type":"ImageObject","inLanguage":"fr-FR","@id":"https:\/\/www.viajamenorca.com\/wp-content\/litespeed\/avatar\/f92762d1538920c5ee7c40d8d2c84bc0.jpg?ver=1776737859","url":"https:\/\/www.viajamenorca.com\/wp-content\/litespeed\/avatar\/f92762d1538920c5ee7c40d8d2c84bc0.jpg?ver=1776737859","contentUrl":"https:\/\/www.viajamenorca.com\/wp-content\/litespeed\/avatar\/f92762d1538920c5ee7c40d8d2c84bc0.jpg?ver=1776737859","caption":"RVM"},"description":"Guia turistica de Menorca creada por un menorquin amante de su tierra, espero que os guste.","sameAs":["http:\/\/www.viajamenorca.com","https:\/\/www.facebook.com\/ViajaMenorca\/","https:\/\/www.instagram.com\/viaja_menorca\/?hl=es","https:\/\/x.com\/ViajaMenorca","https:\/\/www.youtube.com\/c\/ViajamenorcaEs","https:\/\/es.wikipedia.org\/wiki\/Menorca"]}]}},"_links":{"self":[{"href":"https:\/\/www.viajamenorca.com\/fr\/wp-json\/wp\/v2\/posts\/63550","targetHints":{"allow":["GET"]}}],"collection":[{"href":"https:\/\/www.viajamenorca.com\/fr\/wp-json\/wp\/v2\/posts"}],"about":[{"href":"https:\/\/www.viajamenorca.com\/fr\/wp-json\/wp\/v2\/types\/post"}],"author":[{"embeddable":true,"href":"https:\/\/www.viajamenorca.com\/fr\/wp-json\/wp\/v2\/users\/1"}],"replies":[{"embeddable":true,"href":"https:\/\/www.viajamenorca.com\/fr\/wp-json\/wp\/v2\/comments?post=63550"}],"version-history":[{"count":2,"href":"https:\/\/www.viajamenorca.com\/fr\/wp-json\/wp\/v2\/posts\/63550\/revisions"}],"predecessor-version":[{"id":63589,"href":"https:\/\/www.viajamenorca.com\/fr\/wp-json\/wp\/v2\/posts\/63550\/revisions\/63589"}],"wp:featuredmedia":[{"embeddable":true,"href":"https:\/\/www.viajamenorca.com\/fr\/wp-json\/wp\/v2\/media\/53303"}],"wp:attachment":[{"href":"https:\/\/www.viajamenorca.com\/fr\/wp-json\/wp\/v2\/media?parent=63550"}],"wp:term":[{"taxonomy":"category","embeddable":true,"href":"https:\/\/www.viajamenorca.com\/fr\/wp-json\/wp\/v2\/categories?post=63550"},{"taxonomy":"post_tag","embeddable":true,"href":"https:\/\/www.viajamenorca.com\/fr\/wp-json\/wp\/v2\/tags?post=63550"}],"curies":[{"name":"wp","href":"https:\/\/api.w.org\/{rel}","templated":true}]}}