{"id":63552,"date":"2025-02-09T19:11:33","date_gmt":"2025-02-09T19:11:33","guid":{"rendered":"https:\/\/www.viajamenorca.com\/non-classe\/hospitales-y-centros-de-salud-en-menorca\/"},"modified":"2026-03-12T12:21:16","modified_gmt":"2026-03-12T12:21:16","slug":"hopitaux-a-minorque","status":"publish","type":"post","link":"https:\/\/www.viajamenorca.com\/fr\/blog-magazine\/hopitaux-a-minorque\/","title":{"rendered":"H\u00f4pitaux et centres de sant\u00e9 \u00e0 Minorque"},"content":{"rendered":"\n<h3><strong>Emplacements et conseils de sant\u00e9 pour les voyageurs<\/strong><\/h3>\n<h3><span style=\"font-size: 13pt;\">\u00c0 Minorque, comme pour toute destination, il est important de savoir quoi faire en cas de besoin d&rsquo;assistance m\u00e9dicale. Dans cet article, nous vous disons tout ce que vous devez savoir sur les h\u00f4pitaux, les cliniques priv\u00e9es, les assurances et l&rsquo;assistance sanitaire pour les \u00e9trangers sur l&rsquo;\u00eele.<\/span><\/h3>\n<p><img decoding=\"async\" class=\"alignright wp-image-44263\" title=\"H\u00f4pitaux \u00e0 Minorque Emplacements et Conseils de Sant\u00e9 pour les Voyageurs\" src=\"https:\/\/www.viajamenorca.com\/wp-content\/uploads\/2025\/02\/Hospitales-en-Menorca-1024x686.jpg\" alt=\"\" width=\"380\" height=\"255\" srcset=\"https:\/\/www.viajamenorca.com\/wp-content\/uploads\/2025\/02\/Hospitales-en-Menorca-1024x686.jpg 1024w, https:\/\/www.viajamenorca.com\/wp-content\/uploads\/2025\/02\/Hospitales-en-Menorca-350x235.jpg 350w, https:\/\/www.viajamenorca.com\/wp-content\/uploads\/2025\/02\/Hospitales-en-Menorca-768x515.jpg 768w, https:\/\/www.viajamenorca.com\/wp-content\/uploads\/2025\/02\/Hospitales-en-Menorca-1536x1029.jpg 1536w, https:\/\/www.viajamenorca.com\/wp-content\/uploads\/2025\/02\/Hospitales-en-Menorca.jpg 2000w\" sizes=\"(max-width: 380px) 100vw, 380px\" \/><\/p>\n<h3><span style=\"font-size: 14pt;\"><\/span><\/h3>\n<h2><span style=\"font-size: 18pt;\">L&rsquo;assistance sanitaire \u00e0 Minorque<\/span><\/h2>\n<p>Minorque dispose d&rsquo;un h\u00f4pital public et de plusieurs centres de sant\u00e9 r\u00e9partis sur toute l&rsquo;\u00eele pour r\u00e9pondre aux urgences et aux consultations m\u00e9dicales. Ces centres garantissent une attention accessible et de qualit\u00e9, permettant aux visiteurs de profiter de leur voyage avec la tranquillit\u00e9 de savoir qu&rsquo;ils b\u00e9n\u00e9ficient d&rsquo;une assistance m\u00e9dicale \u00e0 proximit\u00e9.<\/p>\n<h2><span style=\"font-size: 18pt;\">H\u00f4pital G\u00e9n\u00e9ral Mateu Orfila<\/span><\/h2>\n<p>Situ\u00e9 \u00e0 Ma\u00f3 (Mah\u00f3n), l&rsquo;H\u00f4pital Mateu Orfila est le centre de sant\u00e9 de r\u00e9f\u00e9rence sur l&rsquo;\u00eele. Il propose des services d&rsquo;urgences, d&rsquo;hospitalisation et diverses sp\u00e9cialit\u00e9s m\u00e9dicales. C&rsquo;est l&rsquo;endroit o\u00f9 vous devez vous rendre en cas d&rsquo;urgence grave.<\/p>\n<p><strong>Adresse :<\/strong> Ronda de Malbuger, s\/n, 07703 Mah\u00f3n.<br \/><strong>Comment s&rsquo;y rendre : <a href=\"https:\/\/maps.app.goo.gl\/WBELALkjTRB1X3Vy5\" target=\"_blank\" rel=\"nofollow noopener\">Ouvrir les indications GPS<\/a><\/strong><br \/><strong>T\u00e9l\u00e9phone :<\/strong> +34 971 487 000, <strong>Urgences :<\/strong> 061<\/p>\n<h2><span style=\"font-size: 18pt;\">Centres de Sant\u00e9 (PAC)<\/span><\/h2>\n<p>Si vous avez besoin d&rsquo;une assistance m\u00e9dicale non urgente, vous pouvez vous rendre dans l&rsquo;un des centres de sant\u00e9 (Points d&rsquo;attention continue &#8211; PAC), qui accueillent aussi bien les r\u00e9sidents que les touristes. Dans ces centres, vous recevrez des soins primaires, de petits pansements et des ordonnances m\u00e9dicales. Les principaux sont :<\/p>\n<p><strong><span style=\"font-size: 14pt;\">Centre de Sant\u00e9 Dalt Sant Joan (<a href=\"https:\/\/www.viajamenorca.com\/fr\/guide-touristique\/villages\/mao-mahon\/\">Mah\u00f3n<\/a>)<\/span><\/strong><br \/>Services d&rsquo;urgences tous les jours de 8h00 \u00e0 22h00.<br \/><strong>T\u00e9l\u00e9phone :<\/strong> 971 353 255 <strong>Rendez-vous :<\/strong> 971 220 000 <strong>Urgences<\/strong> : 061<br \/><strong>Adresse :<\/strong> C\/ Fornells, 107, 07703 Mah\u00f3n.<br \/><strong>Comment s&rsquo;y rendre : <a href=\"https:\/\/maps.app.goo.gl\/C6ZZkmTiC5TaNgQKA\" target=\"_blank\" rel=\"nofollow noopener\">Ouvrir les indications GPS<\/a><\/strong><\/p>\n<p><strong><span style=\"font-size: 14pt;\">Centre de Sant\u00e9 Canal Salat (<a href=\"https:\/\/www.viajamenorca.com\/fr\/guide-touristique\/villages\/ciutadella-citadelle\/\">Ciutadella<\/a>)<\/span><\/strong><br \/>Dispose d&rsquo;un service d&rsquo;urgences disponible 24h\/24.<br \/><strong>T\u00e9l\u00e9phone :<\/strong> 971 480 112 <strong>Rendez-vous :<\/strong> 971 220 000 <strong>Urgences :<\/strong> 061<br \/><strong>Adresse :<\/strong> C\/ Sant Antoni Maria Claret, s\/n, 07760 Ciutadella.<br \/><strong>Comment s&rsquo;y rendre : <a href=\"https:\/\/maps.app.goo.gl\/AdGjywgEPmab8iDH7\" target=\"_blank\" rel=\"nofollow noopener\">Ouvrir les indications GPS<\/a><\/strong><\/p>\n<p><strong><span style=\"font-size: 14pt;\">Centre de Sant\u00e9 Es Banyer (<a href=\"https:\/\/www.viajamenorca.com\/fr\/guide-touristique\/villages\/alaior-alayor\/\">Alaior<\/a>)<\/span><\/strong><br \/>Service d&rsquo;urgences 24h\/24.<br \/><strong>T\u00e9l\u00e9phone :<\/strong> 971 372 931 <strong>Rendez-vous<\/strong> : 971 220 000 <strong>Urgences :<\/strong> 061<br \/><strong>Adresse :<\/strong> C\/ Mestre Duran, s\/n, 07730 Alaior.<br \/><strong>Comment s&rsquo;y rendre : <a href=\"https:\/\/maps.app.goo.gl\/Yb8dgtcc4Gu7ndeU9\" target=\"_blank\" rel=\"nofollow noopener\">Ouvrir les indications GPS<\/a><\/strong><\/p>\n<p><strong><span style=\"font-size: 14pt;\">Centre de Sant\u00e9 (<a href=\"https:\/\/www.viajamenorca.com\/fr\/guide-touristique\/villages\/es-mercadal\/\">Es Mercadal<\/a>)<\/span><\/strong><br \/>Ouvert du lundi au vendredi de 7h00 \u00e0 22h00.<br \/><strong>T\u00e9l\u00e9phone :<\/strong> 971 154 187 <strong>Rendez-vous<\/strong> : 971 220 000 <strong>Urgences :<\/strong> 061<br \/><strong>Adresse :<\/strong> Av. del Metge Camps, 20, 07740, Es Mercadal.<br \/><strong>Comment s&rsquo;y rendre : <a title=\"Centro de Sant\u00e9 Es Mercadal\" href=\"https:\/\/maps.app.goo.gl\/hDy8UyJDhGywSz5M9\" target=\"_blank\" rel=\"nofollow noopener\">Ouvrir les indications GPS<\/a><\/strong><\/p>\n<p><strong><span style=\"font-size: 14pt;\">Centre de Sant\u00e9 (<a href=\"https:\/\/www.viajamenorca.com\/fr\/guide-touristique\/villages\/sant-lluis-san-luis\/\">Sant Llu\u00eds<\/a>)<\/span><\/strong><br \/>Ouvert du lundi au vendredi de 7h00 \u00e0 22h00.<br \/><strong>T\u00e9l\u00e9phone :<\/strong> 971 156 792 <strong>Rendez-vous<\/strong> : 971 220 000 <strong>Urgences :<\/strong> 061<br \/><strong>Adresse :<\/strong> C\/ Primer batle Pere Tudur\u00ed, s\/n, 07710 Sant Llu\u00eds.<br \/><strong>Comment s&rsquo;y rendre : <a href=\"https:\/\/maps.app.goo.gl\/KYWYhBU6d73yfDDr8\" target=\"_blank\" rel=\"nofollow noopener\">Ouvrir les indications GPS<\/a><\/strong><\/p>\n<h2><span style=\"font-size: 18pt;\">Cliniques Priv\u00e9es<\/span><\/h2>\n<p><strong><span style=\"font-size: 14pt;\">R\u00e9seau d&rsquo;assistance Juaneda<\/span><\/strong><\/p>\n<p>Si vous pr\u00e9f\u00e9rez \u00e9viter les temps d&rsquo;attente ou si vous avez besoin d&rsquo;un service plus personnalis\u00e9, Minorque dispose de plusieurs cliniques priv\u00e9es offrant des soins m\u00e9dicaux aux touristes et aux r\u00e9sidents, avec des consultations g\u00e9n\u00e9rales, des sp\u00e9cialistes et des tests de diagnostic. Elles travaillent avec des assurances de voyage et des compagnies internationales et sont ouvertes 24h\/24.<\/p>\n<p><strong><span style=\"font-size: 12pt;\"><span style=\"font-size: 14pt;\">Clinique Juaneda (Mah\u00f3n)<\/span><\/span><\/strong><br data-start=\"5\" data-end=\"8\" \/><strong>T\u00e9l\u00e9phone :<\/strong> 971 351 115<br data-start=\"32\" data-end=\"35\" \/><strong>Adresse :<\/strong> Av. de Vives Llull, 6, 07703, <span style=\"font-size: 12pt;\">Mah\u00f3n<\/span>.<br data-start=\"93\" data-end=\"96\" \/><strong>Comment s&rsquo;y rendre :<\/strong> <a href=\"https:\/\/maps.app.goo.gl\/jyvPWzpwGesT1HiaA\" target=\"_blank\" rel=\"nofollow noopener\"><strong>Ouvrir les indications GPS<\/strong><\/a><\/p>\n<p><strong><span style=\"font-size: 14pt;\">H\u00f4pital Juaneda (Ciutadella)<\/span><\/strong><br data-start=\"147\" data-end=\"150\" \/><strong>T\u00e9l\u00e9phone :<\/strong> 971 480 505<br data-start=\"174\" data-end=\"177\" \/><strong>Adresse :<\/strong> Cam\u00ed de sa Caleta, s\/n, 07760, Ciutadella.<br data-start=\"235\" data-end=\"238\" \/><strong>Comment s&rsquo;y rendre :<\/strong> <a href=\"https:\/\/maps.app.goo.gl\/CqqEsQxg7KQbsigNA\" target=\"_blank\" rel=\"nofollow noopener\"><strong>Ouvrir les indications GPS<\/strong><\/a><\/p>\n<h2><span style=\"font-size: 18pt;\">Assistance M\u00e9dicale pour les \u00c9trangers<\/span><\/h2>\n<p><div class=\"g g-8\"><div class=\"g-single a-70\"><a href=\"https:\/\/www.civitatis.com\/fr\/mahon\/transferts\/?aid=99960\" target=\"_blank\" rel=\"nofollow\">\r\n    <img decoding=\"async\" src=\"https:\/\/www.viajamenorca.com\/wp-content\/uploads\/2026\/02\/FRANCES_BLUE-2-2.jpg\" width=\"350\" height=\"210\" title=\"Transferts \u00e0 Minorque - A\u00e9roport\" alt=\"Transferts \u00e0 Minorque - A\u00e9roport\" \/>\r\n<\/a><\/div><\/div> Si vous \u00eates \u00e9tranger et avez besoin de soins m\u00e9dicaux \u00e0 Minorque, voici quelques points cl\u00e9s \u00e0 consid\u00e9rer :<\/p>\n<h3><span style=\"font-size: 14pt;\">Touristes de l&rsquo;UE <\/span><\/h3>\n<p>Si vous venez d&rsquo;un pays de l&rsquo;Union europ\u00e9enne, il est recommand\u00e9 d&rsquo;avoir sur vous la Carte Europ\u00e9enne d&rsquo;Assurance Maladie (CEAM). Avec celle-ci, vous pouvez recevoir des soins m\u00e9dicaux dans les centres publics sans frais suppl\u00e9mentaires, comme si vous \u00e9tiez un r\u00e9sident espagnol.<\/p>\n<h3><span style=\"font-size: 14pt;\">Touristes hors UE<\/span><\/h3>\n<p>Si vous venez d&rsquo;un pays hors UE, il est fortement recommand\u00e9 de voyager avec une <a href=\"https:\/\/www.viajamenorca.com\/fr\/blog-magazine\/hopitaux-a-minorque\/#Comment_choisir_une_assurance_voyage\"><strong>assurance voyage couvrant l&rsquo;assistance m\u00e9dicale<\/strong><\/a>. Bien que vous puissiez recevoir des soins dans les h\u00f4pitaux et cliniques priv\u00e9es, les co\u00fbts peuvent \u00eatre \u00e9lev\u00e9s si vous n&rsquo;avez pas de couverture.<\/p>\n<h2><span style=\"font-size: 18pt;\">Comment choisir une assurance voyage ?<\/span><\/h2>\n<p>Avant de partir, v\u00e9rifiez que votre assurance inclut :<\/p>\n<p>\u2705 Soins m\u00e9dicaux d&rsquo;urgence. \u2705 Hospitalisation et traitements. \u2705 Rapatriement sanitaire (en cas de n\u00e9cessit\u00e9). \u2705 Couverture pour les <a href=\"https:\/\/www.viajamenorca.com\/revista\/deportes-en-menorca\/\"><strong>sports<\/strong> <\/a>et les <a href=\"https:\/\/www.viajamenorca.com\/fr\/activites\/sports-nautiques\/\"><strong>activit\u00e9s nautiques<\/strong><\/a> (si vous pr\u00e9voyez de faire du <a href=\"https:\/\/www.viajamenorca.com\/fr\/activites\/location-de-bateaux\/louer-un-kayak\/\"><strong>kayak<\/strong><\/a>, de la <a href=\"https:\/\/www.viajamenorca.com\/fr\/activites\/sports-nautiques\/plongee-sous-marine\/\"><strong>plong\u00e9e<\/strong><\/a>, etc.).<\/p>\n<p>Certaines compagnies d&rsquo;assurance recommand\u00e9es pour voyager en Espagne sont Allianz, AXA, Mapfre et Europ Assistance.<\/p>\n<h2><span style=\"font-size: 18pt;\">Conseils de Sant\u00e9 pour votre Voyage sur l&rsquo;\u00eele<\/span><\/h2>\n<p>\ud83e\ude79 <strong>Emportez une trousse de secours de base<\/strong> : cr\u00e8me solaire, r\u00e9pulsif anti-insectes, pansements et analg\u00e9siques peuvent \u00eatre utiles.<\/p>\n<p>\ud83d\ude91 <strong>Enregistrez les num\u00e9ros d&rsquo;urgence<\/strong> : 112 pour les urgences g\u00e9n\u00e9rales et celui de l&rsquo;h\u00f4pital le plus proche.<\/p>\n<p>\ud83d\udc8a <strong>Consultez pour vos m\u00e9dicaments<\/strong> : si vous suivez un traitement sp\u00e9cifique, apportez-en suffisamment pour votre s\u00e9jour ainsi que l&rsquo;ordonnance m\u00e9dicale.<\/p>\n<h2><span style=\"font-size: 18pt;\">Pharmacies de garde \u00e0 Minorque<\/span><\/h2>\n<p><div class=\"g g-10\"><div class=\"g-single a-77\"><a href=\"https:\/\/www.civitatis.com\/fr\/mahon\/free-tour-mahon\/?aid=99960\" target=\"_blank\" rel=\"nofollow\">\r\n    <img decoding=\"async\" src=\"https:\/\/www.viajamenorca.com\/wp-content\/uploads\/2026\/02\/FRANCES_ROSE-2-1.jpg\" width=\"350\" height=\"210\" title=\"Visite guid\u00e9e gratuite de Mah\u00f3n\" alt=\"Visite guid\u00e9e gratuite de Mah\u00f3n\" \/>\r\n<\/a><\/div><\/div> Les pharmacies de l&rsquo;\u00eele sont bien r\u00e9parties dans les zones urbaines et rurales, garantissant que tant les r\u00e9sidents que les touristes aient acc\u00e8s aux m\u00e9dicaments et produits de sant\u00e9. De plus, Minorque dispose d&rsquo;un syst\u00e8me de <a href=\"https:\/\/www.viajamenorca.com\/guia-turistica\/telefonos-enlaces\/farmacias-en-menorca\/\"><strong>pharmacies de garde<\/strong><\/a> qui fonctionnent en dehors des horaires commerciaux habituels. Ces pharmacies de garde vous assurent de pouvoir obtenir les m\u00e9dicaments n\u00e9cessaires en cas d&rsquo;urgence, quelle que soit l&rsquo;heure du jour ou de la nuit. Vous pouvez <a href=\"https:\/\/www.viajamenorca.com\/guia-turistica\/telefonos-enlaces\/farmacias-en-menorca\/\"><strong>consulter les pharmacies de garde ici<\/strong><\/a>.<\/p>\n<h3><span style=\"font-size: 18pt;\">Profitez de Minorque en toute s\u00e9r\u00e9nit\u00e9 !<\/span><\/h3>\n<p>Savoir o\u00f9 s&rsquo;adresser en cas d&rsquo;urgence vous apportera plus de tranquillit\u00e9 pour profiter de tout ce que Minorque a \u00e0 offrir. Avec une planification simple, vous pourrez vous d\u00e9tendre et profiter de votre voyage sans soucis.<\/p>\n<p><strong>N&rsquo;oubliez pas : en cas d&rsquo;urgence \ud83d\udea8 appelez le 112<\/strong> \ud83d\udcde H\u00f4pital g\u00e9n\u00e9ral : Mateu Orfila \u2013 \u2695\ufe0f M\u00e9decins \u00e0 Minorque<\/p>\n<div class=\"addtoany_share_save_container addtoany_content addtoany_content_bottom\">\u00a0<\/div>\n","protected":false},"excerpt":{"rendered":"<p>Emplacements et conseils de sant\u00e9 pour les voyageurs \u00c0 Minorque, comme pour toute destination, il est important de savoir quoi faire en cas de besoin d&rsquo;assistance m\u00e9dicale. Dans cet article, &#8230; <\/p>\n<p class=\"read-more-container\"><a title=\"H\u00f4pitaux et centres de sant\u00e9 \u00e0 Minorque\" class=\"read-more button\" href=\"https:\/\/www.viajamenorca.com\/fr\/blog-magazine\/hopitaux-a-minorque\/#more-63552\" aria-label=\"En savoir plus sur H\u00f4pitaux et centres de sant\u00e9 \u00e0 Minorque\">Lire plus<\/a><\/p>\n","protected":false},"author":1,"featured_media":63553,"comment_status":"closed","ping_status":"closed","sticky":false,"template":"","format":"standard","meta":{"_acf_changed":false,"footnotes":""},"categories":[1627,1581,1865],"tags":[1587,3207,3208,1585,1584,3211,3205,1583,3212,3209,3206,3213],"class_list":["post-63552","post","type-post","status-publish","format-standard","has-post-thumbnail","hentry","category-blog-magazine","category-guide-touristique","category-telephones-et-liens","tag-alaior","tag-centres-de-sante","tag-cliniques-privees","tag-es-mercadal","tag-fornells","tag-hopital-general","tag-hopitaux-a-minorque","tag-mahon","tag-mateu-orfila","tag-medecins","tag-sante","tag-urgences","resize-featured-image"],"acf":{"elige_un_tipo_de_actividad":"","buscar_por_zonas":""},"yoast_head":"<!-- This site is optimized with the Yoast SEO plugin v27.4 - https:\/\/yoast.com\/product\/yoast-seo-wordpress\/ -->\n<title>H\u00f4pitaux et centres de sant\u00e9 \u00e0 Minorque - Guide complet<\/title>\n<meta name=\"description\" content=\"H\u00f4pitaux, centres de sant\u00e9, cliniques priv\u00e9es, assurances et assistance pour les \u00e9trangers \u00e0 Minorque. EN CAS D&#039;URGENCE \ud83d\udea8 APPELEZ LE 112 \ud83d\udcde\" \/>\n<meta name=\"robots\" content=\"index, follow, max-snippet:-1, max-image-preview:large, max-video-preview:-1\" \/>\n<link rel=\"canonical\" href=\"https:\/\/www.viajamenorca.com\/fr\/blog-magazine\/hopitaux-a-minorque\/\" \/>\n<meta property=\"og:locale\" content=\"fr_FR\" \/>\n<meta property=\"og:type\" content=\"article\" \/>\n<meta property=\"og:title\" content=\"H\u00f4pitaux et centres de sant\u00e9 \u00e0 Minorque - Guide complet\" \/>\n<meta property=\"og:description\" content=\"H\u00f4pitaux, centres de sant\u00e9, cliniques priv\u00e9es, assurances et assistance pour les \u00e9trangers \u00e0 Minorque. EN CAS D&#039;URGENCE \ud83d\udea8 APPELEZ LE 112 \ud83d\udcde\" \/>\n<meta property=\"og:url\" content=\"https:\/\/www.viajamenorca.com\/fr\/blog-magazine\/hopitaux-a-minorque\/\" \/>\n<meta property=\"og:site_name\" content=\"Viaja a Menorca\" \/>\n<meta property=\"article:publisher\" content=\"https:\/\/www.facebook.com\/ViajaMenorca\/\" \/>\n<meta property=\"article:author\" content=\"https:\/\/www.facebook.com\/ViajaMenorca\/\" \/>\n<meta property=\"article:published_time\" content=\"2025-02-09T19:11:33+00:00\" \/>\n<meta property=\"article:modified_time\" content=\"2026-03-12T12:21:16+00:00\" \/>\n<meta property=\"og:image\" content=\"https:\/\/www.viajamenorca.com\/wp-content\/uploads\/2025\/02\/Hospitales-en-Menorca.jpg\" \/>\n\t<meta property=\"og:image:width\" content=\"2000\" \/>\n\t<meta property=\"og:image:height\" content=\"1340\" \/>\n\t<meta property=\"og:image:type\" content=\"image\/jpeg\" \/>\n<meta name=\"author\" content=\"RVM\" \/>\n<meta name=\"twitter:card\" content=\"summary_large_image\" \/>\n<meta name=\"twitter:creator\" content=\"@ViajaMenorca\" \/>\n<meta name=\"twitter:site\" content=\"@ViajaMenorca\" \/>\n<meta name=\"twitter:label1\" content=\"\u00c9crit par\" \/>\n\t<meta name=\"twitter:data1\" content=\"RVM\" \/>\n\t<meta name=\"twitter:label2\" content=\"Dur\u00e9e de lecture estim\u00e9e\" \/>\n\t<meta name=\"twitter:data2\" content=\"5 minutes\" \/>\n<script type=\"application\/ld+json\" class=\"yoast-schema-graph\">{\"@context\":\"https:\\\/\\\/schema.org\",\"@graph\":[{\"@type\":\"Article\",\"@id\":\"https:\\\/\\\/www.viajamenorca.com\\\/fr\\\/blog-magazine\\\/hopitaux-a-minorque\\\/#article\",\"isPartOf\":{\"@id\":\"https:\\\/\\\/www.viajamenorca.com\\\/fr\\\/blog-magazine\\\/hopitaux-a-minorque\\\/\"},\"author\":{\"name\":\"RVM\",\"@id\":\"https:\\\/\\\/www.viajamenorca.com\\\/fr\\\/#\\\/schema\\\/person\\\/a4a17bcf26fbf36b9726dc16edd0a3fc\"},\"headline\":\"H\u00f4pitaux et centres de sant\u00e9 \u00e0 Minorque\",\"datePublished\":\"2025-02-09T19:11:33+00:00\",\"dateModified\":\"2026-03-12T12:21:16+00:00\",\"mainEntityOfPage\":{\"@id\":\"https:\\\/\\\/www.viajamenorca.com\\\/fr\\\/blog-magazine\\\/hopitaux-a-minorque\\\/\"},\"wordCount\":1005,\"publisher\":{\"@id\":\"https:\\\/\\\/www.viajamenorca.com\\\/fr\\\/#organization\"},\"image\":{\"@id\":\"https:\\\/\\\/www.viajamenorca.com\\\/fr\\\/blog-magazine\\\/hopitaux-a-minorque\\\/#primaryimage\"},\"thumbnailUrl\":\"https:\\\/\\\/www.viajamenorca.com\\\/wp-content\\\/uploads\\\/2025\\\/02\\\/Hospitales-en-Menorca.jpg\",\"keywords\":[\"Alaior\",\"centres de sant\u00e9\",\"cliniques priv\u00e9es\",\"Es Mercadal\",\"Fornells\",\"H\u00f4pital g\u00e9n\u00e9ral\",\"H\u00f4pitaux \u00e0 Minorque\",\"Mahon\",\"Mateu Orfila\",\"M\u00e9decins\",\"sant\u00e9\",\"urgences\"],\"articleSection\":[\"Blog | Magazine du tourisme\",\"Guide touristique\",\"T\u00e9l\u00e9phones et liens\"],\"inLanguage\":\"fr-FR\"},{\"@type\":\"WebPage\",\"@id\":\"https:\\\/\\\/www.viajamenorca.com\\\/fr\\\/blog-magazine\\\/hopitaux-a-minorque\\\/\",\"url\":\"https:\\\/\\\/www.viajamenorca.com\\\/fr\\\/blog-magazine\\\/hopitaux-a-minorque\\\/\",\"name\":\"H\u00f4pitaux et centres de sant\u00e9 \u00e0 Minorque - Guide complet\",\"isPartOf\":{\"@id\":\"https:\\\/\\\/www.viajamenorca.com\\\/fr\\\/#website\"},\"primaryImageOfPage\":{\"@id\":\"https:\\\/\\\/www.viajamenorca.com\\\/fr\\\/blog-magazine\\\/hopitaux-a-minorque\\\/#primaryimage\"},\"image\":{\"@id\":\"https:\\\/\\\/www.viajamenorca.com\\\/fr\\\/blog-magazine\\\/hopitaux-a-minorque\\\/#primaryimage\"},\"thumbnailUrl\":\"https:\\\/\\\/www.viajamenorca.com\\\/wp-content\\\/uploads\\\/2025\\\/02\\\/Hospitales-en-Menorca.jpg\",\"datePublished\":\"2025-02-09T19:11:33+00:00\",\"dateModified\":\"2026-03-12T12:21:16+00:00\",\"description\":\"H\u00f4pitaux, centres de sant\u00e9, cliniques priv\u00e9es, assurances et assistance pour les \u00e9trangers \u00e0 Minorque. EN CAS D'URGENCE \ud83d\udea8 APPELEZ LE 112 \ud83d\udcde\",\"breadcrumb\":{\"@id\":\"https:\\\/\\\/www.viajamenorca.com\\\/fr\\\/blog-magazine\\\/hopitaux-a-minorque\\\/#breadcrumb\"},\"inLanguage\":\"fr-FR\",\"potentialAction\":[{\"@type\":\"ReadAction\",\"target\":[\"https:\\\/\\\/www.viajamenorca.com\\\/fr\\\/blog-magazine\\\/hopitaux-a-minorque\\\/\"]}]},{\"@type\":\"ImageObject\",\"inLanguage\":\"fr-FR\",\"@id\":\"https:\\\/\\\/www.viajamenorca.com\\\/fr\\\/blog-magazine\\\/hopitaux-a-minorque\\\/#primaryimage\",\"url\":\"https:\\\/\\\/www.viajamenorca.com\\\/wp-content\\\/uploads\\\/2025\\\/02\\\/Hospitales-en-Menorca.jpg\",\"contentUrl\":\"https:\\\/\\\/www.viajamenorca.com\\\/wp-content\\\/uploads\\\/2025\\\/02\\\/Hospitales-en-Menorca.jpg\",\"width\":2000,\"height\":1340},{\"@type\":\"BreadcrumbList\",\"@id\":\"https:\\\/\\\/www.viajamenorca.com\\\/fr\\\/blog-magazine\\\/hopitaux-a-minorque\\\/#breadcrumb\",\"itemListElement\":[{\"@type\":\"ListItem\",\"position\":1,\"name\":\"Blog | Magazine du tourisme\",\"item\":\"https:\\\/\\\/www.viajamenorca.com\\\/fr\\\/.\\\/blog-magazine\\\/\"},{\"@type\":\"ListItem\",\"position\":2,\"name\":\"sant\u00e9\"}]},{\"@type\":\"WebSite\",\"@id\":\"https:\\\/\\\/www.viajamenorca.com\\\/fr\\\/#website\",\"url\":\"https:\\\/\\\/www.viajamenorca.com\\\/fr\\\/\",\"name\":\"Viaja a Menorca\",\"description\":\"Votre aventure minorquine commence ici !\",\"publisher\":{\"@id\":\"https:\\\/\\\/www.viajamenorca.com\\\/fr\\\/#organization\"},\"alternateName\":\"Gu\u00eda tur\u00edstica de Menorca\",\"potentialAction\":[{\"@type\":\"SearchAction\",\"target\":{\"@type\":\"EntryPoint\",\"urlTemplate\":\"https:\\\/\\\/www.viajamenorca.com\\\/fr\\\/?s={search_term_string}\"},\"query-input\":{\"@type\":\"PropertyValueSpecification\",\"valueRequired\":true,\"valueName\":\"search_term_string\"}}],\"inLanguage\":\"fr-FR\"},{\"@type\":\"Organization\",\"@id\":\"https:\\\/\\\/www.viajamenorca.com\\\/fr\\\/#organization\",\"name\":\"Viaja a Menorca - Gu\u00eda tur\u00edstica\",\"alternateName\":\"Viaja a Menorca\",\"url\":\"https:\\\/\\\/www.viajamenorca.com\\\/fr\\\/\",\"logo\":{\"@type\":\"ImageObject\",\"inLanguage\":\"fr-FR\",\"@id\":\"https:\\\/\\\/www.viajamenorca.com\\\/fr\\\/#\\\/schema\\\/logo\\\/image\\\/\",\"url\":\"https:\\\/\\\/www.viajamenorca.com\\\/wp-content\\\/uploads\\\/2021\\\/11\\\/viajamenorca.jpg\",\"contentUrl\":\"https:\\\/\\\/www.viajamenorca.com\\\/wp-content\\\/uploads\\\/2021\\\/11\\\/viajamenorca.jpg\",\"width\":714,\"height\":714,\"caption\":\"Viaja a Menorca - Gu\u00eda tur\u00edstica\"},\"image\":{\"@id\":\"https:\\\/\\\/www.viajamenorca.com\\\/fr\\\/#\\\/schema\\\/logo\\\/image\\\/\"},\"sameAs\":[\"https:\\\/\\\/www.facebook.com\\\/ViajaMenorca\\\/\",\"https:\\\/\\\/x.com\\\/ViajaMenorca\",\"https:\\\/\\\/www.instagram.com\\\/viaja_menorca\\\/?hl=es\",\"https:\\\/\\\/www.youtube.com\\\/channel\\\/UCWtpR3jxp79HeZ8zZfHLhXw\"]},{\"@type\":\"Person\",\"@id\":\"https:\\\/\\\/www.viajamenorca.com\\\/fr\\\/#\\\/schema\\\/person\\\/a4a17bcf26fbf36b9726dc16edd0a3fc\",\"name\":\"RVM\",\"image\":{\"@type\":\"ImageObject\",\"inLanguage\":\"fr-FR\",\"@id\":\"https:\\\/\\\/www.viajamenorca.com\\\/wp-content\\\/litespeed\\\/avatar\\\/f92762d1538920c5ee7c40d8d2c84bc0.jpg?ver=1776737859\",\"url\":\"https:\\\/\\\/www.viajamenorca.com\\\/wp-content\\\/litespeed\\\/avatar\\\/f92762d1538920c5ee7c40d8d2c84bc0.jpg?ver=1776737859\",\"contentUrl\":\"https:\\\/\\\/www.viajamenorca.com\\\/wp-content\\\/litespeed\\\/avatar\\\/f92762d1538920c5ee7c40d8d2c84bc0.jpg?ver=1776737859\",\"caption\":\"RVM\"},\"description\":\"Guia turistica de Menorca creada por un menorquin amante de su tierra, espero que os guste.\",\"sameAs\":[\"http:\\\/\\\/www.viajamenorca.com\",\"https:\\\/\\\/www.facebook.com\\\/ViajaMenorca\\\/\",\"https:\\\/\\\/www.instagram.com\\\/viaja_menorca\\\/?hl=es\",\"https:\\\/\\\/x.com\\\/ViajaMenorca\",\"https:\\\/\\\/www.youtube.com\\\/c\\\/ViajamenorcaEs\",\"https:\\\/\\\/es.wikipedia.org\\\/wiki\\\/Menorca\"]}]}<\/script>\n<!-- \/ Yoast SEO plugin. -->","yoast_head_json":{"title":"H\u00f4pitaux et centres de sant\u00e9 \u00e0 Minorque - Guide complet","description":"H\u00f4pitaux, centres de sant\u00e9, cliniques priv\u00e9es, assurances et assistance pour les \u00e9trangers \u00e0 Minorque. EN CAS D'URGENCE \ud83d\udea8 APPELEZ LE 112 \ud83d\udcde","robots":{"index":"index","follow":"follow","max-snippet":"max-snippet:-1","max-image-preview":"max-image-preview:large","max-video-preview":"max-video-preview:-1"},"canonical":"https:\/\/www.viajamenorca.com\/fr\/blog-magazine\/hopitaux-a-minorque\/","og_locale":"fr_FR","og_type":"article","og_title":"H\u00f4pitaux et centres de sant\u00e9 \u00e0 Minorque - Guide complet","og_description":"H\u00f4pitaux, centres de sant\u00e9, cliniques priv\u00e9es, assurances et assistance pour les \u00e9trangers \u00e0 Minorque. EN CAS D'URGENCE \ud83d\udea8 APPELEZ LE 112 \ud83d\udcde","og_url":"https:\/\/www.viajamenorca.com\/fr\/blog-magazine\/hopitaux-a-minorque\/","og_site_name":"Viaja a Menorca","article_publisher":"https:\/\/www.facebook.com\/ViajaMenorca\/","article_author":"https:\/\/www.facebook.com\/ViajaMenorca\/","article_published_time":"2025-02-09T19:11:33+00:00","article_modified_time":"2026-03-12T12:21:16+00:00","og_image":[{"width":2000,"height":1340,"url":"https:\/\/www.viajamenorca.com\/wp-content\/uploads\/2025\/02\/Hospitales-en-Menorca.jpg","type":"image\/jpeg"}],"author":"RVM","twitter_card":"summary_large_image","twitter_creator":"@ViajaMenorca","twitter_site":"@ViajaMenorca","twitter_misc":{"\u00c9crit par":"RVM","Dur\u00e9e de lecture estim\u00e9e":"5 minutes"},"schema":{"@context":"https:\/\/schema.org","@graph":[{"@type":"Article","@id":"https:\/\/www.viajamenorca.com\/fr\/blog-magazine\/hopitaux-a-minorque\/#article","isPartOf":{"@id":"https:\/\/www.viajamenorca.com\/fr\/blog-magazine\/hopitaux-a-minorque\/"},"author":{"name":"RVM","@id":"https:\/\/www.viajamenorca.com\/fr\/#\/schema\/person\/a4a17bcf26fbf36b9726dc16edd0a3fc"},"headline":"H\u00f4pitaux et centres de sant\u00e9 \u00e0 Minorque","datePublished":"2025-02-09T19:11:33+00:00","dateModified":"2026-03-12T12:21:16+00:00","mainEntityOfPage":{"@id":"https:\/\/www.viajamenorca.com\/fr\/blog-magazine\/hopitaux-a-minorque\/"},"wordCount":1005,"publisher":{"@id":"https:\/\/www.viajamenorca.com\/fr\/#organization"},"image":{"@id":"https:\/\/www.viajamenorca.com\/fr\/blog-magazine\/hopitaux-a-minorque\/#primaryimage"},"thumbnailUrl":"https:\/\/www.viajamenorca.com\/wp-content\/uploads\/2025\/02\/Hospitales-en-Menorca.jpg","keywords":["Alaior","centres de sant\u00e9","cliniques priv\u00e9es","Es Mercadal","Fornells","H\u00f4pital g\u00e9n\u00e9ral","H\u00f4pitaux \u00e0 Minorque","Mahon","Mateu Orfila","M\u00e9decins","sant\u00e9","urgences"],"articleSection":["Blog | Magazine du tourisme","Guide touristique","T\u00e9l\u00e9phones et liens"],"inLanguage":"fr-FR"},{"@type":"WebPage","@id":"https:\/\/www.viajamenorca.com\/fr\/blog-magazine\/hopitaux-a-minorque\/","url":"https:\/\/www.viajamenorca.com\/fr\/blog-magazine\/hopitaux-a-minorque\/","name":"H\u00f4pitaux et centres de sant\u00e9 \u00e0 Minorque - Guide complet","isPartOf":{"@id":"https:\/\/www.viajamenorca.com\/fr\/#website"},"primaryImageOfPage":{"@id":"https:\/\/www.viajamenorca.com\/fr\/blog-magazine\/hopitaux-a-minorque\/#primaryimage"},"image":{"@id":"https:\/\/www.viajamenorca.com\/fr\/blog-magazine\/hopitaux-a-minorque\/#primaryimage"},"thumbnailUrl":"https:\/\/www.viajamenorca.com\/wp-content\/uploads\/2025\/02\/Hospitales-en-Menorca.jpg","datePublished":"2025-02-09T19:11:33+00:00","dateModified":"2026-03-12T12:21:16+00:00","description":"H\u00f4pitaux, centres de sant\u00e9, cliniques priv\u00e9es, assurances et assistance pour les \u00e9trangers \u00e0 Minorque. EN CAS D'URGENCE \ud83d\udea8 APPELEZ LE 112 \ud83d\udcde","breadcrumb":{"@id":"https:\/\/www.viajamenorca.com\/fr\/blog-magazine\/hopitaux-a-minorque\/#breadcrumb"},"inLanguage":"fr-FR","potentialAction":[{"@type":"ReadAction","target":["https:\/\/www.viajamenorca.com\/fr\/blog-magazine\/hopitaux-a-minorque\/"]}]},{"@type":"ImageObject","inLanguage":"fr-FR","@id":"https:\/\/www.viajamenorca.com\/fr\/blog-magazine\/hopitaux-a-minorque\/#primaryimage","url":"https:\/\/www.viajamenorca.com\/wp-content\/uploads\/2025\/02\/Hospitales-en-Menorca.jpg","contentUrl":"https:\/\/www.viajamenorca.com\/wp-content\/uploads\/2025\/02\/Hospitales-en-Menorca.jpg","width":2000,"height":1340},{"@type":"BreadcrumbList","@id":"https:\/\/www.viajamenorca.com\/fr\/blog-magazine\/hopitaux-a-minorque\/#breadcrumb","itemListElement":[{"@type":"ListItem","position":1,"name":"Blog | Magazine du tourisme","item":"https:\/\/www.viajamenorca.com\/fr\/.\/blog-magazine\/"},{"@type":"ListItem","position":2,"name":"sant\u00e9"}]},{"@type":"WebSite","@id":"https:\/\/www.viajamenorca.com\/fr\/#website","url":"https:\/\/www.viajamenorca.com\/fr\/","name":"Viaja a Menorca","description":"Votre aventure minorquine commence ici !","publisher":{"@id":"https:\/\/www.viajamenorca.com\/fr\/#organization"},"alternateName":"Gu\u00eda tur\u00edstica de Menorca","potentialAction":[{"@type":"SearchAction","target":{"@type":"EntryPoint","urlTemplate":"https:\/\/www.viajamenorca.com\/fr\/?s={search_term_string}"},"query-input":{"@type":"PropertyValueSpecification","valueRequired":true,"valueName":"search_term_string"}}],"inLanguage":"fr-FR"},{"@type":"Organization","@id":"https:\/\/www.viajamenorca.com\/fr\/#organization","name":"Viaja a Menorca - Gu\u00eda tur\u00edstica","alternateName":"Viaja a Menorca","url":"https:\/\/www.viajamenorca.com\/fr\/","logo":{"@type":"ImageObject","inLanguage":"fr-FR","@id":"https:\/\/www.viajamenorca.com\/fr\/#\/schema\/logo\/image\/","url":"https:\/\/www.viajamenorca.com\/wp-content\/uploads\/2021\/11\/viajamenorca.jpg","contentUrl":"https:\/\/www.viajamenorca.com\/wp-content\/uploads\/2021\/11\/viajamenorca.jpg","width":714,"height":714,"caption":"Viaja a Menorca - Gu\u00eda tur\u00edstica"},"image":{"@id":"https:\/\/www.viajamenorca.com\/fr\/#\/schema\/logo\/image\/"},"sameAs":["https:\/\/www.facebook.com\/ViajaMenorca\/","https:\/\/x.com\/ViajaMenorca","https:\/\/www.instagram.com\/viaja_menorca\/?hl=es","https:\/\/www.youtube.com\/channel\/UCWtpR3jxp79HeZ8zZfHLhXw"]},{"@type":"Person","@id":"https:\/\/www.viajamenorca.com\/fr\/#\/schema\/person\/a4a17bcf26fbf36b9726dc16edd0a3fc","name":"RVM","image":{"@type":"ImageObject","inLanguage":"fr-FR","@id":"https:\/\/www.viajamenorca.com\/wp-content\/litespeed\/avatar\/f92762d1538920c5ee7c40d8d2c84bc0.jpg?ver=1776737859","url":"https:\/\/www.viajamenorca.com\/wp-content\/litespeed\/avatar\/f92762d1538920c5ee7c40d8d2c84bc0.jpg?ver=1776737859","contentUrl":"https:\/\/www.viajamenorca.com\/wp-content\/litespeed\/avatar\/f92762d1538920c5ee7c40d8d2c84bc0.jpg?ver=1776737859","caption":"RVM"},"description":"Guia turistica de Menorca creada por un menorquin amante de su tierra, espero que os guste.","sameAs":["http:\/\/www.viajamenorca.com","https:\/\/www.facebook.com\/ViajaMenorca\/","https:\/\/www.instagram.com\/viaja_menorca\/?hl=es","https:\/\/x.com\/ViajaMenorca","https:\/\/www.youtube.com\/c\/ViajamenorcaEs","https:\/\/es.wikipedia.org\/wiki\/Menorca"]}]}},"_links":{"self":[{"href":"https:\/\/www.viajamenorca.com\/fr\/wp-json\/wp\/v2\/posts\/63552","targetHints":{"allow":["GET"]}}],"collection":[{"href":"https:\/\/www.viajamenorca.com\/fr\/wp-json\/wp\/v2\/posts"}],"about":[{"href":"https:\/\/www.viajamenorca.com\/fr\/wp-json\/wp\/v2\/types\/post"}],"author":[{"embeddable":true,"href":"https:\/\/www.viajamenorca.com\/fr\/wp-json\/wp\/v2\/users\/1"}],"replies":[{"embeddable":true,"href":"https:\/\/www.viajamenorca.com\/fr\/wp-json\/wp\/v2\/comments?post=63552"}],"version-history":[{"count":8,"href":"https:\/\/www.viajamenorca.com\/fr\/wp-json\/wp\/v2\/posts\/63552\/revisions"}],"predecessor-version":[{"id":63601,"href":"https:\/\/www.viajamenorca.com\/fr\/wp-json\/wp\/v2\/posts\/63552\/revisions\/63601"}],"wp:featuredmedia":[{"embeddable":true,"href":"https:\/\/www.viajamenorca.com\/fr\/wp-json\/wp\/v2\/media\/63553"}],"wp:attachment":[{"href":"https:\/\/www.viajamenorca.com\/fr\/wp-json\/wp\/v2\/media?parent=63552"}],"wp:term":[{"taxonomy":"category","embeddable":true,"href":"https:\/\/www.viajamenorca.com\/fr\/wp-json\/wp\/v2\/categories?post=63552"},{"taxonomy":"post_tag","embeddable":true,"href":"https:\/\/www.viajamenorca.com\/fr\/wp-json\/wp\/v2\/tags?post=63552"}],"curies":[{"name":"wp","href":"https:\/\/api.w.org\/{rel}","templated":true}]}}