{"id":63554,"date":"2020-12-20T23:19:55","date_gmt":"2020-12-20T23:19:55","guid":{"rendered":"https:\/\/www.viajamenorca.com\/non-classe\/ensaimada-menorquina\/"},"modified":"2026-03-12T12:39:18","modified_gmt":"2026-03-12T12:39:18","slug":"ensaimada-minorquine","status":"publish","type":"post","link":"https:\/\/www.viajamenorca.com\/fr\/guide-touristique\/gastronomie\/patisseries-minorquines\/ensaimada-minorquine\/","title":{"rendered":"Ensaimada minorquine"},"content":{"rendered":"<h3><span style=\"font-size: 13pt;\"><span style=\"vertical-align: inherit;\"><span style=\"vertical-align: inherit;\">Il n&rsquo;y a pas un touriste visitant Minorque qui ne rapporte pas une c\u00e9l\u00e8bre et irr\u00e9sistible ensaimada chez lui, pour pouvoir la d\u00e9guster et la partager en famille ou entre amis.<\/span><\/span><\/span><\/h3>\n<figure id=\"attachment_17104\" aria-describedby=\"caption-attachment-17104\" style=\"width: 320px\" class=\"wp-caption alignright\"><a href=\"https:\/\/www.viajamenorca.com\/wp-content\/uploads\/2020\/12\/IMG_6921-scaled.jpg\"><img decoding=\"async\" class=\"wp-image-17104\" title=\"Coca Bamba, \u00e9galement appel\u00e9e coca de Sant Joan ou ensaimada de Minorque\" src=\"https:\/\/www.viajamenorca.com\/wp-content\/uploads\/2020\/12\/IMG_6921-350x233.jpg\" alt=\"Coca Bamba Minorque\" width=\"330\" height=\"220\" srcset=\"https:\/\/www.viajamenorca.com\/wp-content\/uploads\/2020\/12\/IMG_6921-350x233.jpg 350w, https:\/\/www.viajamenorca.com\/wp-content\/uploads\/2020\/12\/IMG_6921-1024x683.jpg 1024w, https:\/\/www.viajamenorca.com\/wp-content\/uploads\/2020\/12\/IMG_6921-768x512.jpg 768w, https:\/\/www.viajamenorca.com\/wp-content\/uploads\/2020\/12\/IMG_6921-1536x1024.jpg 1536w, https:\/\/www.viajamenorca.com\/wp-content\/uploads\/2020\/12\/IMG_6921-2048x1365.jpg 2048w\" sizes=\"(max-width: 330px) 100vw, 330px\" \/><\/a><figcaption id=\"caption-attachment-17104\" class=\"wp-caption-text\"><span style=\"font-size: 12pt;\">Coca Bamba, \u00e9galement appel\u00e9e coca de Sant Joan ou ensaimada de Minorque<\/span><\/figcaption><\/figure>\n<h3><span style=\"font-size: 14pt;\"><\/span><\/h3>\n<h2><span style=\"font-size: 18pt;\"><span style=\"vertical-align: inherit;\">La douceur la plus typique des \u00eeles<\/span><\/span><\/h2>\n<p><span style=\"vertical-align: inherit;\"><span style=\"vertical-align: inherit;\">Cette p\u00e2tisserie typique est la plus consomm\u00e9e des \u00eeles Bal\u00e9ares. <\/span><span style=\"vertical-align: inherit;\">Bien que la plupart des gens l&rsquo;associent \u00e0 la classique ensaimada de Majorque, d&rsquo;excellentes ensaimadas sont \u00e9galement \u00e9labor\u00e9es \u00e0 Minorque. <span style=\"font-size: 12pt;\"><span style=\"color: #333333; font-size: 12pt;\"><div class=\"g g-8\"><div class=\"g-single a-75\"><a href=\"https:\/\/www.viajamenorca.com\/fr\/activites\/location-de-bateaux\/\" target=\"_blank\" rel=\"nofollow\">\r\n    <img decoding=\"async\" src=\"https:\/\/www.viajamenorca.com\/wp-content\/uploads\/2026\/02\/FRANCES_BLUE-7-1.jpg\" width=\"350\" height=\"210\" title=\"Location de bateaux\" alt=\"Location de bateaux\" \/>\r\n<\/a><\/div><\/div><\/span><\/span><\/span><\/span><\/p>\n<p><span style=\"vertical-align: inherit;\"><span style=\"vertical-align: inherit;\">Celles-ci ne peuvent manquer lors des c\u00e9l\u00e9brations familiales ou populaires comme les <\/span><\/span><a href=\"https:\/\/viajamenorca.com\/guia-turistica\/fiestas-patronales\/\"><strong><span style=\"vertical-align: inherit;\"><span style=\"vertical-align: inherit;\">f\u00eates patronales de Minorque<\/span><\/span><\/strong><\/a><span style=\"vertical-align: inherit;\"><span style=\"vertical-align: inherit;\">, o\u00f9 l&rsquo;on consomme traditionnellement la <\/span><\/span><a href=\"https:\/\/es.wikipedia.org\/wiki\/Coca_bamba\" target=\"_blank\" rel=\"noopener\"><strong><span style=\"vertical-align: inherit;\"><span style=\"vertical-align: inherit;\">coca bamba<\/span><\/span><\/strong><\/a><span style=\"vertical-align: inherit;\"><span style=\"vertical-align: inherit;\">, qui est la vari\u00e9t\u00e9 minorquine. <\/span><span style=\"vertical-align: inherit;\">Elle s&rsquo;accompagne g\u00e9n\u00e9ralement d&rsquo;un bon chocolat chaud.<\/span><\/span><\/p>\n<p><span style=\"vertical-align: inherit;\"><span style=\"vertical-align: inherit;\">On peut aussi les trouver \u00e0 la sobrasada, au chocolat, aux cheveux d&rsquo;ange ou \u00e0 la cr\u00e8me br\u00fbl\u00e9e: elles sont d\u00e9licieuses!<\/span><\/span><\/p>\n<h2><span style=\"font-size: 18pt;\"><span style=\"vertical-align: inherit;\"><span style=\"vertical-align: inherit;\">La meilleure ensaimada du monde<\/span><\/span><\/span><\/h2>\n<p><span style=\"vertical-align: inherit;\"><span style=\"vertical-align: inherit;\">Depuis 2020, Minorque compte deux p\u00e2tisseries, celle de <\/span><\/span><strong><span style=\"vertical-align: inherit;\"><span style=\"vertical-align: inherit;\">Can Pons<\/span><\/span><\/strong><span style=\"vertical-align: inherit;\"><span style=\"vertical-align: inherit;\"> \u00e0 <\/span><\/span><strong><a href=\"https:\/\/viajamenorca.com\/guia-turistica\/pueblos\/mercadal\/\"><span style=\"vertical-align: inherit;\"><span style=\"vertical-align: inherit;\">Es Mercadal<\/span><\/span><\/a><\/strong><span style=\"vertical-align: inherit;\"><span style=\"vertical-align: inherit;\"> et <\/span><\/span><strong><span style=\"vertical-align: inherit;\"><span style=\"vertical-align: inherit;\">Herbera<\/span><\/span><\/strong><span style=\"vertical-align: inherit;\"><span style=\"vertical-align: inherit;\"> \u00e0 <\/span><\/span><strong><a href=\"https:\/\/viajamenorca.com\/guia-turistica\/pueblos\/ciudadela\/\"><span style=\"vertical-align: inherit;\"><span style=\"vertical-align: inherit;\">Ciutadella<\/span><\/span><\/a><\/strong><span style=\"vertical-align: inherit;\"><span style=\"vertical-align: inherit;\">, qui ont remport\u00e9 avec m\u00e9rite le titre de <\/span><\/span><strong><a href=\"https:\/\/www.mallorcadiario.com\/la-mejor-ensaimada-del-mundo-2020-se-elabora-en-menorca\" target=\"_blank\" rel=\"nofollow noopener\"><span style=\"vertical-align: inherit;\"><span style=\"vertical-align: inherit;\">meilleure ensaimada du monde<\/span><\/span><\/a><\/strong><span style=\"vertical-align: inherit;\"><span style=\"vertical-align: inherit;\">, dans deux de leurs sp\u00e9cialit\u00e9s : la traditionnelle sans garniture et celle aux cheveux d&rsquo;ange.<\/span><\/span><\/p>\n<p><span style=\"vertical-align: inherit;\"><span style=\"vertical-align: inherit;\">Ce IVe Championnat du Monde d&rsquo;Ensaimadas s&rsquo;est tenu \u00e0 Majorque et a r\u00e9uni plus de 30 p\u00e2tisseries de Minorque, Majorque, Barcelone et Madrid.<\/span><\/span><\/p>\n<h2><span style=\"font-size: 18pt;\"><span style=\"vertical-align: inherit;\"><span style=\"vertical-align: inherit;\">Acheter des ensaimadas<\/span><\/span><\/span><\/h2>\n<h3><span style=\"font-size: 14pt;\"><span style=\"vertical-align: inherit;\"><span style=\"vertical-align: inherit;\">Si vous ne pouvez pas attendre de voyager aux \u00eeles Bal\u00e9ares pour les go\u00fbter, voici les liens vers les ateliers gagnants, o\u00f9 vous pouvez les acheter confortablement depuis chez vous. <\/span><\/span><\/span><span style=\"font-size: 14pt;\"><span style=\"vertical-align: inherit;\"><span style=\"font-size: 12pt;\"><span style=\"color: #333333; font-size: 12pt;\"><div class=\"g g-10\"><div class=\"g-single a-82\"><a href=\"https:\/\/www.civitatis.com\/fr\/fornells\/jeep-safari-minorque\/?aid=99960\" target=\"_blank\" rel=\"nofollow\">\r\n    <img decoding=\"async\" src=\"https:\/\/www.viajamenorca.com\/wp-content\/uploads\/2026\/02\/FRANCES_ROSE-7-1.jpg\" width=\"350\" height=\"210\" title=\"Excursion en 4x4 \u00e0 Minorque\" alt=\"Excursion en 4x4 \u00e0 Minorque\" \/>\r\n<\/a><\/div><\/div><\/span><\/span><\/span><\/span><\/h3>\n<h3><span style=\"font-size: 14pt;\"><a href=\"https:\/\/www.can-pons.com\/es\/inicio\" target=\"_blank\" rel=\"nofollow noopener\"><strong><span style=\"vertical-align: inherit;\"><span style=\"vertical-align: inherit;\"><span style=\"color: #000000;\">P\u00e2tisserie Can Pons <span style=\"font-size: 12pt;\">&#8211;<\/span><\/span><span style=\"font-size: 12pt;\"> Acheter en ligne<\/span><\/span><\/span><\/strong><\/a><\/span><\/h3>\n<p><strong><span style=\"vertical-align: inherit;\"><span style=\"vertical-align: inherit;\">Adresse :<\/span><\/span><\/strong><span style=\"vertical-align: inherit;\"><span style=\"vertical-align: inherit;\">\u00a0 Carrer del General Albert\u00ed, 6, <\/span><\/span><strong><a href=\"https:\/\/www.viajamenorca.com\/fr\/guide-touristique\/villages\/es-mercadal\/\"><span style=\"vertical-align: inherit;\"><span style=\"vertical-align: inherit;\">Es Mercadal<\/span><\/span><\/a><\/strong><span style=\"vertical-align: inherit;\"><span style=\"vertical-align: inherit;\">.<\/span><\/span><\/p>\n<p><a href=\"https:\/\/goo.gl\/maps\/davra7F1TpNTUm3D9\" target=\"_blank\" rel=\"nofollow noopener\"><span style=\"font-size: 12pt;\"><strong><span style=\"vertical-align: inherit;\"><span style=\"vertical-align: inherit;\">Ouvrir la carte avec les indications GPS<\/span><\/span><\/strong><\/span><\/a><\/p>\n<h3><span style=\"font-size: 14pt;\"><a href=\"https:\/\/herberabakery.com\/tienda\/\" target=\"_blank\" rel=\"nofollow noopener\"><strong><span style=\"vertical-align: inherit;\"><span style=\"vertical-align: inherit;\"><span style=\"color: #000000;\">P\u00e2tisserie Herbera <span style=\"font-size: 12pt;\">&#8211;<\/span><\/span><span style=\"font-size: 12pt;\"> Acheter en ligne<\/span><\/span><\/span><\/strong><\/a><\/span><\/h3>\n<p><strong><span style=\"vertical-align: inherit;\"><span style=\"vertical-align: inherit;\">Adresse :<\/span><\/span><\/strong><span style=\"vertical-align: inherit;\"><span style=\"vertical-align: inherit;\"> Carrer de Sant Antoni M\u00aa. <\/span><span style=\"vertical-align: inherit;\">Claret, 76, <\/span><\/span><a href=\"https:\/\/www.viajamenorca.com\/fr\/guide-touristique\/villages\/ciutadella-citadelle\/\"><strong><span style=\"vertical-align: inherit;\"><span style=\"vertical-align: inherit;\">Ciutadella<\/span><\/span><\/strong><\/a><\/p>\n<p><a href=\"https:\/\/goo.gl\/maps\/Dt8ENx6DV8yxEWGu5\" target=\"_blank\" rel=\"nofollow noopener\"><span style=\"font-size: 12pt;\"><strong><span style=\"vertical-align: inherit;\"><span style=\"vertical-align: inherit;\">Ouvrir la carte avec les indications GPS<\/span><\/span><\/strong><\/span><\/a><\/p>\n<h2 style=\"text-align: left;\"><span style=\"font-size: 18pt;\"><span style=\"vertical-align: inherit;\"><span style=\"vertical-align: inherit;\">Galerie d&rsquo;images<\/span><\/span><\/span><\/h2>\n<div id='gallery-1' class='gallery galleryid-63554 gallery-columns-4 gallery-size-thumbnail'><figure class='gallery-item'>\n\t\t\t<div class='gallery-icon portrait'>\n\t\t\t\t<a href='https:\/\/www.viajamenorca.com\/fr\/guide-touristique\/gastronomie\/patisseries-minorquines\/ensaimada-minorquine\/attachment\/dscn9234\/#main'><img decoding=\"async\" width=\"150\" height=\"150\" src=\"https:\/\/www.viajamenorca.com\/wp-content\/uploads\/2020\/12\/DSCN9234-150x150.jpg\" class=\"attachment-thumbnail size-thumbnail\" alt=\"\" aria-describedby=\"gallery-1-63602\" srcset=\"https:\/\/www.viajamenorca.com\/wp-content\/uploads\/2020\/12\/DSCN9234-150x150.jpg 150w, https:\/\/www.viajamenorca.com\/wp-content\/uploads\/2020\/12\/DSCN9234-250x250.jpg 250w, https:\/\/www.viajamenorca.com\/wp-content\/uploads\/2020\/12\/DSCN9234-125x125.jpg 125w, https:\/\/www.viajamenorca.com\/wp-content\/uploads\/2020\/12\/DSCN9234-110x110.jpg 110w, https:\/\/www.viajamenorca.com\/wp-content\/uploads\/2020\/12\/DSCN9234-420x420.jpg 420w\" sizes=\"(max-width: 150px) 100vw, 150px\" \/><\/a>\n\t\t\t<\/div>\n\t\t\t\t<figcaption class='wp-caption-text gallery-caption' id='gallery-1-63602'>\n\t\t\t\tLe ma\u00eetre gagnant, de la p\u00e2tisserie Can Pons\n\t\t\t\t<\/figcaption><\/figure><figure class='gallery-item'>\n\t\t\t<div class='gallery-icon landscape'>\n\t\t\t\t<a href='https:\/\/www.viajamenorca.com\/fr\/guide-touristique\/gastronomie\/patisseries-minorquines\/ensaimada-minorquine\/attachment\/dscn9294\/#main'><img decoding=\"async\" width=\"150\" height=\"150\" src=\"https:\/\/www.viajamenorca.com\/wp-content\/uploads\/2020\/12\/DSCN9294-150x150.jpg\" class=\"attachment-thumbnail size-thumbnail\" alt=\"\" aria-describedby=\"gallery-1-63603\" srcset=\"https:\/\/www.viajamenorca.com\/wp-content\/uploads\/2020\/12\/DSCN9294-150x150.jpg 150w, https:\/\/www.viajamenorca.com\/wp-content\/uploads\/2020\/12\/DSCN9294-250x250.jpg 250w, https:\/\/www.viajamenorca.com\/wp-content\/uploads\/2020\/12\/DSCN9294-125x125.jpg 125w, https:\/\/www.viajamenorca.com\/wp-content\/uploads\/2020\/12\/DSCN9294-110x110.jpg 110w, https:\/\/www.viajamenorca.com\/wp-content\/uploads\/2020\/12\/DSCN9294-420x420.jpg 420w\" sizes=\"(max-width: 150px) 100vw, 150px\" \/><\/a>\n\t\t\t<\/div>\n\t\t\t\t<figcaption class='wp-caption-text gallery-caption' id='gallery-1-63603'>\n\t\t\t\tPastisseria Can Pons, Es Mercadal, Minorque\n\t\t\t\t<\/figcaption><\/figure><figure class='gallery-item'>\n\t\t\t<div class='gallery-icon landscape'>\n\t\t\t\t<a href='https:\/\/www.viajamenorca.com\/fr\/guide-touristique\/gastronomie\/patisseries-minorquines\/ensaimada-minorquine\/attachment\/ensaimada-2-2\/#main'><img decoding=\"async\" width=\"150\" height=\"150\" src=\"https:\/\/www.viajamenorca.com\/wp-content\/uploads\/2020\/12\/Ensaimada-150x150.jpg\" class=\"attachment-thumbnail size-thumbnail\" alt=\"\" aria-describedby=\"gallery-1-63555\" srcset=\"https:\/\/www.viajamenorca.com\/wp-content\/uploads\/2020\/12\/Ensaimada-150x150.jpg 150w, https:\/\/www.viajamenorca.com\/wp-content\/uploads\/2020\/12\/Ensaimada-250x250.jpg 250w, https:\/\/www.viajamenorca.com\/wp-content\/uploads\/2020\/12\/Ensaimada-125x125.jpg 125w, https:\/\/www.viajamenorca.com\/wp-content\/uploads\/2020\/12\/Ensaimada-110x110.jpg 110w, https:\/\/www.viajamenorca.com\/wp-content\/uploads\/2020\/12\/Ensaimada-420x420.jpg 420w\" sizes=\"(max-width: 150px) 100vw, 150px\" \/><\/a>\n\t\t\t<\/div>\n\t\t\t\t<figcaption class='wp-caption-text gallery-caption' id='gallery-1-63555'>\n\t\t\t\tLa classique sans garniture\n\t\t\t\t<\/figcaption><\/figure><figure class='gallery-item'>\n\t\t\t<div class='gallery-icon landscape'>\n\t\t\t\t<a href='https:\/\/www.viajamenorca.com\/fr\/guide-touristique\/gastronomie\/patisseries-minorquines\/ensaimada-minorquine\/attachment\/ens\/#main'><img decoding=\"async\" width=\"150\" height=\"150\" src=\"https:\/\/www.viajamenorca.com\/wp-content\/uploads\/2020\/12\/ens-150x150.jpg\" class=\"attachment-thumbnail size-thumbnail\" alt=\"\" aria-describedby=\"gallery-1-63604\" srcset=\"https:\/\/www.viajamenorca.com\/wp-content\/uploads\/2020\/12\/ens-150x150.jpg 150w, https:\/\/www.viajamenorca.com\/wp-content\/uploads\/2020\/12\/ens-250x250.jpg 250w, https:\/\/www.viajamenorca.com\/wp-content\/uploads\/2020\/12\/ens-125x125.jpg 125w, https:\/\/www.viajamenorca.com\/wp-content\/uploads\/2020\/12\/ens-110x110.jpg 110w, https:\/\/www.viajamenorca.com\/wp-content\/uploads\/2020\/12\/ens-420x420.jpg 420w\" sizes=\"(max-width: 150px) 100vw, 150px\" \/><\/a>\n\t\t\t<\/div>\n\t\t\t\t<figcaption class='wp-caption-text gallery-caption' id='gallery-1-63604'>\n\t\t\t\tEnsaimada majorquine\n\t\t\t\t<\/figcaption><\/figure>\n\t\t<\/div>\n\n<hr \/>\n\n\n<figure class=\"wp-block-embed is-type-video is-provider-youtube wp-block-embed-youtube wp-embed-aspect-16-9 wp-has-aspect-ratio\"><div class=\"wp-block-embed__wrapper\">\n<iframe title=\"Ensaimada, Can Pons,  Minorque\" width=\"1200\" height=\"675\" src=\"https:\/\/www.youtube.com\/embed\/NeqtE5aUExM?feature=oembed\" frameborder=\"0\" allow=\"accelerometer; autoplay; clipboard-write; encrypted-media; gyroscope; picture-in-picture; web-share\" referrerpolicy=\"strict-origin-when-cross-origin\" allowfullscreen><\/iframe>\n<\/div><\/figure>\n\n\n\n<div style=\"text-align:center;\"><script>function loadScript(url, callback){var script=document.createElement('script'); script.type='text\/javascript'; if (script.readyState){script.onreadystatechange=function(){if (script.readyState=='loaded' || script.readyState=='complete'){script.onreadystatechange=null; callback();}};}else{script.onload=function(){callback();};}script.src=url; document.getElementsByTagName('head')[0].appendChild(script);}loadScript('https:\/\/cdn2.civitatis.com\/js\/vendor\/iframeResizer.min.js', function(){iFrameResize({checkOrigin:false,initCallback:function(iframe){setTimeout(function(){var resizeEvent = window.document.createEvent('UIEvents'); resizeEvent.initUIEvent('resize', true, false, window, 0); iframe.dispatchEvent(resizeEvent);});}})})<\/script><iframe class=\"civitatis-iframe\" src=\"https:\/\/www.civitatis.com\/widget-activities\/?affiliated=99960&amp;display=comfort&amp;cant=6&amp;lang=fr&amp;currency=EUR&amp;zone=492&amp;activities=20872,124845&amp;transfer=0&amp;cmp=Widget_Menorca_ES&amp;width=100%&amp;hideButton=0&amp;centerContent=1&amp;typeSelection=manual&amp;color=1d5a8f&amp;typography=Montserrat&amp;removeBackground=1&amp;showShadow=1&amp;roundedButtons=1\" width=\"100%\" frameborder=\"0\" data-maxwidth=\"100%\" style=\"max-width: 100%\"><\/iframe><\/div>\n","protected":false},"excerpt":{"rendered":"<p>Il n&rsquo;y a pas un touriste visitant Minorque qui ne rapporte pas une c\u00e9l\u00e8bre et irr\u00e9sistible ensaimada chez lui, pour pouvoir la d\u00e9guster et la partager en famille ou entre &#8230; <\/p>\n<p class=\"read-more-container\"><a title=\"Ensaimada minorquine\" class=\"read-more button\" href=\"https:\/\/www.viajamenorca.com\/fr\/guide-touristique\/gastronomie\/patisseries-minorquines\/ensaimada-minorquine\/#more-63554\" aria-label=\"En savoir plus sur Ensaimada minorquine\">Lire plus<\/a><\/p>\n","protected":false},"author":1,"featured_media":63555,"comment_status":"closed","ping_status":"closed","sticky":false,"template":"","format":"standard","meta":{"_acf_changed":false,"footnotes":""},"categories":[1870,1581,1874,1871],"tags":[3117,3218,3215,3217,3121,3219,3123,1585,3214,3125,3216],"class_list":["post-63554","post","type-post","status-publish","format-standard","has-post-thumbnail","hentry","category-gastronomie","category-guide-touristique","category-patisseries-minorquines","category-recettes","tag-can-pons","tag-douceurs-typiques","tag-ensaimada-au-chocolat","tag-ensaimada-majorquine","tag-ensaimada-mallorquina","tag-ensaimada-minorquine","tag-ensaimadas","tag-es-mercadal","tag-meilleure-ensaimada-du-monde","tag-pasteleria-herbera-ciudadela","tag-patisserie-minorquine","resize-featured-image"],"acf":{"elige_un_tipo_de_actividad":"","buscar_por_zonas":""},"yoast_head":"<!-- This site is optimized with the Yoast SEO plugin v27.4 - https:\/\/yoast.com\/product\/yoast-seo-wordpress\/ -->\n<title>Ensaimada minorquine - D\u00e9couvrez cette confiserie typique des \u00eeles<\/title>\n<meta name=\"description\" content=\"Il n&#039;y a pas un seul touriste qui visite Minorque sans ramener chez lui une c\u00e9l\u00e8bre et irr\u00e9sistible ensaimada minorquine, afin de pouvoir la\" \/>\n<meta name=\"robots\" content=\"index, follow, max-snippet:-1, max-image-preview:large, max-video-preview:-1\" \/>\n<link rel=\"canonical\" href=\"https:\/\/www.viajamenorca.com\/fr\/guide-touristique\/gastronomie\/patisseries-minorquines\/ensaimada-minorquine\/\" \/>\n<meta property=\"og:locale\" content=\"fr_FR\" \/>\n<meta property=\"og:type\" content=\"article\" \/>\n<meta property=\"og:title\" content=\"Ensaimada minorquine - D\u00e9couvrez cette confiserie typique des \u00eeles\" \/>\n<meta property=\"og:description\" content=\"Il n&#039;y a pas un seul touriste qui visite Minorque sans ramener chez lui une c\u00e9l\u00e8bre et irr\u00e9sistible ensaimada minorquine, afin de pouvoir la\" \/>\n<meta property=\"og:url\" content=\"https:\/\/www.viajamenorca.com\/fr\/guide-touristique\/gastronomie\/patisseries-minorquines\/ensaimada-minorquine\/\" \/>\n<meta property=\"og:site_name\" content=\"Viaja a Menorca\" \/>\n<meta property=\"article:publisher\" content=\"https:\/\/www.facebook.com\/ViajaMenorca\/\" \/>\n<meta property=\"article:author\" content=\"https:\/\/www.facebook.com\/ViajaMenorca\/\" \/>\n<meta property=\"article:published_time\" content=\"2020-12-20T23:19:55+00:00\" \/>\n<meta property=\"article:modified_time\" content=\"2026-03-12T12:39:18+00:00\" \/>\n<meta property=\"og:image\" content=\"https:\/\/www.viajamenorca.com\/wp-content\/uploads\/2020\/12\/Ensaimada.jpg\" \/>\n\t<meta property=\"og:image:width\" content=\"1300\" \/>\n\t<meta property=\"og:image:height\" content=\"820\" \/>\n\t<meta property=\"og:image:type\" content=\"image\/jpeg\" \/>\n<meta name=\"author\" content=\"RVM\" \/>\n<meta name=\"twitter:card\" content=\"summary_large_image\" \/>\n<meta name=\"twitter:creator\" content=\"@ViajaMenorca\" \/>\n<meta name=\"twitter:site\" content=\"@ViajaMenorca\" \/>\n<meta name=\"twitter:label1\" content=\"\u00c9crit par\" \/>\n\t<meta name=\"twitter:data1\" content=\"RVM\" \/>\n\t<meta name=\"twitter:label2\" content=\"Dur\u00e9e de lecture estim\u00e9e\" \/>\n\t<meta name=\"twitter:data2\" content=\"2 minutes\" \/>\n<script type=\"application\/ld+json\" class=\"yoast-schema-graph\">{\"@context\":\"https:\\\/\\\/schema.org\",\"@graph\":[{\"@type\":\"Article\",\"@id\":\"https:\\\/\\\/www.viajamenorca.com\\\/fr\\\/guide-touristique\\\/gastronomie\\\/patisseries-minorquines\\\/ensaimada-minorquine\\\/#article\",\"isPartOf\":{\"@id\":\"https:\\\/\\\/www.viajamenorca.com\\\/fr\\\/guide-touristique\\\/gastronomie\\\/patisseries-minorquines\\\/ensaimada-minorquine\\\/\"},\"author\":{\"name\":\"RVM\",\"@id\":\"https:\\\/\\\/www.viajamenorca.com\\\/fr\\\/#\\\/schema\\\/person\\\/a4a17bcf26fbf36b9726dc16edd0a3fc\"},\"headline\":\"Ensaimada minorquine\",\"datePublished\":\"2020-12-20T23:19:55+00:00\",\"dateModified\":\"2026-03-12T12:39:18+00:00\",\"mainEntityOfPage\":{\"@id\":\"https:\\\/\\\/www.viajamenorca.com\\\/fr\\\/guide-touristique\\\/gastronomie\\\/patisseries-minorquines\\\/ensaimada-minorquine\\\/\"},\"wordCount\":342,\"publisher\":{\"@id\":\"https:\\\/\\\/www.viajamenorca.com\\\/fr\\\/#organization\"},\"image\":{\"@id\":\"https:\\\/\\\/www.viajamenorca.com\\\/fr\\\/guide-touristique\\\/gastronomie\\\/patisseries-minorquines\\\/ensaimada-minorquine\\\/#primaryimage\"},\"thumbnailUrl\":\"https:\\\/\\\/www.viajamenorca.com\\\/wp-content\\\/uploads\\\/2020\\\/12\\\/Ensaimada.jpg\",\"keywords\":[\"Can Pons\",\"Douceurs typiques\",\"Ensaimada au chocolat\",\"Ensaimada majorquine\",\"Ensaimada Mallorquina\",\"Ensaimada minorquine\",\"Ensaimadas\",\"Es Mercadal\",\"Meilleure ensaimada du monde\",\"Pasteler\u00eda Herbera Ciudadela\",\"P\u00e2tisserie minorquine\"],\"articleSection\":[\"Gastronomie\",\"Guide touristique\",\"P\u00e2tisseries minorquines\",\"Recettes\"],\"inLanguage\":\"fr-FR\"},{\"@type\":\"WebPage\",\"@id\":\"https:\\\/\\\/www.viajamenorca.com\\\/fr\\\/guide-touristique\\\/gastronomie\\\/patisseries-minorquines\\\/ensaimada-minorquine\\\/\",\"url\":\"https:\\\/\\\/www.viajamenorca.com\\\/fr\\\/guide-touristique\\\/gastronomie\\\/patisseries-minorquines\\\/ensaimada-minorquine\\\/\",\"name\":\"Ensaimada minorquine - D\u00e9couvrez cette confiserie typique des \u00eeles\",\"isPartOf\":{\"@id\":\"https:\\\/\\\/www.viajamenorca.com\\\/fr\\\/#website\"},\"primaryImageOfPage\":{\"@id\":\"https:\\\/\\\/www.viajamenorca.com\\\/fr\\\/guide-touristique\\\/gastronomie\\\/patisseries-minorquines\\\/ensaimada-minorquine\\\/#primaryimage\"},\"image\":{\"@id\":\"https:\\\/\\\/www.viajamenorca.com\\\/fr\\\/guide-touristique\\\/gastronomie\\\/patisseries-minorquines\\\/ensaimada-minorquine\\\/#primaryimage\"},\"thumbnailUrl\":\"https:\\\/\\\/www.viajamenorca.com\\\/wp-content\\\/uploads\\\/2020\\\/12\\\/Ensaimada.jpg\",\"datePublished\":\"2020-12-20T23:19:55+00:00\",\"dateModified\":\"2026-03-12T12:39:18+00:00\",\"description\":\"Il n'y a pas un seul touriste qui visite Minorque sans ramener chez lui une c\u00e9l\u00e8bre et irr\u00e9sistible ensaimada minorquine, afin de pouvoir la\",\"breadcrumb\":{\"@id\":\"https:\\\/\\\/www.viajamenorca.com\\\/fr\\\/guide-touristique\\\/gastronomie\\\/patisseries-minorquines\\\/ensaimada-minorquine\\\/#breadcrumb\"},\"inLanguage\":\"fr-FR\",\"potentialAction\":[{\"@type\":\"ReadAction\",\"target\":[\"https:\\\/\\\/www.viajamenorca.com\\\/fr\\\/guide-touristique\\\/gastronomie\\\/patisseries-minorquines\\\/ensaimada-minorquine\\\/\"]}]},{\"@type\":\"ImageObject\",\"inLanguage\":\"fr-FR\",\"@id\":\"https:\\\/\\\/www.viajamenorca.com\\\/fr\\\/guide-touristique\\\/gastronomie\\\/patisseries-minorquines\\\/ensaimada-minorquine\\\/#primaryimage\",\"url\":\"https:\\\/\\\/www.viajamenorca.com\\\/wp-content\\\/uploads\\\/2020\\\/12\\\/Ensaimada.jpg\",\"contentUrl\":\"https:\\\/\\\/www.viajamenorca.com\\\/wp-content\\\/uploads\\\/2020\\\/12\\\/Ensaimada.jpg\",\"width\":1300,\"height\":820,\"caption\":\"La classique sans garniture\"},{\"@type\":\"BreadcrumbList\",\"@id\":\"https:\\\/\\\/www.viajamenorca.com\\\/fr\\\/guide-touristique\\\/gastronomie\\\/patisseries-minorquines\\\/ensaimada-minorquine\\\/#breadcrumb\",\"itemListElement\":[{\"@type\":\"ListItem\",\"position\":1,\"name\":\"Guide touristique\",\"item\":\"https:\\\/\\\/www.viajamenorca.com\\\/fr\\\/.\\\/guide-touristique\\\/\"},{\"@type\":\"ListItem\",\"position\":2,\"name\":\"Gastronomie\",\"item\":\"https:\\\/\\\/www.viajamenorca.com\\\/fr\\\/.\\\/guide-touristique\\\/gastronomie\\\/\"},{\"@type\":\"ListItem\",\"position\":3,\"name\":\"P\u00e2tisseries minorquines\",\"item\":\"https:\\\/\\\/www.viajamenorca.com\\\/fr\\\/.\\\/guide-touristique\\\/gastronomie\\\/patisseries-minorquines\\\/\"},{\"@type\":\"ListItem\",\"position\":4,\"name\":\"tradition\"}]},{\"@type\":\"WebSite\",\"@id\":\"https:\\\/\\\/www.viajamenorca.com\\\/fr\\\/#website\",\"url\":\"https:\\\/\\\/www.viajamenorca.com\\\/fr\\\/\",\"name\":\"Viaja a Menorca\",\"description\":\"Votre aventure minorquine commence ici !\",\"publisher\":{\"@id\":\"https:\\\/\\\/www.viajamenorca.com\\\/fr\\\/#organization\"},\"alternateName\":\"Gu\u00eda tur\u00edstica de Menorca\",\"potentialAction\":[{\"@type\":\"SearchAction\",\"target\":{\"@type\":\"EntryPoint\",\"urlTemplate\":\"https:\\\/\\\/www.viajamenorca.com\\\/fr\\\/?s={search_term_string}\"},\"query-input\":{\"@type\":\"PropertyValueSpecification\",\"valueRequired\":true,\"valueName\":\"search_term_string\"}}],\"inLanguage\":\"fr-FR\"},{\"@type\":\"Organization\",\"@id\":\"https:\\\/\\\/www.viajamenorca.com\\\/fr\\\/#organization\",\"name\":\"Viaja a Menorca - Gu\u00eda tur\u00edstica\",\"alternateName\":\"Viaja a Menorca\",\"url\":\"https:\\\/\\\/www.viajamenorca.com\\\/fr\\\/\",\"logo\":{\"@type\":\"ImageObject\",\"inLanguage\":\"fr-FR\",\"@id\":\"https:\\\/\\\/www.viajamenorca.com\\\/fr\\\/#\\\/schema\\\/logo\\\/image\\\/\",\"url\":\"https:\\\/\\\/www.viajamenorca.com\\\/wp-content\\\/uploads\\\/2021\\\/11\\\/viajamenorca.jpg\",\"contentUrl\":\"https:\\\/\\\/www.viajamenorca.com\\\/wp-content\\\/uploads\\\/2021\\\/11\\\/viajamenorca.jpg\",\"width\":714,\"height\":714,\"caption\":\"Viaja a Menorca - Gu\u00eda tur\u00edstica\"},\"image\":{\"@id\":\"https:\\\/\\\/www.viajamenorca.com\\\/fr\\\/#\\\/schema\\\/logo\\\/image\\\/\"},\"sameAs\":[\"https:\\\/\\\/www.facebook.com\\\/ViajaMenorca\\\/\",\"https:\\\/\\\/x.com\\\/ViajaMenorca\",\"https:\\\/\\\/www.instagram.com\\\/viaja_menorca\\\/?hl=es\",\"https:\\\/\\\/www.youtube.com\\\/channel\\\/UCWtpR3jxp79HeZ8zZfHLhXw\"]},{\"@type\":\"Person\",\"@id\":\"https:\\\/\\\/www.viajamenorca.com\\\/fr\\\/#\\\/schema\\\/person\\\/a4a17bcf26fbf36b9726dc16edd0a3fc\",\"name\":\"RVM\",\"image\":{\"@type\":\"ImageObject\",\"inLanguage\":\"fr-FR\",\"@id\":\"https:\\\/\\\/www.viajamenorca.com\\\/wp-content\\\/litespeed\\\/avatar\\\/f92762d1538920c5ee7c40d8d2c84bc0.jpg?ver=1776737859\",\"url\":\"https:\\\/\\\/www.viajamenorca.com\\\/wp-content\\\/litespeed\\\/avatar\\\/f92762d1538920c5ee7c40d8d2c84bc0.jpg?ver=1776737859\",\"contentUrl\":\"https:\\\/\\\/www.viajamenorca.com\\\/wp-content\\\/litespeed\\\/avatar\\\/f92762d1538920c5ee7c40d8d2c84bc0.jpg?ver=1776737859\",\"caption\":\"RVM\"},\"description\":\"Guia turistica de Menorca creada por un menorquin amante de su tierra, espero que os guste.\",\"sameAs\":[\"http:\\\/\\\/www.viajamenorca.com\",\"https:\\\/\\\/www.facebook.com\\\/ViajaMenorca\\\/\",\"https:\\\/\\\/www.instagram.com\\\/viaja_menorca\\\/?hl=es\",\"https:\\\/\\\/x.com\\\/ViajaMenorca\",\"https:\\\/\\\/www.youtube.com\\\/c\\\/ViajamenorcaEs\",\"https:\\\/\\\/es.wikipedia.org\\\/wiki\\\/Menorca\"]}]}<\/script>\n<!-- \/ Yoast SEO plugin. -->","yoast_head_json":{"title":"Ensaimada minorquine - D\u00e9couvrez cette confiserie typique des \u00eeles","description":"Il n'y a pas un seul touriste qui visite Minorque sans ramener chez lui une c\u00e9l\u00e8bre et irr\u00e9sistible ensaimada minorquine, afin de pouvoir la","robots":{"index":"index","follow":"follow","max-snippet":"max-snippet:-1","max-image-preview":"max-image-preview:large","max-video-preview":"max-video-preview:-1"},"canonical":"https:\/\/www.viajamenorca.com\/fr\/guide-touristique\/gastronomie\/patisseries-minorquines\/ensaimada-minorquine\/","og_locale":"fr_FR","og_type":"article","og_title":"Ensaimada minorquine - D\u00e9couvrez cette confiserie typique des \u00eeles","og_description":"Il n'y a pas un seul touriste qui visite Minorque sans ramener chez lui une c\u00e9l\u00e8bre et irr\u00e9sistible ensaimada minorquine, afin de pouvoir la","og_url":"https:\/\/www.viajamenorca.com\/fr\/guide-touristique\/gastronomie\/patisseries-minorquines\/ensaimada-minorquine\/","og_site_name":"Viaja a Menorca","article_publisher":"https:\/\/www.facebook.com\/ViajaMenorca\/","article_author":"https:\/\/www.facebook.com\/ViajaMenorca\/","article_published_time":"2020-12-20T23:19:55+00:00","article_modified_time":"2026-03-12T12:39:18+00:00","og_image":[{"width":1300,"height":820,"url":"https:\/\/www.viajamenorca.com\/wp-content\/uploads\/2020\/12\/Ensaimada.jpg","type":"image\/jpeg"}],"author":"RVM","twitter_card":"summary_large_image","twitter_creator":"@ViajaMenorca","twitter_site":"@ViajaMenorca","twitter_misc":{"\u00c9crit par":"RVM","Dur\u00e9e de lecture estim\u00e9e":"2 minutes"},"schema":{"@context":"https:\/\/schema.org","@graph":[{"@type":"Article","@id":"https:\/\/www.viajamenorca.com\/fr\/guide-touristique\/gastronomie\/patisseries-minorquines\/ensaimada-minorquine\/#article","isPartOf":{"@id":"https:\/\/www.viajamenorca.com\/fr\/guide-touristique\/gastronomie\/patisseries-minorquines\/ensaimada-minorquine\/"},"author":{"name":"RVM","@id":"https:\/\/www.viajamenorca.com\/fr\/#\/schema\/person\/a4a17bcf26fbf36b9726dc16edd0a3fc"},"headline":"Ensaimada minorquine","datePublished":"2020-12-20T23:19:55+00:00","dateModified":"2026-03-12T12:39:18+00:00","mainEntityOfPage":{"@id":"https:\/\/www.viajamenorca.com\/fr\/guide-touristique\/gastronomie\/patisseries-minorquines\/ensaimada-minorquine\/"},"wordCount":342,"publisher":{"@id":"https:\/\/www.viajamenorca.com\/fr\/#organization"},"image":{"@id":"https:\/\/www.viajamenorca.com\/fr\/guide-touristique\/gastronomie\/patisseries-minorquines\/ensaimada-minorquine\/#primaryimage"},"thumbnailUrl":"https:\/\/www.viajamenorca.com\/wp-content\/uploads\/2020\/12\/Ensaimada.jpg","keywords":["Can Pons","Douceurs typiques","Ensaimada au chocolat","Ensaimada majorquine","Ensaimada Mallorquina","Ensaimada minorquine","Ensaimadas","Es Mercadal","Meilleure ensaimada du monde","Pasteler\u00eda Herbera Ciudadela","P\u00e2tisserie minorquine"],"articleSection":["Gastronomie","Guide touristique","P\u00e2tisseries minorquines","Recettes"],"inLanguage":"fr-FR"},{"@type":"WebPage","@id":"https:\/\/www.viajamenorca.com\/fr\/guide-touristique\/gastronomie\/patisseries-minorquines\/ensaimada-minorquine\/","url":"https:\/\/www.viajamenorca.com\/fr\/guide-touristique\/gastronomie\/patisseries-minorquines\/ensaimada-minorquine\/","name":"Ensaimada minorquine - D\u00e9couvrez cette confiserie typique des \u00eeles","isPartOf":{"@id":"https:\/\/www.viajamenorca.com\/fr\/#website"},"primaryImageOfPage":{"@id":"https:\/\/www.viajamenorca.com\/fr\/guide-touristique\/gastronomie\/patisseries-minorquines\/ensaimada-minorquine\/#primaryimage"},"image":{"@id":"https:\/\/www.viajamenorca.com\/fr\/guide-touristique\/gastronomie\/patisseries-minorquines\/ensaimada-minorquine\/#primaryimage"},"thumbnailUrl":"https:\/\/www.viajamenorca.com\/wp-content\/uploads\/2020\/12\/Ensaimada.jpg","datePublished":"2020-12-20T23:19:55+00:00","dateModified":"2026-03-12T12:39:18+00:00","description":"Il n'y a pas un seul touriste qui visite Minorque sans ramener chez lui une c\u00e9l\u00e8bre et irr\u00e9sistible ensaimada minorquine, afin de pouvoir la","breadcrumb":{"@id":"https:\/\/www.viajamenorca.com\/fr\/guide-touristique\/gastronomie\/patisseries-minorquines\/ensaimada-minorquine\/#breadcrumb"},"inLanguage":"fr-FR","potentialAction":[{"@type":"ReadAction","target":["https:\/\/www.viajamenorca.com\/fr\/guide-touristique\/gastronomie\/patisseries-minorquines\/ensaimada-minorquine\/"]}]},{"@type":"ImageObject","inLanguage":"fr-FR","@id":"https:\/\/www.viajamenorca.com\/fr\/guide-touristique\/gastronomie\/patisseries-minorquines\/ensaimada-minorquine\/#primaryimage","url":"https:\/\/www.viajamenorca.com\/wp-content\/uploads\/2020\/12\/Ensaimada.jpg","contentUrl":"https:\/\/www.viajamenorca.com\/wp-content\/uploads\/2020\/12\/Ensaimada.jpg","width":1300,"height":820,"caption":"La classique sans garniture"},{"@type":"BreadcrumbList","@id":"https:\/\/www.viajamenorca.com\/fr\/guide-touristique\/gastronomie\/patisseries-minorquines\/ensaimada-minorquine\/#breadcrumb","itemListElement":[{"@type":"ListItem","position":1,"name":"Guide touristique","item":"https:\/\/www.viajamenorca.com\/fr\/.\/guide-touristique\/"},{"@type":"ListItem","position":2,"name":"Gastronomie","item":"https:\/\/www.viajamenorca.com\/fr\/.\/guide-touristique\/gastronomie\/"},{"@type":"ListItem","position":3,"name":"P\u00e2tisseries minorquines","item":"https:\/\/www.viajamenorca.com\/fr\/.\/guide-touristique\/gastronomie\/patisseries-minorquines\/"},{"@type":"ListItem","position":4,"name":"tradition"}]},{"@type":"WebSite","@id":"https:\/\/www.viajamenorca.com\/fr\/#website","url":"https:\/\/www.viajamenorca.com\/fr\/","name":"Viaja a Menorca","description":"Votre aventure minorquine commence ici !","publisher":{"@id":"https:\/\/www.viajamenorca.com\/fr\/#organization"},"alternateName":"Gu\u00eda tur\u00edstica de Menorca","potentialAction":[{"@type":"SearchAction","target":{"@type":"EntryPoint","urlTemplate":"https:\/\/www.viajamenorca.com\/fr\/?s={search_term_string}"},"query-input":{"@type":"PropertyValueSpecification","valueRequired":true,"valueName":"search_term_string"}}],"inLanguage":"fr-FR"},{"@type":"Organization","@id":"https:\/\/www.viajamenorca.com\/fr\/#organization","name":"Viaja a Menorca - Gu\u00eda tur\u00edstica","alternateName":"Viaja a Menorca","url":"https:\/\/www.viajamenorca.com\/fr\/","logo":{"@type":"ImageObject","inLanguage":"fr-FR","@id":"https:\/\/www.viajamenorca.com\/fr\/#\/schema\/logo\/image\/","url":"https:\/\/www.viajamenorca.com\/wp-content\/uploads\/2021\/11\/viajamenorca.jpg","contentUrl":"https:\/\/www.viajamenorca.com\/wp-content\/uploads\/2021\/11\/viajamenorca.jpg","width":714,"height":714,"caption":"Viaja a Menorca - Gu\u00eda tur\u00edstica"},"image":{"@id":"https:\/\/www.viajamenorca.com\/fr\/#\/schema\/logo\/image\/"},"sameAs":["https:\/\/www.facebook.com\/ViajaMenorca\/","https:\/\/x.com\/ViajaMenorca","https:\/\/www.instagram.com\/viaja_menorca\/?hl=es","https:\/\/www.youtube.com\/channel\/UCWtpR3jxp79HeZ8zZfHLhXw"]},{"@type":"Person","@id":"https:\/\/www.viajamenorca.com\/fr\/#\/schema\/person\/a4a17bcf26fbf36b9726dc16edd0a3fc","name":"RVM","image":{"@type":"ImageObject","inLanguage":"fr-FR","@id":"https:\/\/www.viajamenorca.com\/wp-content\/litespeed\/avatar\/f92762d1538920c5ee7c40d8d2c84bc0.jpg?ver=1776737859","url":"https:\/\/www.viajamenorca.com\/wp-content\/litespeed\/avatar\/f92762d1538920c5ee7c40d8d2c84bc0.jpg?ver=1776737859","contentUrl":"https:\/\/www.viajamenorca.com\/wp-content\/litespeed\/avatar\/f92762d1538920c5ee7c40d8d2c84bc0.jpg?ver=1776737859","caption":"RVM"},"description":"Guia turistica de Menorca creada por un menorquin amante de su tierra, espero que os guste.","sameAs":["http:\/\/www.viajamenorca.com","https:\/\/www.facebook.com\/ViajaMenorca\/","https:\/\/www.instagram.com\/viaja_menorca\/?hl=es","https:\/\/x.com\/ViajaMenorca","https:\/\/www.youtube.com\/c\/ViajamenorcaEs","https:\/\/es.wikipedia.org\/wiki\/Menorca"]}]}},"_links":{"self":[{"href":"https:\/\/www.viajamenorca.com\/fr\/wp-json\/wp\/v2\/posts\/63554","targetHints":{"allow":["GET"]}}],"collection":[{"href":"https:\/\/www.viajamenorca.com\/fr\/wp-json\/wp\/v2\/posts"}],"about":[{"href":"https:\/\/www.viajamenorca.com\/fr\/wp-json\/wp\/v2\/types\/post"}],"author":[{"embeddable":true,"href":"https:\/\/www.viajamenorca.com\/fr\/wp-json\/wp\/v2\/users\/1"}],"replies":[{"embeddable":true,"href":"https:\/\/www.viajamenorca.com\/fr\/wp-json\/wp\/v2\/comments?post=63554"}],"version-history":[{"count":4,"href":"https:\/\/www.viajamenorca.com\/fr\/wp-json\/wp\/v2\/posts\/63554\/revisions"}],"predecessor-version":[{"id":63614,"href":"https:\/\/www.viajamenorca.com\/fr\/wp-json\/wp\/v2\/posts\/63554\/revisions\/63614"}],"wp:featuredmedia":[{"embeddable":true,"href":"https:\/\/www.viajamenorca.com\/fr\/wp-json\/wp\/v2\/media\/63555"}],"wp:attachment":[{"href":"https:\/\/www.viajamenorca.com\/fr\/wp-json\/wp\/v2\/media?parent=63554"}],"wp:term":[{"taxonomy":"category","embeddable":true,"href":"https:\/\/www.viajamenorca.com\/fr\/wp-json\/wp\/v2\/categories?post=63554"},{"taxonomy":"post_tag","embeddable":true,"href":"https:\/\/www.viajamenorca.com\/fr\/wp-json\/wp\/v2\/tags?post=63554"}],"curies":[{"name":"wp","href":"https:\/\/api.w.org\/{rel}","templated":true}]}}