{"id":63556,"date":"2020-12-20T22:30:23","date_gmt":"2020-12-20T22:30:23","guid":{"rendered":"https:\/\/www.viajamenorca.com\/non-classe\/vinos-bodegas-menorca\/"},"modified":"2026-03-12T12:58:42","modified_gmt":"2026-03-12T12:58:42","slug":"vins-et-caves","status":"publish","type":"post","link":"https:\/\/www.viajamenorca.com\/fr\/guide-touristique\/gastronomie\/boissons-minorquines\/vins-et-caves\/","title":{"rendered":"Vins et caves"},"content":{"rendered":"<h3><span style=\"font-size: 14pt;\">Sur l&rsquo;\u00eele, vous trouverez \u00e9galement des vins de grande qualit\u00e9, d&rsquo;\u00e9laboration biologique et enti\u00e8rement artisanale, avec une large s\u00e9lection de vins rouges, blancs, ros\u00e9s ou mousseux.<\/span><\/h3>\n<p><a href=\"https:\/\/viajamenorca.com\/wp-content\/uploads\/2020\/05\/DSCN9498.jpg\"><img decoding=\"async\" class=\"alignright wp-image-10405\" title=\"Caves Minorquines de \u00ab Ferrer de Muntpalau \u00bb \u00e0 Es Mercadal\" src=\"https:\/\/www.viajamenorca.com\/wp-content\/uploads\/2020\/05\/DSCN9498-e1608506826548-1024x803.jpg\" alt=\"Caves Minorquines de \u00ab Ferrer de Muntpalau \u00bb \u00e0 Es Mercadal\" width=\"350\" height=\"275\" srcset=\"https:\/\/www.viajamenorca.com\/wp-content\/uploads\/2020\/05\/DSCN9498-e1608506826548-1024x803.jpg 1024w, https:\/\/www.viajamenorca.com\/wp-content\/uploads\/2020\/05\/DSCN9498-e1608506826548-300x235.jpg 300w, https:\/\/www.viajamenorca.com\/wp-content\/uploads\/2020\/05\/DSCN9498-e1608506826548-768x602.jpg 768w, https:\/\/www.viajamenorca.com\/wp-content\/uploads\/2020\/05\/DSCN9498-e1608506826548-1536x1205.jpg 1536w, https:\/\/www.viajamenorca.com\/wp-content\/uploads\/2020\/05\/DSCN9498-e1608506826548-110x86.jpg 110w, https:\/\/www.viajamenorca.com\/wp-content\/uploads\/2020\/05\/DSCN9498-e1608506826548-420x329.jpg 420w, https:\/\/www.viajamenorca.com\/wp-content\/uploads\/2020\/05\/DSCN9498-e1608506826548-548x430.jpg 548w, https:\/\/www.viajamenorca.com\/wp-content\/uploads\/2020\/05\/DSCN9498-e1608506826548.jpg 1873w\" sizes=\"(max-width: 350px) 100vw, 350px\" \/><\/a><\/p>\n<h3><span style=\"font-size: 15pt;\"><\/span><\/h3>\n<h2><span style=\"font-size: 18pt;\">Tradition<\/span><\/h2>\n<p>Minorque est une terre de coutumes et de traditions m\u00e9diterran\u00e9ennes qui \u00e9labore du vin depuis l&rsquo;\u00e9poque de l&rsquo;Empire romain.<\/p>\n<p>Cette tradition viticole s&rsquo;est perp\u00e9tu\u00e9e durant la conqu\u00eate musulmane jusqu&rsquo;au XVIIe si\u00e8cle, o\u00f9 elle a atteint son apog\u00e9e sous la domination britannique.<\/p>\n<h2><span style=\"font-size: 18pt;\">R\u00e9cup\u00e9ration<\/span><\/h2>\n<p>Actuellement, cette activit\u00e9 viticole rena\u00eet apr\u00e8s presque deux si\u00e8cles de disparition. Depuis le milieu des ann\u00e9es 80, plusieurs domaines viticoles ont vu le jour, produisant d&rsquo;excellents vins de mani\u00e8re biologique et artisanale, avec un tr\u00e8s bon rapport qualit\u00e9-prix.<\/p>\n<h2><span style=\"font-size: 18pt;\">Domaines Viticoles Minorquins<\/span><\/h2>\n<p>Certains des domaines les plus remarquables sont : <strong>Binitord<\/strong> \u00e0 <a href=\"https:\/\/www.viajamenorca.com\/fr\/guide-touristique\/villages\/ciutadella-citadelle\/\"><strong>Ciutadella<\/strong><\/a>, <strong>Binifadet<\/strong> \u00e0 <a href=\"https:\/\/www.viajamenorca.com\/fr\/guide-touristique\/villages\/sant-lluis-san-luis\/\"><strong>Sant Llu\u00eds<\/strong><\/a>, <strong>Torralbenc<\/strong> \u00e0 <strong>Alaior<\/strong> et les <strong><a href=\"https:\/\/viajamenorca.com\/revista\/bodegas-menorquinas-es-mercadal\/\">Bodegas Menorquinas<\/a><\/strong> \u00e0 <strong><a href=\"https:\/\/www.viajamenorca.com\/fr\/guide-touristique\/villages\/es-mercadal\/\">Es Mercadal<\/a><\/strong>. Ce dernier fut le premier \u00e0 obtenir l&rsquo;<strong><a href=\"https:\/\/es.wikipedia.org\/wiki\/Isla_de_Menorca_(vino)\" target=\"_blank\" rel=\"noopener\">Indication G\u00e9ographique Prot\u00e9g\u00e9e<\/a><\/strong> en tant que <strong>\u00ab\u00a0vi de la terra\u00a0\u00bb (vin de la terre)<\/strong>.<\/p>\n<p>Certains de ces domaines proposent des visites et des \u00e9v\u00e9nements dans leurs vignobles, avec des d\u00e9gustations et des ateliers gastronomiques.<\/p>\n<h2><span style=\"font-size: 18pt;\">Galerie d&rsquo;images<\/span><\/h2>\n\n\n<figure class=\"wp-block-gallery has-nested-images columns-default is-cropped wp-block-gallery-1 is-layout-flex wp-block-gallery-is-layout-flex\">\n<figure class=\"wp-block-image size-large\"><a href=\"https:\/\/www.viajamenorca.com\/revista\/bodegas-menorquinas-es-mercadal\/attachment\/portada_1_p-2\/#main\"><img decoding=\"async\" width=\"310\" height=\"200\" data-id=\"10406\" src=\"https:\/\/www.viajamenorca.com\/wp-content\/uploads\/2020\/05\/portada_1_p-1.jpg\" alt=\"\" class=\"wp-image-10406\" srcset=\"https:\/\/www.viajamenorca.com\/wp-content\/uploads\/2020\/05\/portada_1_p-1.jpg 310w, https:\/\/www.viajamenorca.com\/wp-content\/uploads\/2020\/05\/portada_1_p-1-300x194.jpg 300w, https:\/\/www.viajamenorca.com\/wp-content\/uploads\/2020\/05\/portada_1_p-1-110x71.jpg 110w\" sizes=\"(max-width: 310px) 100vw, 310px\" \/><\/a><figcaption class=\"wp-element-caption\">Vignobles situ\u00e9s sur le chemin de Tramontana, Es Mercadal, Minorque<\/figcaption><\/figure>\n\n\n\n<figure class=\"wp-block-image size-large\"><a href=\"https:\/\/www.viajamenorca.com\/revista\/bodegas-menorquinas-es-mercadal\/attachment\/pano3-3\/#main\"><img decoding=\"async\" width=\"1024\" height=\"433\" data-id=\"10415\" src=\"https:\/\/www.viajamenorca.com\/wp-content\/uploads\/2020\/05\/PANO3-1024x433.jpg\" alt=\"\" class=\"wp-image-10415\" srcset=\"https:\/\/www.viajamenorca.com\/wp-content\/uploads\/2020\/05\/PANO3-1024x433.jpg 1024w, https:\/\/www.viajamenorca.com\/wp-content\/uploads\/2020\/05\/PANO3-300x127.jpg 300w, https:\/\/www.viajamenorca.com\/wp-content\/uploads\/2020\/05\/PANO3-768x325.jpg 768w, https:\/\/www.viajamenorca.com\/wp-content\/uploads\/2020\/05\/PANO3-1536x650.jpg 1536w, https:\/\/www.viajamenorca.com\/wp-content\/uploads\/2020\/05\/PANO3-2048x867.jpg 2048w, https:\/\/www.viajamenorca.com\/wp-content\/uploads\/2020\/05\/PANO3-110x47.jpg 110w, https:\/\/www.viajamenorca.com\/wp-content\/uploads\/2020\/05\/PANO3-420x178.jpg 420w, https:\/\/www.viajamenorca.com\/wp-content\/uploads\/2020\/05\/PANO3-770x326.jpg 770w\" sizes=\"(max-width: 1024px) 100vw, 1024px\" \/><\/a><figcaption class=\"wp-element-caption\">Entr\u00e9e de la cave<\/figcaption><\/figure>\n\n\n\n<figure class=\"wp-block-image size-large\"><a href=\"https:\/\/www.viajamenorca.com\/guia-turistica\/gastronomia\/bebidas-menorquinas\/vinos-bodegas-menorca\/attachment\/torralbenc-2\/#main\"><img decoding=\"async\" width=\"1024\" height=\"471\" data-id=\"43906\" src=\"https:\/\/www.viajamenorca.com\/wp-content\/uploads\/2020\/12\/torralbenc-1024x471.jpg\" alt=\"Bodegas Torralbenc, Cala en Porter, Alaior, Menorca\" class=\"wp-image-43906\" title=\"Bodegas Torralbenc\" srcset=\"https:\/\/www.viajamenorca.com\/wp-content\/uploads\/2020\/12\/torralbenc-1024x471.jpg 1024w, https:\/\/www.viajamenorca.com\/wp-content\/uploads\/2020\/12\/torralbenc-350x161.jpg 350w, https:\/\/www.viajamenorca.com\/wp-content\/uploads\/2020\/12\/torralbenc-768x353.jpg 768w, https:\/\/www.viajamenorca.com\/wp-content\/uploads\/2020\/12\/torralbenc-1536x707.jpg 1536w, https:\/\/www.viajamenorca.com\/wp-content\/uploads\/2020\/12\/torralbenc-2048x942.jpg 2048w\" sizes=\"(max-width: 1024px) 100vw, 1024px\" \/><\/a><figcaption class=\"wp-element-caption\">Caves Torralbenc<\/figcaption><\/figure>\n\n\n\n<figure class=\"wp-block-image size-large\"><a href=\"https:\/\/www.viajamenorca.com\/revista\/bodegas-menorquinas-es-mercadal\/attachment\/p_3\/#main\"><img decoding=\"async\" width=\"360\" height=\"480\" data-id=\"10430\" src=\"https:\/\/www.viajamenorca.com\/wp-content\/uploads\/2020\/05\/p_3.jpg\" alt=\"Vino, Menorca\" class=\"wp-image-10430\" srcset=\"https:\/\/www.viajamenorca.com\/wp-content\/uploads\/2020\/05\/p_3.jpg 360w, https:\/\/www.viajamenorca.com\/wp-content\/uploads\/2020\/05\/p_3-225x300.jpg 225w, https:\/\/www.viajamenorca.com\/wp-content\/uploads\/2020\/05\/p_3-83x110.jpg 83w, https:\/\/www.viajamenorca.com\/wp-content\/uploads\/2020\/05\/p_3-315x420.jpg 315w, https:\/\/www.viajamenorca.com\/wp-content\/uploads\/2020\/05\/p_3-323x430.jpg 323w\" sizes=\"(max-width: 360px) 100vw, 360px\" \/><\/a><figcaption class=\"wp-element-caption\">Raisins<\/figcaption><\/figure>\n\n\n\n<figure class=\"wp-block-image size-large\"><a href=\"https:\/\/www.viajamenorca.com\/revista\/bodegas-menorquinas-es-mercadal\/attachment\/dscn1281\/#main\"><img decoding=\"async\" width=\"1024\" height=\"768\" data-id=\"10407\" src=\"https:\/\/www.viajamenorca.com\/wp-content\/uploads\/2020\/05\/DSCN1281-1024x768.jpg\" alt=\"\" class=\"wp-image-10407\" srcset=\"https:\/\/www.viajamenorca.com\/wp-content\/uploads\/2020\/05\/DSCN1281-1024x768.jpg 1024w, https:\/\/www.viajamenorca.com\/wp-content\/uploads\/2020\/05\/DSCN1281-300x225.jpg 300w, https:\/\/www.viajamenorca.com\/wp-content\/uploads\/2020\/05\/DSCN1281-768x576.jpg 768w, https:\/\/www.viajamenorca.com\/wp-content\/uploads\/2020\/05\/DSCN1281-1536x1152.jpg 1536w, https:\/\/www.viajamenorca.com\/wp-content\/uploads\/2020\/05\/DSCN1281-2048x1536.jpg 2048w, https:\/\/www.viajamenorca.com\/wp-content\/uploads\/2020\/05\/DSCN1281-110x83.jpg 110w, https:\/\/www.viajamenorca.com\/wp-content\/uploads\/2020\/05\/DSCN1281-420x315.jpg 420w, https:\/\/www.viajamenorca.com\/wp-content\/uploads\/2020\/05\/DSCN1281-573x430.jpg 573w\" sizes=\"(max-width: 1024px) 100vw, 1024px\" \/><\/a><figcaption class=\"wp-element-caption\">Respecter la nature<\/figcaption><\/figure>\n\n\n\n<figure class=\"wp-block-image size-large\"><a href=\"https:\/\/www.viajamenorca.com\/revista\/bodegas-menorquinas-es-mercadal\/attachment\/panoramica_3_redimensionar\/#main\"><img decoding=\"async\" width=\"1024\" height=\"248\" data-id=\"10408\" src=\"https:\/\/www.viajamenorca.com\/wp-content\/uploads\/2020\/05\/panoramica_3_redimensionar-1024x248.jpg\" alt=\"\" class=\"wp-image-10408\" srcset=\"https:\/\/www.viajamenorca.com\/wp-content\/uploads\/2020\/05\/panoramica_3_redimensionar-1024x248.jpg 1024w, https:\/\/www.viajamenorca.com\/wp-content\/uploads\/2020\/05\/panoramica_3_redimensionar-300x73.jpg 300w, https:\/\/www.viajamenorca.com\/wp-content\/uploads\/2020\/05\/panoramica_3_redimensionar-768x186.jpg 768w, https:\/\/www.viajamenorca.com\/wp-content\/uploads\/2020\/05\/panoramica_3_redimensionar-110x27.jpg 110w, https:\/\/www.viajamenorca.com\/wp-content\/uploads\/2020\/05\/panoramica_3_redimensionar-420x102.jpg 420w, https:\/\/www.viajamenorca.com\/wp-content\/uploads\/2020\/05\/panoramica_3_redimensionar-770x187.jpg 770w, https:\/\/www.viajamenorca.com\/wp-content\/uploads\/2020\/05\/panoramica_3_redimensionar.jpg 1337w\" sizes=\"(max-width: 1024px) 100vw, 1024px\" \/><\/a><figcaption class=\"wp-element-caption\">Vignobles enneig\u00e9s Es Mercadal<\/figcaption><\/figure>\n\n\n\n<figure class=\"wp-block-image size-large\"><a href=\"https:\/\/www.viajamenorca.com\/revista\/bodegas-menorquinas-es-mercadal\/attachment\/etiqueta\/#main\"><img decoding=\"async\" width=\"195\" height=\"192\" data-id=\"10414\" src=\"https:\/\/www.viajamenorca.com\/wp-content\/uploads\/2020\/05\/ETIQUETA.jpg\" alt=\"\" class=\"wp-image-10414\" srcset=\"https:\/\/www.viajamenorca.com\/wp-content\/uploads\/2020\/05\/ETIQUETA.jpg 195w, https:\/\/www.viajamenorca.com\/wp-content\/uploads\/2020\/05\/ETIQUETA-110x108.jpg 110w\" sizes=\"(max-width: 195px) 100vw, 195px\" \/><\/a><figcaption class=\"wp-element-caption\">Vi de la Terra Minorque<\/figcaption><\/figure>\n\n\n\n<figure class=\"wp-block-image size-large\"><a href=\"https:\/\/www.viajamenorca.com\/revista\/bodegas-menorquinas-es-mercadal\/attachment\/dscn9616\/#main\"><img decoding=\"async\" width=\"1024\" height=\"892\" data-id=\"10412\" src=\"https:\/\/www.viajamenorca.com\/wp-content\/uploads\/2020\/05\/DSCN9616-1024x892.jpg\" alt=\"\" class=\"wp-image-10412\" srcset=\"https:\/\/www.viajamenorca.com\/wp-content\/uploads\/2020\/05\/DSCN9616-1024x892.jpg 1024w, https:\/\/www.viajamenorca.com\/wp-content\/uploads\/2020\/05\/DSCN9616-300x261.jpg 300w, https:\/\/www.viajamenorca.com\/wp-content\/uploads\/2020\/05\/DSCN9616-768x669.jpg 768w, https:\/\/www.viajamenorca.com\/wp-content\/uploads\/2020\/05\/DSCN9616-1536x1338.jpg 1536w, https:\/\/www.viajamenorca.com\/wp-content\/uploads\/2020\/05\/DSCN9616-110x96.jpg 110w, https:\/\/www.viajamenorca.com\/wp-content\/uploads\/2020\/05\/DSCN9616-420x366.jpg 420w, https:\/\/www.viajamenorca.com\/wp-content\/uploads\/2020\/05\/DSCN9616-494x430.jpg 494w, https:\/\/www.viajamenorca.com\/wp-content\/uploads\/2020\/05\/DSCN9616.jpg 2035w\" sizes=\"(max-width: 1024px) 100vw, 1024px\" \/><\/a><figcaption class=\"wp-element-caption\">Vin blanc des caves Menorquinas<\/figcaption><\/figure>\n\n\n\n<figure class=\"wp-block-image size-large\"><a href=\"https:\/\/www.viajamenorca.com\/revista\/bodegas-menorquinas-es-mercadal\/attachment\/dscn9534\/#main\"><img decoding=\"async\" width=\"847\" height=\"1024\" data-id=\"10413\" src=\"https:\/\/www.viajamenorca.com\/wp-content\/uploads\/2020\/05\/DSCN9534-847x1024.jpg\" alt=\"\" class=\"wp-image-10413\" srcset=\"https:\/\/www.viajamenorca.com\/wp-content\/uploads\/2020\/05\/DSCN9534-847x1024.jpg 847w, https:\/\/www.viajamenorca.com\/wp-content\/uploads\/2020\/05\/DSCN9534-248x300.jpg 248w, https:\/\/www.viajamenorca.com\/wp-content\/uploads\/2020\/05\/DSCN9534-768x929.jpg 768w, https:\/\/www.viajamenorca.com\/wp-content\/uploads\/2020\/05\/DSCN9534-1270x1536.jpg 1270w, https:\/\/www.viajamenorca.com\/wp-content\/uploads\/2020\/05\/DSCN9534-1694x2048.jpg 1694w, https:\/\/www.viajamenorca.com\/wp-content\/uploads\/2020\/05\/DSCN9534-91x110.jpg 91w, https:\/\/www.viajamenorca.com\/wp-content\/uploads\/2020\/05\/DSCN9534-347x420.jpg 347w, https:\/\/www.viajamenorca.com\/wp-content\/uploads\/2020\/05\/DSCN9534-356x430.jpg 356w, https:\/\/www.viajamenorca.com\/wp-content\/uploads\/2020\/05\/DSCN9534.jpg 1854w\" sizes=\"(max-width: 847px) 100vw, 847px\" \/><\/a><figcaption class=\"wp-element-caption\">Vin rouge, Ferrer de Munpalau<\/figcaption><\/figure>\n<\/figure>\n\n\n\n<hr class=\"wp-block-separator has-alpha-channel-opacity\"\/>\n\n\n\n<h2 class=\"wp-block-heading\"><span style=\"font-size: 18pt;\">Vid\u00e9os<\/span><\/h2>\n\n\n\n<figure class=\"wp-block-embed is-type-video is-provider-youtube wp-block-embed-youtube wp-embed-aspect-16-9 wp-has-aspect-ratio\"><div class=\"wp-block-embed__wrapper\">\n<iframe title=\"Els vins de Menorca de cada vegada tenen m\u00e9s pres\u00e8ncia al mercat\" width=\"1200\" height=\"675\" src=\"https:\/\/www.youtube.com\/embed\/yFD33tU5pI8?feature=oembed\" frameborder=\"0\" allow=\"accelerometer; autoplay; clipboard-write; encrypted-media; gyroscope; picture-in-picture; web-share\" referrerpolicy=\"strict-origin-when-cross-origin\" allowfullscreen><\/iframe>\n<\/div><\/figure>\n\n\n\n<hr>\n<h2><span style=\"font-size: 18pt;\">Activit\u00e9s<\/span><\/h2>\n<h2><strong><span style=\"font-size: 16pt;\">Gastronomie et \u0153notourisme<\/span><\/strong><\/h2>\n\n\n\n<div style=\"text-align: center;\"><script>function loadScript(url, callback){var script=document.createElement('script'); script.type='text\/javascript'; if (script.readyState){script.onreadystatechange=function(){if (script.readyState=='loaded' || script.readyState=='complete'){script.onreadystatechange=null; callback();}};}else{script.onload=function(){callback();};}script.src=url; document.getElementsByTagName('head')[0].appendChild(script);}loadScript('https:\/\/www.civitatis.com\/f\/js\/vendor\/iframeResizer.min.js', function(){iFrameResize({checkOrigin:false,initCallback:function(iframe){setTimeout(function(){var resizeEvent = window.document.createEvent('UIEvents'); resizeEvent.initUIEvent('resize', true, false, window, 0); iframe.dispatchEvent(resizeEvent);});}})})<\/script><iframe class=\"civitatis-iframe\" style=\"max-width: 100%;\" src=\"https:\/\/www.civitatis.com\/widget-activities\/?affiliated=99960&amp;display=cosy&amp;cant=2&amp;lang=fr&amp;currency=EUR&amp;zone=492&amp;category=9&amp;transfer=0&amp;cmp=Widget_Menorca_ES&amp;width=100%&amp;hideButton=0&amp;centerContent=1&amp;typeSelection=category&amp;color=1d5a8f&amp;typography=Montserrat&amp;removeBackground=1&amp;showShadow=1&amp;roundedButtons=1\" width=\"100%\" frameborder=\"0\" data-maxwidth=\"100%\"><\/iframe><\/div>\n","protected":false},"excerpt":{"rendered":"<p>Sur l&rsquo;\u00eele, vous trouverez \u00e9galement des vins de grande qualit\u00e9, d&rsquo;\u00e9laboration biologique et enti\u00e8rement artisanale, avec une large s\u00e9lection de vins rouges, blancs, ros\u00e9s ou mousseux. Tradition Minorque est une &#8230; <\/p>\n<p class=\"read-more-container\"><a title=\"Vins et caves\" class=\"read-more button\" href=\"https:\/\/www.viajamenorca.com\/fr\/guide-touristique\/gastronomie\/boissons-minorquines\/vins-et-caves\/#more-63556\" aria-label=\"En savoir plus sur Vins et caves\">Lire plus<\/a><\/p>\n","protected":false},"author":1,"featured_media":0,"comment_status":"closed","ping_status":"closed","sticky":false,"template":"","format":"standard","meta":{"_acf_changed":false,"footnotes":""},"categories":[1873,1870,1581],"tags":[3224,3126,3127,3128,3129,3222,3130,3131,3220,3132,3133,3225,3223,3134,3221],"class_list":["post-63556","post","type-post","status-publish","format-standard","hentry","category-boissons-minorquines","category-gastronomie","category-guide-touristique","tag-appellation-geographique","tag-binifadet","tag-binitord","tag-bodegas-menorca","tag-bodegas-menorquinas","tag-caves","tag-ferrer-de-munpalau","tag-indicacion-geografica-protegida","tag-oenologie","tag-torralbenc","tag-vi-de-la-terra-menorca","tag-vignobles","tag-vin-rouge","tag-vinos","tag-vins-et-caves"],"acf":{"elige_un_tipo_de_actividad":"","buscar_por_zonas":""},"yoast_head":"<!-- This site is optimized with the Yoast SEO plugin v27.4 - https:\/\/yoast.com\/product\/yoast-seo-wordpress\/ -->\n<title>Vins et caves \ud83c\udf77 D\u00e9couvrez la route des vins de Minorque<\/title>\n<meta name=\"description\" content=\"Sur l&#039;\u00eele, vous trouverez \u00e9galement des vins de grande qualit\u00e9, issus d&#039;une production biologique et enti\u00e8rement artisanale. Les caves minorq\" \/>\n<meta name=\"robots\" content=\"index, follow, max-snippet:-1, max-image-preview:large, max-video-preview:-1\" \/>\n<link rel=\"canonical\" href=\"https:\/\/www.viajamenorca.com\/fr\/guide-touristique\/gastronomie\/boissons-minorquines\/vins-et-caves\/\" \/>\n<meta property=\"og:locale\" content=\"fr_FR\" \/>\n<meta property=\"og:type\" content=\"article\" \/>\n<meta property=\"og:title\" content=\"Vins et caves \ud83c\udf77 D\u00e9couvrez la route des vins de Minorque\" \/>\n<meta property=\"og:description\" content=\"Sur l&#039;\u00eele, vous trouverez \u00e9galement des vins de grande qualit\u00e9, issus d&#039;une production biologique et enti\u00e8rement artisanale. Les caves minorq\" \/>\n<meta property=\"og:url\" content=\"https:\/\/www.viajamenorca.com\/fr\/guide-touristique\/gastronomie\/boissons-minorquines\/vins-et-caves\/\" \/>\n<meta property=\"og:site_name\" content=\"Viaja a Menorca\" \/>\n<meta property=\"article:publisher\" content=\"https:\/\/www.facebook.com\/ViajaMenorca\/\" \/>\n<meta property=\"article:author\" content=\"https:\/\/www.facebook.com\/ViajaMenorca\/\" \/>\n<meta property=\"article:published_time\" content=\"2020-12-20T22:30:23+00:00\" \/>\n<meta property=\"article:modified_time\" content=\"2026-03-12T12:58:42+00:00\" \/>\n<meta property=\"og:image\" content=\"https:\/\/www.viajamenorca.com\/wp-content\/uploads\/2020\/05\/DSCN9498-e1608506826548.jpg\" \/>\n\t<meta property=\"og:image:width\" content=\"1873\" \/>\n\t<meta property=\"og:image:height\" content=\"1469\" \/>\n\t<meta property=\"og:image:type\" content=\"image\/jpeg\" \/>\n<meta name=\"author\" content=\"RVM\" \/>\n<meta name=\"twitter:card\" content=\"summary_large_image\" \/>\n<meta name=\"twitter:creator\" content=\"@ViajaMenorca\" \/>\n<meta name=\"twitter:site\" content=\"@ViajaMenorca\" \/>\n<meta name=\"twitter:label1\" content=\"\u00c9crit par\" \/>\n\t<meta name=\"twitter:data1\" content=\"RVM\" \/>\n\t<meta name=\"twitter:label2\" content=\"Dur\u00e9e de lecture estim\u00e9e\" \/>\n\t<meta name=\"twitter:data2\" content=\"4 minutes\" \/>\n<script type=\"application\/ld+json\" class=\"yoast-schema-graph\">{\"@context\":\"https:\\\/\\\/schema.org\",\"@graph\":[{\"@type\":\"Article\",\"@id\":\"https:\\\/\\\/www.viajamenorca.com\\\/fr\\\/guide-touristique\\\/gastronomie\\\/boissons-minorquines\\\/vins-et-caves\\\/#article\",\"isPartOf\":{\"@id\":\"https:\\\/\\\/www.viajamenorca.com\\\/fr\\\/guide-touristique\\\/gastronomie\\\/boissons-minorquines\\\/vins-et-caves\\\/\"},\"author\":{\"name\":\"RVM\",\"@id\":\"https:\\\/\\\/www.viajamenorca.com\\\/fr\\\/#\\\/schema\\\/person\\\/a4a17bcf26fbf36b9726dc16edd0a3fc\"},\"headline\":\"Vins et caves\",\"datePublished\":\"2020-12-20T22:30:23+00:00\",\"dateModified\":\"2026-03-12T12:58:42+00:00\",\"mainEntityOfPage\":{\"@id\":\"https:\\\/\\\/www.viajamenorca.com\\\/fr\\\/guide-touristique\\\/gastronomie\\\/boissons-minorquines\\\/vins-et-caves\\\/\"},\"wordCount\":267,\"publisher\":{\"@id\":\"https:\\\/\\\/www.viajamenorca.com\\\/fr\\\/#organization\"},\"image\":{\"@id\":\"https:\\\/\\\/www.viajamenorca.com\\\/fr\\\/guide-touristique\\\/gastronomie\\\/boissons-minorquines\\\/vins-et-caves\\\/#primaryimage\"},\"thumbnailUrl\":\"https:\\\/\\\/www.viajamenorca.com\\\/wp-content\\\/uploads\\\/2020\\\/05\\\/DSCN9498-e1608506826548-1024x803.jpg\",\"keywords\":[\"Appellation g\u00e9ographique\",\"Binifadet\",\"Binitord\",\"bodegas menorca\",\"Bodegas Menorquinas\",\"Caves\",\"Ferrer de Munpalau\",\"indicaci\u00f3n geogr\u00e1fica protegida\",\"\u0153nologie\",\"Torralbenc\",\"vi de la terra Menorca\",\"Vignobles\",\"Vin rouge\",\"Vinos\",\"Vins et caves\"],\"articleSection\":[\"Boissons minorquines\",\"Gastronomie\",\"Guide touristique\"],\"inLanguage\":\"fr-FR\"},{\"@type\":\"WebPage\",\"@id\":\"https:\\\/\\\/www.viajamenorca.com\\\/fr\\\/guide-touristique\\\/gastronomie\\\/boissons-minorquines\\\/vins-et-caves\\\/\",\"url\":\"https:\\\/\\\/www.viajamenorca.com\\\/fr\\\/guide-touristique\\\/gastronomie\\\/boissons-minorquines\\\/vins-et-caves\\\/\",\"name\":\"Vins et caves \ud83c\udf77 D\u00e9couvrez la route des vins de Minorque\",\"isPartOf\":{\"@id\":\"https:\\\/\\\/www.viajamenorca.com\\\/fr\\\/#website\"},\"primaryImageOfPage\":{\"@id\":\"https:\\\/\\\/www.viajamenorca.com\\\/fr\\\/guide-touristique\\\/gastronomie\\\/boissons-minorquines\\\/vins-et-caves\\\/#primaryimage\"},\"image\":{\"@id\":\"https:\\\/\\\/www.viajamenorca.com\\\/fr\\\/guide-touristique\\\/gastronomie\\\/boissons-minorquines\\\/vins-et-caves\\\/#primaryimage\"},\"thumbnailUrl\":\"https:\\\/\\\/www.viajamenorca.com\\\/wp-content\\\/uploads\\\/2020\\\/05\\\/DSCN9498-e1608506826548-1024x803.jpg\",\"datePublished\":\"2020-12-20T22:30:23+00:00\",\"dateModified\":\"2026-03-12T12:58:42+00:00\",\"description\":\"Sur l'\u00eele, vous trouverez \u00e9galement des vins de grande qualit\u00e9, issus d'une production biologique et enti\u00e8rement artisanale. Les caves minorq\",\"breadcrumb\":{\"@id\":\"https:\\\/\\\/www.viajamenorca.com\\\/fr\\\/guide-touristique\\\/gastronomie\\\/boissons-minorquines\\\/vins-et-caves\\\/#breadcrumb\"},\"inLanguage\":\"fr-FR\",\"potentialAction\":[{\"@type\":\"ReadAction\",\"target\":[\"https:\\\/\\\/www.viajamenorca.com\\\/fr\\\/guide-touristique\\\/gastronomie\\\/boissons-minorquines\\\/vins-et-caves\\\/\"]}]},{\"@type\":\"ImageObject\",\"inLanguage\":\"fr-FR\",\"@id\":\"https:\\\/\\\/www.viajamenorca.com\\\/fr\\\/guide-touristique\\\/gastronomie\\\/boissons-minorquines\\\/vins-et-caves\\\/#primaryimage\",\"url\":\"https:\\\/\\\/www.viajamenorca.com\\\/wp-content\\\/uploads\\\/2020\\\/05\\\/DSCN9498-e1608506826548-1024x803.jpg\",\"contentUrl\":\"https:\\\/\\\/www.viajamenorca.com\\\/wp-content\\\/uploads\\\/2020\\\/05\\\/DSCN9498-e1608506826548-1024x803.jpg\"},{\"@type\":\"BreadcrumbList\",\"@id\":\"https:\\\/\\\/www.viajamenorca.com\\\/fr\\\/guide-touristique\\\/gastronomie\\\/boissons-minorquines\\\/vins-et-caves\\\/#breadcrumb\",\"itemListElement\":[{\"@type\":\"ListItem\",\"position\":1,\"name\":\"Guide touristique\",\"item\":\"https:\\\/\\\/www.viajamenorca.com\\\/fr\\\/.\\\/guide-touristique\\\/\"},{\"@type\":\"ListItem\",\"position\":2,\"name\":\"Gastronomie\",\"item\":\"https:\\\/\\\/www.viajamenorca.com\\\/fr\\\/.\\\/guide-touristique\\\/gastronomie\\\/\"},{\"@type\":\"ListItem\",\"position\":3,\"name\":\"Boissons minorquines\",\"item\":\"https:\\\/\\\/www.viajamenorca.com\\\/fr\\\/.\\\/guide-touristique\\\/gastronomie\\\/boissons-minorquines\\\/\"},{\"@type\":\"ListItem\",\"position\":4,\"name\":\"\u0153nologie\"}]},{\"@type\":\"WebSite\",\"@id\":\"https:\\\/\\\/www.viajamenorca.com\\\/fr\\\/#website\",\"url\":\"https:\\\/\\\/www.viajamenorca.com\\\/fr\\\/\",\"name\":\"Viaja a Menorca\",\"description\":\"Votre aventure minorquine commence ici !\",\"publisher\":{\"@id\":\"https:\\\/\\\/www.viajamenorca.com\\\/fr\\\/#organization\"},\"alternateName\":\"Gu\u00eda tur\u00edstica de Menorca\",\"potentialAction\":[{\"@type\":\"SearchAction\",\"target\":{\"@type\":\"EntryPoint\",\"urlTemplate\":\"https:\\\/\\\/www.viajamenorca.com\\\/fr\\\/?s={search_term_string}\"},\"query-input\":{\"@type\":\"PropertyValueSpecification\",\"valueRequired\":true,\"valueName\":\"search_term_string\"}}],\"inLanguage\":\"fr-FR\"},{\"@type\":\"Organization\",\"@id\":\"https:\\\/\\\/www.viajamenorca.com\\\/fr\\\/#organization\",\"name\":\"Viaja a Menorca - Gu\u00eda tur\u00edstica\",\"alternateName\":\"Viaja a Menorca\",\"url\":\"https:\\\/\\\/www.viajamenorca.com\\\/fr\\\/\",\"logo\":{\"@type\":\"ImageObject\",\"inLanguage\":\"fr-FR\",\"@id\":\"https:\\\/\\\/www.viajamenorca.com\\\/fr\\\/#\\\/schema\\\/logo\\\/image\\\/\",\"url\":\"https:\\\/\\\/www.viajamenorca.com\\\/wp-content\\\/uploads\\\/2021\\\/11\\\/viajamenorca.jpg\",\"contentUrl\":\"https:\\\/\\\/www.viajamenorca.com\\\/wp-content\\\/uploads\\\/2021\\\/11\\\/viajamenorca.jpg\",\"width\":714,\"height\":714,\"caption\":\"Viaja a Menorca - Gu\u00eda tur\u00edstica\"},\"image\":{\"@id\":\"https:\\\/\\\/www.viajamenorca.com\\\/fr\\\/#\\\/schema\\\/logo\\\/image\\\/\"},\"sameAs\":[\"https:\\\/\\\/www.facebook.com\\\/ViajaMenorca\\\/\",\"https:\\\/\\\/x.com\\\/ViajaMenorca\",\"https:\\\/\\\/www.instagram.com\\\/viaja_menorca\\\/?hl=es\",\"https:\\\/\\\/www.youtube.com\\\/channel\\\/UCWtpR3jxp79HeZ8zZfHLhXw\"]},{\"@type\":\"Person\",\"@id\":\"https:\\\/\\\/www.viajamenorca.com\\\/fr\\\/#\\\/schema\\\/person\\\/a4a17bcf26fbf36b9726dc16edd0a3fc\",\"name\":\"RVM\",\"image\":{\"@type\":\"ImageObject\",\"inLanguage\":\"fr-FR\",\"@id\":\"https:\\\/\\\/www.viajamenorca.com\\\/wp-content\\\/litespeed\\\/avatar\\\/f92762d1538920c5ee7c40d8d2c84bc0.jpg?ver=1776737859\",\"url\":\"https:\\\/\\\/www.viajamenorca.com\\\/wp-content\\\/litespeed\\\/avatar\\\/f92762d1538920c5ee7c40d8d2c84bc0.jpg?ver=1776737859\",\"contentUrl\":\"https:\\\/\\\/www.viajamenorca.com\\\/wp-content\\\/litespeed\\\/avatar\\\/f92762d1538920c5ee7c40d8d2c84bc0.jpg?ver=1776737859\",\"caption\":\"RVM\"},\"description\":\"Guia turistica de Menorca creada por un menorquin amante de su tierra, espero que os guste.\",\"sameAs\":[\"http:\\\/\\\/www.viajamenorca.com\",\"https:\\\/\\\/www.facebook.com\\\/ViajaMenorca\\\/\",\"https:\\\/\\\/www.instagram.com\\\/viaja_menorca\\\/?hl=es\",\"https:\\\/\\\/x.com\\\/ViajaMenorca\",\"https:\\\/\\\/www.youtube.com\\\/c\\\/ViajamenorcaEs\",\"https:\\\/\\\/es.wikipedia.org\\\/wiki\\\/Menorca\"]}]}<\/script>\n<!-- \/ Yoast SEO plugin. -->","yoast_head_json":{"title":"Vins et caves \ud83c\udf77 D\u00e9couvrez la route des vins de Minorque","description":"Sur l'\u00eele, vous trouverez \u00e9galement des vins de grande qualit\u00e9, issus d'une production biologique et enti\u00e8rement artisanale. Les caves minorq","robots":{"index":"index","follow":"follow","max-snippet":"max-snippet:-1","max-image-preview":"max-image-preview:large","max-video-preview":"max-video-preview:-1"},"canonical":"https:\/\/www.viajamenorca.com\/fr\/guide-touristique\/gastronomie\/boissons-minorquines\/vins-et-caves\/","og_locale":"fr_FR","og_type":"article","og_title":"Vins et caves \ud83c\udf77 D\u00e9couvrez la route des vins de Minorque","og_description":"Sur l'\u00eele, vous trouverez \u00e9galement des vins de grande qualit\u00e9, issus d'une production biologique et enti\u00e8rement artisanale. Les caves minorq","og_url":"https:\/\/www.viajamenorca.com\/fr\/guide-touristique\/gastronomie\/boissons-minorquines\/vins-et-caves\/","og_site_name":"Viaja a Menorca","article_publisher":"https:\/\/www.facebook.com\/ViajaMenorca\/","article_author":"https:\/\/www.facebook.com\/ViajaMenorca\/","article_published_time":"2020-12-20T22:30:23+00:00","article_modified_time":"2026-03-12T12:58:42+00:00","og_image":[{"width":1873,"height":1469,"url":"https:\/\/www.viajamenorca.com\/wp-content\/uploads\/2020\/05\/DSCN9498-e1608506826548.jpg","type":"image\/jpeg"}],"author":"RVM","twitter_card":"summary_large_image","twitter_creator":"@ViajaMenorca","twitter_site":"@ViajaMenorca","twitter_misc":{"\u00c9crit par":"RVM","Dur\u00e9e de lecture estim\u00e9e":"4 minutes"},"schema":{"@context":"https:\/\/schema.org","@graph":[{"@type":"Article","@id":"https:\/\/www.viajamenorca.com\/fr\/guide-touristique\/gastronomie\/boissons-minorquines\/vins-et-caves\/#article","isPartOf":{"@id":"https:\/\/www.viajamenorca.com\/fr\/guide-touristique\/gastronomie\/boissons-minorquines\/vins-et-caves\/"},"author":{"name":"RVM","@id":"https:\/\/www.viajamenorca.com\/fr\/#\/schema\/person\/a4a17bcf26fbf36b9726dc16edd0a3fc"},"headline":"Vins et caves","datePublished":"2020-12-20T22:30:23+00:00","dateModified":"2026-03-12T12:58:42+00:00","mainEntityOfPage":{"@id":"https:\/\/www.viajamenorca.com\/fr\/guide-touristique\/gastronomie\/boissons-minorquines\/vins-et-caves\/"},"wordCount":267,"publisher":{"@id":"https:\/\/www.viajamenorca.com\/fr\/#organization"},"image":{"@id":"https:\/\/www.viajamenorca.com\/fr\/guide-touristique\/gastronomie\/boissons-minorquines\/vins-et-caves\/#primaryimage"},"thumbnailUrl":"https:\/\/www.viajamenorca.com\/wp-content\/uploads\/2020\/05\/DSCN9498-e1608506826548-1024x803.jpg","keywords":["Appellation g\u00e9ographique","Binifadet","Binitord","bodegas menorca","Bodegas Menorquinas","Caves","Ferrer de Munpalau","indicaci\u00f3n geogr\u00e1fica protegida","\u0153nologie","Torralbenc","vi de la terra Menorca","Vignobles","Vin rouge","Vinos","Vins et caves"],"articleSection":["Boissons minorquines","Gastronomie","Guide touristique"],"inLanguage":"fr-FR"},{"@type":"WebPage","@id":"https:\/\/www.viajamenorca.com\/fr\/guide-touristique\/gastronomie\/boissons-minorquines\/vins-et-caves\/","url":"https:\/\/www.viajamenorca.com\/fr\/guide-touristique\/gastronomie\/boissons-minorquines\/vins-et-caves\/","name":"Vins et caves \ud83c\udf77 D\u00e9couvrez la route des vins de Minorque","isPartOf":{"@id":"https:\/\/www.viajamenorca.com\/fr\/#website"},"primaryImageOfPage":{"@id":"https:\/\/www.viajamenorca.com\/fr\/guide-touristique\/gastronomie\/boissons-minorquines\/vins-et-caves\/#primaryimage"},"image":{"@id":"https:\/\/www.viajamenorca.com\/fr\/guide-touristique\/gastronomie\/boissons-minorquines\/vins-et-caves\/#primaryimage"},"thumbnailUrl":"https:\/\/www.viajamenorca.com\/wp-content\/uploads\/2020\/05\/DSCN9498-e1608506826548-1024x803.jpg","datePublished":"2020-12-20T22:30:23+00:00","dateModified":"2026-03-12T12:58:42+00:00","description":"Sur l'\u00eele, vous trouverez \u00e9galement des vins de grande qualit\u00e9, issus d'une production biologique et enti\u00e8rement artisanale. Les caves minorq","breadcrumb":{"@id":"https:\/\/www.viajamenorca.com\/fr\/guide-touristique\/gastronomie\/boissons-minorquines\/vins-et-caves\/#breadcrumb"},"inLanguage":"fr-FR","potentialAction":[{"@type":"ReadAction","target":["https:\/\/www.viajamenorca.com\/fr\/guide-touristique\/gastronomie\/boissons-minorquines\/vins-et-caves\/"]}]},{"@type":"ImageObject","inLanguage":"fr-FR","@id":"https:\/\/www.viajamenorca.com\/fr\/guide-touristique\/gastronomie\/boissons-minorquines\/vins-et-caves\/#primaryimage","url":"https:\/\/www.viajamenorca.com\/wp-content\/uploads\/2020\/05\/DSCN9498-e1608506826548-1024x803.jpg","contentUrl":"https:\/\/www.viajamenorca.com\/wp-content\/uploads\/2020\/05\/DSCN9498-e1608506826548-1024x803.jpg"},{"@type":"BreadcrumbList","@id":"https:\/\/www.viajamenorca.com\/fr\/guide-touristique\/gastronomie\/boissons-minorquines\/vins-et-caves\/#breadcrumb","itemListElement":[{"@type":"ListItem","position":1,"name":"Guide touristique","item":"https:\/\/www.viajamenorca.com\/fr\/.\/guide-touristique\/"},{"@type":"ListItem","position":2,"name":"Gastronomie","item":"https:\/\/www.viajamenorca.com\/fr\/.\/guide-touristique\/gastronomie\/"},{"@type":"ListItem","position":3,"name":"Boissons minorquines","item":"https:\/\/www.viajamenorca.com\/fr\/.\/guide-touristique\/gastronomie\/boissons-minorquines\/"},{"@type":"ListItem","position":4,"name":"\u0153nologie"}]},{"@type":"WebSite","@id":"https:\/\/www.viajamenorca.com\/fr\/#website","url":"https:\/\/www.viajamenorca.com\/fr\/","name":"Viaja a Menorca","description":"Votre aventure minorquine commence ici !","publisher":{"@id":"https:\/\/www.viajamenorca.com\/fr\/#organization"},"alternateName":"Gu\u00eda tur\u00edstica de Menorca","potentialAction":[{"@type":"SearchAction","target":{"@type":"EntryPoint","urlTemplate":"https:\/\/www.viajamenorca.com\/fr\/?s={search_term_string}"},"query-input":{"@type":"PropertyValueSpecification","valueRequired":true,"valueName":"search_term_string"}}],"inLanguage":"fr-FR"},{"@type":"Organization","@id":"https:\/\/www.viajamenorca.com\/fr\/#organization","name":"Viaja a Menorca - Gu\u00eda tur\u00edstica","alternateName":"Viaja a Menorca","url":"https:\/\/www.viajamenorca.com\/fr\/","logo":{"@type":"ImageObject","inLanguage":"fr-FR","@id":"https:\/\/www.viajamenorca.com\/fr\/#\/schema\/logo\/image\/","url":"https:\/\/www.viajamenorca.com\/wp-content\/uploads\/2021\/11\/viajamenorca.jpg","contentUrl":"https:\/\/www.viajamenorca.com\/wp-content\/uploads\/2021\/11\/viajamenorca.jpg","width":714,"height":714,"caption":"Viaja a Menorca - Gu\u00eda tur\u00edstica"},"image":{"@id":"https:\/\/www.viajamenorca.com\/fr\/#\/schema\/logo\/image\/"},"sameAs":["https:\/\/www.facebook.com\/ViajaMenorca\/","https:\/\/x.com\/ViajaMenorca","https:\/\/www.instagram.com\/viaja_menorca\/?hl=es","https:\/\/www.youtube.com\/channel\/UCWtpR3jxp79HeZ8zZfHLhXw"]},{"@type":"Person","@id":"https:\/\/www.viajamenorca.com\/fr\/#\/schema\/person\/a4a17bcf26fbf36b9726dc16edd0a3fc","name":"RVM","image":{"@type":"ImageObject","inLanguage":"fr-FR","@id":"https:\/\/www.viajamenorca.com\/wp-content\/litespeed\/avatar\/f92762d1538920c5ee7c40d8d2c84bc0.jpg?ver=1776737859","url":"https:\/\/www.viajamenorca.com\/wp-content\/litespeed\/avatar\/f92762d1538920c5ee7c40d8d2c84bc0.jpg?ver=1776737859","contentUrl":"https:\/\/www.viajamenorca.com\/wp-content\/litespeed\/avatar\/f92762d1538920c5ee7c40d8d2c84bc0.jpg?ver=1776737859","caption":"RVM"},"description":"Guia turistica de Menorca creada por un menorquin amante de su tierra, espero que os guste.","sameAs":["http:\/\/www.viajamenorca.com","https:\/\/www.facebook.com\/ViajaMenorca\/","https:\/\/www.instagram.com\/viaja_menorca\/?hl=es","https:\/\/x.com\/ViajaMenorca","https:\/\/www.youtube.com\/c\/ViajamenorcaEs","https:\/\/es.wikipedia.org\/wiki\/Menorca"]}]}},"_links":{"self":[{"href":"https:\/\/www.viajamenorca.com\/fr\/wp-json\/wp\/v2\/posts\/63556","targetHints":{"allow":["GET"]}}],"collection":[{"href":"https:\/\/www.viajamenorca.com\/fr\/wp-json\/wp\/v2\/posts"}],"about":[{"href":"https:\/\/www.viajamenorca.com\/fr\/wp-json\/wp\/v2\/types\/post"}],"author":[{"embeddable":true,"href":"https:\/\/www.viajamenorca.com\/fr\/wp-json\/wp\/v2\/users\/1"}],"replies":[{"embeddable":true,"href":"https:\/\/www.viajamenorca.com\/fr\/wp-json\/wp\/v2\/comments?post=63556"}],"version-history":[{"count":2,"href":"https:\/\/www.viajamenorca.com\/fr\/wp-json\/wp\/v2\/posts\/63556\/revisions"}],"predecessor-version":[{"id":63624,"href":"https:\/\/www.viajamenorca.com\/fr\/wp-json\/wp\/v2\/posts\/63556\/revisions\/63624"}],"wp:attachment":[{"href":"https:\/\/www.viajamenorca.com\/fr\/wp-json\/wp\/v2\/media?parent=63556"}],"wp:term":[{"taxonomy":"category","embeddable":true,"href":"https:\/\/www.viajamenorca.com\/fr\/wp-json\/wp\/v2\/categories?post=63556"},{"taxonomy":"post_tag","embeddable":true,"href":"https:\/\/www.viajamenorca.com\/fr\/wp-json\/wp\/v2\/tags?post=63556"}],"curies":[{"name":"wp","href":"https:\/\/api.w.org\/{rel}","templated":true}]}}