{"id":63559,"date":"2020-12-20T18:39:43","date_gmt":"2020-12-20T18:39:43","guid":{"rendered":"https:\/\/www.viajamenorca.com\/non-classe\/sobrasada\/"},"modified":"2026-03-12T15:26:09","modified_gmt":"2026-03-12T15:26:09","slug":"sobrasada-de-minorque","status":"publish","type":"post","link":"https:\/\/www.viajamenorca.com\/fr\/guide-touristique\/gastronomie\/charcuterie-et-fromages\/sobrasada-de-minorque\/","title":{"rendered":"Sobrasada"},"content":{"rendered":"<h3><span style=\"font-size: 13pt;\">C&rsquo;est peut-\u00eatre la charcuterie traditionnelle la plus consomm\u00e9e des <a href=\"https:\/\/es.wikipedia.org\/wiki\/Islas_Baleares\" target=\"_blank\" rel=\"noopener\"><strong>\u00celes Bal\u00e9ares<\/strong><\/a> et de diff\u00e9rentes zones de la M\u00e9diterran\u00e9e. Elle b\u00e9n\u00e9ficie du label de protection et d&rsquo;<strong><a class=\"mw-redirect\" href=\"https:\/\/es.wikipedia.org\/wiki\/Indicaci%C3%B3n_geogr%C3%A1fica\" target=\"_blank\" rel=\"noopener\">Indication G\u00e9ographique Prot\u00e9g\u00e9e<\/a><\/strong>, et jouit d&rsquo;une renomm\u00e9e m\u00e9rit\u00e9e dans tout le pays.<\/span><\/h3>\n<p><a href=\"https:\/\/viajamenorca.com\/wp-content\/uploads\/2020\/12\/Sobrassada.jpg\"><img decoding=\"async\" class=\"alignright wp-image-10729\" title=\"Sobrasada de Minorque\" src=\"https:\/\/viajamenorca.com\/wp-content\/uploads\/2020\/12\/Sobrassada.jpg\" alt=\"Sobrasada de Minorque\" width=\"320\" height=\"320\" srcset=\"https:\/\/www.viajamenorca.com\/wp-content\/uploads\/2020\/12\/Sobrassada.jpg 600w, https:\/\/www.viajamenorca.com\/wp-content\/uploads\/2020\/12\/Sobrassada-300x300.jpg 300w, https:\/\/www.viajamenorca.com\/wp-content\/uploads\/2020\/12\/Sobrassada-150x150.jpg 150w, https:\/\/www.viajamenorca.com\/wp-content\/uploads\/2020\/12\/Sobrassada-250x250.jpg 250w, https:\/\/www.viajamenorca.com\/wp-content\/uploads\/2020\/12\/Sobrassada-125x125.jpg 125w, https:\/\/www.viajamenorca.com\/wp-content\/uploads\/2020\/12\/Sobrassada-110x110.jpg 110w, https:\/\/www.viajamenorca.com\/wp-content\/uploads\/2020\/12\/Sobrassada-420x420.jpg 420w, https:\/\/www.viajamenorca.com\/wp-content\/uploads\/2020\/12\/Sobrassada-430x430.jpg 430w\" sizes=\"(max-width: 320px) 100vw, 320px\" \/><\/a><\/p>\n<h3><span style=\"font-size: 15pt;\"><\/span><\/h3>\n<h2><span style=\"font-size: 18pt;\">\u00c9laboration<\/span><\/h2>\n<p>La sobrasada de Minorque (sobrassada) est \u00e9labor\u00e9e de mani\u00e8re totalement artisanale, \u00e0 partir de viande de porc s\u00e9lectionn\u00e9e et assaisonn\u00e9e \u00e0 base de piment (paprika), de poivre et de sel.<\/p>\n<p>Ensuite, cette charcuterie (crue-\u00e9tuv\u00e9e) est mise \u00e0 maturer et se pr\u00e9sente sous diff\u00e9rents formats : douce, piquante, tendre ou affin\u00e9e. <div class=\"g g-8\"><div class=\"g-single a-70\"><a href=\"https:\/\/www.civitatis.com\/fr\/mahon\/transferts\/?aid=99960\" target=\"_blank\" rel=\"nofollow\">\r\n    <img decoding=\"async\" src=\"https:\/\/www.viajamenorca.com\/wp-content\/uploads\/2026\/02\/FRANCES_BLUE-2-2.jpg\" width=\"350\" height=\"210\" title=\"Transferts \u00e0 Minorque - A\u00e9roport\" alt=\"Transferts \u00e0 Minorque - A\u00e9roport\" \/>\r\n<\/a><\/div><\/div><\/p>\n<h2><span style=\"font-size: 18pt;\">Consommation<\/span><\/h2>\n<p>Autrefois, on avait l&rsquo;habitude de consommer la sobrasada tendre en hiver et la version affin\u00e9e en \u00e9t\u00e9, mais aujourd&rsquo;hui, elle est d\u00e9gust\u00e9e \u00e0 n&rsquo;importe quelle \u00e9poque de l&rsquo;ann\u00e9e.<\/p>\n<p>Actuellement, la sobrasada est connue et consomm\u00e9e dans tout le pays, et nous pouvons la trouver sous des formats plus industrialis\u00e9s, comme la sobrasada \u00e0 tartiner.<\/p>\n<h2><span style=\"font-size: 18pt;\">Conseils et recommandations<\/span><\/h2>\n<ul>\n<li><span style=\"font-size: 13pt;\">Il est tr\u00e8s typique de faire revenir la sobrasada \u00e0 la po\u00eale et de l&rsquo;\u00e9taler sur une tranche de pain avec un peu de miel ; cette simple combinaison sucr\u00e9e-sal\u00e9e est exquise et vous surprendra.<\/span><\/li>\n<li><span style=\"font-size: 13pt;\">Vous pouvez \u00e9galement go\u00fbter la typique <a href=\"https:\/\/www.viajamenorca.com\/fr\/guide-touristique\/gastronomie\/patisseries-minorquines\/ensaimada-minorquine\/\"><strong>ensaimada \u00e0 la sobrasada<\/strong><\/a>, c&rsquo;est un d\u00e9lice !<\/span><\/li>\n<\/ul>\n<h2><span style=\"font-size: 18pt;\">S\u00e9lection<\/span><\/h2>\n<h3><span style=\"font-size: 13pt;\">Il existe diff\u00e9rents types de sobrasada, les plus courants \u00e9tant la rizada, semirizada, p\u00f2ltru et bufeta.<\/span><\/h3>\n\n\n<figure class=\"wp-block-gallery has-nested-images columns-default is-cropped wp-block-gallery-1 is-layout-flex wp-block-gallery-is-layout-flex\">\n<figure class=\"wp-block-image size-large\"><a href=\"https:\/\/www.viajamenorca.com\/guia-turistica\/gastronomia\/embutidos-y-quesos\/sobrasada\/attachment\/sobrasadas-01\/#main\"><img decoding=\"async\" width=\"650\" height=\"432\" data-id=\"14754\" src=\"https:\/\/www.viajamenorca.com\/wp-content\/uploads\/2020\/12\/Sobrasadas-01.jpeg\" alt=\"\" class=\"wp-image-14754\" srcset=\"https:\/\/www.viajamenorca.com\/wp-content\/uploads\/2020\/12\/Sobrasadas-01.jpeg 650w, https:\/\/www.viajamenorca.com\/wp-content\/uploads\/2020\/12\/Sobrasadas-01-300x199.jpeg 300w\" sizes=\"(max-width: 650px) 100vw, 650px\" \/><\/a><\/figure>\n\n\n\n<figure class=\"wp-block-image size-large\"><a href=\"https:\/\/www.viajamenorca.com\/guia-turistica\/gastronomia\/embutidos-y-quesos\/sobrasada\/attachment\/sobrassada-menorca-cooperativa\/#main\"><img decoding=\"async\" width=\"1024\" height=\"462\" data-id=\"46959\" src=\"https:\/\/www.viajamenorca.com\/wp-content\/uploads\/2020\/12\/sobrassada-menorca-cooperativa-1024x462.jpg\" alt=\"\" class=\"wp-image-46959\" srcset=\"https:\/\/www.viajamenorca.com\/wp-content\/uploads\/2020\/12\/sobrassada-menorca-cooperativa-1024x462.jpg 1024w, https:\/\/www.viajamenorca.com\/wp-content\/uploads\/2020\/12\/sobrassada-menorca-cooperativa-350x158.jpg 350w, https:\/\/www.viajamenorca.com\/wp-content\/uploads\/2020\/12\/sobrassada-menorca-cooperativa-768x346.jpg 768w, https:\/\/www.viajamenorca.com\/wp-content\/uploads\/2020\/12\/sobrassada-menorca-cooperativa-1536x693.jpg 1536w, https:\/\/www.viajamenorca.com\/wp-content\/uploads\/2020\/12\/sobrassada-menorca-cooperativa-2048x924.jpg 2048w\" sizes=\"(max-width: 1024px) 100vw, 1024px\" \/><\/a><\/figure>\n<\/figure>\n\n\n\n<div style=\"height:8px\" aria-hidden=\"true\" class=\"wp-block-spacer\"><\/div>\n\n\n\n<figure class=\"wp-block-embed is-type-video is-provider-youtube wp-block-embed-youtube wp-embed-aspect-16-9 wp-has-aspect-ratio\"><div class=\"wp-block-embed__wrapper\">\n<iframe title=\"La sobrassada \u00e9s el producte estrella de les festes de Sant Antoni a Menorca\" width=\"1200\" height=\"675\" src=\"https:\/\/www.youtube.com\/embed\/1inVsu2_BEk?feature=oembed\" frameborder=\"0\" allow=\"accelerometer; autoplay; clipboard-write; encrypted-media; gyroscope; picture-in-picture; web-share\" referrerpolicy=\"strict-origin-when-cross-origin\" allowfullscreen><\/iframe>\n<\/div><\/figure>\n\n\n\n<div style=\"text-align: center;\"><script>function loadScript(url, callback){var script=document.createElement('script'); script.type='text\/javascript'; if (script.readyState){script.onreadystatechange=function(){if (script.readyState=='loaded' || script.readyState=='complete'){script.onreadystatechange=null; callback();}};}else{script.onload=function(){callback();};}script.src=url; document.getElementsByTagName('head')[0].appendChild(script);}loadScript('https:\/\/cdn2.civitatis.com\/js\/vendor\/iframeResizer.min.js', function(){iFrameResize({checkOrigin:false,initCallback:function(iframe){setTimeout(function(){var resizeEvent = window.document.createEvent('UIEvents'); resizeEvent.initUIEvent('resize', true, false, window, 0); iframe.dispatchEvent(resizeEvent);});}})})<\/script><iframe class=\"civitatis-iframe\" style=\"max-width: 100%;\" src=\"https:\/\/www.civitatis.com\/widget-activities\/?affiliated=99960&amp;display=comfort&amp;cant=6&amp;lang=fr&amp;currency=EUR&amp;zone=492&amp;activities=20872,124845&amp;transfer=0&amp;cmp=Widget_Menorca_ES&amp;width=100%&amp;hideButton=0&amp;centerContent=1&amp;typeSelection=manual&amp;color=1d5a8f&amp;typography=Montserrat&amp;removeBackground=1&amp;showShadow=1&amp;roundedButtons=1\" width=\"100%\" frameborder=\"0\" data-maxwidth=\"100%\"><\/iframe><\/div>\n","protected":false},"excerpt":{"rendered":"<p>C&rsquo;est peut-\u00eatre la charcuterie traditionnelle la plus consomm\u00e9e des \u00celes Bal\u00e9ares et de diff\u00e9rentes zones de la M\u00e9diterran\u00e9e. Elle b\u00e9n\u00e9ficie du label de protection et d&rsquo;Indication G\u00e9ographique Prot\u00e9g\u00e9e, et jouit &#8230; <\/p>\n<p class=\"read-more-container\"><a title=\"Sobrasada\" class=\"read-more button\" href=\"https:\/\/www.viajamenorca.com\/fr\/guide-touristique\/gastronomie\/charcuterie-et-fromages\/sobrasada-de-minorque\/#more-63559\" aria-label=\"En savoir plus sur Sobrasada\">Lire plus<\/a><\/p>\n","protected":false},"author":1,"featured_media":63561,"comment_status":"closed","ping_status":"closed","sticky":false,"template":"","format":"standard","meta":{"_acf_changed":false,"footnotes":""},"categories":[1872,1870,1581],"tags":[3143,3235,3233,3145,3234,3232,2633],"class_list":["post-63559","post","type-post","status-publish","format-standard","has-post-thumbnail","hentry","category-charcuterie-et-fromages","category-gastronomie","category-guide-touristique","tag-can-lao","tag-charcuteries-typiques","tag-porc-noir","tag-sobrasada","tag-sobrasada-de-majorque","tag-sobrasada-de-minorque","tag-sobrassada","resize-featured-image"],"acf":{"elige_un_tipo_de_actividad":"","buscar_por_zonas":""},"yoast_head":"<!-- This site is optimized with the Yoast SEO plugin v27.4 - https:\/\/yoast.com\/product\/yoast-seo-wordpress\/ -->\n<title>Sobrasada de Minorque - La charcuterie la plus traditionnelle de l&#039;\u00eele<\/title>\n<meta name=\"description\" content=\"Peut-\u00eatre la charcuterie traditionnelle la plus consomm\u00e9e dans les \u00eeles Bal\u00e9ares et dans diff\u00e9rentes r\u00e9gions de la M\u00e9diterran\u00e9e, elle..\" \/>\n<meta name=\"robots\" content=\"index, follow, max-snippet:-1, max-image-preview:large, max-video-preview:-1\" \/>\n<link rel=\"canonical\" href=\"https:\/\/www.viajamenorca.com\/fr\/guide-touristique\/gastronomie\/charcuterie-et-fromages\/sobrasada-de-minorque\/\" \/>\n<meta property=\"og:locale\" content=\"fr_FR\" \/>\n<meta property=\"og:type\" content=\"article\" \/>\n<meta property=\"og:title\" content=\"Sobrasada de Minorque - La charcuterie la plus traditionnelle de l&#039;\u00eele\" \/>\n<meta property=\"og:description\" content=\"Peut-\u00eatre la charcuterie traditionnelle la plus consomm\u00e9e dans les \u00eeles Bal\u00e9ares et dans diff\u00e9rentes r\u00e9gions de la M\u00e9diterran\u00e9e, elle..\" \/>\n<meta property=\"og:url\" content=\"https:\/\/www.viajamenorca.com\/fr\/guide-touristique\/gastronomie\/charcuterie-et-fromages\/sobrasada-de-minorque\/\" \/>\n<meta property=\"og:site_name\" content=\"Viaja a Menorca\" \/>\n<meta property=\"article:publisher\" content=\"https:\/\/www.facebook.com\/ViajaMenorca\/\" \/>\n<meta property=\"article:author\" content=\"https:\/\/www.facebook.com\/ViajaMenorca\/\" \/>\n<meta property=\"article:published_time\" content=\"2020-12-20T18:39:43+00:00\" \/>\n<meta property=\"article:modified_time\" content=\"2026-03-12T15:26:09+00:00\" \/>\n<meta property=\"og:image\" content=\"https:\/\/www.viajamenorca.com\/wp-content\/uploads\/2020\/12\/Sobrasadas-01.jpeg\" \/>\n\t<meta property=\"og:image:width\" content=\"650\" \/>\n\t<meta property=\"og:image:height\" content=\"432\" \/>\n\t<meta property=\"og:image:type\" content=\"image\/jpeg\" \/>\n<meta name=\"author\" content=\"RVM\" \/>\n<meta name=\"twitter:card\" content=\"summary_large_image\" \/>\n<meta name=\"twitter:creator\" content=\"@ViajaMenorca\" \/>\n<meta name=\"twitter:site\" content=\"@ViajaMenorca\" \/>\n<meta name=\"twitter:label1\" content=\"\u00c9crit par\" \/>\n\t<meta name=\"twitter:data1\" content=\"RVM\" \/>\n\t<meta name=\"twitter:label2\" content=\"Dur\u00e9e de lecture estim\u00e9e\" \/>\n\t<meta name=\"twitter:data2\" content=\"2 minutes\" \/>\n<script type=\"application\/ld+json\" class=\"yoast-schema-graph\">{\"@context\":\"https:\\\/\\\/schema.org\",\"@graph\":[{\"@type\":\"Article\",\"@id\":\"https:\\\/\\\/www.viajamenorca.com\\\/fr\\\/guide-touristique\\\/gastronomie\\\/charcuterie-et-fromages\\\/sobrasada-de-minorque\\\/#article\",\"isPartOf\":{\"@id\":\"https:\\\/\\\/www.viajamenorca.com\\\/fr\\\/guide-touristique\\\/gastronomie\\\/charcuterie-et-fromages\\\/sobrasada-de-minorque\\\/\"},\"author\":{\"name\":\"RVM\",\"@id\":\"https:\\\/\\\/www.viajamenorca.com\\\/fr\\\/#\\\/schema\\\/person\\\/a4a17bcf26fbf36b9726dc16edd0a3fc\"},\"headline\":\"Sobrasada\",\"datePublished\":\"2020-12-20T18:39:43+00:00\",\"dateModified\":\"2026-03-12T15:26:09+00:00\",\"mainEntityOfPage\":{\"@id\":\"https:\\\/\\\/www.viajamenorca.com\\\/fr\\\/guide-touristique\\\/gastronomie\\\/charcuterie-et-fromages\\\/sobrasada-de-minorque\\\/\"},\"wordCount\":263,\"publisher\":{\"@id\":\"https:\\\/\\\/www.viajamenorca.com\\\/fr\\\/#organization\"},\"image\":{\"@id\":\"https:\\\/\\\/www.viajamenorca.com\\\/fr\\\/guide-touristique\\\/gastronomie\\\/charcuterie-et-fromages\\\/sobrasada-de-minorque\\\/#primaryimage\"},\"thumbnailUrl\":\"https:\\\/\\\/www.viajamenorca.com\\\/wp-content\\\/uploads\\\/2020\\\/12\\\/Sobrasadas-01.jpeg\",\"keywords\":[\"Can lao\",\"Charcuteries typiques\",\"Porc noir\",\"sobrasada\",\"Sobrasada de Majorque\",\"Sobrasada de Minorque\",\"Sobrassada\"],\"articleSection\":[\"Charcuterie et fromages\",\"Gastronomie\",\"Guide touristique\"],\"inLanguage\":\"fr-FR\"},{\"@type\":\"WebPage\",\"@id\":\"https:\\\/\\\/www.viajamenorca.com\\\/fr\\\/guide-touristique\\\/gastronomie\\\/charcuterie-et-fromages\\\/sobrasada-de-minorque\\\/\",\"url\":\"https:\\\/\\\/www.viajamenorca.com\\\/fr\\\/guide-touristique\\\/gastronomie\\\/charcuterie-et-fromages\\\/sobrasada-de-minorque\\\/\",\"name\":\"Sobrasada de Minorque - La charcuterie la plus traditionnelle de l'\u00eele\",\"isPartOf\":{\"@id\":\"https:\\\/\\\/www.viajamenorca.com\\\/fr\\\/#website\"},\"primaryImageOfPage\":{\"@id\":\"https:\\\/\\\/www.viajamenorca.com\\\/fr\\\/guide-touristique\\\/gastronomie\\\/charcuterie-et-fromages\\\/sobrasada-de-minorque\\\/#primaryimage\"},\"image\":{\"@id\":\"https:\\\/\\\/www.viajamenorca.com\\\/fr\\\/guide-touristique\\\/gastronomie\\\/charcuterie-et-fromages\\\/sobrasada-de-minorque\\\/#primaryimage\"},\"thumbnailUrl\":\"https:\\\/\\\/www.viajamenorca.com\\\/wp-content\\\/uploads\\\/2020\\\/12\\\/Sobrasadas-01.jpeg\",\"datePublished\":\"2020-12-20T18:39:43+00:00\",\"dateModified\":\"2026-03-12T15:26:09+00:00\",\"description\":\"Peut-\u00eatre la charcuterie traditionnelle la plus consomm\u00e9e dans les \u00eeles Bal\u00e9ares et dans diff\u00e9rentes r\u00e9gions de la M\u00e9diterran\u00e9e, elle..\",\"breadcrumb\":{\"@id\":\"https:\\\/\\\/www.viajamenorca.com\\\/fr\\\/guide-touristique\\\/gastronomie\\\/charcuterie-et-fromages\\\/sobrasada-de-minorque\\\/#breadcrumb\"},\"inLanguage\":\"fr-FR\",\"potentialAction\":[{\"@type\":\"ReadAction\",\"target\":[\"https:\\\/\\\/www.viajamenorca.com\\\/fr\\\/guide-touristique\\\/gastronomie\\\/charcuterie-et-fromages\\\/sobrasada-de-minorque\\\/\"]}]},{\"@type\":\"ImageObject\",\"inLanguage\":\"fr-FR\",\"@id\":\"https:\\\/\\\/www.viajamenorca.com\\\/fr\\\/guide-touristique\\\/gastronomie\\\/charcuterie-et-fromages\\\/sobrasada-de-minorque\\\/#primaryimage\",\"url\":\"https:\\\/\\\/www.viajamenorca.com\\\/wp-content\\\/uploads\\\/2020\\\/12\\\/Sobrasadas-01.jpeg\",\"contentUrl\":\"https:\\\/\\\/www.viajamenorca.com\\\/wp-content\\\/uploads\\\/2020\\\/12\\\/Sobrasadas-01.jpeg\",\"width\":650,\"height\":432},{\"@type\":\"BreadcrumbList\",\"@id\":\"https:\\\/\\\/www.viajamenorca.com\\\/fr\\\/guide-touristique\\\/gastronomie\\\/charcuterie-et-fromages\\\/sobrasada-de-minorque\\\/#breadcrumb\",\"itemListElement\":[{\"@type\":\"ListItem\",\"position\":1,\"name\":\"Guide touristique\",\"item\":\"https:\\\/\\\/www.viajamenorca.com\\\/fr\\\/.\\\/guide-touristique\\\/\"},{\"@type\":\"ListItem\",\"position\":2,\"name\":\"Gastronomie\",\"item\":\"https:\\\/\\\/www.viajamenorca.com\\\/fr\\\/.\\\/guide-touristique\\\/gastronomie\\\/\"},{\"@type\":\"ListItem\",\"position\":3,\"name\":\"Charcuterie et fromages\",\"item\":\"https:\\\/\\\/www.viajamenorca.com\\\/fr\\\/.\\\/guide-touristique\\\/gastronomie\\\/charcuterie-et-fromages\\\/\"},{\"@type\":\"ListItem\",\"position\":4,\"name\":\"tradition\"}]},{\"@type\":\"WebSite\",\"@id\":\"https:\\\/\\\/www.viajamenorca.com\\\/fr\\\/#website\",\"url\":\"https:\\\/\\\/www.viajamenorca.com\\\/fr\\\/\",\"name\":\"Viaja a Menorca\",\"description\":\"Votre aventure minorquine commence ici !\",\"publisher\":{\"@id\":\"https:\\\/\\\/www.viajamenorca.com\\\/fr\\\/#organization\"},\"alternateName\":\"Gu\u00eda tur\u00edstica de Menorca\",\"potentialAction\":[{\"@type\":\"SearchAction\",\"target\":{\"@type\":\"EntryPoint\",\"urlTemplate\":\"https:\\\/\\\/www.viajamenorca.com\\\/fr\\\/?s={search_term_string}\"},\"query-input\":{\"@type\":\"PropertyValueSpecification\",\"valueRequired\":true,\"valueName\":\"search_term_string\"}}],\"inLanguage\":\"fr-FR\"},{\"@type\":\"Organization\",\"@id\":\"https:\\\/\\\/www.viajamenorca.com\\\/fr\\\/#organization\",\"name\":\"Viaja a Menorca - Gu\u00eda tur\u00edstica\",\"alternateName\":\"Viaja a Menorca\",\"url\":\"https:\\\/\\\/www.viajamenorca.com\\\/fr\\\/\",\"logo\":{\"@type\":\"ImageObject\",\"inLanguage\":\"fr-FR\",\"@id\":\"https:\\\/\\\/www.viajamenorca.com\\\/fr\\\/#\\\/schema\\\/logo\\\/image\\\/\",\"url\":\"https:\\\/\\\/www.viajamenorca.com\\\/wp-content\\\/uploads\\\/2021\\\/11\\\/viajamenorca.jpg\",\"contentUrl\":\"https:\\\/\\\/www.viajamenorca.com\\\/wp-content\\\/uploads\\\/2021\\\/11\\\/viajamenorca.jpg\",\"width\":714,\"height\":714,\"caption\":\"Viaja a Menorca - Gu\u00eda tur\u00edstica\"},\"image\":{\"@id\":\"https:\\\/\\\/www.viajamenorca.com\\\/fr\\\/#\\\/schema\\\/logo\\\/image\\\/\"},\"sameAs\":[\"https:\\\/\\\/www.facebook.com\\\/ViajaMenorca\\\/\",\"https:\\\/\\\/x.com\\\/ViajaMenorca\",\"https:\\\/\\\/www.instagram.com\\\/viaja_menorca\\\/?hl=es\",\"https:\\\/\\\/www.youtube.com\\\/channel\\\/UCWtpR3jxp79HeZ8zZfHLhXw\"]},{\"@type\":\"Person\",\"@id\":\"https:\\\/\\\/www.viajamenorca.com\\\/fr\\\/#\\\/schema\\\/person\\\/a4a17bcf26fbf36b9726dc16edd0a3fc\",\"name\":\"RVM\",\"image\":{\"@type\":\"ImageObject\",\"inLanguage\":\"fr-FR\",\"@id\":\"https:\\\/\\\/www.viajamenorca.com\\\/wp-content\\\/litespeed\\\/avatar\\\/f92762d1538920c5ee7c40d8d2c84bc0.jpg?ver=1776737859\",\"url\":\"https:\\\/\\\/www.viajamenorca.com\\\/wp-content\\\/litespeed\\\/avatar\\\/f92762d1538920c5ee7c40d8d2c84bc0.jpg?ver=1776737859\",\"contentUrl\":\"https:\\\/\\\/www.viajamenorca.com\\\/wp-content\\\/litespeed\\\/avatar\\\/f92762d1538920c5ee7c40d8d2c84bc0.jpg?ver=1776737859\",\"caption\":\"RVM\"},\"description\":\"Guia turistica de Menorca creada por un menorquin amante de su tierra, espero que os guste.\",\"sameAs\":[\"http:\\\/\\\/www.viajamenorca.com\",\"https:\\\/\\\/www.facebook.com\\\/ViajaMenorca\\\/\",\"https:\\\/\\\/www.instagram.com\\\/viaja_menorca\\\/?hl=es\",\"https:\\\/\\\/x.com\\\/ViajaMenorca\",\"https:\\\/\\\/www.youtube.com\\\/c\\\/ViajamenorcaEs\",\"https:\\\/\\\/es.wikipedia.org\\\/wiki\\\/Menorca\"]}]}<\/script>\n<!-- \/ Yoast SEO plugin. -->","yoast_head_json":{"title":"Sobrasada de Minorque - La charcuterie la plus traditionnelle de l'\u00eele","description":"Peut-\u00eatre la charcuterie traditionnelle la plus consomm\u00e9e dans les \u00eeles Bal\u00e9ares et dans diff\u00e9rentes r\u00e9gions de la M\u00e9diterran\u00e9e, elle..","robots":{"index":"index","follow":"follow","max-snippet":"max-snippet:-1","max-image-preview":"max-image-preview:large","max-video-preview":"max-video-preview:-1"},"canonical":"https:\/\/www.viajamenorca.com\/fr\/guide-touristique\/gastronomie\/charcuterie-et-fromages\/sobrasada-de-minorque\/","og_locale":"fr_FR","og_type":"article","og_title":"Sobrasada de Minorque - La charcuterie la plus traditionnelle de l'\u00eele","og_description":"Peut-\u00eatre la charcuterie traditionnelle la plus consomm\u00e9e dans les \u00eeles Bal\u00e9ares et dans diff\u00e9rentes r\u00e9gions de la M\u00e9diterran\u00e9e, elle..","og_url":"https:\/\/www.viajamenorca.com\/fr\/guide-touristique\/gastronomie\/charcuterie-et-fromages\/sobrasada-de-minorque\/","og_site_name":"Viaja a Menorca","article_publisher":"https:\/\/www.facebook.com\/ViajaMenorca\/","article_author":"https:\/\/www.facebook.com\/ViajaMenorca\/","article_published_time":"2020-12-20T18:39:43+00:00","article_modified_time":"2026-03-12T15:26:09+00:00","og_image":[{"width":650,"height":432,"url":"https:\/\/www.viajamenorca.com\/wp-content\/uploads\/2020\/12\/Sobrasadas-01.jpeg","type":"image\/jpeg"}],"author":"RVM","twitter_card":"summary_large_image","twitter_creator":"@ViajaMenorca","twitter_site":"@ViajaMenorca","twitter_misc":{"\u00c9crit par":"RVM","Dur\u00e9e de lecture estim\u00e9e":"2 minutes"},"schema":{"@context":"https:\/\/schema.org","@graph":[{"@type":"Article","@id":"https:\/\/www.viajamenorca.com\/fr\/guide-touristique\/gastronomie\/charcuterie-et-fromages\/sobrasada-de-minorque\/#article","isPartOf":{"@id":"https:\/\/www.viajamenorca.com\/fr\/guide-touristique\/gastronomie\/charcuterie-et-fromages\/sobrasada-de-minorque\/"},"author":{"name":"RVM","@id":"https:\/\/www.viajamenorca.com\/fr\/#\/schema\/person\/a4a17bcf26fbf36b9726dc16edd0a3fc"},"headline":"Sobrasada","datePublished":"2020-12-20T18:39:43+00:00","dateModified":"2026-03-12T15:26:09+00:00","mainEntityOfPage":{"@id":"https:\/\/www.viajamenorca.com\/fr\/guide-touristique\/gastronomie\/charcuterie-et-fromages\/sobrasada-de-minorque\/"},"wordCount":263,"publisher":{"@id":"https:\/\/www.viajamenorca.com\/fr\/#organization"},"image":{"@id":"https:\/\/www.viajamenorca.com\/fr\/guide-touristique\/gastronomie\/charcuterie-et-fromages\/sobrasada-de-minorque\/#primaryimage"},"thumbnailUrl":"https:\/\/www.viajamenorca.com\/wp-content\/uploads\/2020\/12\/Sobrasadas-01.jpeg","keywords":["Can lao","Charcuteries typiques","Porc noir","sobrasada","Sobrasada de Majorque","Sobrasada de Minorque","Sobrassada"],"articleSection":["Charcuterie et fromages","Gastronomie","Guide touristique"],"inLanguage":"fr-FR"},{"@type":"WebPage","@id":"https:\/\/www.viajamenorca.com\/fr\/guide-touristique\/gastronomie\/charcuterie-et-fromages\/sobrasada-de-minorque\/","url":"https:\/\/www.viajamenorca.com\/fr\/guide-touristique\/gastronomie\/charcuterie-et-fromages\/sobrasada-de-minorque\/","name":"Sobrasada de Minorque - La charcuterie la plus traditionnelle de l'\u00eele","isPartOf":{"@id":"https:\/\/www.viajamenorca.com\/fr\/#website"},"primaryImageOfPage":{"@id":"https:\/\/www.viajamenorca.com\/fr\/guide-touristique\/gastronomie\/charcuterie-et-fromages\/sobrasada-de-minorque\/#primaryimage"},"image":{"@id":"https:\/\/www.viajamenorca.com\/fr\/guide-touristique\/gastronomie\/charcuterie-et-fromages\/sobrasada-de-minorque\/#primaryimage"},"thumbnailUrl":"https:\/\/www.viajamenorca.com\/wp-content\/uploads\/2020\/12\/Sobrasadas-01.jpeg","datePublished":"2020-12-20T18:39:43+00:00","dateModified":"2026-03-12T15:26:09+00:00","description":"Peut-\u00eatre la charcuterie traditionnelle la plus consomm\u00e9e dans les \u00eeles Bal\u00e9ares et dans diff\u00e9rentes r\u00e9gions de la M\u00e9diterran\u00e9e, elle..","breadcrumb":{"@id":"https:\/\/www.viajamenorca.com\/fr\/guide-touristique\/gastronomie\/charcuterie-et-fromages\/sobrasada-de-minorque\/#breadcrumb"},"inLanguage":"fr-FR","potentialAction":[{"@type":"ReadAction","target":["https:\/\/www.viajamenorca.com\/fr\/guide-touristique\/gastronomie\/charcuterie-et-fromages\/sobrasada-de-minorque\/"]}]},{"@type":"ImageObject","inLanguage":"fr-FR","@id":"https:\/\/www.viajamenorca.com\/fr\/guide-touristique\/gastronomie\/charcuterie-et-fromages\/sobrasada-de-minorque\/#primaryimage","url":"https:\/\/www.viajamenorca.com\/wp-content\/uploads\/2020\/12\/Sobrasadas-01.jpeg","contentUrl":"https:\/\/www.viajamenorca.com\/wp-content\/uploads\/2020\/12\/Sobrasadas-01.jpeg","width":650,"height":432},{"@type":"BreadcrumbList","@id":"https:\/\/www.viajamenorca.com\/fr\/guide-touristique\/gastronomie\/charcuterie-et-fromages\/sobrasada-de-minorque\/#breadcrumb","itemListElement":[{"@type":"ListItem","position":1,"name":"Guide touristique","item":"https:\/\/www.viajamenorca.com\/fr\/.\/guide-touristique\/"},{"@type":"ListItem","position":2,"name":"Gastronomie","item":"https:\/\/www.viajamenorca.com\/fr\/.\/guide-touristique\/gastronomie\/"},{"@type":"ListItem","position":3,"name":"Charcuterie et fromages","item":"https:\/\/www.viajamenorca.com\/fr\/.\/guide-touristique\/gastronomie\/charcuterie-et-fromages\/"},{"@type":"ListItem","position":4,"name":"tradition"}]},{"@type":"WebSite","@id":"https:\/\/www.viajamenorca.com\/fr\/#website","url":"https:\/\/www.viajamenorca.com\/fr\/","name":"Viaja a Menorca","description":"Votre aventure minorquine commence ici !","publisher":{"@id":"https:\/\/www.viajamenorca.com\/fr\/#organization"},"alternateName":"Gu\u00eda tur\u00edstica de Menorca","potentialAction":[{"@type":"SearchAction","target":{"@type":"EntryPoint","urlTemplate":"https:\/\/www.viajamenorca.com\/fr\/?s={search_term_string}"},"query-input":{"@type":"PropertyValueSpecification","valueRequired":true,"valueName":"search_term_string"}}],"inLanguage":"fr-FR"},{"@type":"Organization","@id":"https:\/\/www.viajamenorca.com\/fr\/#organization","name":"Viaja a Menorca - Gu\u00eda tur\u00edstica","alternateName":"Viaja a Menorca","url":"https:\/\/www.viajamenorca.com\/fr\/","logo":{"@type":"ImageObject","inLanguage":"fr-FR","@id":"https:\/\/www.viajamenorca.com\/fr\/#\/schema\/logo\/image\/","url":"https:\/\/www.viajamenorca.com\/wp-content\/uploads\/2021\/11\/viajamenorca.jpg","contentUrl":"https:\/\/www.viajamenorca.com\/wp-content\/uploads\/2021\/11\/viajamenorca.jpg","width":714,"height":714,"caption":"Viaja a Menorca - Gu\u00eda tur\u00edstica"},"image":{"@id":"https:\/\/www.viajamenorca.com\/fr\/#\/schema\/logo\/image\/"},"sameAs":["https:\/\/www.facebook.com\/ViajaMenorca\/","https:\/\/x.com\/ViajaMenorca","https:\/\/www.instagram.com\/viaja_menorca\/?hl=es","https:\/\/www.youtube.com\/channel\/UCWtpR3jxp79HeZ8zZfHLhXw"]},{"@type":"Person","@id":"https:\/\/www.viajamenorca.com\/fr\/#\/schema\/person\/a4a17bcf26fbf36b9726dc16edd0a3fc","name":"RVM","image":{"@type":"ImageObject","inLanguage":"fr-FR","@id":"https:\/\/www.viajamenorca.com\/wp-content\/litespeed\/avatar\/f92762d1538920c5ee7c40d8d2c84bc0.jpg?ver=1776737859","url":"https:\/\/www.viajamenorca.com\/wp-content\/litespeed\/avatar\/f92762d1538920c5ee7c40d8d2c84bc0.jpg?ver=1776737859","contentUrl":"https:\/\/www.viajamenorca.com\/wp-content\/litespeed\/avatar\/f92762d1538920c5ee7c40d8d2c84bc0.jpg?ver=1776737859","caption":"RVM"},"description":"Guia turistica de Menorca creada por un menorquin amante de su tierra, espero que os guste.","sameAs":["http:\/\/www.viajamenorca.com","https:\/\/www.facebook.com\/ViajaMenorca\/","https:\/\/www.instagram.com\/viaja_menorca\/?hl=es","https:\/\/x.com\/ViajaMenorca","https:\/\/www.youtube.com\/c\/ViajamenorcaEs","https:\/\/es.wikipedia.org\/wiki\/Menorca"]}]}},"_links":{"self":[{"href":"https:\/\/www.viajamenorca.com\/fr\/wp-json\/wp\/v2\/posts\/63559","targetHints":{"allow":["GET"]}}],"collection":[{"href":"https:\/\/www.viajamenorca.com\/fr\/wp-json\/wp\/v2\/posts"}],"about":[{"href":"https:\/\/www.viajamenorca.com\/fr\/wp-json\/wp\/v2\/types\/post"}],"author":[{"embeddable":true,"href":"https:\/\/www.viajamenorca.com\/fr\/wp-json\/wp\/v2\/users\/1"}],"replies":[{"embeddable":true,"href":"https:\/\/www.viajamenorca.com\/fr\/wp-json\/wp\/v2\/comments?post=63559"}],"version-history":[{"count":2,"href":"https:\/\/www.viajamenorca.com\/fr\/wp-json\/wp\/v2\/posts\/63559\/revisions"}],"predecessor-version":[{"id":63643,"href":"https:\/\/www.viajamenorca.com\/fr\/wp-json\/wp\/v2\/posts\/63559\/revisions\/63643"}],"wp:featuredmedia":[{"embeddable":true,"href":"https:\/\/www.viajamenorca.com\/fr\/wp-json\/wp\/v2\/media\/63561"}],"wp:attachment":[{"href":"https:\/\/www.viajamenorca.com\/fr\/wp-json\/wp\/v2\/media?parent=63559"}],"wp:term":[{"taxonomy":"category","embeddable":true,"href":"https:\/\/www.viajamenorca.com\/fr\/wp-json\/wp\/v2\/categories?post=63559"},{"taxonomy":"post_tag","embeddable":true,"href":"https:\/\/www.viajamenorca.com\/fr\/wp-json\/wp\/v2\/tags?post=63559"}],"curies":[{"name":"wp","href":"https:\/\/api.w.org\/{rel}","templated":true}]}}