{"id":63562,"date":"2019-06-20T10:59:14","date_gmt":"2019-06-20T10:59:14","guid":{"rendered":"https:\/\/www.viajamenorca.com\/non-classe\/reserva-de-biosfera\/"},"modified":"2026-03-12T15:46:49","modified_gmt":"2026-03-12T15:46:49","slug":"reserve-de-biosphere","status":"publish","type":"post","link":"https:\/\/www.viajamenorca.com\/fr\/guide-touristique\/reserve-de-biosphere\/","title":{"rendered":"R\u00e9serve de biosph\u00e8re"},"content":{"rendered":"\n<h3 class=\"wp-block-heading\" id=\"menorca-fue-declarada-por-el-comite-mab-de-la-unesco-patrimonio-de-la-humanidad-en-1982-e-incorporada-tambien-a-la-red-mundial-de-lugares-singulares-como-reserva-de-la-biosfera\" style=\"font-size:18px\">Minorque a \u00e9t\u00e9 d\u00e9clar\u00e9e patrimoine de l&rsquo;humanit\u00e9 par le comit\u00e9 MAB de l&rsquo;UNESCO en 1982, et \u00e9galement int\u00e9gr\u00e9e au r\u00e9seau mondial des lieux singuliers en tant que<a href=\"https:\/\/www.viajamenorca.com\/fr\/guide-touristique\/reserve-de-biosphere\/\"><strong> R\u00e9serve de la Biosph\u00e8re<\/strong><\/a>.<\/h3>\n\n\n<p><span style=\"font-family: georgia, palatino, serif; font-size: 12pt;\"><a href=\"https:\/\/www.viajamenorca.com\/wp-content\/uploads\/2010\/04\/cavalleria_resize_resize.jpg\"><img decoding=\"async\" class=\"alignright wp-image-1176\" src=\"https:\/\/www.viajamenorca.com\/wp-content\/uploads\/2010\/04\/cavalleria_resize_resize.jpg\" alt=\"Phare de Cavalleria Minorque\" width=\"450\" height=\"312\" srcset=\"https:\/\/www.viajamenorca.com\/wp-content\/uploads\/2010\/04\/cavalleria_resize_resize.jpg 717w, https:\/\/www.viajamenorca.com\/wp-content\/uploads\/2010\/04\/cavalleria_resize_resize-300x208.jpg 300w, https:\/\/www.viajamenorca.com\/wp-content\/uploads\/2010\/04\/cavalleria_resize_resize-110x76.jpg 110w, https:\/\/www.viajamenorca.com\/wp-content\/uploads\/2010\/04\/cavalleria_resize_resize-420x291.jpg 420w, https:\/\/www.viajamenorca.com\/wp-content\/uploads\/2010\/04\/cavalleria_resize_resize-620x430.jpg 620w\" sizes=\"(max-width: 450px) 100vw, 450px\" \/><\/a><\/span><\/p>\n<h3><span style=\"font-size: 14pt;\"><\/span><\/h3>\n<h2 class=\"Estilo8\"><span style=\"font-size: 18pt;\">R\u00e9serve marine<\/span><\/h2>\n<p>En juin 2019, l&rsquo;<strong><a href=\"http:\/\/rerb.oapn.es\/red-espanola-de-reservas-de-la-biosfera\/reservas-de-la-biosfera-espanolas\/mapa\/menorca\/ficha\" target=\"_blank\" rel=\"noopener\">UNESCO<\/a> <\/strong>a approuv\u00e9 l&rsquo;extension de la <strong><a href=\"http:\/\/www.biosferamenorca.org\/\" target=\"_blank\" rel=\"noopener\">R\u00e9serve de la Biosph\u00e8re<\/a><\/strong> vers la mer. Ainsi, la surface est pass\u00e9e de 70 000 \u00e0 500 000 hectares, devenant la plus grande r\u00e9serve marine de la M\u00e9diterran\u00e9e. <strong><a href=\"https:\/\/www.google.com\/maps\/d\/viewer?mid=1pOFVimaW9_KhWbwN9glR505d5Vk&amp;hl=en&amp;ll=40.06372211237071%2C4.1168117487807&amp;z=11\" target=\"_blank\" rel=\"nofollow noopener\">Voir la carte de la R\u00e9serve Marine<\/a><\/strong>.<\/p>\n<h2><span style=\"font-size: 18pt;\">Zones Naturelles d&rsquo;Int\u00e9r\u00eat Sp\u00e9cial<\/span><\/h2>\n<p>Les Zones Naturelles d&rsquo;Int\u00e9r\u00eat Sp\u00e9cial (ANEI) refl\u00e8tent l&rsquo;engagement de Minorque en tant que R\u00e9serve de la Biosph\u00e8re, garantissant la conservation d&rsquo;\u00e9cosyst\u00e8mes uniques, tant terrestres que marins. <div class=\"g g-8\"><div class=\"g-single a-69\"><a href=\"https:\/\/www.civitatis.com\/fr\/mahon\/transferts\/?aid=99960\" target=\"_blank\" rel=\"nofollow\">\r\n    <img decoding=\"async\" src=\"https:\/\/www.viajamenorca.com\/wp-content\/uploads\/2026\/02\/FRANCES_BLUE-1-2.jpg\" width=\"350\" height=\"210\" title=\"Transferts \u00e0 Minorque - A\u00e9roport\" alt=\"Transferts \u00e0 Minorque - A\u00e9roport\" \/>\r\n<\/a><\/div><\/div><\/p>\n<p>Ces espaces sauvages, int\u00e9gr\u00e9s au r\u00e9seau Natura 2000, comprennent des falaises, des zones humides et d&rsquo;autres environnements prot\u00e9g\u00e9s, qui servent de refuge \u00e0 de nombreuses esp\u00e8ces de flore et de faune, pr\u00e9servant une biodiversit\u00e9 exceptionnelle.<\/p>\n<p>Leur protection est une priorit\u00e9 selon les r\u00e9glementations europ\u00e9ennes, \u00e9tatiques et r\u00e9gionales, ce qui exige de promouvoir un tourisme durable et <a href=\"https:\/\/www.viajamenorca.com\/guia-turistica\/reserva-de-biosfera\/colabora-tu-tambien\/\"><strong>respectueux de l&rsquo;environnement<\/strong><\/a>.<\/p>\n<p>Un exemple remarquable est le <a href=\"https:\/\/www.viajamenorca.com\/fr\/guide-touristique\/plages-et-criques\/cote-est\/plage-des-grau\/#Parque_natural_de_S8217Albufera_des_Grau\"><strong>Parc Naturel de s&rsquo;Albufera des Grau<\/strong><\/a>, une zone humide majeure qui n&rsquo;est pas seulement un espace prot\u00e9g\u00e9, mais aussi un lieu privil\u00e9gi\u00e9 pour l&rsquo;<a href=\"https:\/\/www.viajamenorca.com\/revista\/guia-de-aves-de-menorca-y-donde-verlas\/\"><strong>observation des oiseaux<\/strong><\/a>.<\/p>\n<h2 class=\"Estilo8\"><span style=\"font-size: 18pt;\">R\u00e9serve Starlight<\/span><\/h2>\n<p>Depuis 2019, l&rsquo;\u00eele fait \u00e9galement partie de la <strong><a href=\"https:\/\/viajamenorca.com\/revista\/destino-turistico-starlight\/\">R\u00e9serve Starlight<\/a><\/strong> en raison de l&rsquo;excellente qualit\u00e9 lumineuse existante pour l&rsquo;observation astronomique, permettant de profiter de ciels \u00e9toil\u00e9s et de nuits claires.<\/p>\n<h2><span style=\"line-height: 1.5; font-size: 18pt;\">Ressources naturelles<\/span><\/h2>\n<h3>Prenez soin de Minorque comme si c&rsquo;\u00e9tait votre maison : vous vous trouvez sur une \u00eele qui a \u00e9t\u00e9 d\u00e9clar\u00e9e R\u00e9serve de la Biosph\u00e8re pour sa richesse naturelle et sa diversit\u00e9 \u00e9cologique.<\/h3>\n<figure id=\"attachment_1074\" aria-describedby=\"caption-attachment-1074\" style=\"width: 340px\" class=\"wp-caption alignright\"><a href=\"https:\/\/www.viajamenorca.com\/wp-content\/uploads\/2010\/04\/barrera-300x200.jpg\"><img decoding=\"async\" class=\"wp-image-1074\" title=\"Barri\u00e8re Minorquine\" src=\"https:\/\/www.viajamenorca.com\/wp-content\/uploads\/2010\/04\/barrera-300x200.jpg\" alt=\"Barri\u00e8re traditionnelle de Minorque\" width=\"350\" height=\"234\" srcset=\"https:\/\/www.viajamenorca.com\/wp-content\/uploads\/2010\/04\/barrera-300x200.jpg 300w, https:\/\/www.viajamenorca.com\/wp-content\/uploads\/2010\/04\/barrera-110x73.jpg 110w, https:\/\/www.viajamenorca.com\/wp-content\/uploads\/2010\/04\/barrera-420x281.jpg 420w, https:\/\/www.viajamenorca.com\/wp-content\/uploads\/2010\/04\/barrera.jpg 494w\" sizes=\"(max-width: 350px) 100vw, 350px\" \/><\/a><figcaption id=\"caption-attachment-1074\" class=\"wp-caption-text\"><span style=\"font-size: 12pt;\">Barri\u00e8re typique de Minorque<\/span><\/figcaption><\/figure>\n<p><span style=\"font-size: 12pt;\"><span class=\"Estilo238\"><strong>Eau<\/strong> :<\/span> L&rsquo;eau est une ressource vitale et rare \u00e0 Minorque.<\/span><\/p>\n<p><span style=\"font-size: 12pt;\"><span class=\"Estilo241\"><b>\u00c9nergie<\/b><strong style=\"font-size: 12pt;\"> :<\/strong><\/span><span style=\"font-size: 12pt;\"> Adaptez votre vitesse et l&rsquo;utilisation de votre v\u00e9hicule aux caract\u00e9ristiques de nos routes.<\/span><\/span><\/p>\n<p><span class=\"Estilo245\" style=\"font-size: 12pt;\"><strong style=\"font-size: 12pt;\">Espaces naturels et <\/strong><b>agricoles<\/b><span style=\"font-size: 12pt;\"> : <\/span><\/span><span style=\"font-size: 12pt;\">Si vous trouvez des barri\u00e8res ferm\u00e9es, refermez-les apr\u00e8s votre passage pour \u00e9viter que le b\u00e9tail ne s&rsquo;\u00e9chappe.<\/span><\/p>\n<p><strong>Flore et faune :<\/strong> Respectez la flore et la faune locales. Ne cueillez pas de plantes et n&rsquo;interf\u00e9rez pas avec les animaux dans leur habitat naturel.<\/p>\n<h2 class=\"\"><span style=\"font-size: 18pt;\">D\u00e9chets et \u00e9puration des eaux<\/span><\/h2>\n<h3><span class=\"\" style=\"font-size: 14pt;\">Ne laissez pas de d\u00e9chets dans les espaces naturels. Utilisez les conteneurs pr\u00e9vus \u00e0 cet effet et contribuez \u00e0 maintenir l&rsquo;environnement propre et sans pollution. Recycler est tr\u00e8s facile !<\/span><\/h3>\n<figure id=\"attachment_6266\" aria-describedby=\"caption-attachment-6266\" style=\"width: 340px\" class=\"wp-caption alignright\"><a href=\"https:\/\/viajamenorca.com\/wp-content\/uploads\/2018\/09\/contenidors-soterrats-e1538089463185.jpg\"><img decoding=\"async\" class=\"wp-image-6266\" title=\"Recycler est facile\" src=\"https:\/\/viajamenorca.com\/wp-content\/uploads\/2018\/09\/contenidors-soterrats-e1538089463185-1024x775.jpg\" alt=\"Recyclage \u00e0 Minorque\" width=\"350\" height=\"265\" srcset=\"https:\/\/www.viajamenorca.com\/wp-content\/uploads\/2018\/09\/contenidors-soterrats-e1538089463185-1024x775.jpg 1024w, https:\/\/www.viajamenorca.com\/wp-content\/uploads\/2018\/09\/contenidors-soterrats-e1538089463185-300x227.jpg 300w, https:\/\/www.viajamenorca.com\/wp-content\/uploads\/2018\/09\/contenidors-soterrats-e1538089463185-768x581.jpg 768w, https:\/\/www.viajamenorca.com\/wp-content\/uploads\/2018\/09\/contenidors-soterrats-e1538089463185-110x83.jpg 110w, https:\/\/www.viajamenorca.com\/wp-content\/uploads\/2018\/09\/contenidors-soterrats-e1538089463185-420x318.jpg 420w, https:\/\/www.viajamenorca.com\/wp-content\/uploads\/2018\/09\/contenidors-soterrats-e1538089463185-569x430.jpg 569w\" sizes=\"(max-width: 350px) 100vw, 350px\" \/><\/a><figcaption id=\"caption-attachment-6266\" class=\"wp-caption-text\"><span style=\"font-size: 12pt;\">R\u00e9duisez vos d\u00e9chets et utilisez les conteneurs correspondants.<\/span><\/figcaption><\/figure>\n<p><strong><span style=\"color: #0d3627;\">\u267b <\/span>Conteneur vert :<br \/><\/strong>D\u00e9posez-y les bouteilles et les bocaux en verre.<\/p>\n<p><strong><span style=\"color: #1a2f9a;\">\u267b <\/span>Conteneur bleu :<br \/><\/strong>Vous pouvez y jeter les magazines, journaux, papiers, cartons, etc.<\/p>\n<p><strong><span style=\"color: #f8a315;\">\u267b <\/span>Iglou jaune :<br \/><\/strong>D\u00e9posez-y tous les types d&#8217;emballages en plastique, briques alimentaires (brics) et canettes.<\/p>\n<p><strong><span style=\"color: #461c0c;\">\u267b <\/span>Conteneur organique :<br \/><\/strong>Pour les restes alimentaires. Ils servent \u00e0 produire du compost.<\/p>\n<p><strong>\u00c9puration des eaux :<\/strong> Assurez-vous que les eaux us\u00e9es sont trait\u00e9es correctement. Utilisez les syst\u00e8mes d&rsquo;\u00e9puration et \u00e9vitez de verser des produits chimiques dans l&rsquo;environnement naturel pour prot\u00e9ger la qualit\u00e9 des ressources en eau.<\/p>\n\n\n<div class=\"gb-grid-column gb-grid-column-69704bd6 gb-query-loop-item post-63562 post type-post status-publish format-standard has-post-thumbnail hentry category-guide-touristique category-page-daccueil-guide-touristique category-reserve-de-biosphere tag-environnement tag-reserve-de-biosphere tag-reserve-marine tag-unesco\"><div class=\"gb-container gb-container-69704bd6\">\n\n<figure class=\"gb-block-image gb-block-image-f1347a96\"><a href=\"https:\/\/www.viajamenorca.com\/guia-turistica\/playas-y-calas\/recomendaciones\/\"><img decoding=\"async\" width=\"1024\" height=\"560\" class=\"gb-image gb-image-f1347a96\" src=\"https:\/\/www.viajamenorca.com\/wp-content\/uploads\/2017\/01\/5-Copy.jpg\" alt=\"Consejos y recomendaciones\" title=\"Consejos y recomendaciones\" srcset=\"https:\/\/www.viajamenorca.com\/wp-content\/uploads\/2017\/01\/5-Copy.jpg 1024w, https:\/\/www.viajamenorca.com\/wp-content\/uploads\/2017\/01\/5-Copy-300x164.jpg 300w, https:\/\/www.viajamenorca.com\/wp-content\/uploads\/2017\/01\/5-Copy-768x420.jpg 768w, https:\/\/www.viajamenorca.com\/wp-content\/uploads\/2017\/01\/5-Copy-110x60.jpg 110w, https:\/\/www.viajamenorca.com\/wp-content\/uploads\/2017\/01\/5-Copy-420x230.jpg 420w, https:\/\/www.viajamenorca.com\/wp-content\/uploads\/2017\/01\/5-Copy-770x421.jpg 770w\" sizes=\"(max-width: 1024px) 100vw, 1024px\" \/><\/a><\/figure>\n\n\n\n<h2 class=\"gb-text gb-text-de767011\"><a href=\"https:\/\/www.viajamenorca.com\/guia-turistica\/playas-y-calas\/recomendaciones\/\">Consejos y recomendaciones para disfrutar de la playa al m\u00e1ximo<\/a><\/h2>\n\n\n\n<div class=\"gb-headline gb-headline-5a6d9aa1 gb-headline-text\">Antes de salir: Revisa la se\u00f1alizaci\u00f3n, el clima y los requisitos de la Reserva de la Biosfera. Gu\u00eda de consejos para disfrutar sin da\u00f1ar el h\u00e1bitat natural de las calas de Menorca.<\/div>\n\n\n\n<a class=\"gb-button gb-button-c425dfc4 gb-button-text\" href=\"https:\/\/www.viajamenorca.com\/guia-turistica\/playas-y-calas\/recomendaciones\/\">LEER M\u00c1S..<\/a>\n\n\n\n<hr class=\"wp-block-separator has-text-color has-alpha-channel-opacity has-background\" style=\"background-color:#e1e1e1;color:#e1e1e1\"\/>\n\n<\/div><\/div>\n\n\n\n<div class=\"gb-grid-wrapper gb-grid-wrapper-95adbc9c gb-query-loop-wrapper\"><\/div>\n\n\n\n<h2><span style=\"font-size: 18pt;\">Vid\u00e9o : Reportage sur la r\u00e9serve<br \/><\/span><\/h2>\n<p>\ud83d\udcfa El Escarabajo Verde | Pierre ou ciment | RTVE<\/p>\n\n\n\n<figure class=\"wp-block-embed is-type-video is-provider-youtube wp-block-embed-youtube wp-embed-aspect-16-9 wp-has-aspect-ratio\"><div class=\"wp-block-embed__wrapper\">\n<iframe title=\"\ud83d\udcfa MENORCA: EL ESCARABAJO VERDE | Piedra o cemento | TVE2\" width=\"1200\" height=\"675\" src=\"https:\/\/www.youtube.com\/embed\/llD0ZRfT7Ew?feature=oembed\" frameborder=\"0\" allow=\"accelerometer; autoplay; clipboard-write; encrypted-media; gyroscope; picture-in-picture; web-share\" referrerpolicy=\"strict-origin-when-cross-origin\" allowfullscreen><\/iframe>\n<\/div><\/figure>\n\n\n\n<h4 class=\"wp-block-heading\"><strong>Activit\u00e9s de loisirs<\/strong><\/h4>\n\n\n\n<div style=\"text-align:center;\"><script>function loadScript(url, callback){var script=document.createElement('script'); script.type='text\/javascript'; if (script.readyState){script.onreadystatechange=function(){if (script.readyState=='loaded' || script.readyState=='complete'){script.onreadystatechange=null; callback();}};}else{script.onload=function(){callback();};}script.src=url; document.getElementsByTagName('head')[0].appendChild(script);}loadScript('https:\/\/cdn2.civitatis.com\/js\/vendor\/iframeResizer.min.js', function(){iFrameResize({checkOrigin:false,initCallback:function(iframe){setTimeout(function(){var resizeEvent = window.document.createEvent('UIEvents'); resizeEvent.initUIEvent('resize', true, false, window, 0); iframe.dispatchEvent(resizeEvent);});}})})<\/script><iframe class=\"civitatis-iframe\" src=\"https:\/\/www.civitatis.com\/widget-activities\/?affiliated=99960&amp;display=cosy&amp;cant=3&amp;lang=fr&amp;currency=EUR&amp;zone=492&amp;transfer=1&amp;cmp=Widget_Menorca_ES&amp;width=100%&amp;hideButton=0&amp;centerContent=1&amp;typeSelection=all&amp;color=1d5a8f&amp;typography=Montserrat&amp;removeBackground=1&amp;showShadow=1&amp;roundedButtons=1\" width=\"100%\" frameborder=\"0\" data-maxwidth=\"100%\" style=\"max-width: 100%\"><\/iframe><\/div>\n","protected":false},"excerpt":{"rendered":"<p>Minorque a \u00e9t\u00e9 d\u00e9clar\u00e9e patrimoine de l&rsquo;humanit\u00e9 par le comit\u00e9 MAB de l&rsquo;UNESCO en 1982, et \u00e9galement int\u00e9gr\u00e9e au r\u00e9seau mondial des lieux singuliers en tant que R\u00e9serve de la &#8230; <\/p>\n<p class=\"read-more-container\"><a title=\"R\u00e9serve de biosph\u00e8re\" class=\"read-more button\" href=\"https:\/\/www.viajamenorca.com\/fr\/guide-touristique\/reserve-de-biosphere\/#more-63562\" aria-label=\"En savoir plus sur R\u00e9serve de biosph\u00e8re\">Lire plus<\/a><\/p>\n","protected":false},"author":1,"featured_media":54025,"comment_status":"closed","ping_status":"closed","sticky":false,"template":"","format":"standard","meta":{"_acf_changed":false,"footnotes":""},"categories":[1581,1624,1853],"tags":[3236,3238,3237,3240],"class_list":["post-63562","post","type-post","status-publish","format-standard","has-post-thumbnail","hentry","category-guide-touristique","category-page-daccueil-guide-touristique","category-reserve-de-biosphere","tag-environnement","tag-reserve-de-biosphere","tag-reserve-marine","tag-unesco","resize-featured-image"],"acf":{"elige_un_tipo_de_actividad":"","buscar_por_zonas":""},"yoast_head":"<!-- This site is optimized with the Yoast SEO plugin v27.4 - https:\/\/yoast.com\/product\/yoast-seo-wordpress\/ -->\n<title>Minorque, r\u00e9serve de biosph\u00e8re \ud83c\udf0d Conservation du territoire<\/title>\n<meta name=\"description\" content=\"\u25ba Ils se trouvent \u00e0 Minorque, qui a \u00e9t\u00e9 d\u00e9clar\u00e9e r\u00e9serve de biosph\u00e8re par l&#039;UNESCO. Conservation du patrimoine, plages propres, collaborez...\" \/>\n<meta name=\"robots\" content=\"index, follow, max-snippet:-1, max-image-preview:large, max-video-preview:-1\" \/>\n<link rel=\"canonical\" href=\"https:\/\/www.viajamenorca.com\/fr\/guide-touristique\/reserve-de-biosphere\/\" \/>\n<meta property=\"og:locale\" content=\"fr_FR\" \/>\n<meta property=\"og:type\" content=\"article\" \/>\n<meta property=\"og:title\" content=\"Minorque, r\u00e9serve de biosph\u00e8re \ud83c\udf0d Conservation du territoire\" \/>\n<meta property=\"og:description\" content=\"\u25ba Ils se trouvent \u00e0 Minorque, qui a \u00e9t\u00e9 d\u00e9clar\u00e9e r\u00e9serve de biosph\u00e8re par l&#039;UNESCO. Conservation du patrimoine, plages propres, collaborez...\" \/>\n<meta property=\"og:url\" content=\"https:\/\/www.viajamenorca.com\/fr\/guide-touristique\/reserve-de-biosphere\/\" \/>\n<meta property=\"og:site_name\" content=\"Viaja a Menorca\" \/>\n<meta property=\"article:publisher\" content=\"https:\/\/www.facebook.com\/ViajaMenorca\/\" \/>\n<meta property=\"article:author\" content=\"https:\/\/www.facebook.com\/ViajaMenorca\/\" \/>\n<meta property=\"article:published_time\" content=\"2019-06-20T10:59:14+00:00\" \/>\n<meta property=\"article:modified_time\" content=\"2026-03-12T15:46:49+00:00\" \/>\n<meta property=\"og:image\" content=\"https:\/\/www.viajamenorca.com\/wp-content\/uploads\/2017\/01\/imagen-16-e1484952332927.jpg\" \/>\n\t<meta property=\"og:image:width\" content=\"765\" \/>\n\t<meta property=\"og:image:height\" content=\"510\" \/>\n\t<meta property=\"og:image:type\" content=\"image\/jpeg\" \/>\n<meta name=\"author\" content=\"RVM\" \/>\n<meta name=\"twitter:card\" content=\"summary_large_image\" \/>\n<meta name=\"twitter:creator\" content=\"@ViajaMenorca\" \/>\n<meta name=\"twitter:site\" content=\"@ViajaMenorca\" \/>\n<meta name=\"twitter:label1\" content=\"\u00c9crit par\" \/>\n\t<meta name=\"twitter:data1\" content=\"RVM\" \/>\n\t<meta name=\"twitter:label2\" content=\"Dur\u00e9e de lecture estim\u00e9e\" \/>\n\t<meta name=\"twitter:data2\" content=\"4 minutes\" \/>\n<script type=\"application\/ld+json\" class=\"yoast-schema-graph\">{\"@context\":\"https:\\\/\\\/schema.org\",\"@graph\":[{\"@type\":\"Article\",\"@id\":\"https:\\\/\\\/www.viajamenorca.com\\\/fr\\\/guide-touristique\\\/reserve-de-biosphere\\\/#article\",\"isPartOf\":{\"@id\":\"https:\\\/\\\/www.viajamenorca.com\\\/fr\\\/guide-touristique\\\/reserve-de-biosphere\\\/\"},\"author\":{\"name\":\"RVM\",\"@id\":\"https:\\\/\\\/www.viajamenorca.com\\\/fr\\\/#\\\/schema\\\/person\\\/a4a17bcf26fbf36b9726dc16edd0a3fc\"},\"headline\":\"R\u00e9serve de biosph\u00e8re\",\"datePublished\":\"2019-06-20T10:59:14+00:00\",\"dateModified\":\"2026-03-12T15:46:49+00:00\",\"mainEntityOfPage\":{\"@id\":\"https:\\\/\\\/www.viajamenorca.com\\\/fr\\\/guide-touristique\\\/reserve-de-biosphere\\\/\"},\"wordCount\":634,\"publisher\":{\"@id\":\"https:\\\/\\\/www.viajamenorca.com\\\/fr\\\/#organization\"},\"image\":{\"@id\":\"https:\\\/\\\/www.viajamenorca.com\\\/fr\\\/guide-touristique\\\/reserve-de-biosphere\\\/#primaryimage\"},\"thumbnailUrl\":\"https:\\\/\\\/www.viajamenorca.com\\\/wp-content\\\/uploads\\\/2017\\\/01\\\/imagen-16-e1484952332927.jpg\",\"keywords\":[\"Environnement\",\"r\u00e9serve de biosph\u00e8re\",\"r\u00e9serve marine\",\"UNESCO\"],\"articleSection\":[\"Guide touristique\",\"Page d'accueil - Guide touristique\",\"R\u00e9serve de biosph\u00e8re\"],\"inLanguage\":\"fr-FR\"},{\"@type\":\"WebPage\",\"@id\":\"https:\\\/\\\/www.viajamenorca.com\\\/fr\\\/guide-touristique\\\/reserve-de-biosphere\\\/\",\"url\":\"https:\\\/\\\/www.viajamenorca.com\\\/fr\\\/guide-touristique\\\/reserve-de-biosphere\\\/\",\"name\":\"Minorque, r\u00e9serve de biosph\u00e8re \ud83c\udf0d Conservation du territoire\",\"isPartOf\":{\"@id\":\"https:\\\/\\\/www.viajamenorca.com\\\/fr\\\/#website\"},\"primaryImageOfPage\":{\"@id\":\"https:\\\/\\\/www.viajamenorca.com\\\/fr\\\/guide-touristique\\\/reserve-de-biosphere\\\/#primaryimage\"},\"image\":{\"@id\":\"https:\\\/\\\/www.viajamenorca.com\\\/fr\\\/guide-touristique\\\/reserve-de-biosphere\\\/#primaryimage\"},\"thumbnailUrl\":\"https:\\\/\\\/www.viajamenorca.com\\\/wp-content\\\/uploads\\\/2017\\\/01\\\/imagen-16-e1484952332927.jpg\",\"datePublished\":\"2019-06-20T10:59:14+00:00\",\"dateModified\":\"2026-03-12T15:46:49+00:00\",\"description\":\"\u25ba Ils se trouvent \u00e0 Minorque, qui a \u00e9t\u00e9 d\u00e9clar\u00e9e r\u00e9serve de biosph\u00e8re par l'UNESCO. Conservation du patrimoine, plages propres, collaborez...\",\"breadcrumb\":{\"@id\":\"https:\\\/\\\/www.viajamenorca.com\\\/fr\\\/guide-touristique\\\/reserve-de-biosphere\\\/#breadcrumb\"},\"inLanguage\":\"fr-FR\",\"potentialAction\":[{\"@type\":\"ReadAction\",\"target\":[\"https:\\\/\\\/www.viajamenorca.com\\\/fr\\\/guide-touristique\\\/reserve-de-biosphere\\\/\"]}]},{\"@type\":\"ImageObject\",\"inLanguage\":\"fr-FR\",\"@id\":\"https:\\\/\\\/www.viajamenorca.com\\\/fr\\\/guide-touristique\\\/reserve-de-biosphere\\\/#primaryimage\",\"url\":\"https:\\\/\\\/www.viajamenorca.com\\\/wp-content\\\/uploads\\\/2017\\\/01\\\/imagen-16-e1484952332927.jpg\",\"contentUrl\":\"https:\\\/\\\/www.viajamenorca.com\\\/wp-content\\\/uploads\\\/2017\\\/01\\\/imagen-16-e1484952332927.jpg\",\"width\":765,\"height\":510},{\"@type\":\"BreadcrumbList\",\"@id\":\"https:\\\/\\\/www.viajamenorca.com\\\/fr\\\/guide-touristique\\\/reserve-de-biosphere\\\/#breadcrumb\",\"itemListElement\":[{\"@type\":\"ListItem\",\"position\":1,\"name\":\"Guide touristique\",\"item\":\"https:\\\/\\\/www.viajamenorca.com\\\/fr\\\/.\\\/guide-touristique\\\/\"},{\"@type\":\"ListItem\",\"position\":2,\"name\":\"Environnement\"}]},{\"@type\":\"WebSite\",\"@id\":\"https:\\\/\\\/www.viajamenorca.com\\\/fr\\\/#website\",\"url\":\"https:\\\/\\\/www.viajamenorca.com\\\/fr\\\/\",\"name\":\"Viaja a Menorca\",\"description\":\"Votre aventure minorquine commence ici !\",\"publisher\":{\"@id\":\"https:\\\/\\\/www.viajamenorca.com\\\/fr\\\/#organization\"},\"alternateName\":\"Gu\u00eda tur\u00edstica de Menorca\",\"potentialAction\":[{\"@type\":\"SearchAction\",\"target\":{\"@type\":\"EntryPoint\",\"urlTemplate\":\"https:\\\/\\\/www.viajamenorca.com\\\/fr\\\/?s={search_term_string}\"},\"query-input\":{\"@type\":\"PropertyValueSpecification\",\"valueRequired\":true,\"valueName\":\"search_term_string\"}}],\"inLanguage\":\"fr-FR\"},{\"@type\":\"Organization\",\"@id\":\"https:\\\/\\\/www.viajamenorca.com\\\/fr\\\/#organization\",\"name\":\"Viaja a Menorca - Gu\u00eda tur\u00edstica\",\"alternateName\":\"Viaja a Menorca\",\"url\":\"https:\\\/\\\/www.viajamenorca.com\\\/fr\\\/\",\"logo\":{\"@type\":\"ImageObject\",\"inLanguage\":\"fr-FR\",\"@id\":\"https:\\\/\\\/www.viajamenorca.com\\\/fr\\\/#\\\/schema\\\/logo\\\/image\\\/\",\"url\":\"https:\\\/\\\/www.viajamenorca.com\\\/wp-content\\\/uploads\\\/2021\\\/11\\\/viajamenorca.jpg\",\"contentUrl\":\"https:\\\/\\\/www.viajamenorca.com\\\/wp-content\\\/uploads\\\/2021\\\/11\\\/viajamenorca.jpg\",\"width\":714,\"height\":714,\"caption\":\"Viaja a Menorca - Gu\u00eda tur\u00edstica\"},\"image\":{\"@id\":\"https:\\\/\\\/www.viajamenorca.com\\\/fr\\\/#\\\/schema\\\/logo\\\/image\\\/\"},\"sameAs\":[\"https:\\\/\\\/www.facebook.com\\\/ViajaMenorca\\\/\",\"https:\\\/\\\/x.com\\\/ViajaMenorca\",\"https:\\\/\\\/www.instagram.com\\\/viaja_menorca\\\/?hl=es\",\"https:\\\/\\\/www.youtube.com\\\/channel\\\/UCWtpR3jxp79HeZ8zZfHLhXw\"]},{\"@type\":\"Person\",\"@id\":\"https:\\\/\\\/www.viajamenorca.com\\\/fr\\\/#\\\/schema\\\/person\\\/a4a17bcf26fbf36b9726dc16edd0a3fc\",\"name\":\"RVM\",\"image\":{\"@type\":\"ImageObject\",\"inLanguage\":\"fr-FR\",\"@id\":\"https:\\\/\\\/www.viajamenorca.com\\\/wp-content\\\/litespeed\\\/avatar\\\/f92762d1538920c5ee7c40d8d2c84bc0.jpg?ver=1776737859\",\"url\":\"https:\\\/\\\/www.viajamenorca.com\\\/wp-content\\\/litespeed\\\/avatar\\\/f92762d1538920c5ee7c40d8d2c84bc0.jpg?ver=1776737859\",\"contentUrl\":\"https:\\\/\\\/www.viajamenorca.com\\\/wp-content\\\/litespeed\\\/avatar\\\/f92762d1538920c5ee7c40d8d2c84bc0.jpg?ver=1776737859\",\"caption\":\"RVM\"},\"description\":\"Guia turistica de Menorca creada por un menorquin amante de su tierra, espero que os guste.\",\"sameAs\":[\"http:\\\/\\\/www.viajamenorca.com\",\"https:\\\/\\\/www.facebook.com\\\/ViajaMenorca\\\/\",\"https:\\\/\\\/www.instagram.com\\\/viaja_menorca\\\/?hl=es\",\"https:\\\/\\\/x.com\\\/ViajaMenorca\",\"https:\\\/\\\/www.youtube.com\\\/c\\\/ViajamenorcaEs\",\"https:\\\/\\\/es.wikipedia.org\\\/wiki\\\/Menorca\"]}]}<\/script>\n<!-- \/ Yoast SEO plugin. -->","yoast_head_json":{"title":"Minorque, r\u00e9serve de biosph\u00e8re \ud83c\udf0d Conservation du territoire","description":"\u25ba Ils se trouvent \u00e0 Minorque, qui a \u00e9t\u00e9 d\u00e9clar\u00e9e r\u00e9serve de biosph\u00e8re par l'UNESCO. Conservation du patrimoine, plages propres, collaborez...","robots":{"index":"index","follow":"follow","max-snippet":"max-snippet:-1","max-image-preview":"max-image-preview:large","max-video-preview":"max-video-preview:-1"},"canonical":"https:\/\/www.viajamenorca.com\/fr\/guide-touristique\/reserve-de-biosphere\/","og_locale":"fr_FR","og_type":"article","og_title":"Minorque, r\u00e9serve de biosph\u00e8re \ud83c\udf0d Conservation du territoire","og_description":"\u25ba Ils se trouvent \u00e0 Minorque, qui a \u00e9t\u00e9 d\u00e9clar\u00e9e r\u00e9serve de biosph\u00e8re par l'UNESCO. Conservation du patrimoine, plages propres, collaborez...","og_url":"https:\/\/www.viajamenorca.com\/fr\/guide-touristique\/reserve-de-biosphere\/","og_site_name":"Viaja a Menorca","article_publisher":"https:\/\/www.facebook.com\/ViajaMenorca\/","article_author":"https:\/\/www.facebook.com\/ViajaMenorca\/","article_published_time":"2019-06-20T10:59:14+00:00","article_modified_time":"2026-03-12T15:46:49+00:00","og_image":[{"width":765,"height":510,"url":"https:\/\/www.viajamenorca.com\/wp-content\/uploads\/2017\/01\/imagen-16-e1484952332927.jpg","type":"image\/jpeg"}],"author":"RVM","twitter_card":"summary_large_image","twitter_creator":"@ViajaMenorca","twitter_site":"@ViajaMenorca","twitter_misc":{"\u00c9crit par":"RVM","Dur\u00e9e de lecture estim\u00e9e":"4 minutes"},"schema":{"@context":"https:\/\/schema.org","@graph":[{"@type":"Article","@id":"https:\/\/www.viajamenorca.com\/fr\/guide-touristique\/reserve-de-biosphere\/#article","isPartOf":{"@id":"https:\/\/www.viajamenorca.com\/fr\/guide-touristique\/reserve-de-biosphere\/"},"author":{"name":"RVM","@id":"https:\/\/www.viajamenorca.com\/fr\/#\/schema\/person\/a4a17bcf26fbf36b9726dc16edd0a3fc"},"headline":"R\u00e9serve de biosph\u00e8re","datePublished":"2019-06-20T10:59:14+00:00","dateModified":"2026-03-12T15:46:49+00:00","mainEntityOfPage":{"@id":"https:\/\/www.viajamenorca.com\/fr\/guide-touristique\/reserve-de-biosphere\/"},"wordCount":634,"publisher":{"@id":"https:\/\/www.viajamenorca.com\/fr\/#organization"},"image":{"@id":"https:\/\/www.viajamenorca.com\/fr\/guide-touristique\/reserve-de-biosphere\/#primaryimage"},"thumbnailUrl":"https:\/\/www.viajamenorca.com\/wp-content\/uploads\/2017\/01\/imagen-16-e1484952332927.jpg","keywords":["Environnement","r\u00e9serve de biosph\u00e8re","r\u00e9serve marine","UNESCO"],"articleSection":["Guide touristique","Page d'accueil - Guide touristique","R\u00e9serve de biosph\u00e8re"],"inLanguage":"fr-FR"},{"@type":"WebPage","@id":"https:\/\/www.viajamenorca.com\/fr\/guide-touristique\/reserve-de-biosphere\/","url":"https:\/\/www.viajamenorca.com\/fr\/guide-touristique\/reserve-de-biosphere\/","name":"Minorque, r\u00e9serve de biosph\u00e8re \ud83c\udf0d Conservation du territoire","isPartOf":{"@id":"https:\/\/www.viajamenorca.com\/fr\/#website"},"primaryImageOfPage":{"@id":"https:\/\/www.viajamenorca.com\/fr\/guide-touristique\/reserve-de-biosphere\/#primaryimage"},"image":{"@id":"https:\/\/www.viajamenorca.com\/fr\/guide-touristique\/reserve-de-biosphere\/#primaryimage"},"thumbnailUrl":"https:\/\/www.viajamenorca.com\/wp-content\/uploads\/2017\/01\/imagen-16-e1484952332927.jpg","datePublished":"2019-06-20T10:59:14+00:00","dateModified":"2026-03-12T15:46:49+00:00","description":"\u25ba Ils se trouvent \u00e0 Minorque, qui a \u00e9t\u00e9 d\u00e9clar\u00e9e r\u00e9serve de biosph\u00e8re par l'UNESCO. Conservation du patrimoine, plages propres, collaborez...","breadcrumb":{"@id":"https:\/\/www.viajamenorca.com\/fr\/guide-touristique\/reserve-de-biosphere\/#breadcrumb"},"inLanguage":"fr-FR","potentialAction":[{"@type":"ReadAction","target":["https:\/\/www.viajamenorca.com\/fr\/guide-touristique\/reserve-de-biosphere\/"]}]},{"@type":"ImageObject","inLanguage":"fr-FR","@id":"https:\/\/www.viajamenorca.com\/fr\/guide-touristique\/reserve-de-biosphere\/#primaryimage","url":"https:\/\/www.viajamenorca.com\/wp-content\/uploads\/2017\/01\/imagen-16-e1484952332927.jpg","contentUrl":"https:\/\/www.viajamenorca.com\/wp-content\/uploads\/2017\/01\/imagen-16-e1484952332927.jpg","width":765,"height":510},{"@type":"BreadcrumbList","@id":"https:\/\/www.viajamenorca.com\/fr\/guide-touristique\/reserve-de-biosphere\/#breadcrumb","itemListElement":[{"@type":"ListItem","position":1,"name":"Guide touristique","item":"https:\/\/www.viajamenorca.com\/fr\/.\/guide-touristique\/"},{"@type":"ListItem","position":2,"name":"Environnement"}]},{"@type":"WebSite","@id":"https:\/\/www.viajamenorca.com\/fr\/#website","url":"https:\/\/www.viajamenorca.com\/fr\/","name":"Viaja a Menorca","description":"Votre aventure minorquine commence ici !","publisher":{"@id":"https:\/\/www.viajamenorca.com\/fr\/#organization"},"alternateName":"Gu\u00eda tur\u00edstica de Menorca","potentialAction":[{"@type":"SearchAction","target":{"@type":"EntryPoint","urlTemplate":"https:\/\/www.viajamenorca.com\/fr\/?s={search_term_string}"},"query-input":{"@type":"PropertyValueSpecification","valueRequired":true,"valueName":"search_term_string"}}],"inLanguage":"fr-FR"},{"@type":"Organization","@id":"https:\/\/www.viajamenorca.com\/fr\/#organization","name":"Viaja a Menorca - Gu\u00eda tur\u00edstica","alternateName":"Viaja a Menorca","url":"https:\/\/www.viajamenorca.com\/fr\/","logo":{"@type":"ImageObject","inLanguage":"fr-FR","@id":"https:\/\/www.viajamenorca.com\/fr\/#\/schema\/logo\/image\/","url":"https:\/\/www.viajamenorca.com\/wp-content\/uploads\/2021\/11\/viajamenorca.jpg","contentUrl":"https:\/\/www.viajamenorca.com\/wp-content\/uploads\/2021\/11\/viajamenorca.jpg","width":714,"height":714,"caption":"Viaja a Menorca - Gu\u00eda tur\u00edstica"},"image":{"@id":"https:\/\/www.viajamenorca.com\/fr\/#\/schema\/logo\/image\/"},"sameAs":["https:\/\/www.facebook.com\/ViajaMenorca\/","https:\/\/x.com\/ViajaMenorca","https:\/\/www.instagram.com\/viaja_menorca\/?hl=es","https:\/\/www.youtube.com\/channel\/UCWtpR3jxp79HeZ8zZfHLhXw"]},{"@type":"Person","@id":"https:\/\/www.viajamenorca.com\/fr\/#\/schema\/person\/a4a17bcf26fbf36b9726dc16edd0a3fc","name":"RVM","image":{"@type":"ImageObject","inLanguage":"fr-FR","@id":"https:\/\/www.viajamenorca.com\/wp-content\/litespeed\/avatar\/f92762d1538920c5ee7c40d8d2c84bc0.jpg?ver=1776737859","url":"https:\/\/www.viajamenorca.com\/wp-content\/litespeed\/avatar\/f92762d1538920c5ee7c40d8d2c84bc0.jpg?ver=1776737859","contentUrl":"https:\/\/www.viajamenorca.com\/wp-content\/litespeed\/avatar\/f92762d1538920c5ee7c40d8d2c84bc0.jpg?ver=1776737859","caption":"RVM"},"description":"Guia turistica de Menorca creada por un menorquin amante de su tierra, espero que os guste.","sameAs":["http:\/\/www.viajamenorca.com","https:\/\/www.facebook.com\/ViajaMenorca\/","https:\/\/www.instagram.com\/viaja_menorca\/?hl=es","https:\/\/x.com\/ViajaMenorca","https:\/\/www.youtube.com\/c\/ViajamenorcaEs","https:\/\/es.wikipedia.org\/wiki\/Menorca"]}]}},"_links":{"self":[{"href":"https:\/\/www.viajamenorca.com\/fr\/wp-json\/wp\/v2\/posts\/63562","targetHints":{"allow":["GET"]}}],"collection":[{"href":"https:\/\/www.viajamenorca.com\/fr\/wp-json\/wp\/v2\/posts"}],"about":[{"href":"https:\/\/www.viajamenorca.com\/fr\/wp-json\/wp\/v2\/types\/post"}],"author":[{"embeddable":true,"href":"https:\/\/www.viajamenorca.com\/fr\/wp-json\/wp\/v2\/users\/1"}],"replies":[{"embeddable":true,"href":"https:\/\/www.viajamenorca.com\/fr\/wp-json\/wp\/v2\/comments?post=63562"}],"version-history":[{"count":2,"href":"https:\/\/www.viajamenorca.com\/fr\/wp-json\/wp\/v2\/posts\/63562\/revisions"}],"predecessor-version":[{"id":63646,"href":"https:\/\/www.viajamenorca.com\/fr\/wp-json\/wp\/v2\/posts\/63562\/revisions\/63646"}],"wp:featuredmedia":[{"embeddable":true,"href":"https:\/\/www.viajamenorca.com\/fr\/wp-json\/wp\/v2\/media\/54025"}],"wp:attachment":[{"href":"https:\/\/www.viajamenorca.com\/fr\/wp-json\/wp\/v2\/media?parent=63562"}],"wp:term":[{"taxonomy":"category","embeddable":true,"href":"https:\/\/www.viajamenorca.com\/fr\/wp-json\/wp\/v2\/categories?post=63562"},{"taxonomy":"post_tag","embeddable":true,"href":"https:\/\/www.viajamenorca.com\/fr\/wp-json\/wp\/v2\/tags?post=63562"}],"curies":[{"name":"wp","href":"https:\/\/api.w.org\/{rel}","templated":true}]}}