{"id":63563,"date":"2019-04-29T11:19:58","date_gmt":"2019-04-29T11:19:58","guid":{"rendered":"https:\/\/www.viajamenorca.com\/non-classe\/cami-de-cavalls\/"},"modified":"2026-03-13T05:03:08","modified_gmt":"2026-03-13T05:03:08","slug":"sentier-cami-de-cavalls","status":"publish","type":"post","link":"https:\/\/www.viajamenorca.com\/fr\/guide-touristique\/routes-et-itineraires\/sentier-cami-de-cavalls\/","title":{"rendered":"Cam\u00ed de Cavalls (Sentier du littoral)"},"content":{"rendered":"\n<h3><span style=\"font-size: 15pt;\">Le GR-223, connu sous le nom de <a href=\"https:\/\/viajamenorca.com\/guia-turistica\/rutas-e-itinerarios\/cami-de-cavalls\/\"><b>Cam\u00ed de Cavalls<\/b><\/a> (Chemin des Chevaux), <span style=\"font-size: 14pt;\"> est un sentier circulaire qui fait le tour de l&rsquo;\u00eele de Minorque. Avec une longueur de 185 kilom\u00e8tres, ce GR offre une exp\u00e9rience unique pour les amateurs de sports de plein air.<\/span><\/span><\/h3>\n<figure id=\"attachment_20110\" aria-describedby=\"caption-attachment-20110\" style=\"width: 330px\" class=\"wp-caption alignright\"><a href=\"https:\/\/www.viajamenorca.com\/wp-content\/uploads\/2019\/04\/DSC_0493-scaled.jpg\"><img decoding=\"async\" class=\"wp-image-20110\" title=\"Piquets de balisage que vous trouverez tout au long du chemin et qui indiquent l'itin\u00e9raire \u00e0 suivre\" src=\"https:\/\/www.viajamenorca.com\/wp-content\/uploads\/2019\/04\/DSC_0493-576x1024.jpg\" alt=\"Balisage Cam\u00ed de Cavalls\" width=\"340\" height=\"604\" srcset=\"https:\/\/www.viajamenorca.com\/wp-content\/uploads\/2019\/04\/DSC_0493-576x1024.jpg 576w, https:\/\/www.viajamenorca.com\/wp-content\/uploads\/2019\/04\/DSC_0493-197x350.jpg 197w, https:\/\/www.viajamenorca.com\/wp-content\/uploads\/2019\/04\/DSC_0493-768x1365.jpg 768w, https:\/\/www.viajamenorca.com\/wp-content\/uploads\/2019\/04\/DSC_0493-864x1536.jpg 864w, https:\/\/www.viajamenorca.com\/wp-content\/uploads\/2019\/04\/DSC_0493-1152x2048.jpg 1152w, https:\/\/www.viajamenorca.com\/wp-content\/uploads\/2019\/04\/DSC_0493-scaled.jpg 1440w\" sizes=\"(max-width: 340px) 100vw, 340px\" \/><\/a><figcaption id=\"caption-attachment-20110\" class=\"wp-caption-text\"><span style=\"font-size: 12pt;\">Piquets de balisage que vous trouverez tout au long du chemin et qui indiquent l&rsquo;itin\u00e9raire \u00e0 suivre<\/span><\/figcaption><\/figure>\n<p><span style=\"font-size: 12pt;\"><\/span><\/p>\n<h2><span style=\"font-size: 18pt;\">Un chemin id\u00e9al pour la pratique du sport<\/span><\/h2>\n<p>Le Cam\u00ed de Cavalls est un itin\u00e9raire id\u00e9al pour la randonn\u00e9e, le <a href=\"https:\/\/www.viajamenorca.com\/revista\/menorca-en-bicicleta\/\"><strong>cyclisme (VTT)<\/strong><\/a>, l&rsquo;\u00e9quitation et le trail. Il offre une fa\u00e7on unique d&rsquo;explorer la beaut\u00e9 naturelle de Minorque, avec une grande vari\u00e9t\u00e9 g\u00e9ologique et paysag\u00e8re. Le sentier traverse de magnifiques plages, des zones rurales aux champs verdoyants, des cultures et des for\u00eats, tout en passant par des zones urbaines comme Ma\u00f3-Mah\u00f3n, la capitale situ\u00e9e \u00e0 l&rsquo;est, et Ciutadella de Menorca \u00e0 l&rsquo;ouest.<\/p>\n<p>Le chemin est divis\u00e9 en 20 \u00e9tapes, chacune ayant son propre charme et ses propres d\u00e9fis, ce qui le rend accessible \u00e0 tous les niveaux. Certaines des sections les plus populaires incluent la c\u00f4te nord de Minorque, avec ses vues imprenables sur la mer, et les environs du Monte Toro, avec ses for\u00eats et ses panoramas exceptionnels.<\/p>\n<p>Les passionn\u00e9s d&rsquo;\u00e9quitation appr\u00e9cieront \u00e9galement le Cam\u00ed de Cavalls. Il existe plusieurs options pour effectuer une randonn\u00e9e \u00e9questre guid\u00e9e sur l&rsquo;\u00eele, pour ceux qui souhaitent profiter d&rsquo;une exp\u00e9rience unique au plus proche de la nature.<\/p>\n<figure id=\"attachment_1777\" aria-describedby=\"caption-attachment-1777\" style=\"width: 310px\" class=\"wp-caption alignright\"><a href=\"http:\/\/www.viajamenorca.es\/wp-content\/uploads\/2017\/01\/IMG_20161216_152151-e1484952238326.jpg\"><img decoding=\"async\" class=\"wp-image-1777\" title=\"Tout le Cam\u00ed de Cavalls est parfaitement balis\u00e9\" src=\"https:\/\/www.viajamenorca.com\/wp-content\/uploads\/2017\/01\/IMG_20161216_152151-e1484952226460-1024x660.jpg\" alt=\"Cam\u00ed de Cavalls Menorca\" width=\"320\" height=\"206\"><\/a><figcaption id=\"caption-attachment-1777\" class=\"wp-caption-text\"><span style=\"font-size: 12pt;\">Tout le Cam\u00ed de Cavalls est parfaitement balis\u00e9<\/span><\/figcaption><\/figure>\n<h2><span style=\"font-size: 18pt;\">Conseils et recommandations<\/span><\/h2>\n<ul>\n<li><span style=\"font-size: 12pt;\">Il est recommand\u00e9 de porter de bonnes chaussures ainsi qu&rsquo;un \u00e9quipement adapt\u00e9 \u00e0 l&rsquo;activit\u00e9 choisie.<\/span><\/li>\n<li><span style=\"font-size: 12pt;\">N&rsquo;oubliez pas d&rsquo;apporter de l&rsquo;eau, des provisions et de v\u00e9rifier que la batterie de votre t\u00e9l\u00e9phone est bien charg\u00e9e.<\/span><\/li>\n<li><span style=\"font-size: 12pt;\">Suivez toujours les <a href=\"https:\/\/www.viajamenorca.com\/guia-turistica\/reserva-de-biosfera\/colabora-tu-tambien\/\"><strong>conseils et recommandations<\/strong><\/a> que vous trouverez en chemin et respectez l&rsquo;environnement.<\/span><\/li>\n<li><span style=\"font-size: 12pt;\">N&rsquo;oubliez pas de bien refermer les barri\u00e8res typiques (\u00ab barreres \u00bb) pour \u00e9viter que le b\u00e9tail ne s&rsquo;\u00e9chappe.<\/span><\/li>\n<\/ul>\n<h2><span style=\"font-size: 18pt;\">Origines<\/span><\/h2>\n<h3><span style=\"font-size: 15pt;\">Les origines de cet ancien sentier c\u00f4tier sont m\u00e9connues.<\/span><\/h3>\n<figure id=\"attachment_1074\" aria-describedby=\"caption-attachment-1074\" style=\"width: 310px\" class=\"wp-caption alignright\"><a href=\"https:\/\/www.viajamenorca.com\/wp-content\/uploads\/2010\/04\/barrera.jpg\"><img decoding=\"async\" class=\"wp-image-1074\" title=\"N'oubliez pas de refermer les barri\u00e8res typiques\" src=\"https:\/\/www.viajamenorca.com\/wp-content\/uploads\/2010\/04\/barrera.jpg\" alt=\"Barri\u00e8res de Minorque\" width=\"320\" height=\"214\" srcset=\"https:\/\/www.viajamenorca.com\/wp-content\/uploads\/2010\/04\/barrera.jpg 494w, https:\/\/www.viajamenorca.com\/wp-content\/uploads\/2010\/04\/barrera-300x200.jpg 300w, https:\/\/www.viajamenorca.com\/wp-content\/uploads\/2010\/04\/barrera-110x73.jpg 110w, https:\/\/www.viajamenorca.com\/wp-content\/uploads\/2010\/04\/barrera-420x281.jpg 420w\" sizes=\"(max-width: 320px) 100vw, 320px\" \/><\/a><figcaption id=\"caption-attachment-1074\" class=\"wp-caption-text\"><span style=\"font-size: 12pt;\">N&rsquo;oubliez pas de bien refermer les barri\u00e8res typiques (\u00ab barreres \u00bb) apr\u00e8s votre passage<\/span><\/figcaption><\/figure>\n<p><span style=\"font-size: 12pt;\">On sait qu&rsquo;au XIVe si\u00e8cle, il existait d\u00e9j\u00e0 certains tron\u00e7ons facilitant la d\u00e9fense de l&rsquo;\u00eele. Plus tard, avec la construction de tours de guet c\u00f4ti\u00e8res pour contrer les incursions de pirates, la cr\u00e9ation d&rsquo;un chemin p\u00e9rim\u00e9tral faisant le tour de l&rsquo;\u00eele est devenue indispensable.<\/span><\/p>\n<p><span style=\"font-size: 12pt;\">Au XVIIIe si\u00e8cle, l&rsquo;administration britannique l&rsquo;a consid\u00e9r\u00e9 comme un \u00ab Chemin Royal \u00bb (Camino Real) et, parall\u00e8lement, il \u00e9tait d\u00e9j\u00e0 utilis\u00e9 comme voie de communication publique.<\/span><\/p>\n<h2 class=\"mceTemp\"><span style=\"font-size: 18pt;\">Carte du Cam\u00ed de Cavalls, Minorque<\/span><\/h2>\n<h3><span style=\"font-size: 12pt; font-family: verdana, geneva, sans-serif;\"><span style=\"font-family: verdana, geneva, sans-serif;\"><span style=\"font-size: 12pt;\">T\u00e9l\u00e9chargez la <a href=\"http:\/\/www.menorca.es\/Documents\/Documents\/9449doc4.pdf\" target=\"_blank\" rel=\"nofollow noopener\"><strong>carte en PDF<\/strong><\/a><\/span>,<span style=\"font-size: 12pt;\"> avec des informations sur les itin\u00e9raires sur : <\/span><\/span><a style=\"font-family: verdana, geneva, sans-serif; font-size: 12pt; font-weight: bold;\" href=\"http:\/\/www.menorca.es\/Documents\/Documents\/9449doc4.pdf\" target=\"_blank\" rel=\"nofollow noopener\">menorca.es<\/a><\/span><\/h3>\n\n\n\n<figure class=\"wp-block-gallery has-nested-images columns-default is-cropped wp-block-gallery-1 is-layout-flex wp-block-gallery-is-layout-flex\">\n<figure class=\"wp-block-image size-large\"><a href=\"https:\/\/www.viajamenorca.com\/guia-turistica\/rutas-e-itinerarios\/cami-de-cavalls\/attachment\/etapas_camino_cavalls\/#main\"><img decoding=\"async\" width=\"1024\" height=\"672\" data-id=\"36478\" src=\"https:\/\/www.viajamenorca.com\/wp-content\/uploads\/2019\/04\/etapas_camino_cavalls-1024x672.jpg\" alt=\"\u00c9tapes du Cam\u00ed de Cavalls\" class=\"wp-image-36478\" title=\"\u00c9tapes du Cam\u00ed de Cavalls\" srcset=\"https:\/\/www.viajamenorca.com\/wp-content\/uploads\/2019\/04\/etapas_camino_cavalls-1024x672.jpg 1024w, https:\/\/www.viajamenorca.com\/wp-content\/uploads\/2019\/04\/etapas_camino_cavalls-350x230.jpg 350w, https:\/\/www.viajamenorca.com\/wp-content\/uploads\/2019\/04\/etapas_camino_cavalls-768x504.jpg 768w, https:\/\/www.viajamenorca.com\/wp-content\/uploads\/2019\/04\/etapas_camino_cavalls-1536x1008.jpg 1536w, https:\/\/www.viajamenorca.com\/wp-content\/uploads\/2019\/04\/etapas_camino_cavalls-2048x1344.jpg 2048w\" sizes=\"(max-width: 1024px) 100vw, 1024px\" \/><\/a><figcaption class=\"wp-element-caption\">\u00c9tapes du Cam\u00ed de Cavalls<\/figcaption><\/figure>\n\n\n\n<figure class=\"wp-block-image size-large\"><a href=\"http:\/\/www.menorca.es\/Documents\/Documents\/9449doc4.pdf\" target=\"_blank\" rel=\"nofollow noopener noreferrer\"><img decoding=\"async\" width=\"1024\" height=\"582\" data-id=\"11907\" src=\"https:\/\/www.viajamenorca.com\/wp-content\/uploads\/2019\/04\/camicavalls-1024x582.png\" alt=\"Carte au format PDF\" class=\"wp-image-11907\" title=\"Carte au format PDF du Cam\u00ed de Cavalls\" srcset=\"https:\/\/www.viajamenorca.com\/wp-content\/uploads\/2019\/04\/camicavalls-1024x582.png 1024w, https:\/\/www.viajamenorca.com\/wp-content\/uploads\/2019\/04\/camicavalls-300x171.png 300w, https:\/\/www.viajamenorca.com\/wp-content\/uploads\/2019\/04\/camicavalls-768x437.png 768w, https:\/\/www.viajamenorca.com\/wp-content\/uploads\/2019\/04\/camicavalls-110x63.png 110w, https:\/\/www.viajamenorca.com\/wp-content\/uploads\/2019\/04\/camicavalls-420x239.png 420w, https:\/\/www.viajamenorca.com\/wp-content\/uploads\/2019\/04\/camicavalls-756x430.png 756w, https:\/\/www.viajamenorca.com\/wp-content\/uploads\/2019\/04\/camicavalls.png 1402w\" sizes=\"(max-width: 1024px) 100vw, 1024px\" \/><\/a><figcaption class=\"wp-element-caption\">Carte au format PDF<\/figcaption><\/figure>\n<\/figure>\n\n\n<h2 class=\"mceTemp\"><span style=\"font-size: 18pt;\">20 itin\u00e9raires \u00e0 d\u00e9couvrir<\/span><\/h2>\n<table class=\"wikitable\" style=\"width: 96.8241%; font-size: 95%; height: 1713px;\">\n<thead>\n<tr style=\"height: 63px;\">\n<th style=\"width: 8.1803%; text-align: center; height: 63px;\" align=\"center\">\n<h3><span style=\"font-size: 12pt; font-family: verdana, geneva, sans-serif;\">\u00c9tape<\/span><\/h3>\n<\/th>\n<th style=\"width: 24.374%; text-align: center; height: 63px;\" align=\"center\">\n<h3 style=\"text-align: center;\"><span style=\"font-size: 12pt; font-family: verdana, geneva, sans-serif;\">D\u00e9part<\/span><\/h3>\n<\/th>\n<th style=\"width: 24.5409%; text-align: center; height: 63px;\" align=\"center\">\n<h3><span style=\"font-size: 12pt; font-family: verdana, geneva, sans-serif;\">Arriv\u00e9e<\/span><\/h3>\n<\/th>\n<th style=\"width: 15.3961%; text-align: center; height: 63px;\" align=\"center\">\n<h3><span style=\"font-size: 12pt; font-family: verdana, geneva, sans-serif;\">Dur\u00e9e<\/span><\/h3>\n<\/th>\n<th style=\"width: 16.3234%; text-align: center; height: 63px;\" align=\"center\">\n<h3><span style=\"font-size: 12pt; font-family: verdana, geneva, sans-serif;\">Distance<\/span><\/h3>\n<\/th>\n<th style=\"width: 13.0217%; text-align: center; height: 63px;\" align=\"center\">\n<h3 style=\"text-align: center;\"><span style=\"font-size: 12pt; font-family: verdana, geneva, sans-serif;\">Difficult\u00e9<\/span><\/h3>\n<\/th>\n<\/tr>\n<\/thead>\n<tbody>\n<tr style=\"height: 89px;\">\n<td style=\"width: 8.1803%; text-align: center; height: 89px;\" align=\"center\">\n<h3><span style=\"font-size: 12pt; font-family: verdana, geneva, sans-serif;\">1<\/span><\/h3>\n<\/td>\n<td style=\"width: 24.374%; text-align: center; height: 89px;\" align=\"center\">\n<h2><strong><span style=\"font-size: 12pt; font-family: verdana, geneva, sans-serif;\"><a href=\"https:\/\/www.viajamenorca.com\/fr\/guide-touristique\/villages\/mao-mahon\/\">Mah\u00f3n<\/a><\/span><\/strong><\/h2>\n<\/td>\n<td style=\"width: 24.5409%; text-align: center; height: 89px;\" align=\"center\">\n<h3><strong><span style=\"font-size: 12pt; font-family: verdana, geneva, sans-serif;\">Es Grau<\/span><\/strong><\/h3>\n<\/td>\n<td style=\"width: 15.3961%; text-align: center; height: 89px;\" align=\"center\">\n<h3><span style=\"font-size: 12pt; font-family: verdana, geneva, sans-serif;\">3 h 30 min<\/span><\/h3>\n<\/td>\n<td style=\"width: 16.3234%; text-align: center; height: 89px;\" align=\"center\">\n<h3><span style=\"font-size: 12pt; font-family: verdana, geneva, sans-serif;\">10 km<\/span><\/h3>\n<\/td>\n<td style=\"width: 13.0217%; text-align: center; height: 89px;\" align=\"center\">\n<h3><span style=\"font-size: 12pt; font-family: verdana, geneva, sans-serif;\">Moyenne<\/span><\/h3>\n<\/td>\n<\/tr>\n<tr style=\"height: 89px;\">\n<td style=\"width: 8.1803%; text-align: center; height: 89px;\" align=\"center\">\n<h3><span style=\"font-size: 12pt; font-family: verdana, geneva, sans-serif;\">2<\/span><\/h3>\n<\/td>\n<td style=\"width: 24.374%; text-align: center; height: 89px;\" align=\"center\">\n<h2><strong><a href=\"https:\/\/www.viajamenorca.com\/fr\/guide-touristique\/plages-et-criques\/cote-est\/plage-des-grau\/\"><span style=\"font-size: 12pt; font-family: verdana, geneva, sans-serif;\">Es Grau<\/span><\/a><\/strong><\/h2>\n<\/td>\n<td style=\"width: 24.5409%; text-align: center; height: 89px;\" align=\"center\">\n<h3><strong><span style=\"font-size: 12pt; font-family: verdana, geneva, sans-serif;\">Fav\u00e0ritx<\/span><\/strong><\/h3>\n<\/td>\n<td style=\"width: 15.3961%; text-align: center; height: 89px;\" align=\"center\">\n<h3><span style=\"font-size: 12pt; font-family: verdana, geneva, sans-serif;\">3 h 30 min<\/span><\/h3>\n<\/td>\n<td style=\"width: 16.3234%; text-align: center; height: 89px;\" align=\"center\">\n<h3><span style=\"font-size: 12pt; font-family: verdana, geneva, sans-serif;\">8,6 km<\/span><\/h3>\n<\/td>\n<td style=\"width: 13.0217%; text-align: center; height: 89px;\" align=\"center\">\n<h3><span style=\"font-size: 12pt; font-family: verdana, geneva, sans-serif;\">Moyenne<\/span><\/h3>\n<\/td>\n<\/tr>\n<tr style=\"height: 89px;\">\n<td style=\"width: 8.1803%; text-align: center; height: 89px;\" align=\"center\">\n<h3><span style=\"font-size: 12pt; font-family: verdana, geneva, sans-serif;\">3<\/span><\/h3>\n<\/td>\n<td style=\"width: 24.374%; text-align: center; height: 89px;\" align=\"center\">\n<h2><strong><span style=\"font-size: 12pt; font-family: verdana, geneva, sans-serif;\"><a href=\"https:\/\/www.viajamenorca.com\/fr\/guide-touristique\/itineraires-et-circuits\/circuit-des-7-phares\/phare-de-favaritx\/\">Fav\u00e0ritx<\/a><\/span><\/strong><\/h2>\n<\/td>\n<td style=\"width: 24.5409%; text-align: center; height: 89px;\" align=\"center\">\n<h3><strong><span style=\"font-size: 12pt; font-family: verdana, geneva, sans-serif;\">Arenal d&rsquo;en Castell<\/span><\/strong><\/h3>\n<\/td>\n<td style=\"width: 15.3961%; text-align: center; height: 89px;\" align=\"center\">\n<h3><span style=\"font-size: 12pt; font-family: verdana, geneva, sans-serif;\">5 h<\/span><\/h3>\n<\/td>\n<td style=\"width: 16.3234%; text-align: center; height: 89px;\" align=\"center\">\n<h3><span style=\"font-size: 12pt; font-family: verdana, geneva, sans-serif;\">13,6 km<\/span><\/h3>\n<\/td>\n<td style=\"width: 13.0217%; text-align: center; height: 89px;\" align=\"center\">\n<h3><span style=\"font-size: 12pt; font-family: verdana, geneva, sans-serif;\">Moyenne<\/span><\/h3>\n<\/td>\n<\/tr>\n<tr style=\"height: 89px;\">\n<td style=\"width: 8.1803%; text-align: center; height: 89px;\" align=\"center\">\n<h3><span style=\"font-size: 12pt; font-family: verdana, geneva, sans-serif;\">4<\/span><\/h3>\n<\/td>\n<td style=\"width: 24.374%; text-align: center; height: 89px;\" align=\"center\">\n<h2><strong><a href=\"https:\/\/www.viajamenorca.com\/fr\/guide-touristique\/plages-et-criques\/cote-nord\/plage-darenal-den-castell\/\"><span style=\"font-size: 12pt; font-family: verdana, geneva, sans-serif;\">Arenal d&rsquo;en Castell<\/span><\/a><\/strong><\/h2>\n<\/td>\n<td style=\"width: 24.5409%; text-align: center; height: 89px;\" align=\"center\">\n<h3><strong><span style=\"font-size: 12pt; font-family: verdana, geneva, sans-serif;\">Cala Tirant<\/span><\/strong><\/h3>\n<\/td>\n<td style=\"width: 15.3961%; text-align: center; height: 89px;\" align=\"center\">\n<h3><span style=\"font-size: 12pt; font-family: verdana, geneva, sans-serif;\">4 h<\/span><\/h3>\n<\/td>\n<td style=\"width: 16.3234%; text-align: center; height: 89px;\" align=\"center\">\n<h3><span style=\"font-size: 12pt; font-family: verdana, geneva, sans-serif;\">10,8 km<\/span><\/h3>\n<\/td>\n<td style=\"width: 13.0217%; text-align: center; height: 89px;\" align=\"center\">\n<h3><span style=\"font-size: 12pt; font-family: verdana, geneva, sans-serif;\">Facile<\/span><\/h3>\n<\/td>\n<\/tr>\n<tr style=\"height: 63px;\">\n<td style=\"width: 8.1803%; text-align: center; height: 63px;\" align=\"center\">\n<h3><span style=\"font-size: 12pt; font-family: verdana, geneva, sans-serif;\">5<\/span><\/h3>\n<\/td>\n<td style=\"width: 24.374%; text-align: center; height: 63px;\" align=\"center\">\n<h2><strong><span style=\"font-size: 12pt; font-family: verdana, geneva, sans-serif;\"><a href=\"https:\/\/www.viajamenorca.com\/fr\/guide-touristique\/plages-et-criques\/cote-nord\/cala-tirant\/\">Cala Tirant<\/a><\/span><\/strong><\/h2>\n<\/td>\n<td style=\"width: 24.5409%; text-align: center; height: 63px;\" align=\"center\">\n<h3><strong><span style=\"font-size: 12pt; font-family: verdana, geneva, sans-serif;\">Binimel\u00b7l\u00e0<\/span><\/strong><\/h3>\n<\/td>\n<td style=\"width: 15.3961%; text-align: center; height: 63px;\" align=\"center\">\n<h3><span style=\"font-size: 12pt; font-family: verdana, geneva, sans-serif;\">4 h<\/span><\/h3>\n<\/td>\n<td style=\"width: 16.3234%; text-align: center; height: 63px;\" align=\"center\">\n<h3><span style=\"font-size: 12pt; font-family: verdana, geneva, sans-serif;\">9,6 km<\/span><\/h3>\n<\/td>\n<td style=\"width: 13.0217%; text-align: center; height: 63px;\" align=\"center\">\n<h3><span style=\"font-size: 12pt; font-family: verdana, geneva, sans-serif;\">Moyenne<\/span><\/h3>\n<\/td>\n<\/tr>\n<tr style=\"height: 63px;\">\n<td style=\"width: 8.1803%; text-align: center; height: 63px;\" align=\"center\">\n<h3><span style=\"font-size: 12pt; font-family: verdana, geneva, sans-serif;\">6<\/span><\/h3>\n<\/td>\n<td style=\"width: 24.374%; text-align: center; height: 63px;\" align=\"center\">\n<h2><strong><a href=\"https:\/\/viajamenorca.com\/guia-turistica\/playas-y-calas\/costa-norte\/binimel%c2%b7la\/\"><span style=\"font-size: 12pt; font-family: verdana, geneva, sans-serif;\">Binimel\u00b7l\u00e0<\/span><\/a><\/strong><\/h2>\n<\/td>\n<td style=\"width: 24.5409%; text-align: center; height: 63px;\" align=\"center\">\n<h3><strong><span style=\"font-size: 12pt; font-family: verdana, geneva, sans-serif;\">Els Alocs<\/span><\/strong><\/h3>\n<\/td>\n<td style=\"width: 15.3961%; text-align: center; height: 63px;\" align=\"center\">\n<h3><span style=\"font-size: 12pt; font-family: verdana, geneva, sans-serif;\">5 h<\/span><\/h3>\n<\/td>\n<td style=\"width: 16.3234%; text-align: center; height: 63px;\" align=\"center\">\n<h3><span style=\"font-size: 12pt; font-family: verdana, geneva, sans-serif;\">8,9 km<\/span><\/h3>\n<\/td>\n<td style=\"width: 13.0217%; text-align: center; height: 63px;\" align=\"center\">\n<h3><span style=\"font-size: 12pt; font-family: verdana, geneva, sans-serif;\">Difficile<\/span><\/h3>\n<\/td>\n<\/tr>\n<tr style=\"height: 89px;\">\n<td style=\"width: 8.1803%; text-align: center; height: 89px;\" align=\"center\">\n<h3><span style=\"font-size: 12pt; font-family: verdana, geneva, sans-serif;\">7<\/span><\/h3>\n<\/td>\n<td style=\"width: 24.374%; text-align: center; height: 89px;\" align=\"center\">\n<h2><a href=\"https:\/\/www.viajamenorca.com\/guia-turistica\/playas-y-calas\/costa-norte\/els-alocs\/\"><strong><span style=\"font-size: 12pt; font-family: verdana, geneva, sans-serif;\">Els Alocs<\/span><\/strong><\/a><\/h2>\n<\/td>\n<td style=\"width: 24.5409%; text-align: center; height: 89px;\" align=\"center\">\n<h3><strong><span style=\"font-size: 12pt; font-family: verdana, geneva, sans-serif;\">Algaiarens<\/span><\/strong><\/h3>\n<\/td>\n<td style=\"width: 15.3961%; text-align: center; height: 89px;\" align=\"center\">\n<h3><span style=\"font-size: 12pt; font-family: verdana, geneva, sans-serif;\">4 h 30 min<\/span><\/h3>\n<\/td>\n<td style=\"width: 16.3234%; text-align: center; height: 89px;\" align=\"center\">\n<h3><span style=\"font-size: 12pt; font-family: verdana, geneva, sans-serif;\">9,7 km<\/span><\/h3>\n<\/td>\n<td style=\"width: 13.0217%; text-align: center; height: 89px;\" align=\"center\">\n<h3><span style=\"font-size: 12pt; font-family: verdana, geneva, sans-serif;\">Moyenne<\/span><\/h3>\n<\/td>\n<\/tr>\n<tr style=\"height: 89px;\">\n<td style=\"width: 8.1803%; text-align: center; height: 89px;\" align=\"center\">\n<h3><span style=\"font-size: 12pt; font-family: verdana, geneva, sans-serif;\">8<\/span><\/h3>\n<\/td>\n<td style=\"width: 24.374%; text-align: center; height: 89px;\" align=\"center\">\n<h2><strong><a href=\"https:\/\/viajamenorca.com\/guia-turistica\/playas-y-calas\/costa-norte\/la-vall-cala-algaiarens\/\"><span style=\"font-size: 12pt; font-family: verdana, geneva, sans-serif;\">Algaiarens<\/span><\/a><\/strong><\/h2>\n<\/td>\n<td style=\"width: 24.5409%; text-align: center; height: 89px;\" align=\"center\">\n<h3><strong><span style=\"font-size: 12pt; font-family: verdana, geneva, sans-serif;\">Cala Morell<\/span><\/strong><\/h3>\n<\/td>\n<td style=\"width: 15.3961%; text-align: center; height: 89px;\" align=\"center\">\n<h3><span style=\"font-size: 12pt; font-family: verdana, geneva, sans-serif;\">2 h 10 min<\/span><\/h3>\n<\/td>\n<td style=\"width: 16.3234%; text-align: center; height: 89px;\" align=\"center\">\n<h3><span style=\"font-size: 12pt; font-family: verdana, geneva, sans-serif;\">5,4 km<\/span><\/h3>\n<\/td>\n<td style=\"width: 13.0217%; text-align: center; height: 89px;\" align=\"center\">\n<h3><span style=\"font-size: 12pt; font-family: verdana, geneva, sans-serif;\">Moyenne<\/span><\/h3>\n<\/td>\n<\/tr>\n<tr style=\"height: 63px;\">\n<td style=\"width: 8.1803%; text-align: center; height: 63px;\" align=\"center\">\n<h3><span style=\"font-size: 12pt; font-family: verdana, geneva, sans-serif;\">9<\/span><\/h3>\n<\/td>\n<td style=\"width: 24.374%; text-align: center; height: 63px;\" align=\"center\">\n<h2><strong><span style=\"font-size: 12pt; font-family: verdana, geneva, sans-serif;\"><a href=\"https:\/\/viajamenorca.com\/guia-turistica\/rutas-e-itinerarios\/menorca-talayotica\/cala-morell\/\">Cala Morell<\/a><\/span><\/strong><\/h2>\n<\/td>\n<td style=\"width: 24.5409%; text-align: center; height: 63px;\" align=\"center\">\n<h3><strong><span style=\"font-size: 12pt; font-family: verdana, geneva, sans-serif;\">Punta Nati<\/span><\/strong><\/h3>\n<\/td>\n<td style=\"width: 15.3961%; text-align: center; height: 63px;\" align=\"center\">\n<h3><span style=\"font-size: 12pt; font-family: verdana, geneva, sans-serif;\">3 h<\/span><\/h3>\n<\/td>\n<td style=\"width: 16.3234%; text-align: center; height: 63px;\" align=\"center\">\n<h3><span style=\"font-size: 12pt; font-family: verdana, geneva, sans-serif;\">7 km<\/span><\/h3>\n<\/td>\n<td style=\"width: 13.0217%; text-align: center; height: 63px;\" align=\"center\">\n<h3><span style=\"font-size: 12pt; font-family: verdana, geneva, sans-serif;\">Facile<\/span><\/h3>\n<\/td>\n<\/tr>\n<tr style=\"height: 63px;\">\n<td style=\"width: 8.1803%; text-align: center; height: 63px;\" align=\"center\">\n<h3><span style=\"font-size: 12pt; font-family: verdana, geneva, sans-serif;\">10<\/span><\/h3>\n<\/td>\n<td style=\"width: 24.374%; text-align: center; height: 63px;\" align=\"center\">\n<h2><strong><a href=\"https:\/\/viajamenorca.com\/guia-turistica\/ruta-de-los-7-faros\/faro-punta-nati\/\"><span style=\"font-size: 12pt; font-family: verdana, geneva, sans-serif;\">Punta Nati<\/span><\/a><\/strong><\/h2>\n<\/td>\n<td style=\"width: 24.5409%; text-align: center; height: 63px;\" align=\"center\">\n<h3><strong><span style=\"font-size: 12pt; font-family: verdana, geneva, sans-serif;\">Ciutadella<\/span><\/strong><\/h3>\n<\/td>\n<td style=\"width: 15.3961%; text-align: center; height: 63px;\" align=\"center\">\n<h3><span style=\"font-size: 12pt; font-family: verdana, geneva, sans-serif;\">4 h<\/span><\/h3>\n<\/td>\n<td style=\"width: 16.3234%; text-align: center; height: 63px;\" align=\"center\">\n<h3><span style=\"font-size: 12pt; font-family: verdana, geneva, sans-serif;\">10,5 km<\/span><\/h3>\n<\/td>\n<td style=\"width: 13.0217%; text-align: center; height: 63px;\" align=\"center\">\n<h3><span style=\"font-size: 12pt; font-family: verdana, geneva, sans-serif;\">Facile<\/span><\/h3>\n<\/td>\n<\/tr>\n<tr style=\"height: 63px;\">\n<td style=\"width: 8.1803%; text-align: center; height: 63px;\" align=\"center\">\n<h3><span style=\"font-size: 12pt; font-family: verdana, geneva, sans-serif;\">11<\/span><\/h3>\n<\/td>\n<td style=\"width: 24.374%; text-align: center; height: 63px;\" align=\"center\">\n<h2><strong><a href=\"https:\/\/www.viajamenorca.com\/fr\/guide-touristique\/villages\/ciutadella-citadelle\/\"><span style=\"font-size: 12pt; font-family: verdana, geneva, sans-serif;\">Ciutadella<\/span><\/a><\/strong><\/h2>\n<\/td>\n<td style=\"width: 24.5409%; text-align: center; height: 63px;\" align=\"center\">\n<h3><strong><span style=\"font-size: 12pt; font-family: verdana, geneva, sans-serif;\">Punta de Artrutx<\/span><\/strong><\/h3>\n<\/td>\n<td style=\"width: 15.3961%; text-align: center; height: 63px;\" align=\"center\">\n<h3><span style=\"font-size: 12pt; font-family: verdana, geneva, sans-serif;\">5 h<\/span><\/h3>\n<\/td>\n<td style=\"width: 16.3234%; text-align: center; height: 63px;\" align=\"center\">\n<h3><span style=\"font-size: 12pt; font-family: verdana, geneva, sans-serif;\">13,2 km<\/span><\/h3>\n<\/td>\n<td style=\"width: 13.0217%; text-align: center; height: 63px;\" align=\"center\">\n<h3><span style=\"font-size: 12pt; font-family: verdana, geneva, sans-serif;\">Facile<\/span><\/h3>\n<\/td>\n<\/tr>\n<tr style=\"height: 89px;\">\n<td style=\"width: 8.1803%; text-align: center; height: 89px;\" align=\"center\">\n<h3><span style=\"font-size: 12pt; font-family: verdana, geneva, sans-serif;\">12<\/span><\/h3>\n<\/td>\n<td style=\"width: 24.374%; text-align: center; height: 89px;\" align=\"center\">\n<h2><strong><span style=\"font-size: 12pt; font-family: verdana, geneva, sans-serif;\"><a href=\"https:\/\/viajamenorca.com\/guia-turistica\/ruta-de-los-7-faros\/faro-de-artrutx\/\">Punta de Artrutx<\/a><\/span><\/strong><\/h2>\n<\/td>\n<td style=\"width: 24.5409%; text-align: center; height: 89px;\" align=\"center\">\n<h3><strong><span style=\"font-size: 12pt; font-family: verdana, geneva, sans-serif;\">Cala en Turqueta<\/span><\/strong><\/h3>\n<\/td>\n<td style=\"width: 15.3961%; text-align: center; height: 89px;\" align=\"center\">\n<h3><span style=\"font-size: 12pt; font-family: verdana, geneva, sans-serif;\">5 h<\/span><\/h3>\n<\/td>\n<td style=\"width: 16.3234%; text-align: center; height: 89px;\" align=\"center\">\n<h3><span style=\"font-size: 12pt; font-family: verdana, geneva, sans-serif;\">13,3 km<\/span><\/h3>\n<\/td>\n<td style=\"width: 13.0217%; text-align: center; height: 89px;\" align=\"center\">\n<h3><span style=\"font-size: 12pt; font-family: verdana, geneva, sans-serif;\">Moyenne<\/span><\/h3>\n<\/td>\n<\/tr>\n<tr style=\"height: 89px;\">\n<td style=\"width: 8.1803%; text-align: center; height: 89px;\" align=\"center\">\n<h3><span style=\"font-size: 12pt; font-family: verdana, geneva, sans-serif;\">13<\/span><\/h3>\n<\/td>\n<td style=\"width: 24.374%; text-align: center; height: 89px;\" align=\"center\">\n<h2><strong><a href=\"https:\/\/viajamenorca.com\/guia-turistica\/playas-y-calas\/cala-en-turqueta\/\"><span style=\"font-size: 12pt; font-family: verdana, geneva, sans-serif;\">Cala en Turqueta<\/span><\/a><\/strong><\/h2>\n<\/td>\n<td style=\"width: 24.5409%; text-align: center; height: 89px;\" align=\"center\">\n<h3><strong><span style=\"font-size: 12pt; font-family: verdana, geneva, sans-serif;\">Cala Galdana<\/span><\/strong><\/h3>\n<\/td>\n<td style=\"width: 15.3961%; text-align: center; height: 89px;\" align=\"center\">\n<h3><span style=\"font-size: 12pt; font-family: verdana, geneva, sans-serif;\">2 h 30 min<\/span><\/h3>\n<\/td>\n<td style=\"width: 16.3234%; text-align: center; height: 89px;\" align=\"center\">\n<h3><span style=\"font-size: 12pt; font-family: verdana, geneva, sans-serif;\">6,4 km<\/span><\/h3>\n<\/td>\n<td style=\"width: 13.0217%; text-align: center; height: 89px;\" align=\"center\">\n<h3><span style=\"font-size: 12pt; font-family: verdana, geneva, sans-serif;\">Facile<\/span><\/h3>\n<\/td>\n<\/tr>\n<tr style=\"height: 89px;\">\n<td style=\"width: 8.1803%; text-align: center; height: 89px;\" align=\"center\">\n<h3><span style=\"font-size: 12pt; font-family: verdana, geneva, sans-serif;\">14<\/span><\/h3>\n<\/td>\n<td style=\"width: 24.374%; text-align: center; height: 89px;\" align=\"center\">\n<h2><strong><span style=\"font-size: 12pt; font-family: verdana, geneva, sans-serif;\"><a href=\"https:\/\/www.viajamenorca.com\/fr\/guide-touristique\/plages-et-criques\/cote-sud\/plage-de-cala-galdana\/\">Cala Galdana<\/a><\/span><\/strong><\/h2>\n<\/td>\n<td style=\"width: 24.5409%; text-align: center; height: 89px;\" align=\"center\">\n<h3><strong><span style=\"font-size: 12pt; font-family: verdana, geneva, sans-serif;\">Sant Tom\u00e0s<\/span><\/strong><\/h3>\n<\/td>\n<td style=\"width: 15.3961%; text-align: center; height: 89px;\" align=\"center\">\n<h3><span style=\"font-size: 12pt; font-family: verdana, geneva, sans-serif;\">4 h 30 min<\/span><\/h3>\n<\/td>\n<td style=\"width: 16.3234%; text-align: center; height: 89px;\" align=\"center\">\n<h3><span style=\"font-size: 12pt; font-family: verdana, geneva, sans-serif;\">10,8 km<\/span><\/h3>\n<\/td>\n<td style=\"width: 13.0217%; text-align: center; height: 89px;\" align=\"center\">\n<h3><span style=\"font-size: 12pt; font-family: verdana, geneva, sans-serif;\">Moyenne<\/span><\/h3>\n<\/td>\n<\/tr>\n<tr style=\"height: 89px;\">\n<td style=\"width: 8.1803%; text-align: center; height: 89px;\" align=\"center\">\n<h3><span style=\"font-size: 12pt; font-family: verdana, geneva, sans-serif;\">15<\/span><\/h3>\n<\/td>\n<td style=\"width: 24.374%; text-align: center; height: 89px;\" align=\"center\">\n<h2><strong><a href=\"https:\/\/www.viajamenorca.com\/fr\/guide-touristique\/plages-et-criques\/cote-sud\/plage-de-santo-tomas\/\"><span style=\"font-size: 12pt; font-family: verdana, geneva, sans-serif;\">Sant Tom\u00e0s<\/span><\/a><\/strong><\/h2>\n<\/td>\n<td style=\"width: 24.5409%; text-align: center; height: 89px;\" align=\"center\">\n<h3><strong><span style=\"font-size: 12pt; font-family: verdana, geneva, sans-serif;\">Son Bou<\/span><\/strong><\/h3>\n<\/td>\n<td style=\"width: 15.3961%; text-align: center; height: 89px;\" align=\"center\">\n<h3><span style=\"font-size: 12pt; font-family: verdana, geneva, sans-serif;\">2 h 30 min<\/span><\/h3>\n<\/td>\n<td style=\"width: 16.3234%; text-align: center; height: 89px;\" align=\"center\">\n<h3><span style=\"font-size: 12pt; font-family: verdana, geneva, sans-serif;\">6,4 km<\/span><\/h3>\n<\/td>\n<td style=\"width: 13.0217%; text-align: center; height: 89px;\" align=\"center\">\n<h3><span style=\"font-size: 12pt; font-family: verdana, geneva, sans-serif;\">Facile<\/span><\/h3>\n<\/td>\n<\/tr>\n<tr style=\"height: 89px;\">\n<td style=\"width: 8.1803%; text-align: center; height: 89px;\" align=\"center\">\n<h3><span style=\"font-size: 12pt; font-family: verdana, geneva, sans-serif;\">16<\/span><\/h3>\n<\/td>\n<td style=\"width: 24.374%; text-align: center; height: 89px;\" align=\"center\">\n<h2><strong><span style=\"font-size: 12pt; font-family: verdana, geneva, sans-serif;\"><a href=\"https:\/\/www.viajamenorca.com\/fr\/guide-touristique\/plages-et-criques\/cote-sud\/plage-de-son-bou\/\">Son Bou<\/a><\/span><\/strong><\/h2>\n<\/td>\n<td style=\"width: 24.5409%; text-align: center; height: 89px;\" align=\"center\">\n<h3><strong><span style=\"font-size: 12pt; font-family: verdana, geneva, sans-serif;\">Cala en Porter<\/span><\/strong><\/h3>\n<\/td>\n<td style=\"width: 15.3961%; text-align: center; height: 89px;\" align=\"center\">\n<h3><span style=\"font-size: 12pt; font-family: verdana, geneva, sans-serif;\">3 h 30 min<\/span><\/h3>\n<\/td>\n<td style=\"width: 16.3234%; text-align: center; height: 89px;\" align=\"center\">\n<h3><span style=\"font-size: 12pt; font-family: verdana, geneva, sans-serif;\">8 km<\/span><\/h3>\n<\/td>\n<td style=\"width: 13.0217%; text-align: center; height: 89px;\" align=\"center\">\n<h3><span style=\"font-size: 12pt; font-family: verdana, geneva, sans-serif;\">Moyenne<\/span><\/h3>\n<\/td>\n<\/tr>\n<tr style=\"height: 89px;\">\n<td style=\"width: 8.1803%; text-align: center; height: 89px;\" align=\"center\">\n<h3><span style=\"font-size: 12pt; font-family: verdana, geneva, sans-serif;\">17<\/span><\/h3>\n<\/td>\n<td style=\"width: 24.374%; text-align: center; height: 89px;\" align=\"center\">\n<h2><strong><a href=\"https:\/\/www.viajamenorca.com\/fr\/guide-touristique\/plages-et-criques\/cote-sud\/plage-de-cala-en-porter\/\"><span style=\"font-size: 12pt; font-family: verdana, geneva, sans-serif;\">Cala en Porter<\/span><\/a><\/strong><\/h2>\n<\/td>\n<td style=\"width: 24.5409%; text-align: center; height: 89px;\" align=\"center\">\n<h3><strong><span style=\"font-size: 12pt; font-family: verdana, geneva, sans-serif;\">Binisaf\u00faller<\/span><\/strong><\/h3>\n<\/td>\n<td style=\"width: 15.3961%; text-align: center; height: 89px;\" align=\"center\">\n<h3><span style=\"font-size: 12pt; font-family: verdana, geneva, sans-serif;\">4 h 30 min<\/span><\/h3>\n<\/td>\n<td style=\"width: 16.3234%; text-align: center; height: 89px;\" align=\"center\">\n<h3><span style=\"font-size: 12pt; font-family: verdana, geneva, sans-serif;\">11,8 km<\/span><\/h3>\n<\/td>\n<td style=\"width: 13.0217%; text-align: center; height: 89px;\" align=\"center\">\n<h3><span style=\"font-size: 12pt; font-family: verdana, geneva, sans-serif;\">Facile<\/span><\/h3>\n<\/td>\n<\/tr>\n<tr style=\"height: 89px;\">\n<td style=\"width: 8.1803%; text-align: center; height: 89px;\" align=\"center\">\n<h3><span style=\"font-size: 12pt; font-family: verdana, geneva, sans-serif;\">18<\/span><\/h3>\n<\/td>\n<td style=\"width: 24.374%; text-align: center; height: 89px;\" align=\"center\">\n<h2><a href=\"https:\/\/www.viajamenorca.com\/guia-turistica\/playas-y-calas\/costa-este\/cala-binisafuller\/\"><strong><span style=\"font-size: 12pt; font-family: verdana, geneva, sans-serif;\">Binisaf\u00faller<\/span><\/strong><\/a><\/h2>\n<\/td>\n<td style=\"width: 24.5409%; text-align: center; height: 89px;\" align=\"center\">\n<h3><strong><span style=\"font-size: 12pt; font-family: verdana, geneva, sans-serif;\">Punta Prima<\/span><\/strong><\/h3>\n<\/td>\n<td style=\"width: 15.3961%; text-align: center; height: 89px;\" align=\"center\">\n<h3><span style=\"font-size: 12pt; font-family: verdana, geneva, sans-serif;\">3 h 30 min<\/span><\/h3>\n<\/td>\n<td style=\"width: 16.3234%; text-align: center; height: 89px;\" align=\"center\">\n<h3><span style=\"font-size: 12pt; font-family: verdana, geneva, sans-serif;\">8,1 km<\/span><\/h3>\n<\/td>\n<td style=\"width: 13.0217%; text-align: center; height: 89px;\" align=\"center\">\n<h3><span style=\"font-size: 12pt; font-family: verdana, geneva, sans-serif;\">Facile<\/span><\/h3>\n<\/td>\n<\/tr>\n<tr style=\"height: 89px;\">\n<td style=\"width: 8.1803%; text-align: center; height: 89px;\" align=\"center\">\n<h3><span style=\"font-size: 12pt; font-family: verdana, geneva, sans-serif;\">19<\/span><\/h3>\n<\/td>\n<td style=\"width: 24.374%; text-align: center; height: 89px;\" align=\"center\">\n<h2><strong><a href=\"https:\/\/www.viajamenorca.com\/fr\/guide-touristique\/plages-et-criques\/cote-est\/plage-de-punta-prima\/\"><span style=\"font-size: 12pt; font-family: verdana, geneva, sans-serif;\">Punta Prima<\/span><\/a><\/strong><\/h2>\n<\/td>\n<td style=\"width: 24.5409%; text-align: center; height: 89px;\" align=\"center\">\n<h3><strong><span style=\"font-size: 12pt; font-family: verdana, geneva, sans-serif;\">Cala de Sant Esteve<\/span><\/strong><\/h3>\n<\/td>\n<td style=\"width: 15.3961%; text-align: center; height: 89px;\" align=\"center\">\n<h3><span style=\"font-size: 12pt; font-family: verdana, geneva, sans-serif;\">2 h 40 min<\/span><\/h3>\n<\/td>\n<td style=\"width: 16.3234%; text-align: center; height: 89px;\" align=\"center\">\n<h3><span style=\"font-size: 12pt; font-family: verdana, geneva, sans-serif;\">7,3 km<\/span><\/h3>\n<\/td>\n<td style=\"width: 13.0217%; text-align: center; height: 89px;\" align=\"center\">\n<h3><span style=\"font-size: 12pt; font-family: verdana, geneva, sans-serif;\">Facile<\/span><\/h3>\n<\/td>\n<\/tr>\n<tr style=\"height: 89px;\">\n<td style=\"width: 8.1803%; text-align: center; height: 89px;\" align=\"center\">\n<h3><span style=\"font-size: 12pt; font-family: verdana, geneva, sans-serif;\">20<\/span><\/h3>\n<\/td>\n<td style=\"width: 24.374%; text-align: center; height: 89px;\" align=\"center\">\n<h2><strong><span style=\"font-size: 12pt; font-family: verdana, geneva, sans-serif;\">Cala de Sant Esteve<\/span><\/strong><\/h2>\n<\/td>\n<td style=\"width: 24.5409%; text-align: center; height: 89px;\" align=\"center\">\n<h3><strong><span style=\"font-size: 12pt; font-family: verdana, geneva, sans-serif;\">Mah\u00f3n<\/span><\/strong><\/h3>\n<\/td>\n<td style=\"width: 15.3961%; text-align: center; height: 89px;\" align=\"center\">\n<h3><span style=\"font-size: 12pt; font-family: verdana, geneva, sans-serif;\">2 h 20 min<\/span><\/h3>\n<\/td>\n<td style=\"width: 16.3234%; text-align: center; height: 89px;\" align=\"center\">\n<h3><span style=\"font-size: 12pt; font-family: verdana, geneva, sans-serif;\">6 km<\/span><\/h3>\n<\/td>\n<td style=\"width: 13.0217%; text-align: center; height: 89px;\" align=\"center\">\n<h3><span style=\"font-size: 12pt; font-family: verdana, geneva, sans-serif;\">Facile<\/span><\/h3>\n<\/td>\n<\/tr>\n<\/tbody>\n<\/table>\n<p><div class=\"g g-8\"><div class=\"g-single a-70\"><a href=\"https:\/\/www.civitatis.com\/fr\/mahon\/transferts\/?aid=99960\" target=\"_blank\" rel=\"nofollow\">\r\n    <img decoding=\"async\" src=\"https:\/\/www.viajamenorca.com\/wp-content\/uploads\/2026\/02\/FRANCES_BLUE-2-2.jpg\" width=\"350\" height=\"210\" title=\"Transferts \u00e0 Minorque - A\u00e9roport\" alt=\"Transferts \u00e0 Minorque - A\u00e9roport\" \/>\r\n<\/a><\/div><\/div> Le Cam\u00ed de Cavalls est une excellente option pour ceux qui souhaitent profiter d&rsquo;une exp\u00e9rience sportive en contact avec la nature \u00e0 Minorque.<\/p>\n<p>Avec sa vari\u00e9t\u00e9 de paysages et ses options pour la randonn\u00e9e, le cyclisme et l&rsquo;\u00e9quitation, c&rsquo;est une merveilleuse fa\u00e7on d&rsquo;explorer l&rsquo;\u00eele. Vous trouverez plus d&rsquo;informations sur les itin\u00e9raires sur : <span style=\"font-size: 12pt; font-family: verdana, geneva, sans-serif;\"><a style=\"font-family: verdana, geneva, sans-serif; font-size: 12pt; font-weight: bold;\" href=\"http:\/\/www.camidecavalls.com\/\" target=\"_blank\" rel=\"nofollow noopener\">camidecavalls.com<\/a><\/span><\/p>\n<h2 style=\"text-align: left;\"><span style=\"font-size: 18pt;\">Galerie d&rsquo;images<\/span><\/h2>\n<div id='gallery-1' class='gallery galleryid-63563 gallery-columns-5 gallery-size-thumbnail'><figure class='gallery-item'>\n\t\t\t<div class='gallery-icon landscape'>\n\t\t\t\t<a href='https:\/\/www.viajamenorca.com\/wp-content\/uploads\/2019\/02\/IMG_20210322_172921_stitch-scaled.jpg'><img decoding=\"async\" width=\"150\" height=\"150\" src=\"https:\/\/www.viajamenorca.com\/wp-content\/uploads\/2019\/02\/IMG_20210322_172921_stitch-150x150.jpg\" class=\"attachment-thumbnail size-thumbnail\" alt=\"\" srcset=\"https:\/\/www.viajamenorca.com\/wp-content\/uploads\/2019\/02\/IMG_20210322_172921_stitch-150x150.jpg 150w, https:\/\/www.viajamenorca.com\/wp-content\/uploads\/2019\/02\/IMG_20210322_172921_stitch-250x250.jpg 250w, https:\/\/www.viajamenorca.com\/wp-content\/uploads\/2019\/02\/IMG_20210322_172921_stitch-125x125.jpg 125w, https:\/\/www.viajamenorca.com\/wp-content\/uploads\/2019\/02\/IMG_20210322_172921_stitch-110x110.jpg 110w, https:\/\/www.viajamenorca.com\/wp-content\/uploads\/2019\/02\/IMG_20210322_172921_stitch-420x420.jpg 420w\" sizes=\"(max-width: 150px) 100vw, 150px\" \/><\/a>\n\t\t\t<\/div><\/figure><figure class='gallery-item'>\n\t\t\t<div class='gallery-icon landscape'>\n\t\t\t\t<a href='https:\/\/www.viajamenorca.com\/wp-content\/uploads\/2017\/01\/IMG_20161216_152135-Copy.jpg'><img decoding=\"async\" width=\"150\" height=\"150\" src=\"https:\/\/www.viajamenorca.com\/wp-content\/uploads\/2017\/01\/IMG_20161216_152135-Copy-150x150.jpg\" class=\"attachment-thumbnail size-thumbnail\" alt=\"\" srcset=\"https:\/\/www.viajamenorca.com\/wp-content\/uploads\/2017\/01\/IMG_20161216_152135-Copy-150x150.jpg 150w, https:\/\/www.viajamenorca.com\/wp-content\/uploads\/2017\/01\/IMG_20161216_152135-Copy-250x250.jpg 250w, https:\/\/www.viajamenorca.com\/wp-content\/uploads\/2017\/01\/IMG_20161216_152135-Copy-125x125.jpg 125w, https:\/\/www.viajamenorca.com\/wp-content\/uploads\/2017\/01\/IMG_20161216_152135-Copy-110x110.jpg 110w, https:\/\/www.viajamenorca.com\/wp-content\/uploads\/2017\/01\/IMG_20161216_152135-Copy-420x420.jpg 420w\" sizes=\"(max-width: 150px) 100vw, 150px\" \/><\/a>\n\t\t\t<\/div><\/figure><figure class='gallery-item'>\n\t\t\t<div class='gallery-icon landscape'>\n\t\t\t\t<a href='https:\/\/www.viajamenorca.com\/wp-content\/uploads\/2010\/04\/barrera.jpg'><img decoding=\"async\" width=\"150\" height=\"150\" src=\"https:\/\/www.viajamenorca.com\/wp-content\/uploads\/2010\/04\/barrera-150x150.jpg\" class=\"attachment-thumbnail size-thumbnail\" alt=\"\" srcset=\"https:\/\/www.viajamenorca.com\/wp-content\/uploads\/2010\/04\/barrera-150x150.jpg 150w, https:\/\/www.viajamenorca.com\/wp-content\/uploads\/2010\/04\/barrera-250x250.jpg 250w, https:\/\/www.viajamenorca.com\/wp-content\/uploads\/2010\/04\/barrera-125x125.jpg 125w, https:\/\/www.viajamenorca.com\/wp-content\/uploads\/2010\/04\/barrera-110x110.jpg 110w\" sizes=\"(max-width: 150px) 100vw, 150px\" \/><\/a>\n\t\t\t<\/div><\/figure><figure class='gallery-item'>\n\t\t\t<div class='gallery-icon landscape'>\n\t\t\t\t<a href='https:\/\/www.viajamenorca.com\/wp-content\/uploads\/2019\/04\/DSCN9692.jpg'><img decoding=\"async\" width=\"150\" height=\"150\" src=\"https:\/\/www.viajamenorca.com\/wp-content\/uploads\/2019\/04\/DSCN9692-150x150.jpg\" class=\"attachment-thumbnail size-thumbnail\" alt=\"\" \/><\/a>\n\t\t\t<\/div><\/figure><figure class='gallery-item'>\n\t\t\t<div class='gallery-icon landscape'>\n\t\t\t\t<a href='https:\/\/www.viajamenorca.com\/wp-content\/uploads\/2019\/04\/IMG_3085.jpg'><img decoding=\"async\" width=\"150\" height=\"150\" src=\"https:\/\/www.viajamenorca.com\/wp-content\/uploads\/2019\/04\/IMG_3085-150x150.jpg\" class=\"attachment-thumbnail size-thumbnail\" alt=\"Minorca by bike\" \/><\/a>\n\t\t\t<\/div><\/figure><figure class='gallery-item'>\n\t\t\t<div class='gallery-icon landscape'>\n\t\t\t\t<a href='https:\/\/www.viajamenorca.com\/wp-content\/uploads\/2019\/04\/IMG_4131.jpg'><img decoding=\"async\" width=\"150\" height=\"150\" src=\"https:\/\/www.viajamenorca.com\/wp-content\/uploads\/2019\/04\/IMG_4131-150x150.jpg\" class=\"attachment-thumbnail size-thumbnail\" alt=\"\" \/><\/a>\n\t\t\t<\/div><\/figure><figure class='gallery-item'>\n\t\t\t<div class='gallery-icon landscape'>\n\t\t\t\t<a href='https:\/\/www.viajamenorca.com\/wp-content\/uploads\/2019\/04\/IMG_4099.jpg'><img decoding=\"async\" width=\"150\" height=\"150\" src=\"https:\/\/www.viajamenorca.com\/wp-content\/uploads\/2019\/04\/IMG_4099-150x150.jpg\" class=\"attachment-thumbnail size-thumbnail\" alt=\"\" \/><\/a>\n\t\t\t<\/div><\/figure><figure class='gallery-item'>\n\t\t\t<div class='gallery-icon portrait'>\n\t\t\t\t<a href='https:\/\/www.viajamenorca.com\/wp-content\/uploads\/2019\/04\/IMG_20200226_155211-scaled.jpg'><img decoding=\"async\" width=\"150\" height=\"150\" src=\"https:\/\/www.viajamenorca.com\/wp-content\/uploads\/2019\/04\/IMG_20200226_155211-150x150.jpg\" class=\"attachment-thumbnail size-thumbnail\" alt=\"horse trail\" \/><\/a>\n\t\t\t<\/div><\/figure><figure class='gallery-item'>\n\t\t\t<div class='gallery-icon landscape'>\n\t\t\t\t<a href='https:\/\/www.viajamenorca.com\/wp-content\/uploads\/2022\/02\/IMG_20220218_174135-scaled.jpg'><img decoding=\"async\" width=\"150\" height=\"150\" src=\"https:\/\/www.viajamenorca.com\/wp-content\/uploads\/2022\/02\/IMG_20220218_174135-150x150.jpg\" class=\"attachment-thumbnail size-thumbnail\" alt=\"\" \/><\/a>\n\t\t\t<\/div><\/figure><figure class='gallery-item'>\n\t\t\t<div class='gallery-icon landscape'>\n\t\t\t\t<a href='https:\/\/www.viajamenorca.com\/wp-content\/uploads\/2017\/01\/camidecavalls.jpg'><img decoding=\"async\" width=\"150\" height=\"150\" src=\"https:\/\/www.viajamenorca.com\/wp-content\/uploads\/2017\/01\/camidecavalls-150x150.jpg\" class=\"attachment-thumbnail size-thumbnail\" alt=\"\" srcset=\"https:\/\/www.viajamenorca.com\/wp-content\/uploads\/2017\/01\/camidecavalls-150x150.jpg 150w, https:\/\/www.viajamenorca.com\/wp-content\/uploads\/2017\/01\/camidecavalls-300x300.jpg 300w, https:\/\/www.viajamenorca.com\/wp-content\/uploads\/2017\/01\/camidecavalls-250x250.jpg 250w, https:\/\/www.viajamenorca.com\/wp-content\/uploads\/2017\/01\/camidecavalls-125x125.jpg 125w, https:\/\/www.viajamenorca.com\/wp-content\/uploads\/2017\/01\/camidecavalls-110x110.jpg 110w, https:\/\/www.viajamenorca.com\/wp-content\/uploads\/2017\/01\/camidecavalls-420x420.jpg 420w, https:\/\/www.viajamenorca.com\/wp-content\/uploads\/2017\/01\/camidecavalls-430x430.jpg 430w, https:\/\/www.viajamenorca.com\/wp-content\/uploads\/2017\/01\/camidecavalls.jpg 450w\" sizes=\"(max-width: 150px) 100vw, 150px\" \/><\/a>\n\t\t\t<\/div><\/figure>\n\t\t<\/div>\n\n<h3 dir=\"auto\">Vid\u00e9o promotionnelle du Cam\u00ed de Cavalls<\/h3>\n\n\n<figure class=\"wp-block-video\"><video height=\"480\" style=\"aspect-ratio: 848 \/ 480;\" width=\"848\" controls poster=\"https:\/\/www.viajamenorca.com\/wp-content\/uploads\/2019\/04\/camino_cavalls.png\" src=\"https:\/\/www.viajamenorca.com\/wp-content\/uploads\/2019\/04\/Cami_cavalls.mp4\"><\/video><\/figure>\n\n\n\n<div class=\"\" dir=\"auto\">\n<div id=\":r3f:\" class=\"x1iorvi4 x1pi30zi x1l90r2v x1swvt13\" data-ad-comet-preview=\"message\" data-ad-preview=\"message\">\n<div class=\"x78zum5 xdt5ytf xz62fqu x16ldp7u\">\n<div class=\"xu06os2 x1ok221b\">\n<div class=\"xdj266r x11i5rnm xat24cr x1mh8g0r x1vvkbs x126k92a\">\n<h3><span style=\"font-size: 18pt;\">Programme de randonn\u00e9e 80 centim\u00e8tres de rtve consacr\u00e9 \u00e0 l&rsquo;\u00eele<\/span><\/h3>\n<\/div>\n<\/div>\n<\/div>\n<\/div>\n<\/div>\n\n\n\n<figure class=\"wp-block-embed is-type-video is-provider-youtube wp-block-embed-youtube wp-embed-aspect-16-9 wp-has-aspect-ratio\"><div class=\"wp-block-embed__wrapper\">\n<iframe title=\"\ud83d\udcfa MENORCA: CAMI DE CAVALLS | Programa 80cm | TVE2\" width=\"1200\" height=\"675\" src=\"https:\/\/www.youtube.com\/embed\/VTewbv_teVE?feature=oembed\" frameborder=\"0\" allow=\"accelerometer; autoplay; clipboard-write; encrypted-media; gyroscope; picture-in-picture; web-share\" referrerpolicy=\"strict-origin-when-cross-origin\" allowfullscreen><\/iframe>\n<\/div><\/figure>\n\n\n\n<div style=\"text-align:center;\"><script>function loadScript(url, callback){var script=document.createElement('script'); script.type='text\/javascript'; if (script.readyState){script.onreadystatechange=function(){if (script.readyState=='loaded' || script.readyState=='complete'){script.onreadystatechange=null; callback();}};}else{script.onload=function(){callback();};}script.src=url; document.getElementsByTagName('head')[0].appendChild(script);}loadScript('https:\/\/cdn2.civitatis.com\/js\/vendor\/iframeResizer.min.js', function(){iFrameResize({checkOrigin:false,initCallback:function(iframe){setTimeout(function(){var resizeEvent = window.document.createEvent('UIEvents'); resizeEvent.initUIEvent('resize', true, false, window, 0); iframe.dispatchEvent(resizeEvent);});}})})<\/script><iframe class=\"civitatis-iframe\" src=\"https:\/\/www.civitatis.com\/widget-activities\/?affiliated=99960&amp;display=cosy&amp;cant=6&amp;lang=fr&amp;currency=EUR&amp;zone=492&amp;transfer=1&amp;cmp=Widget_Menorca_ES&amp;width=100%&amp;hideButton=0&amp;centerContent=1&amp;typeSelection=all&amp;color=1d5a8f&amp;typography=Montserrat&amp;removeBackground=1&amp;showShadow=1&amp;roundedButtons=1\" width=\"100%\" frameborder=\"0\" data-maxwidth=\"100%\" style=\"max-width: 100%\"><\/iframe><\/div>\n","protected":false},"excerpt":{"rendered":"<p>Le GR-223, connu sous le nom de Cam\u00ed de Cavalls (Chemin des Chevaux), est un sentier circulaire qui fait le tour de l&rsquo;\u00eele de Minorque. Avec une longueur de 185 &#8230; <\/p>\n<p class=\"read-more-container\"><a title=\"Cam\u00ed de Cavalls (Sentier du littoral)\" class=\"read-more button\" href=\"https:\/\/www.viajamenorca.com\/fr\/guide-touristique\/routes-et-itineraires\/sentier-cami-de-cavalls\/#more-63563\" aria-label=\"En savoir plus sur Cam\u00ed de Cavalls (Sentier du littoral)\">Lire plus<\/a><\/p>\n","protected":false},"author":1,"featured_media":63565,"comment_status":"closed","ping_status":"closed","sticky":false,"template":"","format":"standard","meta":{"_acf_changed":false,"footnotes":""},"categories":[1803,1581,1826,1854],"tags":[3151,3246,3243,3244,3236,3242,3247,3153,3241],"class_list":["post-63563","post","type-post","status-publish","format-standard","has-post-thumbnail","hentry","category-cami-de-cavalls","category-guide-touristique","category-itineraires-circuits","category-routes-et-itineraires","tag-cami-de-cavalls","tag-carte-au-format-pdf","tag-cartes","tag-chemin-des-chevaux","tag-environnement","tag-etapes","tag-itineraires-a-decouvrir","tag-ruta-ciclista","tag-sentier-du-littoral","resize-featured-image"],"acf":{"elige_un_tipo_de_actividad":"","buscar_por_zonas":""},"yoast_head":"<!-- This site is optimized with the Yoast SEO plugin v27.5 - https:\/\/yoast.com\/product\/yoast-seo-wordpress\/ -->\n<title>Guide du Cam\u00ed de Cavalls - Sentier du littoral \ud83d\udeb2 \u00c9tapes, cartes\ud83d\udeb6<\/title>\n<meta name=\"description\" content=\"Le Cam\u00ed de Cavalls est un sentier de grande randonn\u00e9e (185 km) qui fait le tour de l&#039;\u00eele de Minorque et pr\u00e9sente un grand int\u00e9r\u00eat g\u00e9ologique\" \/>\n<meta name=\"robots\" content=\"index, follow, max-snippet:-1, max-image-preview:large, max-video-preview:-1\" \/>\n<link rel=\"canonical\" href=\"https:\/\/www.viajamenorca.com\/fr\/guide-touristique\/routes-et-itineraires\/sentier-cami-de-cavalls\/\" \/>\n<meta property=\"og:locale\" content=\"fr_FR\" \/>\n<meta property=\"og:type\" content=\"article\" \/>\n<meta property=\"og:title\" content=\"Guide du Cam\u00ed de Cavalls - Sentier du littoral \ud83d\udeb2 \u00c9tapes, cartes\ud83d\udeb6\" \/>\n<meta property=\"og:description\" content=\"Le Cam\u00ed de Cavalls est un sentier de grande randonn\u00e9e (185 km) qui fait le tour de l&#039;\u00eele de Minorque et pr\u00e9sente un grand int\u00e9r\u00eat g\u00e9ologique\" \/>\n<meta property=\"og:url\" content=\"https:\/\/www.viajamenorca.com\/fr\/guide-touristique\/routes-et-itineraires\/sentier-cami-de-cavalls\/\" \/>\n<meta property=\"og:site_name\" content=\"Viaja a Menorca\" \/>\n<meta property=\"article:publisher\" content=\"https:\/\/www.facebook.com\/ViajaMenorca\/\" \/>\n<meta property=\"article:author\" content=\"https:\/\/www.facebook.com\/ViajaMenorca\/\" \/>\n<meta property=\"article:published_time\" content=\"2019-04-29T11:19:58+00:00\" \/>\n<meta property=\"article:modified_time\" content=\"2026-03-13T05:03:08+00:00\" \/>\n<meta property=\"og:image\" content=\"https:\/\/www.viajamenorca.com\/wp-content\/uploads\/2017\/01\/camidecavalls.jpg\" \/>\n\t<meta property=\"og:image:width\" content=\"450\" \/>\n\t<meta property=\"og:image:height\" content=\"450\" \/>\n\t<meta property=\"og:image:type\" content=\"image\/jpeg\" \/>\n<meta name=\"author\" content=\"RVM\" \/>\n<meta name=\"twitter:card\" content=\"summary_large_image\" \/>\n<meta name=\"twitter:creator\" content=\"@ViajaMenorca\" \/>\n<meta name=\"twitter:site\" content=\"@ViajaMenorca\" \/>\n<meta name=\"twitter:label1\" content=\"\u00c9crit par\" \/>\n\t<meta name=\"twitter:data1\" content=\"RVM\" \/>\n\t<meta name=\"twitter:label2\" content=\"Dur\u00e9e de lecture estim\u00e9e\" \/>\n\t<meta name=\"twitter:data2\" content=\"5 minutes\" \/>\n<script type=\"application\/ld+json\" class=\"yoast-schema-graph\">{\"@context\":\"https:\\\/\\\/schema.org\",\"@graph\":[{\"@type\":\"Article\",\"@id\":\"https:\\\/\\\/www.viajamenorca.com\\\/fr\\\/guide-touristique\\\/routes-et-itineraires\\\/sentier-cami-de-cavalls\\\/#article\",\"isPartOf\":{\"@id\":\"https:\\\/\\\/www.viajamenorca.com\\\/fr\\\/guide-touristique\\\/routes-et-itineraires\\\/sentier-cami-de-cavalls\\\/\"},\"author\":{\"name\":\"RVM\",\"@id\":\"https:\\\/\\\/www.viajamenorca.com\\\/fr\\\/#\\\/schema\\\/person\\\/a4a17bcf26fbf36b9726dc16edd0a3fc\"},\"headline\":\"Cam\u00ed de Cavalls (Sentier du littoral)\",\"datePublished\":\"2019-04-29T11:19:58+00:00\",\"dateModified\":\"2026-03-13T05:03:08+00:00\",\"mainEntityOfPage\":{\"@id\":\"https:\\\/\\\/www.viajamenorca.com\\\/fr\\\/guide-touristique\\\/routes-et-itineraires\\\/sentier-cami-de-cavalls\\\/\"},\"wordCount\":797,\"publisher\":{\"@id\":\"https:\\\/\\\/www.viajamenorca.com\\\/fr\\\/#organization\"},\"image\":{\"@id\":\"https:\\\/\\\/www.viajamenorca.com\\\/fr\\\/guide-touristique\\\/routes-et-itineraires\\\/sentier-cami-de-cavalls\\\/#primaryimage\"},\"thumbnailUrl\":\"https:\\\/\\\/www.viajamenorca.com\\\/wp-content\\\/uploads\\\/2017\\\/01\\\/camidecavalls.jpg\",\"keywords\":[\"Cam\u00ed de Cavalls\",\"Carte au format PDF\",\"cartes\",\"Chemin des chevaux\",\"Environnement\",\"\u00c9tapes\",\"itin\u00e9raires \u00e0 d\u00e9couvrir\",\"Ruta ciclista\",\"Sentier du littoral\"],\"articleSection\":[\"Cam\u00ed de Cavalls (itin\u00e9raire de randonn\u00e9e)\",\"Guide touristique\",\"Itin\u00e9raires - Circuits\",\"Itin\u00e9raires et circuits\"],\"inLanguage\":\"fr-FR\"},{\"@type\":\"WebPage\",\"@id\":\"https:\\\/\\\/www.viajamenorca.com\\\/fr\\\/guide-touristique\\\/routes-et-itineraires\\\/sentier-cami-de-cavalls\\\/\",\"url\":\"https:\\\/\\\/www.viajamenorca.com\\\/fr\\\/guide-touristique\\\/routes-et-itineraires\\\/sentier-cami-de-cavalls\\\/\",\"name\":\"Guide du Cam\u00ed de Cavalls - Sentier du littoral \ud83d\udeb2 \u00c9tapes, cartes\ud83d\udeb6\",\"isPartOf\":{\"@id\":\"https:\\\/\\\/www.viajamenorca.com\\\/fr\\\/#website\"},\"primaryImageOfPage\":{\"@id\":\"https:\\\/\\\/www.viajamenorca.com\\\/fr\\\/guide-touristique\\\/routes-et-itineraires\\\/sentier-cami-de-cavalls\\\/#primaryimage\"},\"image\":{\"@id\":\"https:\\\/\\\/www.viajamenorca.com\\\/fr\\\/guide-touristique\\\/routes-et-itineraires\\\/sentier-cami-de-cavalls\\\/#primaryimage\"},\"thumbnailUrl\":\"https:\\\/\\\/www.viajamenorca.com\\\/wp-content\\\/uploads\\\/2017\\\/01\\\/camidecavalls.jpg\",\"datePublished\":\"2019-04-29T11:19:58+00:00\",\"dateModified\":\"2026-03-13T05:03:08+00:00\",\"description\":\"Le Cam\u00ed de Cavalls est un sentier de grande randonn\u00e9e (185 km) qui fait le tour de l'\u00eele de Minorque et pr\u00e9sente un grand int\u00e9r\u00eat g\u00e9ologique\",\"breadcrumb\":{\"@id\":\"https:\\\/\\\/www.viajamenorca.com\\\/fr\\\/guide-touristique\\\/routes-et-itineraires\\\/sentier-cami-de-cavalls\\\/#breadcrumb\"},\"inLanguage\":\"fr-FR\",\"potentialAction\":[{\"@type\":\"ReadAction\",\"target\":[\"https:\\\/\\\/www.viajamenorca.com\\\/fr\\\/guide-touristique\\\/routes-et-itineraires\\\/sentier-cami-de-cavalls\\\/\"]}]},{\"@type\":\"ImageObject\",\"inLanguage\":\"fr-FR\",\"@id\":\"https:\\\/\\\/www.viajamenorca.com\\\/fr\\\/guide-touristique\\\/routes-et-itineraires\\\/sentier-cami-de-cavalls\\\/#primaryimage\",\"url\":\"https:\\\/\\\/www.viajamenorca.com\\\/wp-content\\\/uploads\\\/2017\\\/01\\\/camidecavalls.jpg\",\"contentUrl\":\"https:\\\/\\\/www.viajamenorca.com\\\/wp-content\\\/uploads\\\/2017\\\/01\\\/camidecavalls.jpg\",\"width\":450,\"height\":450},{\"@type\":\"BreadcrumbList\",\"@id\":\"https:\\\/\\\/www.viajamenorca.com\\\/fr\\\/guide-touristique\\\/routes-et-itineraires\\\/sentier-cami-de-cavalls\\\/#breadcrumb\",\"itemListElement\":[{\"@type\":\"ListItem\",\"position\":1,\"name\":\"Guide touristique\",\"item\":\"https:\\\/\\\/www.viajamenorca.com\\\/fr\\\/.\\\/guide-touristique\\\/\"},{\"@type\":\"ListItem\",\"position\":2,\"name\":\"Itin\u00e9raires et circuits\",\"item\":\"https:\\\/\\\/www.viajamenorca.com\\\/fr\\\/.\\\/guide-touristique\\\/routes-et-itineraires\\\/\"},{\"@type\":\"ListItem\",\"position\":3,\"name\":\"Environnement\"}]},{\"@type\":\"WebSite\",\"@id\":\"https:\\\/\\\/www.viajamenorca.com\\\/fr\\\/#website\",\"url\":\"https:\\\/\\\/www.viajamenorca.com\\\/fr\\\/\",\"name\":\"Viaja a Menorca\",\"description\":\"Votre aventure minorquine commence ici !\",\"publisher\":{\"@id\":\"https:\\\/\\\/www.viajamenorca.com\\\/fr\\\/#organization\"},\"alternateName\":\"Gu\u00eda tur\u00edstica de Menorca\",\"potentialAction\":[{\"@type\":\"SearchAction\",\"target\":{\"@type\":\"EntryPoint\",\"urlTemplate\":\"https:\\\/\\\/www.viajamenorca.com\\\/fr\\\/?s={search_term_string}\"},\"query-input\":{\"@type\":\"PropertyValueSpecification\",\"valueRequired\":true,\"valueName\":\"search_term_string\"}}],\"inLanguage\":\"fr-FR\"},{\"@type\":\"Organization\",\"@id\":\"https:\\\/\\\/www.viajamenorca.com\\\/fr\\\/#organization\",\"name\":\"Viaja a Menorca - Gu\u00eda tur\u00edstica\",\"alternateName\":\"Viaja a Menorca\",\"url\":\"https:\\\/\\\/www.viajamenorca.com\\\/fr\\\/\",\"logo\":{\"@type\":\"ImageObject\",\"inLanguage\":\"fr-FR\",\"@id\":\"https:\\\/\\\/www.viajamenorca.com\\\/fr\\\/#\\\/schema\\\/logo\\\/image\\\/\",\"url\":\"https:\\\/\\\/www.viajamenorca.com\\\/wp-content\\\/uploads\\\/2021\\\/11\\\/viajamenorca.jpg\",\"contentUrl\":\"https:\\\/\\\/www.viajamenorca.com\\\/wp-content\\\/uploads\\\/2021\\\/11\\\/viajamenorca.jpg\",\"width\":714,\"height\":714,\"caption\":\"Viaja a Menorca - Gu\u00eda tur\u00edstica\"},\"image\":{\"@id\":\"https:\\\/\\\/www.viajamenorca.com\\\/fr\\\/#\\\/schema\\\/logo\\\/image\\\/\"},\"sameAs\":[\"https:\\\/\\\/www.facebook.com\\\/ViajaMenorca\\\/\",\"https:\\\/\\\/x.com\\\/ViajaMenorca\",\"https:\\\/\\\/www.instagram.com\\\/viaja_menorca\\\/?hl=es\",\"https:\\\/\\\/www.youtube.com\\\/channel\\\/UCWtpR3jxp79HeZ8zZfHLhXw\"]},{\"@type\":\"Person\",\"@id\":\"https:\\\/\\\/www.viajamenorca.com\\\/fr\\\/#\\\/schema\\\/person\\\/a4a17bcf26fbf36b9726dc16edd0a3fc\",\"name\":\"RVM\",\"image\":{\"@type\":\"ImageObject\",\"inLanguage\":\"fr-FR\",\"@id\":\"https:\\\/\\\/www.viajamenorca.com\\\/wp-content\\\/litespeed\\\/avatar\\\/f92762d1538920c5ee7c40d8d2c84bc0.jpg?ver=1777343553\",\"url\":\"https:\\\/\\\/www.viajamenorca.com\\\/wp-content\\\/litespeed\\\/avatar\\\/f92762d1538920c5ee7c40d8d2c84bc0.jpg?ver=1777343553\",\"contentUrl\":\"https:\\\/\\\/www.viajamenorca.com\\\/wp-content\\\/litespeed\\\/avatar\\\/f92762d1538920c5ee7c40d8d2c84bc0.jpg?ver=1777343553\",\"caption\":\"RVM\"},\"description\":\"Guia turistica de Menorca creada por un menorquin amante de su tierra, espero que os guste.\",\"sameAs\":[\"http:\\\/\\\/www.viajamenorca.com\",\"https:\\\/\\\/www.facebook.com\\\/ViajaMenorca\\\/\",\"https:\\\/\\\/www.instagram.com\\\/viaja_menorca\\\/?hl=es\",\"https:\\\/\\\/x.com\\\/ViajaMenorca\",\"https:\\\/\\\/www.youtube.com\\\/c\\\/ViajamenorcaEs\",\"https:\\\/\\\/es.wikipedia.org\\\/wiki\\\/Menorca\"]}]}<\/script>\n<!-- \/ Yoast SEO plugin. -->","yoast_head_json":{"title":"Guide du Cam\u00ed de Cavalls - Sentier du littoral \ud83d\udeb2 \u00c9tapes, cartes\ud83d\udeb6","description":"Le Cam\u00ed de Cavalls est un sentier de grande randonn\u00e9e (185 km) qui fait le tour de l'\u00eele de Minorque et pr\u00e9sente un grand int\u00e9r\u00eat g\u00e9ologique","robots":{"index":"index","follow":"follow","max-snippet":"max-snippet:-1","max-image-preview":"max-image-preview:large","max-video-preview":"max-video-preview:-1"},"canonical":"https:\/\/www.viajamenorca.com\/fr\/guide-touristique\/routes-et-itineraires\/sentier-cami-de-cavalls\/","og_locale":"fr_FR","og_type":"article","og_title":"Guide du Cam\u00ed de Cavalls - Sentier du littoral \ud83d\udeb2 \u00c9tapes, cartes\ud83d\udeb6","og_description":"Le Cam\u00ed de Cavalls est un sentier de grande randonn\u00e9e (185 km) qui fait le tour de l'\u00eele de Minorque et pr\u00e9sente un grand int\u00e9r\u00eat g\u00e9ologique","og_url":"https:\/\/www.viajamenorca.com\/fr\/guide-touristique\/routes-et-itineraires\/sentier-cami-de-cavalls\/","og_site_name":"Viaja a Menorca","article_publisher":"https:\/\/www.facebook.com\/ViajaMenorca\/","article_author":"https:\/\/www.facebook.com\/ViajaMenorca\/","article_published_time":"2019-04-29T11:19:58+00:00","article_modified_time":"2026-03-13T05:03:08+00:00","og_image":[{"width":450,"height":450,"url":"https:\/\/www.viajamenorca.com\/wp-content\/uploads\/2017\/01\/camidecavalls.jpg","type":"image\/jpeg"}],"author":"RVM","twitter_card":"summary_large_image","twitter_creator":"@ViajaMenorca","twitter_site":"@ViajaMenorca","twitter_misc":{"\u00c9crit par":"RVM","Dur\u00e9e de lecture estim\u00e9e":"5 minutes"},"schema":{"@context":"https:\/\/schema.org","@graph":[{"@type":"Article","@id":"https:\/\/www.viajamenorca.com\/fr\/guide-touristique\/routes-et-itineraires\/sentier-cami-de-cavalls\/#article","isPartOf":{"@id":"https:\/\/www.viajamenorca.com\/fr\/guide-touristique\/routes-et-itineraires\/sentier-cami-de-cavalls\/"},"author":{"name":"RVM","@id":"https:\/\/www.viajamenorca.com\/fr\/#\/schema\/person\/a4a17bcf26fbf36b9726dc16edd0a3fc"},"headline":"Cam\u00ed de Cavalls (Sentier du littoral)","datePublished":"2019-04-29T11:19:58+00:00","dateModified":"2026-03-13T05:03:08+00:00","mainEntityOfPage":{"@id":"https:\/\/www.viajamenorca.com\/fr\/guide-touristique\/routes-et-itineraires\/sentier-cami-de-cavalls\/"},"wordCount":797,"publisher":{"@id":"https:\/\/www.viajamenorca.com\/fr\/#organization"},"image":{"@id":"https:\/\/www.viajamenorca.com\/fr\/guide-touristique\/routes-et-itineraires\/sentier-cami-de-cavalls\/#primaryimage"},"thumbnailUrl":"https:\/\/www.viajamenorca.com\/wp-content\/uploads\/2017\/01\/camidecavalls.jpg","keywords":["Cam\u00ed de Cavalls","Carte au format PDF","cartes","Chemin des chevaux","Environnement","\u00c9tapes","itin\u00e9raires \u00e0 d\u00e9couvrir","Ruta ciclista","Sentier du littoral"],"articleSection":["Cam\u00ed de Cavalls (itin\u00e9raire de randonn\u00e9e)","Guide touristique","Itin\u00e9raires - Circuits","Itin\u00e9raires et circuits"],"inLanguage":"fr-FR"},{"@type":"WebPage","@id":"https:\/\/www.viajamenorca.com\/fr\/guide-touristique\/routes-et-itineraires\/sentier-cami-de-cavalls\/","url":"https:\/\/www.viajamenorca.com\/fr\/guide-touristique\/routes-et-itineraires\/sentier-cami-de-cavalls\/","name":"Guide du Cam\u00ed de Cavalls - Sentier du littoral \ud83d\udeb2 \u00c9tapes, cartes\ud83d\udeb6","isPartOf":{"@id":"https:\/\/www.viajamenorca.com\/fr\/#website"},"primaryImageOfPage":{"@id":"https:\/\/www.viajamenorca.com\/fr\/guide-touristique\/routes-et-itineraires\/sentier-cami-de-cavalls\/#primaryimage"},"image":{"@id":"https:\/\/www.viajamenorca.com\/fr\/guide-touristique\/routes-et-itineraires\/sentier-cami-de-cavalls\/#primaryimage"},"thumbnailUrl":"https:\/\/www.viajamenorca.com\/wp-content\/uploads\/2017\/01\/camidecavalls.jpg","datePublished":"2019-04-29T11:19:58+00:00","dateModified":"2026-03-13T05:03:08+00:00","description":"Le Cam\u00ed de Cavalls est un sentier de grande randonn\u00e9e (185 km) qui fait le tour de l'\u00eele de Minorque et pr\u00e9sente un grand int\u00e9r\u00eat g\u00e9ologique","breadcrumb":{"@id":"https:\/\/www.viajamenorca.com\/fr\/guide-touristique\/routes-et-itineraires\/sentier-cami-de-cavalls\/#breadcrumb"},"inLanguage":"fr-FR","potentialAction":[{"@type":"ReadAction","target":["https:\/\/www.viajamenorca.com\/fr\/guide-touristique\/routes-et-itineraires\/sentier-cami-de-cavalls\/"]}]},{"@type":"ImageObject","inLanguage":"fr-FR","@id":"https:\/\/www.viajamenorca.com\/fr\/guide-touristique\/routes-et-itineraires\/sentier-cami-de-cavalls\/#primaryimage","url":"https:\/\/www.viajamenorca.com\/wp-content\/uploads\/2017\/01\/camidecavalls.jpg","contentUrl":"https:\/\/www.viajamenorca.com\/wp-content\/uploads\/2017\/01\/camidecavalls.jpg","width":450,"height":450},{"@type":"BreadcrumbList","@id":"https:\/\/www.viajamenorca.com\/fr\/guide-touristique\/routes-et-itineraires\/sentier-cami-de-cavalls\/#breadcrumb","itemListElement":[{"@type":"ListItem","position":1,"name":"Guide touristique","item":"https:\/\/www.viajamenorca.com\/fr\/.\/guide-touristique\/"},{"@type":"ListItem","position":2,"name":"Itin\u00e9raires et circuits","item":"https:\/\/www.viajamenorca.com\/fr\/.\/guide-touristique\/routes-et-itineraires\/"},{"@type":"ListItem","position":3,"name":"Environnement"}]},{"@type":"WebSite","@id":"https:\/\/www.viajamenorca.com\/fr\/#website","url":"https:\/\/www.viajamenorca.com\/fr\/","name":"Viaja a Menorca","description":"Votre aventure minorquine commence ici !","publisher":{"@id":"https:\/\/www.viajamenorca.com\/fr\/#organization"},"alternateName":"Gu\u00eda tur\u00edstica de Menorca","potentialAction":[{"@type":"SearchAction","target":{"@type":"EntryPoint","urlTemplate":"https:\/\/www.viajamenorca.com\/fr\/?s={search_term_string}"},"query-input":{"@type":"PropertyValueSpecification","valueRequired":true,"valueName":"search_term_string"}}],"inLanguage":"fr-FR"},{"@type":"Organization","@id":"https:\/\/www.viajamenorca.com\/fr\/#organization","name":"Viaja a Menorca - Gu\u00eda tur\u00edstica","alternateName":"Viaja a Menorca","url":"https:\/\/www.viajamenorca.com\/fr\/","logo":{"@type":"ImageObject","inLanguage":"fr-FR","@id":"https:\/\/www.viajamenorca.com\/fr\/#\/schema\/logo\/image\/","url":"https:\/\/www.viajamenorca.com\/wp-content\/uploads\/2021\/11\/viajamenorca.jpg","contentUrl":"https:\/\/www.viajamenorca.com\/wp-content\/uploads\/2021\/11\/viajamenorca.jpg","width":714,"height":714,"caption":"Viaja a Menorca - Gu\u00eda tur\u00edstica"},"image":{"@id":"https:\/\/www.viajamenorca.com\/fr\/#\/schema\/logo\/image\/"},"sameAs":["https:\/\/www.facebook.com\/ViajaMenorca\/","https:\/\/x.com\/ViajaMenorca","https:\/\/www.instagram.com\/viaja_menorca\/?hl=es","https:\/\/www.youtube.com\/channel\/UCWtpR3jxp79HeZ8zZfHLhXw"]},{"@type":"Person","@id":"https:\/\/www.viajamenorca.com\/fr\/#\/schema\/person\/a4a17bcf26fbf36b9726dc16edd0a3fc","name":"RVM","image":{"@type":"ImageObject","inLanguage":"fr-FR","@id":"https:\/\/www.viajamenorca.com\/wp-content\/litespeed\/avatar\/f92762d1538920c5ee7c40d8d2c84bc0.jpg?ver=1777343553","url":"https:\/\/www.viajamenorca.com\/wp-content\/litespeed\/avatar\/f92762d1538920c5ee7c40d8d2c84bc0.jpg?ver=1777343553","contentUrl":"https:\/\/www.viajamenorca.com\/wp-content\/litespeed\/avatar\/f92762d1538920c5ee7c40d8d2c84bc0.jpg?ver=1777343553","caption":"RVM"},"description":"Guia turistica de Menorca creada por un menorquin amante de su tierra, espero que os guste.","sameAs":["http:\/\/www.viajamenorca.com","https:\/\/www.facebook.com\/ViajaMenorca\/","https:\/\/www.instagram.com\/viaja_menorca\/?hl=es","https:\/\/x.com\/ViajaMenorca","https:\/\/www.youtube.com\/c\/ViajamenorcaEs","https:\/\/es.wikipedia.org\/wiki\/Menorca"]}]}},"_links":{"self":[{"href":"https:\/\/www.viajamenorca.com\/fr\/wp-json\/wp\/v2\/posts\/63563","targetHints":{"allow":["GET"]}}],"collection":[{"href":"https:\/\/www.viajamenorca.com\/fr\/wp-json\/wp\/v2\/posts"}],"about":[{"href":"https:\/\/www.viajamenorca.com\/fr\/wp-json\/wp\/v2\/types\/post"}],"author":[{"embeddable":true,"href":"https:\/\/www.viajamenorca.com\/fr\/wp-json\/wp\/v2\/users\/1"}],"replies":[{"embeddable":true,"href":"https:\/\/www.viajamenorca.com\/fr\/wp-json\/wp\/v2\/comments?post=63563"}],"version-history":[{"count":5,"href":"https:\/\/www.viajamenorca.com\/fr\/wp-json\/wp\/v2\/posts\/63563\/revisions"}],"predecessor-version":[{"id":63669,"href":"https:\/\/www.viajamenorca.com\/fr\/wp-json\/wp\/v2\/posts\/63563\/revisions\/63669"}],"wp:featuredmedia":[{"embeddable":true,"href":"https:\/\/www.viajamenorca.com\/fr\/wp-json\/wp\/v2\/media\/63565"}],"wp:attachment":[{"href":"https:\/\/www.viajamenorca.com\/fr\/wp-json\/wp\/v2\/media?parent=63563"}],"wp:term":[{"taxonomy":"category","embeddable":true,"href":"https:\/\/www.viajamenorca.com\/fr\/wp-json\/wp\/v2\/categories?post=63563"},{"taxonomy":"post_tag","embeddable":true,"href":"https:\/\/www.viajamenorca.com\/fr\/wp-json\/wp\/v2\/tags?post=63563"}],"curies":[{"name":"wp","href":"https:\/\/api.w.org\/{rel}","templated":true}]}}