{"id":63566,"date":"2019-03-22T18:26:57","date_gmt":"2019-03-22T18:26:57","guid":{"rendered":"https:\/\/www.viajamenorca.com\/non-classe\/fotos-fiestas-patronales\/"},"modified":"2026-03-13T08:37:59","modified_gmt":"2026-03-13T08:37:59","slug":"photos-fetes-patronales","status":"publish","type":"post","link":"https:\/\/www.viajamenorca.com\/fr\/guide-touristique\/photos-et-videos\/photos-fetes-patronales\/","title":{"rendered":"Photos &#8211; F\u00eates patronales"},"content":{"rendered":"<p>Images des <strong><a href=\"https:\/\/viajamenorca.com\/guia-turistica\/fiestas-patronales\/\">f\u00eates patronales de Minorque<\/a><\/strong>. Nous esp\u00e9rons qu&rsquo;elles vous plairont. Vous pouvez consulter le <strong><a href=\"https:\/\/www.viajamenorca.com\/fr\/guide-touristique\/fetes-patronales\/calendrier-des-vacances\/\">calendrier des f\u00eates de Minorque ici<\/a><\/strong>.<\/p>\n<div id='gallery-1' class='gallery galleryid-63566 gallery-columns-4 gallery-size-thumbnail'><figure class='gallery-item'>\n\t\t\t<div class='gallery-icon portrait'>\n\t\t\t\t<a href='https:\/\/www.viajamenorca.com\/wp-content\/uploads\/2010\/04\/IMG_2431.jpg'><img decoding=\"async\" width=\"150\" height=\"150\" src=\"https:\/\/www.viajamenorca.com\/wp-content\/uploads\/2010\/04\/IMG_2431-150x150.jpg\" class=\"attachment-thumbnail size-thumbnail\" alt=\"\" srcset=\"https:\/\/www.viajamenorca.com\/wp-content\/uploads\/2010\/04\/IMG_2431-150x150.jpg 150w, https:\/\/www.viajamenorca.com\/wp-content\/uploads\/2010\/04\/IMG_2431-250x250.jpg 250w, https:\/\/www.viajamenorca.com\/wp-content\/uploads\/2010\/04\/IMG_2431-125x125.jpg 125w, https:\/\/www.viajamenorca.com\/wp-content\/uploads\/2010\/04\/IMG_2431-110x110.jpg 110w, https:\/\/www.viajamenorca.com\/wp-content\/uploads\/2010\/04\/IMG_2431-420x420.jpg 420w\" sizes=\"(max-width: 150px) 100vw, 150px\" \/><\/a>\n\t\t\t<\/div><\/figure><figure class='gallery-item'>\n\t\t\t<div class='gallery-icon portrait'>\n\t\t\t\t<a href='https:\/\/www.viajamenorca.com\/wp-content\/uploads\/2010\/04\/IMG_24388.jpg'><img decoding=\"async\" width=\"150\" height=\"150\" src=\"https:\/\/www.viajamenorca.com\/wp-content\/uploads\/2010\/04\/IMG_24388-150x150.jpg\" class=\"attachment-thumbnail size-thumbnail\" alt=\"\" srcset=\"https:\/\/www.viajamenorca.com\/wp-content\/uploads\/2010\/04\/IMG_24388-150x150.jpg 150w, https:\/\/www.viajamenorca.com\/wp-content\/uploads\/2010\/04\/IMG_24388-250x250.jpg 250w, https:\/\/www.viajamenorca.com\/wp-content\/uploads\/2010\/04\/IMG_24388-125x125.jpg 125w, https:\/\/www.viajamenorca.com\/wp-content\/uploads\/2010\/04\/IMG_24388-110x110.jpg 110w, https:\/\/www.viajamenorca.com\/wp-content\/uploads\/2010\/04\/IMG_24388-420x420.jpg 420w\" sizes=\"(max-width: 150px) 100vw, 150px\" \/><\/a>\n\t\t\t<\/div><\/figure><figure class='gallery-item'>\n\t\t\t<div class='gallery-icon portrait'>\n\t\t\t\t<a href='https:\/\/www.viajamenorca.com\/wp-content\/uploads\/2010\/04\/IMG_21455.jpg'><img decoding=\"async\" width=\"150\" height=\"150\" src=\"https:\/\/www.viajamenorca.com\/wp-content\/uploads\/2010\/04\/IMG_21455-150x150.jpg\" class=\"attachment-thumbnail size-thumbnail\" alt=\"\" srcset=\"https:\/\/www.viajamenorca.com\/wp-content\/uploads\/2010\/04\/IMG_21455-150x150.jpg 150w, https:\/\/www.viajamenorca.com\/wp-content\/uploads\/2010\/04\/IMG_21455-250x250.jpg 250w, https:\/\/www.viajamenorca.com\/wp-content\/uploads\/2010\/04\/IMG_21455-125x125.jpg 125w, https:\/\/www.viajamenorca.com\/wp-content\/uploads\/2010\/04\/IMG_21455-110x110.jpg 110w, https:\/\/www.viajamenorca.com\/wp-content\/uploads\/2010\/04\/IMG_21455-420x420.jpg 420w\" sizes=\"(max-width: 150px) 100vw, 150px\" \/><\/a>\n\t\t\t<\/div><\/figure><figure class='gallery-item'>\n\t\t\t<div class='gallery-icon landscape'>\n\t\t\t\t<a href='https:\/\/www.viajamenorca.com\/wp-content\/uploads\/2010\/04\/IMG_2191.jpg'><img decoding=\"async\" width=\"150\" height=\"150\" src=\"https:\/\/www.viajamenorca.com\/wp-content\/uploads\/2010\/04\/IMG_2191-150x150.jpg\" class=\"attachment-thumbnail size-thumbnail\" alt=\"\" srcset=\"https:\/\/www.viajamenorca.com\/wp-content\/uploads\/2010\/04\/IMG_2191-150x150.jpg 150w, https:\/\/www.viajamenorca.com\/wp-content\/uploads\/2010\/04\/IMG_2191-250x250.jpg 250w, https:\/\/www.viajamenorca.com\/wp-content\/uploads\/2010\/04\/IMG_2191-125x125.jpg 125w, https:\/\/www.viajamenorca.com\/wp-content\/uploads\/2010\/04\/IMG_2191-110x110.jpg 110w, https:\/\/www.viajamenorca.com\/wp-content\/uploads\/2010\/04\/IMG_2191-420x420.jpg 420w\" sizes=\"(max-width: 150px) 100vw, 150px\" \/><\/a>\n\t\t\t<\/div><\/figure><figure class='gallery-item'>\n\t\t\t<div class='gallery-icon portrait'>\n\t\t\t\t<a href='https:\/\/www.viajamenorca.com\/wp-content\/uploads\/2019\/03\/dscf2115-1.jpg'><img decoding=\"async\" width=\"150\" height=\"150\" src=\"https:\/\/www.viajamenorca.com\/wp-content\/uploads\/2019\/03\/dscf2115-1-150x150.jpg\" class=\"attachment-thumbnail size-thumbnail\" alt=\"\" srcset=\"https:\/\/www.viajamenorca.com\/wp-content\/uploads\/2019\/03\/dscf2115-1-150x150.jpg 150w, https:\/\/www.viajamenorca.com\/wp-content\/uploads\/2019\/03\/dscf2115-1-250x250.jpg 250w, https:\/\/www.viajamenorca.com\/wp-content\/uploads\/2019\/03\/dscf2115-1-125x125.jpg 125w, https:\/\/www.viajamenorca.com\/wp-content\/uploads\/2019\/03\/dscf2115-1-110x110.jpg 110w, https:\/\/www.viajamenorca.com\/wp-content\/uploads\/2019\/03\/dscf2115-1-420x420.jpg 420w\" sizes=\"(max-width: 150px) 100vw, 150px\" \/><\/a>\n\t\t\t<\/div><\/figure><figure class='gallery-item'>\n\t\t\t<div class='gallery-icon portrait'>\n\t\t\t\t<a href='https:\/\/www.viajamenorca.com\/wp-content\/uploads\/2017\/02\/Ciudadela-4.jpg'><img decoding=\"async\" width=\"150\" height=\"150\" src=\"https:\/\/www.viajamenorca.com\/wp-content\/uploads\/2017\/02\/Ciudadela-4-150x150.jpg\" class=\"attachment-thumbnail size-thumbnail\" alt=\"Chevaux \u00e0 l&#039;int\u00e9rieur des maisons Citadelle\" srcset=\"https:\/\/www.viajamenorca.com\/wp-content\/uploads\/2017\/02\/Ciudadela-4-150x150.jpg 150w, https:\/\/www.viajamenorca.com\/wp-content\/uploads\/2017\/02\/Ciudadela-4-250x250.jpg 250w, https:\/\/www.viajamenorca.com\/wp-content\/uploads\/2017\/02\/Ciudadela-4-125x125.jpg 125w, https:\/\/www.viajamenorca.com\/wp-content\/uploads\/2017\/02\/Ciudadela-4-110x110.jpg 110w, https:\/\/www.viajamenorca.com\/wp-content\/uploads\/2017\/02\/Ciudadela-4-420x420.jpg 420w\" sizes=\"(max-width: 150px) 100vw, 150px\" \/><\/a>\n\t\t\t<\/div><\/figure><figure class='gallery-item'>\n\t\t\t<div class='gallery-icon landscape'>\n\t\t\t\t<a href='https:\/\/www.viajamenorca.com\/wp-content\/uploads\/2017\/02\/Ciudadela-13.jpg'><img decoding=\"async\" width=\"150\" height=\"150\" src=\"https:\/\/www.viajamenorca.com\/wp-content\/uploads\/2017\/02\/Ciudadela-13-150x150.jpg\" class=\"attachment-thumbnail size-thumbnail\" alt=\"\" srcset=\"https:\/\/www.viajamenorca.com\/wp-content\/uploads\/2017\/02\/Ciudadela-13-150x150.jpg 150w, https:\/\/www.viajamenorca.com\/wp-content\/uploads\/2017\/02\/Ciudadela-13-250x250.jpg 250w, https:\/\/www.viajamenorca.com\/wp-content\/uploads\/2017\/02\/Ciudadela-13-125x125.jpg 125w, https:\/\/www.viajamenorca.com\/wp-content\/uploads\/2017\/02\/Ciudadela-13-110x110.jpg 110w, https:\/\/www.viajamenorca.com\/wp-content\/uploads\/2017\/02\/Ciudadela-13-420x420.jpg 420w\" sizes=\"(max-width: 150px) 100vw, 150px\" \/><\/a>\n\t\t\t<\/div><\/figure><figure class='gallery-item'>\n\t\t\t<div class='gallery-icon landscape'>\n\t\t\t\t<a href='https:\/\/www.viajamenorca.com\/wp-content\/uploads\/2019\/03\/1-1.jpg'><img decoding=\"async\" width=\"150\" height=\"150\" src=\"https:\/\/www.viajamenorca.com\/wp-content\/uploads\/2019\/03\/1-1-150x150.jpg\" class=\"attachment-thumbnail size-thumbnail\" alt=\"\" srcset=\"https:\/\/www.viajamenorca.com\/wp-content\/uploads\/2019\/03\/1-1-150x150.jpg 150w, https:\/\/www.viajamenorca.com\/wp-content\/uploads\/2019\/03\/1-1-250x250.jpg 250w, https:\/\/www.viajamenorca.com\/wp-content\/uploads\/2019\/03\/1-1-125x125.jpg 125w, https:\/\/www.viajamenorca.com\/wp-content\/uploads\/2019\/03\/1-1-110x110.jpg 110w\" sizes=\"(max-width: 150px) 100vw, 150px\" \/><\/a>\n\t\t\t<\/div><\/figure><figure class='gallery-item'>\n\t\t\t<div class='gallery-icon landscape'>\n\t\t\t\t<a href='https:\/\/www.viajamenorca.com\/wp-content\/uploads\/2010\/04\/img_2964.jpg'><img decoding=\"async\" width=\"150\" height=\"150\" src=\"https:\/\/www.viajamenorca.com\/wp-content\/uploads\/2010\/04\/img_2964-150x150.jpg\" class=\"attachment-thumbnail size-thumbnail\" alt=\"\" srcset=\"https:\/\/www.viajamenorca.com\/wp-content\/uploads\/2010\/04\/img_2964-150x150.jpg 150w, https:\/\/www.viajamenorca.com\/wp-content\/uploads\/2010\/04\/img_2964-250x250.jpg 250w, https:\/\/www.viajamenorca.com\/wp-content\/uploads\/2010\/04\/img_2964-125x125.jpg 125w, https:\/\/www.viajamenorca.com\/wp-content\/uploads\/2010\/04\/img_2964-110x110.jpg 110w, https:\/\/www.viajamenorca.com\/wp-content\/uploads\/2010\/04\/img_2964-420x420.jpg 420w\" sizes=\"(max-width: 150px) 100vw, 150px\" \/><\/a>\n\t\t\t<\/div><\/figure><figure class='gallery-item'>\n\t\t\t<div class='gallery-icon landscape'>\n\t\t\t\t<a href='https:\/\/www.viajamenorca.com\/wp-content\/uploads\/2010\/04\/img_2993.jpg'><img decoding=\"async\" width=\"150\" height=\"150\" src=\"https:\/\/www.viajamenorca.com\/wp-content\/uploads\/2010\/04\/img_2993-150x150.jpg\" class=\"attachment-thumbnail size-thumbnail\" alt=\"\" srcset=\"https:\/\/www.viajamenorca.com\/wp-content\/uploads\/2010\/04\/img_2993-150x150.jpg 150w, https:\/\/www.viajamenorca.com\/wp-content\/uploads\/2010\/04\/img_2993-250x250.jpg 250w, https:\/\/www.viajamenorca.com\/wp-content\/uploads\/2010\/04\/img_2993-125x125.jpg 125w, https:\/\/www.viajamenorca.com\/wp-content\/uploads\/2010\/04\/img_2993-110x110.jpg 110w, https:\/\/www.viajamenorca.com\/wp-content\/uploads\/2010\/04\/img_2993-420x420.jpg 420w\" sizes=\"(max-width: 150px) 100vw, 150px\" \/><\/a>\n\t\t\t<\/div><\/figure><figure class='gallery-item'>\n\t\t\t<div class='gallery-icon portrait'>\n\t\t\t\t<a href='https:\/\/www.viajamenorca.com\/wp-content\/uploads\/2010\/04\/sant-marti_resize.jpg'><img decoding=\"async\" width=\"150\" height=\"150\" src=\"https:\/\/www.viajamenorca.com\/wp-content\/uploads\/2010\/04\/sant-marti_resize-150x150.jpg\" class=\"attachment-thumbnail size-thumbnail\" alt=\"\" srcset=\"https:\/\/www.viajamenorca.com\/wp-content\/uploads\/2010\/04\/sant-marti_resize-150x150.jpg 150w, https:\/\/www.viajamenorca.com\/wp-content\/uploads\/2010\/04\/sant-marti_resize-250x250.jpg 250w, https:\/\/www.viajamenorca.com\/wp-content\/uploads\/2010\/04\/sant-marti_resize-125x125.jpg 125w, https:\/\/www.viajamenorca.com\/wp-content\/uploads\/2010\/04\/sant-marti_resize-110x110.jpg 110w\" sizes=\"(max-width: 150px) 100vw, 150px\" \/><\/a>\n\t\t\t<\/div><\/figure><figure class='gallery-item'>\n\t\t\t<div class='gallery-icon portrait'>\n\t\t\t\t<a href='https:\/\/www.viajamenorca.com\/wp-content\/uploads\/2010\/04\/img_3302.jpg'><img decoding=\"async\" width=\"150\" height=\"150\" src=\"https:\/\/www.viajamenorca.com\/wp-content\/uploads\/2010\/04\/img_3302-150x150.jpg\" class=\"attachment-thumbnail size-thumbnail\" alt=\"\" srcset=\"https:\/\/www.viajamenorca.com\/wp-content\/uploads\/2010\/04\/img_3302-150x150.jpg 150w, https:\/\/www.viajamenorca.com\/wp-content\/uploads\/2010\/04\/img_3302-250x250.jpg 250w, https:\/\/www.viajamenorca.com\/wp-content\/uploads\/2010\/04\/img_3302-125x125.jpg 125w, https:\/\/www.viajamenorca.com\/wp-content\/uploads\/2010\/04\/img_3302-110x110.jpg 110w, https:\/\/www.viajamenorca.com\/wp-content\/uploads\/2010\/04\/img_3302-420x420.jpg 420w, https:\/\/www.viajamenorca.com\/wp-content\/uploads\/2010\/04\/img_3302-426x430.jpg 426w\" sizes=\"(max-width: 150px) 100vw, 150px\" \/><\/a>\n\t\t\t<\/div><\/figure><figure class='gallery-item'>\n\t\t\t<div class='gallery-icon landscape'>\n\t\t\t\t<a href='https:\/\/www.viajamenorca.com\/wp-content\/uploads\/2010\/04\/img_3330.jpg'><img decoding=\"async\" width=\"150\" height=\"150\" src=\"https:\/\/www.viajamenorca.com\/wp-content\/uploads\/2010\/04\/img_3330-150x150.jpg\" class=\"attachment-thumbnail size-thumbnail\" alt=\"\" srcset=\"https:\/\/www.viajamenorca.com\/wp-content\/uploads\/2010\/04\/img_3330-150x150.jpg 150w, https:\/\/www.viajamenorca.com\/wp-content\/uploads\/2010\/04\/img_3330-250x250.jpg 250w, https:\/\/www.viajamenorca.com\/wp-content\/uploads\/2010\/04\/img_3330-125x125.jpg 125w, https:\/\/www.viajamenorca.com\/wp-content\/uploads\/2010\/04\/img_3330-110x110.jpg 110w, https:\/\/www.viajamenorca.com\/wp-content\/uploads\/2010\/04\/img_3330-420x420.jpg 420w\" sizes=\"(max-width: 150px) 100vw, 150px\" \/><\/a>\n\t\t\t<\/div><\/figure><figure class='gallery-item'>\n\t\t\t<div class='gallery-icon landscape'>\n\t\t\t\t<a href='https:\/\/www.viajamenorca.com\/wp-content\/uploads\/2019\/03\/25.jpg'><img decoding=\"async\" width=\"150\" height=\"150\" src=\"https:\/\/www.viajamenorca.com\/wp-content\/uploads\/2019\/03\/25-150x150.jpg\" class=\"attachment-thumbnail size-thumbnail\" alt=\"\" srcset=\"https:\/\/www.viajamenorca.com\/wp-content\/uploads\/2019\/03\/25-150x150.jpg 150w, https:\/\/www.viajamenorca.com\/wp-content\/uploads\/2019\/03\/25-300x300.jpg 300w, https:\/\/www.viajamenorca.com\/wp-content\/uploads\/2019\/03\/25-250x250.jpg 250w, https:\/\/www.viajamenorca.com\/wp-content\/uploads\/2019\/03\/25-125x125.jpg 125w, https:\/\/www.viajamenorca.com\/wp-content\/uploads\/2019\/03\/25-110x110.jpg 110w, https:\/\/www.viajamenorca.com\/wp-content\/uploads\/2019\/03\/25-420x420.jpg 420w, https:\/\/www.viajamenorca.com\/wp-content\/uploads\/2019\/03\/25-430x430.jpg 430w, https:\/\/www.viajamenorca.com\/wp-content\/uploads\/2019\/03\/25.jpg 512w\" sizes=\"(max-width: 150px) 100vw, 150px\" \/><\/a>\n\t\t\t<\/div><\/figure><figure class='gallery-item'>\n\t\t\t<div class='gallery-icon landscape'>\n\t\t\t\t<a href='https:\/\/www.viajamenorca.com\/wp-content\/uploads\/2010\/04\/MG_0267.jpg'><img decoding=\"async\" width=\"150\" height=\"150\" src=\"https:\/\/www.viajamenorca.com\/wp-content\/uploads\/2010\/04\/MG_0267-150x150.jpg\" class=\"attachment-thumbnail size-thumbnail\" alt=\"\" srcset=\"https:\/\/www.viajamenorca.com\/wp-content\/uploads\/2010\/04\/MG_0267-150x150.jpg 150w, https:\/\/www.viajamenorca.com\/wp-content\/uploads\/2010\/04\/MG_0267-250x250.jpg 250w, https:\/\/www.viajamenorca.com\/wp-content\/uploads\/2010\/04\/MG_0267-125x125.jpg 125w, https:\/\/www.viajamenorca.com\/wp-content\/uploads\/2010\/04\/MG_0267-110x110.jpg 110w, https:\/\/www.viajamenorca.com\/wp-content\/uploads\/2010\/04\/MG_0267-420x419.jpg 420w\" sizes=\"(max-width: 150px) 100vw, 150px\" \/><\/a>\n\t\t\t<\/div><\/figure><figure class='gallery-item'>\n\t\t\t<div class='gallery-icon landscape'>\n\t\t\t\t<a href='https:\/\/www.viajamenorca.com\/wp-content\/uploads\/2010\/04\/MG_0295.jpg'><img decoding=\"async\" width=\"150\" height=\"150\" src=\"https:\/\/www.viajamenorca.com\/wp-content\/uploads\/2010\/04\/MG_0295-150x150.jpg\" class=\"attachment-thumbnail size-thumbnail\" alt=\"\" srcset=\"https:\/\/www.viajamenorca.com\/wp-content\/uploads\/2010\/04\/MG_0295-150x150.jpg 150w, https:\/\/www.viajamenorca.com\/wp-content\/uploads\/2010\/04\/MG_0295-250x250.jpg 250w, https:\/\/www.viajamenorca.com\/wp-content\/uploads\/2010\/04\/MG_0295-125x125.jpg 125w, https:\/\/www.viajamenorca.com\/wp-content\/uploads\/2010\/04\/MG_0295-110x110.jpg 110w, https:\/\/www.viajamenorca.com\/wp-content\/uploads\/2010\/04\/MG_0295-420x420.jpg 420w\" sizes=\"(max-width: 150px) 100vw, 150px\" \/><\/a>\n\t\t\t<\/div><\/figure><figure class='gallery-item'>\n\t\t\t<div class='gallery-icon landscape'>\n\t\t\t\t<a href='https:\/\/www.viajamenorca.com\/wp-content\/uploads\/2010\/04\/MG_0254.jpg'><img decoding=\"async\" width=\"150\" height=\"150\" src=\"https:\/\/www.viajamenorca.com\/wp-content\/uploads\/2010\/04\/MG_0254-150x150.jpg\" class=\"attachment-thumbnail size-thumbnail\" alt=\"\" srcset=\"https:\/\/www.viajamenorca.com\/wp-content\/uploads\/2010\/04\/MG_0254-150x150.jpg 150w, https:\/\/www.viajamenorca.com\/wp-content\/uploads\/2010\/04\/MG_0254-250x250.jpg 250w, https:\/\/www.viajamenorca.com\/wp-content\/uploads\/2010\/04\/MG_0254-125x125.jpg 125w, https:\/\/www.viajamenorca.com\/wp-content\/uploads\/2010\/04\/MG_0254-110x110.jpg 110w\" sizes=\"(max-width: 150px) 100vw, 150px\" \/><\/a>\n\t\t\t<\/div><\/figure><figure class='gallery-item'>\n\t\t\t<div class='gallery-icon portrait'>\n\t\t\t\t<a href='https:\/\/www.viajamenorca.com\/wp-content\/uploads\/2017\/02\/Alayor-1-1.jpg'><img decoding=\"async\" width=\"150\" height=\"150\" src=\"https:\/\/www.viajamenorca.com\/wp-content\/uploads\/2017\/02\/Alayor-1-1-150x150.jpg\" class=\"attachment-thumbnail size-thumbnail\" alt=\"\" srcset=\"https:\/\/www.viajamenorca.com\/wp-content\/uploads\/2017\/02\/Alayor-1-1-150x150.jpg 150w, https:\/\/www.viajamenorca.com\/wp-content\/uploads\/2017\/02\/Alayor-1-1-250x250.jpg 250w, https:\/\/www.viajamenorca.com\/wp-content\/uploads\/2017\/02\/Alayor-1-1-125x125.jpg 125w, https:\/\/www.viajamenorca.com\/wp-content\/uploads\/2017\/02\/Alayor-1-1-110x110.jpg 110w\" sizes=\"(max-width: 150px) 100vw, 150px\" \/><\/a>\n\t\t\t<\/div><\/figure><figure class='gallery-item'>\n\t\t\t<div class='gallery-icon landscape'>\n\t\t\t\t<a href='https:\/\/www.viajamenorca.com\/wp-content\/uploads\/2010\/04\/IMG_0233.jpg'><img decoding=\"async\" width=\"150\" height=\"150\" src=\"https:\/\/www.viajamenorca.com\/wp-content\/uploads\/2010\/04\/IMG_0233-150x150.jpg\" class=\"attachment-thumbnail size-thumbnail\" alt=\"\" srcset=\"https:\/\/www.viajamenorca.com\/wp-content\/uploads\/2010\/04\/IMG_0233-150x150.jpg 150w, https:\/\/www.viajamenorca.com\/wp-content\/uploads\/2010\/04\/IMG_0233-250x250.jpg 250w, https:\/\/www.viajamenorca.com\/wp-content\/uploads\/2010\/04\/IMG_0233-125x125.jpg 125w, https:\/\/www.viajamenorca.com\/wp-content\/uploads\/2010\/04\/IMG_0233-110x110.jpg 110w, https:\/\/www.viajamenorca.com\/wp-content\/uploads\/2010\/04\/IMG_0233-420x420.jpg 420w\" sizes=\"(max-width: 150px) 100vw, 150px\" \/><\/a>\n\t\t\t<\/div><\/figure><figure class='gallery-item'>\n\t\t\t<div class='gallery-icon portrait'>\n\t\t\t\t<a href='https:\/\/www.viajamenorca.com\/wp-content\/uploads\/2010\/04\/MG_0616.jpg'><img decoding=\"async\" width=\"150\" height=\"150\" src=\"https:\/\/www.viajamenorca.com\/wp-content\/uploads\/2010\/04\/MG_0616-150x150.jpg\" class=\"attachment-thumbnail size-thumbnail\" alt=\"Festes de Menorca\" srcset=\"https:\/\/www.viajamenorca.com\/wp-content\/uploads\/2010\/04\/MG_0616-150x150.jpg 150w, https:\/\/www.viajamenorca.com\/wp-content\/uploads\/2010\/04\/MG_0616-250x250.jpg 250w, https:\/\/www.viajamenorca.com\/wp-content\/uploads\/2010\/04\/MG_0616-125x125.jpg 125w, https:\/\/www.viajamenorca.com\/wp-content\/uploads\/2010\/04\/MG_0616-110x110.jpg 110w, https:\/\/www.viajamenorca.com\/wp-content\/uploads\/2010\/04\/MG_0616-420x420.jpg 420w\" sizes=\"(max-width: 150px) 100vw, 150px\" \/><\/a>\n\t\t\t<\/div><\/figure><figure class='gallery-item'>\n\t\t\t<div class='gallery-icon portrait'>\n\t\t\t\t<a href='https:\/\/www.viajamenorca.com\/wp-content\/uploads\/2010\/04\/IMG_0585.jpg'><img decoding=\"async\" width=\"150\" height=\"150\" src=\"https:\/\/www.viajamenorca.com\/wp-content\/uploads\/2010\/04\/IMG_0585-150x150.jpg\" class=\"attachment-thumbnail size-thumbnail\" alt=\"\" srcset=\"https:\/\/www.viajamenorca.com\/wp-content\/uploads\/2010\/04\/IMG_0585-150x150.jpg 150w, https:\/\/www.viajamenorca.com\/wp-content\/uploads\/2010\/04\/IMG_0585-250x250.jpg 250w, https:\/\/www.viajamenorca.com\/wp-content\/uploads\/2010\/04\/IMG_0585-125x125.jpg 125w, https:\/\/www.viajamenorca.com\/wp-content\/uploads\/2010\/04\/IMG_0585-110x110.jpg 110w, https:\/\/www.viajamenorca.com\/wp-content\/uploads\/2010\/04\/IMG_0585-420x420.jpg 420w\" sizes=\"(max-width: 150px) 100vw, 150px\" \/><\/a>\n\t\t\t<\/div><\/figure><figure class='gallery-item'>\n\t\t\t<div class='gallery-icon portrait'>\n\t\t\t\t<a href='https:\/\/www.viajamenorca.com\/wp-content\/uploads\/2010\/04\/IMG_0594.jpg'><img decoding=\"async\" width=\"150\" height=\"150\" src=\"https:\/\/www.viajamenorca.com\/wp-content\/uploads\/2010\/04\/IMG_0594-150x150.jpg\" class=\"attachment-thumbnail size-thumbnail\" alt=\"\" srcset=\"https:\/\/www.viajamenorca.com\/wp-content\/uploads\/2010\/04\/IMG_0594-150x150.jpg 150w, https:\/\/www.viajamenorca.com\/wp-content\/uploads\/2010\/04\/IMG_0594-250x250.jpg 250w, https:\/\/www.viajamenorca.com\/wp-content\/uploads\/2010\/04\/IMG_0594-125x125.jpg 125w, https:\/\/www.viajamenorca.com\/wp-content\/uploads\/2010\/04\/IMG_0594-110x110.jpg 110w, https:\/\/www.viajamenorca.com\/wp-content\/uploads\/2010\/04\/IMG_0594-420x420.jpg 420w\" sizes=\"(max-width: 150px) 100vw, 150px\" \/><\/a>\n\t\t\t<\/div><\/figure><figure class='gallery-item'>\n\t\t\t<div class='gallery-icon portrait'>\n\t\t\t\t<a href='https:\/\/www.viajamenorca.com\/wp-content\/uploads\/2010\/04\/IMG_0559.jpg'><img decoding=\"async\" width=\"150\" height=\"150\" src=\"https:\/\/www.viajamenorca.com\/wp-content\/uploads\/2010\/04\/IMG_0559-150x150.jpg\" class=\"attachment-thumbnail size-thumbnail\" alt=\"\" srcset=\"https:\/\/www.viajamenorca.com\/wp-content\/uploads\/2010\/04\/IMG_0559-150x150.jpg 150w, https:\/\/www.viajamenorca.com\/wp-content\/uploads\/2010\/04\/IMG_0559-250x250.jpg 250w, https:\/\/www.viajamenorca.com\/wp-content\/uploads\/2010\/04\/IMG_0559-125x125.jpg 125w, https:\/\/www.viajamenorca.com\/wp-content\/uploads\/2010\/04\/IMG_0559-110x110.jpg 110w, https:\/\/www.viajamenorca.com\/wp-content\/uploads\/2010\/04\/IMG_0559-420x420.jpg 420w\" sizes=\"(max-width: 150px) 100vw, 150px\" \/><\/a>\n\t\t\t<\/div><\/figure><figure class='gallery-item'>\n\t\t\t<div class='gallery-icon portrait'>\n\t\t\t\t<a href='https:\/\/www.viajamenorca.com\/wp-content\/uploads\/2010\/04\/IMG_0593.jpg'><img decoding=\"async\" width=\"150\" height=\"150\" src=\"https:\/\/www.viajamenorca.com\/wp-content\/uploads\/2010\/04\/IMG_0593-150x150.jpg\" class=\"attachment-thumbnail size-thumbnail\" alt=\"\" srcset=\"https:\/\/www.viajamenorca.com\/wp-content\/uploads\/2010\/04\/IMG_0593-150x150.jpg 150w, https:\/\/www.viajamenorca.com\/wp-content\/uploads\/2010\/04\/IMG_0593-250x250.jpg 250w, https:\/\/www.viajamenorca.com\/wp-content\/uploads\/2010\/04\/IMG_0593-125x125.jpg 125w, https:\/\/www.viajamenorca.com\/wp-content\/uploads\/2010\/04\/IMG_0593-110x110.jpg 110w, https:\/\/www.viajamenorca.com\/wp-content\/uploads\/2010\/04\/IMG_0593-420x420.jpg 420w\" sizes=\"(max-width: 150px) 100vw, 150px\" \/><\/a>\n\t\t\t<\/div><\/figure><figure class='gallery-item'>\n\t\t\t<div class='gallery-icon portrait'>\n\t\t\t\t<a href='https:\/\/www.viajamenorca.com\/wp-content\/uploads\/2019\/03\/MG_0976.jpg'><img decoding=\"async\" width=\"150\" height=\"150\" src=\"https:\/\/www.viajamenorca.com\/wp-content\/uploads\/2019\/03\/MG_0976-150x150.jpg\" class=\"attachment-thumbnail size-thumbnail\" alt=\"\" srcset=\"https:\/\/www.viajamenorca.com\/wp-content\/uploads\/2019\/03\/MG_0976-150x150.jpg 150w, https:\/\/www.viajamenorca.com\/wp-content\/uploads\/2019\/03\/MG_0976-250x250.jpg 250w, https:\/\/www.viajamenorca.com\/wp-content\/uploads\/2019\/03\/MG_0976-125x125.jpg 125w, https:\/\/www.viajamenorca.com\/wp-content\/uploads\/2019\/03\/MG_0976-110x110.jpg 110w, https:\/\/www.viajamenorca.com\/wp-content\/uploads\/2019\/03\/MG_0976-420x420.jpg 420w\" sizes=\"(max-width: 150px) 100vw, 150px\" \/><\/a>\n\t\t\t<\/div><\/figure><figure class='gallery-item'>\n\t\t\t<div class='gallery-icon landscape'>\n\t\t\t\t<a href='https:\/\/www.viajamenorca.com\/wp-content\/uploads\/2010\/04\/MG_1030.jpg'><img decoding=\"async\" width=\"150\" height=\"150\" src=\"https:\/\/www.viajamenorca.com\/wp-content\/uploads\/2010\/04\/MG_1030-150x150.jpg\" class=\"attachment-thumbnail size-thumbnail\" alt=\"\" srcset=\"https:\/\/www.viajamenorca.com\/wp-content\/uploads\/2010\/04\/MG_1030-150x150.jpg 150w, https:\/\/www.viajamenorca.com\/wp-content\/uploads\/2010\/04\/MG_1030-250x250.jpg 250w, https:\/\/www.viajamenorca.com\/wp-content\/uploads\/2010\/04\/MG_1030-125x125.jpg 125w, https:\/\/www.viajamenorca.com\/wp-content\/uploads\/2010\/04\/MG_1030-110x110.jpg 110w, https:\/\/www.viajamenorca.com\/wp-content\/uploads\/2010\/04\/MG_1030-420x420.jpg 420w\" sizes=\"(max-width: 150px) 100vw, 150px\" \/><\/a>\n\t\t\t<\/div><\/figure><figure class='gallery-item'>\n\t\t\t<div class='gallery-icon landscape'>\n\t\t\t\t<a href='https:\/\/www.viajamenorca.com\/wp-content\/uploads\/2019\/03\/1.jpg'><img decoding=\"async\" width=\"150\" height=\"150\" src=\"https:\/\/www.viajamenorca.com\/wp-content\/uploads\/2019\/03\/1-150x150.jpg\" class=\"attachment-thumbnail size-thumbnail\" alt=\"\" srcset=\"https:\/\/www.viajamenorca.com\/wp-content\/uploads\/2019\/03\/1-150x150.jpg 150w, https:\/\/www.viajamenorca.com\/wp-content\/uploads\/2019\/03\/1-250x250.jpg 250w, https:\/\/www.viajamenorca.com\/wp-content\/uploads\/2019\/03\/1-125x125.jpg 125w, https:\/\/www.viajamenorca.com\/wp-content\/uploads\/2019\/03\/1-110x110.jpg 110w, https:\/\/www.viajamenorca.com\/wp-content\/uploads\/2019\/03\/1-420x420.jpg 420w\" sizes=\"(max-width: 150px) 100vw, 150px\" \/><\/a>\n\t\t\t<\/div><\/figure><figure class='gallery-item'>\n\t\t\t<div class='gallery-icon portrait'>\n\t\t\t\t<a href='https:\/\/www.viajamenorca.com\/wp-content\/uploads\/2019\/03\/4.jpg'><img decoding=\"async\" width=\"150\" height=\"150\" src=\"https:\/\/www.viajamenorca.com\/wp-content\/uploads\/2019\/03\/4-150x150.jpg\" class=\"attachment-thumbnail size-thumbnail\" alt=\"\" srcset=\"https:\/\/www.viajamenorca.com\/wp-content\/uploads\/2019\/03\/4-150x150.jpg 150w, https:\/\/www.viajamenorca.com\/wp-content\/uploads\/2019\/03\/4-250x250.jpg 250w, https:\/\/www.viajamenorca.com\/wp-content\/uploads\/2019\/03\/4-125x125.jpg 125w, https:\/\/www.viajamenorca.com\/wp-content\/uploads\/2019\/03\/4-110x110.jpg 110w, https:\/\/www.viajamenorca.com\/wp-content\/uploads\/2019\/03\/4-420x420.jpg 420w\" sizes=\"(max-width: 150px) 100vw, 150px\" \/><\/a>\n\t\t\t<\/div><\/figure><figure class='gallery-item'>\n\t\t\t<div class='gallery-icon landscape'>\n\t\t\t\t<a href='https:\/\/www.viajamenorca.com\/wp-content\/uploads\/2019\/03\/101.jpg'><img decoding=\"async\" width=\"150\" height=\"150\" src=\"https:\/\/www.viajamenorca.com\/wp-content\/uploads\/2019\/03\/101-150x150.jpg\" class=\"attachment-thumbnail size-thumbnail\" alt=\"\" srcset=\"https:\/\/www.viajamenorca.com\/wp-content\/uploads\/2019\/03\/101-150x150.jpg 150w, https:\/\/www.viajamenorca.com\/wp-content\/uploads\/2019\/03\/101-250x250.jpg 250w, https:\/\/www.viajamenorca.com\/wp-content\/uploads\/2019\/03\/101-125x125.jpg 125w, https:\/\/www.viajamenorca.com\/wp-content\/uploads\/2019\/03\/101-110x110.jpg 110w, https:\/\/www.viajamenorca.com\/wp-content\/uploads\/2019\/03\/101-420x420.jpg 420w\" sizes=\"(max-width: 150px) 100vw, 150px\" \/><\/a>\n\t\t\t<\/div><\/figure><figure class='gallery-item'>\n\t\t\t<div class='gallery-icon portrait'>\n\t\t\t\t<a href='https:\/\/www.viajamenorca.com\/wp-content\/uploads\/2019\/03\/14.jpg'><img decoding=\"async\" width=\"150\" height=\"150\" src=\"https:\/\/www.viajamenorca.com\/wp-content\/uploads\/2019\/03\/14-150x150.jpg\" class=\"attachment-thumbnail size-thumbnail\" alt=\"\" srcset=\"https:\/\/www.viajamenorca.com\/wp-content\/uploads\/2019\/03\/14-150x150.jpg 150w, https:\/\/www.viajamenorca.com\/wp-content\/uploads\/2019\/03\/14-250x250.jpg 250w, https:\/\/www.viajamenorca.com\/wp-content\/uploads\/2019\/03\/14-125x125.jpg 125w, https:\/\/www.viajamenorca.com\/wp-content\/uploads\/2019\/03\/14-110x110.jpg 110w, https:\/\/www.viajamenorca.com\/wp-content\/uploads\/2019\/03\/14-420x420.jpg 420w\" sizes=\"(max-width: 150px) 100vw, 150px\" \/><\/a>\n\t\t\t<\/div><\/figure><figure class='gallery-item'>\n\t\t\t<div class='gallery-icon landscape'>\n\t\t\t\t<a href='https:\/\/www.viajamenorca.com\/wp-content\/uploads\/2019\/03\/17.jpg'><img decoding=\"async\" width=\"150\" height=\"150\" src=\"https:\/\/www.viajamenorca.com\/wp-content\/uploads\/2019\/03\/17-150x150.jpg\" class=\"attachment-thumbnail size-thumbnail\" alt=\"\" srcset=\"https:\/\/www.viajamenorca.com\/wp-content\/uploads\/2019\/03\/17-150x150.jpg 150w, https:\/\/www.viajamenorca.com\/wp-content\/uploads\/2019\/03\/17-250x250.jpg 250w, https:\/\/www.viajamenorca.com\/wp-content\/uploads\/2019\/03\/17-125x125.jpg 125w, https:\/\/www.viajamenorca.com\/wp-content\/uploads\/2019\/03\/17-110x110.jpg 110w, https:\/\/www.viajamenorca.com\/wp-content\/uploads\/2019\/03\/17-420x420.jpg 420w\" sizes=\"(max-width: 150px) 100vw, 150px\" \/><\/a>\n\t\t\t<\/div><\/figure><figure class='gallery-item'>\n\t\t\t<div class='gallery-icon portrait'>\n\t\t\t\t<a href='https:\/\/www.viajamenorca.com\/wp-content\/uploads\/2019\/03\/35.jpg'><img decoding=\"async\" width=\"150\" height=\"150\" src=\"https:\/\/www.viajamenorca.com\/wp-content\/uploads\/2019\/03\/35-150x150.jpg\" class=\"attachment-thumbnail size-thumbnail\" alt=\"\" srcset=\"https:\/\/www.viajamenorca.com\/wp-content\/uploads\/2019\/03\/35-150x150.jpg 150w, https:\/\/www.viajamenorca.com\/wp-content\/uploads\/2019\/03\/35-250x250.jpg 250w, https:\/\/www.viajamenorca.com\/wp-content\/uploads\/2019\/03\/35-125x125.jpg 125w, https:\/\/www.viajamenorca.com\/wp-content\/uploads\/2019\/03\/35-110x110.jpg 110w, https:\/\/www.viajamenorca.com\/wp-content\/uploads\/2019\/03\/35-420x420.jpg 420w\" sizes=\"(max-width: 150px) 100vw, 150px\" \/><\/a>\n\t\t\t<\/div><\/figure><figure class='gallery-item'>\n\t\t\t<div class='gallery-icon portrait'>\n\t\t\t\t<a href='https:\/\/www.viajamenorca.com\/wp-content\/uploads\/2019\/03\/41.jpg'><img decoding=\"async\" width=\"150\" height=\"150\" src=\"https:\/\/www.viajamenorca.com\/wp-content\/uploads\/2019\/03\/41-150x150.jpg\" class=\"attachment-thumbnail size-thumbnail\" alt=\"\" srcset=\"https:\/\/www.viajamenorca.com\/wp-content\/uploads\/2019\/03\/41-150x150.jpg 150w, https:\/\/www.viajamenorca.com\/wp-content\/uploads\/2019\/03\/41-250x250.jpg 250w, https:\/\/www.viajamenorca.com\/wp-content\/uploads\/2019\/03\/41-125x125.jpg 125w, https:\/\/www.viajamenorca.com\/wp-content\/uploads\/2019\/03\/41-110x110.jpg 110w, https:\/\/www.viajamenorca.com\/wp-content\/uploads\/2019\/03\/41-420x420.jpg 420w\" sizes=\"(max-width: 150px) 100vw, 150px\" \/><\/a>\n\t\t\t<\/div><\/figure><figure class='gallery-item'>\n\t\t\t<div class='gallery-icon landscape'>\n\t\t\t\t<a href='https:\/\/www.viajamenorca.com\/wp-content\/uploads\/2019\/03\/77.jpg'><img decoding=\"async\" width=\"150\" height=\"150\" src=\"https:\/\/www.viajamenorca.com\/wp-content\/uploads\/2019\/03\/77-150x150.jpg\" class=\"attachment-thumbnail size-thumbnail\" alt=\"\" srcset=\"https:\/\/www.viajamenorca.com\/wp-content\/uploads\/2019\/03\/77-150x150.jpg 150w, https:\/\/www.viajamenorca.com\/wp-content\/uploads\/2019\/03\/77-250x250.jpg 250w, https:\/\/www.viajamenorca.com\/wp-content\/uploads\/2019\/03\/77-125x125.jpg 125w, https:\/\/www.viajamenorca.com\/wp-content\/uploads\/2019\/03\/77-110x110.jpg 110w\" sizes=\"(max-width: 150px) 100vw, 150px\" \/><\/a>\n\t\t\t<\/div><\/figure><figure class='gallery-item'>\n\t\t\t<div class='gallery-icon landscape'>\n\t\t\t\t<a href='https:\/\/www.viajamenorca.com\/wp-content\/uploads\/2021\/06\/DSCF2494.jpg'><img decoding=\"async\" width=\"150\" height=\"150\" src=\"https:\/\/www.viajamenorca.com\/wp-content\/uploads\/2021\/06\/DSCF2494-150x150.jpg\" class=\"attachment-thumbnail size-thumbnail\" alt=\"\" \/><\/a>\n\t\t\t<\/div><\/figure><figure class='gallery-item'>\n\t\t\t<div class='gallery-icon landscape'>\n\t\t\t\t<a href='https:\/\/www.viajamenorca.com\/wp-content\/uploads\/2019\/02\/Fiestas_fornells-2-scaled.jpg'><img decoding=\"async\" width=\"150\" height=\"150\" src=\"https:\/\/www.viajamenorca.com\/wp-content\/uploads\/2019\/02\/Fiestas_fornells-2-150x150.jpg\" class=\"attachment-thumbnail size-thumbnail\" alt=\"\" \/><\/a>\n\t\t\t<\/div><\/figure><figure class='gallery-item'>\n\t\t\t<div class='gallery-icon portrait'>\n\t\t\t\t<a href='https:\/\/www.viajamenorca.com\/wp-content\/uploads\/2022\/07\/DSCF3020-1-scaled.jpg'><img decoding=\"async\" width=\"150\" height=\"150\" src=\"https:\/\/www.viajamenorca.com\/wp-content\/uploads\/2022\/07\/DSCF3020-1-150x150.jpg\" class=\"attachment-thumbnail size-thumbnail\" alt=\"Caballeros en la calle mayor de Fornells\" \/><\/a>\n\t\t\t<\/div><\/figure><figure class='gallery-item'>\n\t\t\t<div class='gallery-icon portrait'>\n\t\t\t\t<a href='https:\/\/www.viajamenorca.com\/wp-content\/uploads\/2022\/07\/DSCF2924.jpg'><img decoding=\"async\" width=\"150\" height=\"150\" src=\"https:\/\/www.viajamenorca.com\/wp-content\/uploads\/2022\/07\/DSCF2924-150x150.jpg\" class=\"attachment-thumbnail size-thumbnail\" alt=\"\" \/><\/a>\n\t\t\t<\/div><\/figure><figure class='gallery-item'>\n\t\t\t<div class='gallery-icon landscape'>\n\t\t\t\t<a href='https:\/\/www.viajamenorca.com\/wp-content\/uploads\/2010\/04\/DSCF2984.jpg'><img decoding=\"async\" width=\"150\" height=\"150\" src=\"https:\/\/www.viajamenorca.com\/wp-content\/uploads\/2010\/04\/DSCF2984-150x150.jpg\" class=\"attachment-thumbnail size-thumbnail\" alt=\"\" srcset=\"https:\/\/www.viajamenorca.com\/wp-content\/uploads\/2010\/04\/DSCF2984-150x150.jpg 150w, https:\/\/www.viajamenorca.com\/wp-content\/uploads\/2010\/04\/DSCF2984-250x250.jpg 250w, https:\/\/www.viajamenorca.com\/wp-content\/uploads\/2010\/04\/DSCF2984-125x125.jpg 125w, https:\/\/www.viajamenorca.com\/wp-content\/uploads\/2010\/04\/DSCF2984-110x110.jpg 110w, https:\/\/www.viajamenorca.com\/wp-content\/uploads\/2010\/04\/DSCF2984-420x420.jpg 420w\" sizes=\"(max-width: 150px) 100vw, 150px\" \/><\/a>\n\t\t\t<\/div><\/figure><figure class='gallery-item'>\n\t\t\t<div class='gallery-icon portrait'>\n\t\t\t\t<a href='https:\/\/www.viajamenorca.com\/wp-content\/uploads\/2022\/07\/DSCF2900-e1708101419192.jpg'><img decoding=\"async\" width=\"150\" height=\"150\" src=\"https:\/\/www.viajamenorca.com\/wp-content\/uploads\/2022\/07\/DSCF2900-e1708101419192-150x150.jpg\" class=\"attachment-thumbnail size-thumbnail\" alt=\"San Antonio, Fornells\" \/><\/a>\n\t\t\t<\/div><\/figure><figure class='gallery-item'>\n\t\t\t<div class='gallery-icon portrait'>\n\t\t\t\t<a href='https:\/\/www.viajamenorca.com\/wp-content\/uploads\/2010\/04\/DSCF3114.jpg'><img decoding=\"async\" width=\"150\" height=\"150\" src=\"https:\/\/www.viajamenorca.com\/wp-content\/uploads\/2010\/04\/DSCF3114-150x150.jpg\" class=\"attachment-thumbnail size-thumbnail\" alt=\"\" srcset=\"https:\/\/www.viajamenorca.com\/wp-content\/uploads\/2010\/04\/DSCF3114-150x150.jpg 150w, https:\/\/www.viajamenorca.com\/wp-content\/uploads\/2010\/04\/DSCF3114-250x250.jpg 250w, https:\/\/www.viajamenorca.com\/wp-content\/uploads\/2010\/04\/DSCF3114-125x125.jpg 125w, https:\/\/www.viajamenorca.com\/wp-content\/uploads\/2010\/04\/DSCF3114-110x110.jpg 110w, https:\/\/www.viajamenorca.com\/wp-content\/uploads\/2010\/04\/DSCF3114-420x420.jpg 420w\" sizes=\"(max-width: 150px) 100vw, 150px\" \/><\/a>\n\t\t\t<\/div><\/figure><figure class='gallery-item'>\n\t\t\t<div class='gallery-icon portrait'>\n\t\t\t\t<a href='https:\/\/www.viajamenorca.com\/wp-content\/uploads\/2017\/02\/Es_Migjorn-2.jpg'><img decoding=\"async\" width=\"150\" height=\"150\" src=\"https:\/\/www.viajamenorca.com\/wp-content\/uploads\/2017\/02\/Es_Migjorn-2-150x150.jpg\" class=\"attachment-thumbnail size-thumbnail\" alt=\"\" srcset=\"https:\/\/www.viajamenorca.com\/wp-content\/uploads\/2017\/02\/Es_Migjorn-2-150x150.jpg 150w, https:\/\/www.viajamenorca.com\/wp-content\/uploads\/2017\/02\/Es_Migjorn-2-250x250.jpg 250w, https:\/\/www.viajamenorca.com\/wp-content\/uploads\/2017\/02\/Es_Migjorn-2-125x125.jpg 125w, https:\/\/www.viajamenorca.com\/wp-content\/uploads\/2017\/02\/Es_Migjorn-2-110x110.jpg 110w, https:\/\/www.viajamenorca.com\/wp-content\/uploads\/2017\/02\/Es_Migjorn-2-420x420.jpg 420w\" sizes=\"(max-width: 150px) 100vw, 150px\" \/><\/a>\n\t\t\t<\/div><\/figure><figure class='gallery-item'>\n\t\t\t<div class='gallery-icon landscape'>\n\t\t\t\t<a href='https:\/\/www.viajamenorca.com\/wp-content\/uploads\/2010\/04\/sant-nicolau.jpg'><img decoding=\"async\" width=\"150\" height=\"150\" src=\"https:\/\/www.viajamenorca.com\/wp-content\/uploads\/2010\/04\/sant-nicolau-150x150.jpg\" class=\"attachment-thumbnail size-thumbnail\" alt=\"Fiestas Mercadal, Menorca\" srcset=\"https:\/\/www.viajamenorca.com\/wp-content\/uploads\/2010\/04\/sant-nicolau-150x150.jpg 150w, https:\/\/www.viajamenorca.com\/wp-content\/uploads\/2010\/04\/sant-nicolau-250x250.jpg 250w, https:\/\/www.viajamenorca.com\/wp-content\/uploads\/2010\/04\/sant-nicolau-125x125.jpg 125w, https:\/\/www.viajamenorca.com\/wp-content\/uploads\/2010\/04\/sant-nicolau-110x110.jpg 110w\" sizes=\"(max-width: 150px) 100vw, 150px\" \/><\/a>\n\t\t\t<\/div><\/figure><figure class='gallery-item'>\n\t\t\t<div class='gallery-icon landscape'>\n\t\t\t\t<a href='https:\/\/www.viajamenorca.com\/wp-content\/uploads\/2019\/03\/fiestasmenorca.jpg'><img decoding=\"async\" width=\"150\" height=\"150\" src=\"https:\/\/www.viajamenorca.com\/wp-content\/uploads\/2019\/03\/fiestasmenorca-150x150.jpg\" class=\"attachment-thumbnail size-thumbnail\" alt=\"\" \/><\/a>\n\t\t\t<\/div><\/figure>\n\t\t<\/div>\n\n\n\n<div style=\"text-align: center;\"><script>function loadScript(url, callback){var script=document.createElement('script'); script.type='text\/javascript'; if (script.readyState){script.onreadystatechange=function(){if (script.readyState=='loaded' || script.readyState=='complete'){script.onreadystatechange=null; callback();}};}else{script.onload=function(){callback();};}script.src=url; document.getElementsByTagName('head')[0].appendChild(script);}loadScript('https:\/\/cdn2.civitatis.com\/js\/vendor\/iframeResizer.min.js', function(){iFrameResize({checkOrigin:false,initCallback:function(iframe){setTimeout(function(){var resizeEvent = window.document.createEvent('UIEvents'); resizeEvent.initUIEvent('resize', true, false, window, 0); iframe.dispatchEvent(resizeEvent);});}})})<\/script><iframe class=\"civitatis-iframe\" style=\"max-width: 100%;\" src=\"https:\/\/www.civitatis.com\/widget-activities\/?affiliated=99960&amp;display=cosy&amp;cant=6&amp;lang=fr&amp;currency=EUR&amp;zone=492&amp;transfer=1&amp;cmp=Widget_Menorca_ES&amp;width=100%&amp;hideButton=0&amp;centerContent=1&amp;typeSelection=all&amp;color=1d5a8f&amp;typography=Montserrat&amp;removeBackground=1&amp;showShadow=1&amp;roundedButtons=1\" width=\"100%\" frameborder=\"0\" data-maxwidth=\"100%\"><\/iframe><\/div>\n\n\n\n<p>Photos des f\u00eates \u00e0 Minorque<\/p>\n","protected":false},"excerpt":{"rendered":"<p>Images des f\u00eates patronales de Minorque. Nous esp\u00e9rons qu&rsquo;elles vous plairont. Vous pouvez consulter le calendrier des f\u00eates de Minorque ici. Photos des f\u00eates \u00e0 Minorque<\/p>\n","protected":false},"author":1,"featured_media":53793,"comment_status":"closed","ping_status":"closed","sticky":false,"template":"","format":"standard","meta":{"_acf_changed":false,"footnotes":""},"categories":[1581,1869],"tags":[1610,3248,1704,2688,3250,3251,3158,3159,2558,2399,3160,3161,2176,3162],"class_list":["post-63566","post","type-post","status-publish","format-standard","has-post-thumbnail","hentry","category-guide-touristique","category-photos-et-videos","tag-calendrier","tag-fetes-minorque","tag-fetes-patronales","tag-les-partis","tag-patronales","tag-photo","tag-san-bartomeu","tag-san-jaime","tag-san-juan","tag-sant-antoni","tag-sant-jaume","tag-sant-llorenc","tag-sant-lluis","tag-sant-marti","resize-featured-image"],"acf":{"elige_un_tipo_de_actividad":"","buscar_por_zonas":""},"yoast_head":"<!-- This site is optimized with the Yoast SEO plugin v27.5 - https:\/\/yoast.com\/product\/yoast-seo-wordpress\/ -->\n<title>Photos des f\u00eates patronales de Minorque \ud83d\udcf7\ud83d\udc0e\ud83c\udf89<\/title>\n<meta name=\"description\" content=\"Images des f\u00eates patronales de Minorque. Nous esp\u00e9rons qu&#039;elles vous plairont. Vous pouvez consulter le calendrier des f\u00eates de Minorque ici.\" \/>\n<meta name=\"robots\" content=\"index, follow, max-snippet:-1, max-image-preview:large, max-video-preview:-1\" \/>\n<link rel=\"canonical\" href=\"https:\/\/www.viajamenorca.com\/fr\/guide-touristique\/photos-et-videos\/photos-fetes-patronales\/\" \/>\n<meta property=\"og:locale\" content=\"fr_FR\" \/>\n<meta property=\"og:type\" content=\"article\" \/>\n<meta property=\"og:title\" content=\"Photos des f\u00eates patronales de Minorque \ud83d\udcf7\ud83d\udc0e\ud83c\udf89\" \/>\n<meta property=\"og:description\" content=\"Images des f\u00eates patronales de Minorque. Nous esp\u00e9rons qu&#039;elles vous plairont. Vous pouvez consulter le calendrier des f\u00eates de Minorque ici.\" \/>\n<meta property=\"og:url\" content=\"https:\/\/www.viajamenorca.com\/fr\/guide-touristique\/photos-et-videos\/photos-fetes-patronales\/\" \/>\n<meta property=\"og:site_name\" content=\"Viaja a Menorca\" \/>\n<meta property=\"article:publisher\" content=\"https:\/\/www.facebook.com\/ViajaMenorca\/\" \/>\n<meta property=\"article:author\" content=\"https:\/\/www.facebook.com\/ViajaMenorca\/\" \/>\n<meta property=\"article:published_time\" content=\"2019-03-22T18:26:57+00:00\" \/>\n<meta property=\"article:modified_time\" content=\"2026-03-13T08:37:59+00:00\" \/>\n<meta property=\"og:image\" content=\"https:\/\/www.viajamenorca.com\/wp-content\/uploads\/2010\/04\/77.jpg\" \/>\n\t<meta property=\"og:image:width\" content=\"415\" \/>\n\t<meta property=\"og:image:height\" content=\"311\" \/>\n\t<meta property=\"og:image:type\" content=\"image\/jpeg\" \/>\n<meta name=\"author\" content=\"RVM\" \/>\n<meta name=\"twitter:card\" content=\"summary_large_image\" \/>\n<meta name=\"twitter:creator\" content=\"@ViajaMenorca\" \/>\n<meta name=\"twitter:site\" content=\"@ViajaMenorca\" \/>\n<meta name=\"twitter:label1\" content=\"\u00c9crit par\" \/>\n\t<meta name=\"twitter:data1\" content=\"RVM\" \/>\n\t<meta name=\"twitter:label2\" content=\"Dur\u00e9e de lecture estim\u00e9e\" \/>\n\t<meta name=\"twitter:data2\" content=\"1 minute\" \/>\n<script type=\"application\/ld+json\" class=\"yoast-schema-graph\">{\"@context\":\"https:\\\/\\\/schema.org\",\"@graph\":[{\"@type\":\"Article\",\"@id\":\"https:\\\/\\\/www.viajamenorca.com\\\/fr\\\/guide-touristique\\\/photos-et-videos\\\/photos-fetes-patronales\\\/#article\",\"isPartOf\":{\"@id\":\"https:\\\/\\\/www.viajamenorca.com\\\/fr\\\/guide-touristique\\\/photos-et-videos\\\/photos-fetes-patronales\\\/\"},\"author\":{\"name\":\"RVM\",\"@id\":\"https:\\\/\\\/www.viajamenorca.com\\\/fr\\\/#\\\/schema\\\/person\\\/a4a17bcf26fbf36b9726dc16edd0a3fc\"},\"headline\":\"Photos &#8211; F\u00eates patronales\",\"datePublished\":\"2019-03-22T18:26:57+00:00\",\"dateModified\":\"2026-03-13T08:37:59+00:00\",\"mainEntityOfPage\":{\"@id\":\"https:\\\/\\\/www.viajamenorca.com\\\/fr\\\/guide-touristique\\\/photos-et-videos\\\/photos-fetes-patronales\\\/\"},\"wordCount\":40,\"publisher\":{\"@id\":\"https:\\\/\\\/www.viajamenorca.com\\\/fr\\\/#organization\"},\"image\":{\"@id\":\"https:\\\/\\\/www.viajamenorca.com\\\/fr\\\/guide-touristique\\\/photos-et-videos\\\/photos-fetes-patronales\\\/#primaryimage\"},\"thumbnailUrl\":\"https:\\\/\\\/www.viajamenorca.com\\\/wp-content\\\/uploads\\\/2010\\\/04\\\/77.jpg\",\"keywords\":[\"Calendrier\",\"f\u00eates Minorque\",\"F\u00eates patronales\",\"Les partis\",\"patronales\",\"Photo\",\"San Bartomeu\",\"San Jaime\",\"San Juan\",\"Sant Antoni\",\"Sant Jaume\",\"Sant Lloren\u00e7\",\"Sant Lluis\",\"Sant Mart\u00ed\"],\"articleSection\":[\"Guide touristique\",\"Photos et vid\u00e9os\"],\"inLanguage\":\"fr-FR\"},{\"@type\":\"WebPage\",\"@id\":\"https:\\\/\\\/www.viajamenorca.com\\\/fr\\\/guide-touristique\\\/photos-et-videos\\\/photos-fetes-patronales\\\/\",\"url\":\"https:\\\/\\\/www.viajamenorca.com\\\/fr\\\/guide-touristique\\\/photos-et-videos\\\/photos-fetes-patronales\\\/\",\"name\":\"Photos des f\u00eates patronales de Minorque \ud83d\udcf7\ud83d\udc0e\ud83c\udf89\",\"isPartOf\":{\"@id\":\"https:\\\/\\\/www.viajamenorca.com\\\/fr\\\/#website\"},\"primaryImageOfPage\":{\"@id\":\"https:\\\/\\\/www.viajamenorca.com\\\/fr\\\/guide-touristique\\\/photos-et-videos\\\/photos-fetes-patronales\\\/#primaryimage\"},\"image\":{\"@id\":\"https:\\\/\\\/www.viajamenorca.com\\\/fr\\\/guide-touristique\\\/photos-et-videos\\\/photos-fetes-patronales\\\/#primaryimage\"},\"thumbnailUrl\":\"https:\\\/\\\/www.viajamenorca.com\\\/wp-content\\\/uploads\\\/2010\\\/04\\\/77.jpg\",\"datePublished\":\"2019-03-22T18:26:57+00:00\",\"dateModified\":\"2026-03-13T08:37:59+00:00\",\"description\":\"Images des f\u00eates patronales de Minorque. Nous esp\u00e9rons qu'elles vous plairont. Vous pouvez consulter le calendrier des f\u00eates de Minorque ici.\",\"breadcrumb\":{\"@id\":\"https:\\\/\\\/www.viajamenorca.com\\\/fr\\\/guide-touristique\\\/photos-et-videos\\\/photos-fetes-patronales\\\/#breadcrumb\"},\"inLanguage\":\"fr-FR\",\"potentialAction\":[{\"@type\":\"ReadAction\",\"target\":[\"https:\\\/\\\/www.viajamenorca.com\\\/fr\\\/guide-touristique\\\/photos-et-videos\\\/photos-fetes-patronales\\\/\"]}]},{\"@type\":\"ImageObject\",\"inLanguage\":\"fr-FR\",\"@id\":\"https:\\\/\\\/www.viajamenorca.com\\\/fr\\\/guide-touristique\\\/photos-et-videos\\\/photos-fetes-patronales\\\/#primaryimage\",\"url\":\"https:\\\/\\\/www.viajamenorca.com\\\/wp-content\\\/uploads\\\/2010\\\/04\\\/77.jpg\",\"contentUrl\":\"https:\\\/\\\/www.viajamenorca.com\\\/wp-content\\\/uploads\\\/2010\\\/04\\\/77.jpg\",\"width\":415,\"height\":311,\"caption\":\"Festes de Mercadal\"},{\"@type\":\"BreadcrumbList\",\"@id\":\"https:\\\/\\\/www.viajamenorca.com\\\/fr\\\/guide-touristique\\\/photos-et-videos\\\/photos-fetes-patronales\\\/#breadcrumb\",\"itemListElement\":[{\"@type\":\"ListItem\",\"position\":1,\"name\":\"Guide touristique\",\"item\":\"https:\\\/\\\/www.viajamenorca.com\\\/fr\\\/.\\\/guide-touristique\\\/\"},{\"@type\":\"ListItem\",\"position\":2,\"name\":\"Photos et vid\u00e9os\",\"item\":\"https:\\\/\\\/www.viajamenorca.com\\\/fr\\\/.\\\/guide-touristique\\\/photos-et-videos\\\/\"},{\"@type\":\"ListItem\",\"position\":3,\"name\":\"f\u00eates Minorque\"}]},{\"@type\":\"WebSite\",\"@id\":\"https:\\\/\\\/www.viajamenorca.com\\\/fr\\\/#website\",\"url\":\"https:\\\/\\\/www.viajamenorca.com\\\/fr\\\/\",\"name\":\"Viaja a Menorca\",\"description\":\"Votre aventure minorquine commence ici !\",\"publisher\":{\"@id\":\"https:\\\/\\\/www.viajamenorca.com\\\/fr\\\/#organization\"},\"alternateName\":\"Gu\u00eda tur\u00edstica de Menorca\",\"potentialAction\":[{\"@type\":\"SearchAction\",\"target\":{\"@type\":\"EntryPoint\",\"urlTemplate\":\"https:\\\/\\\/www.viajamenorca.com\\\/fr\\\/?s={search_term_string}\"},\"query-input\":{\"@type\":\"PropertyValueSpecification\",\"valueRequired\":true,\"valueName\":\"search_term_string\"}}],\"inLanguage\":\"fr-FR\"},{\"@type\":\"Organization\",\"@id\":\"https:\\\/\\\/www.viajamenorca.com\\\/fr\\\/#organization\",\"name\":\"Viaja a Menorca - Gu\u00eda tur\u00edstica\",\"alternateName\":\"Viaja a Menorca\",\"url\":\"https:\\\/\\\/www.viajamenorca.com\\\/fr\\\/\",\"logo\":{\"@type\":\"ImageObject\",\"inLanguage\":\"fr-FR\",\"@id\":\"https:\\\/\\\/www.viajamenorca.com\\\/fr\\\/#\\\/schema\\\/logo\\\/image\\\/\",\"url\":\"https:\\\/\\\/www.viajamenorca.com\\\/wp-content\\\/uploads\\\/2021\\\/11\\\/viajamenorca.jpg\",\"contentUrl\":\"https:\\\/\\\/www.viajamenorca.com\\\/wp-content\\\/uploads\\\/2021\\\/11\\\/viajamenorca.jpg\",\"width\":714,\"height\":714,\"caption\":\"Viaja a Menorca - Gu\u00eda tur\u00edstica\"},\"image\":{\"@id\":\"https:\\\/\\\/www.viajamenorca.com\\\/fr\\\/#\\\/schema\\\/logo\\\/image\\\/\"},\"sameAs\":[\"https:\\\/\\\/www.facebook.com\\\/ViajaMenorca\\\/\",\"https:\\\/\\\/x.com\\\/ViajaMenorca\",\"https:\\\/\\\/www.instagram.com\\\/viaja_menorca\\\/?hl=es\",\"https:\\\/\\\/www.youtube.com\\\/channel\\\/UCWtpR3jxp79HeZ8zZfHLhXw\"]},{\"@type\":\"Person\",\"@id\":\"https:\\\/\\\/www.viajamenorca.com\\\/fr\\\/#\\\/schema\\\/person\\\/a4a17bcf26fbf36b9726dc16edd0a3fc\",\"name\":\"RVM\",\"image\":{\"@type\":\"ImageObject\",\"inLanguage\":\"fr-FR\",\"@id\":\"https:\\\/\\\/www.viajamenorca.com\\\/wp-content\\\/litespeed\\\/avatar\\\/f92762d1538920c5ee7c40d8d2c84bc0.jpg?ver=1777343553\",\"url\":\"https:\\\/\\\/www.viajamenorca.com\\\/wp-content\\\/litespeed\\\/avatar\\\/f92762d1538920c5ee7c40d8d2c84bc0.jpg?ver=1777343553\",\"contentUrl\":\"https:\\\/\\\/www.viajamenorca.com\\\/wp-content\\\/litespeed\\\/avatar\\\/f92762d1538920c5ee7c40d8d2c84bc0.jpg?ver=1777343553\",\"caption\":\"RVM\"},\"description\":\"Guia turistica de Menorca creada por un menorquin amante de su tierra, espero que os guste.\",\"sameAs\":[\"http:\\\/\\\/www.viajamenorca.com\",\"https:\\\/\\\/www.facebook.com\\\/ViajaMenorca\\\/\",\"https:\\\/\\\/www.instagram.com\\\/viaja_menorca\\\/?hl=es\",\"https:\\\/\\\/x.com\\\/ViajaMenorca\",\"https:\\\/\\\/www.youtube.com\\\/c\\\/ViajamenorcaEs\",\"https:\\\/\\\/es.wikipedia.org\\\/wiki\\\/Menorca\"]}]}<\/script>\n<!-- \/ Yoast SEO plugin. -->","yoast_head_json":{"title":"Photos des f\u00eates patronales de Minorque \ud83d\udcf7\ud83d\udc0e\ud83c\udf89","description":"Images des f\u00eates patronales de Minorque. Nous esp\u00e9rons qu'elles vous plairont. Vous pouvez consulter le calendrier des f\u00eates de Minorque ici.","robots":{"index":"index","follow":"follow","max-snippet":"max-snippet:-1","max-image-preview":"max-image-preview:large","max-video-preview":"max-video-preview:-1"},"canonical":"https:\/\/www.viajamenorca.com\/fr\/guide-touristique\/photos-et-videos\/photos-fetes-patronales\/","og_locale":"fr_FR","og_type":"article","og_title":"Photos des f\u00eates patronales de Minorque \ud83d\udcf7\ud83d\udc0e\ud83c\udf89","og_description":"Images des f\u00eates patronales de Minorque. Nous esp\u00e9rons qu'elles vous plairont. Vous pouvez consulter le calendrier des f\u00eates de Minorque ici.","og_url":"https:\/\/www.viajamenorca.com\/fr\/guide-touristique\/photos-et-videos\/photos-fetes-patronales\/","og_site_name":"Viaja a Menorca","article_publisher":"https:\/\/www.facebook.com\/ViajaMenorca\/","article_author":"https:\/\/www.facebook.com\/ViajaMenorca\/","article_published_time":"2019-03-22T18:26:57+00:00","article_modified_time":"2026-03-13T08:37:59+00:00","og_image":[{"width":415,"height":311,"url":"https:\/\/www.viajamenorca.com\/wp-content\/uploads\/2010\/04\/77.jpg","type":"image\/jpeg"}],"author":"RVM","twitter_card":"summary_large_image","twitter_creator":"@ViajaMenorca","twitter_site":"@ViajaMenorca","twitter_misc":{"\u00c9crit par":"RVM","Dur\u00e9e de lecture estim\u00e9e":"1 minute"},"schema":{"@context":"https:\/\/schema.org","@graph":[{"@type":"Article","@id":"https:\/\/www.viajamenorca.com\/fr\/guide-touristique\/photos-et-videos\/photos-fetes-patronales\/#article","isPartOf":{"@id":"https:\/\/www.viajamenorca.com\/fr\/guide-touristique\/photos-et-videos\/photos-fetes-patronales\/"},"author":{"name":"RVM","@id":"https:\/\/www.viajamenorca.com\/fr\/#\/schema\/person\/a4a17bcf26fbf36b9726dc16edd0a3fc"},"headline":"Photos &#8211; F\u00eates patronales","datePublished":"2019-03-22T18:26:57+00:00","dateModified":"2026-03-13T08:37:59+00:00","mainEntityOfPage":{"@id":"https:\/\/www.viajamenorca.com\/fr\/guide-touristique\/photos-et-videos\/photos-fetes-patronales\/"},"wordCount":40,"publisher":{"@id":"https:\/\/www.viajamenorca.com\/fr\/#organization"},"image":{"@id":"https:\/\/www.viajamenorca.com\/fr\/guide-touristique\/photos-et-videos\/photos-fetes-patronales\/#primaryimage"},"thumbnailUrl":"https:\/\/www.viajamenorca.com\/wp-content\/uploads\/2010\/04\/77.jpg","keywords":["Calendrier","f\u00eates Minorque","F\u00eates patronales","Les partis","patronales","Photo","San Bartomeu","San Jaime","San Juan","Sant Antoni","Sant Jaume","Sant Lloren\u00e7","Sant Lluis","Sant Mart\u00ed"],"articleSection":["Guide touristique","Photos et vid\u00e9os"],"inLanguage":"fr-FR"},{"@type":"WebPage","@id":"https:\/\/www.viajamenorca.com\/fr\/guide-touristique\/photos-et-videos\/photos-fetes-patronales\/","url":"https:\/\/www.viajamenorca.com\/fr\/guide-touristique\/photos-et-videos\/photos-fetes-patronales\/","name":"Photos des f\u00eates patronales de Minorque \ud83d\udcf7\ud83d\udc0e\ud83c\udf89","isPartOf":{"@id":"https:\/\/www.viajamenorca.com\/fr\/#website"},"primaryImageOfPage":{"@id":"https:\/\/www.viajamenorca.com\/fr\/guide-touristique\/photos-et-videos\/photos-fetes-patronales\/#primaryimage"},"image":{"@id":"https:\/\/www.viajamenorca.com\/fr\/guide-touristique\/photos-et-videos\/photos-fetes-patronales\/#primaryimage"},"thumbnailUrl":"https:\/\/www.viajamenorca.com\/wp-content\/uploads\/2010\/04\/77.jpg","datePublished":"2019-03-22T18:26:57+00:00","dateModified":"2026-03-13T08:37:59+00:00","description":"Images des f\u00eates patronales de Minorque. Nous esp\u00e9rons qu'elles vous plairont. Vous pouvez consulter le calendrier des f\u00eates de Minorque ici.","breadcrumb":{"@id":"https:\/\/www.viajamenorca.com\/fr\/guide-touristique\/photos-et-videos\/photos-fetes-patronales\/#breadcrumb"},"inLanguage":"fr-FR","potentialAction":[{"@type":"ReadAction","target":["https:\/\/www.viajamenorca.com\/fr\/guide-touristique\/photos-et-videos\/photos-fetes-patronales\/"]}]},{"@type":"ImageObject","inLanguage":"fr-FR","@id":"https:\/\/www.viajamenorca.com\/fr\/guide-touristique\/photos-et-videos\/photos-fetes-patronales\/#primaryimage","url":"https:\/\/www.viajamenorca.com\/wp-content\/uploads\/2010\/04\/77.jpg","contentUrl":"https:\/\/www.viajamenorca.com\/wp-content\/uploads\/2010\/04\/77.jpg","width":415,"height":311,"caption":"Festes de Mercadal"},{"@type":"BreadcrumbList","@id":"https:\/\/www.viajamenorca.com\/fr\/guide-touristique\/photos-et-videos\/photos-fetes-patronales\/#breadcrumb","itemListElement":[{"@type":"ListItem","position":1,"name":"Guide touristique","item":"https:\/\/www.viajamenorca.com\/fr\/.\/guide-touristique\/"},{"@type":"ListItem","position":2,"name":"Photos et vid\u00e9os","item":"https:\/\/www.viajamenorca.com\/fr\/.\/guide-touristique\/photos-et-videos\/"},{"@type":"ListItem","position":3,"name":"f\u00eates Minorque"}]},{"@type":"WebSite","@id":"https:\/\/www.viajamenorca.com\/fr\/#website","url":"https:\/\/www.viajamenorca.com\/fr\/","name":"Viaja a Menorca","description":"Votre aventure minorquine commence ici !","publisher":{"@id":"https:\/\/www.viajamenorca.com\/fr\/#organization"},"alternateName":"Gu\u00eda tur\u00edstica de Menorca","potentialAction":[{"@type":"SearchAction","target":{"@type":"EntryPoint","urlTemplate":"https:\/\/www.viajamenorca.com\/fr\/?s={search_term_string}"},"query-input":{"@type":"PropertyValueSpecification","valueRequired":true,"valueName":"search_term_string"}}],"inLanguage":"fr-FR"},{"@type":"Organization","@id":"https:\/\/www.viajamenorca.com\/fr\/#organization","name":"Viaja a Menorca - Gu\u00eda tur\u00edstica","alternateName":"Viaja a Menorca","url":"https:\/\/www.viajamenorca.com\/fr\/","logo":{"@type":"ImageObject","inLanguage":"fr-FR","@id":"https:\/\/www.viajamenorca.com\/fr\/#\/schema\/logo\/image\/","url":"https:\/\/www.viajamenorca.com\/wp-content\/uploads\/2021\/11\/viajamenorca.jpg","contentUrl":"https:\/\/www.viajamenorca.com\/wp-content\/uploads\/2021\/11\/viajamenorca.jpg","width":714,"height":714,"caption":"Viaja a Menorca - Gu\u00eda tur\u00edstica"},"image":{"@id":"https:\/\/www.viajamenorca.com\/fr\/#\/schema\/logo\/image\/"},"sameAs":["https:\/\/www.facebook.com\/ViajaMenorca\/","https:\/\/x.com\/ViajaMenorca","https:\/\/www.instagram.com\/viaja_menorca\/?hl=es","https:\/\/www.youtube.com\/channel\/UCWtpR3jxp79HeZ8zZfHLhXw"]},{"@type":"Person","@id":"https:\/\/www.viajamenorca.com\/fr\/#\/schema\/person\/a4a17bcf26fbf36b9726dc16edd0a3fc","name":"RVM","image":{"@type":"ImageObject","inLanguage":"fr-FR","@id":"https:\/\/www.viajamenorca.com\/wp-content\/litespeed\/avatar\/f92762d1538920c5ee7c40d8d2c84bc0.jpg?ver=1777343553","url":"https:\/\/www.viajamenorca.com\/wp-content\/litespeed\/avatar\/f92762d1538920c5ee7c40d8d2c84bc0.jpg?ver=1777343553","contentUrl":"https:\/\/www.viajamenorca.com\/wp-content\/litespeed\/avatar\/f92762d1538920c5ee7c40d8d2c84bc0.jpg?ver=1777343553","caption":"RVM"},"description":"Guia turistica de Menorca creada por un menorquin amante de su tierra, espero que os guste.","sameAs":["http:\/\/www.viajamenorca.com","https:\/\/www.facebook.com\/ViajaMenorca\/","https:\/\/www.instagram.com\/viaja_menorca\/?hl=es","https:\/\/x.com\/ViajaMenorca","https:\/\/www.youtube.com\/c\/ViajamenorcaEs","https:\/\/es.wikipedia.org\/wiki\/Menorca"]}]}},"_links":{"self":[{"href":"https:\/\/www.viajamenorca.com\/fr\/wp-json\/wp\/v2\/posts\/63566","targetHints":{"allow":["GET"]}}],"collection":[{"href":"https:\/\/www.viajamenorca.com\/fr\/wp-json\/wp\/v2\/posts"}],"about":[{"href":"https:\/\/www.viajamenorca.com\/fr\/wp-json\/wp\/v2\/types\/post"}],"author":[{"embeddable":true,"href":"https:\/\/www.viajamenorca.com\/fr\/wp-json\/wp\/v2\/users\/1"}],"replies":[{"embeddable":true,"href":"https:\/\/www.viajamenorca.com\/fr\/wp-json\/wp\/v2\/comments?post=63566"}],"version-history":[{"count":2,"href":"https:\/\/www.viajamenorca.com\/fr\/wp-json\/wp\/v2\/posts\/63566\/revisions"}],"predecessor-version":[{"id":63688,"href":"https:\/\/www.viajamenorca.com\/fr\/wp-json\/wp\/v2\/posts\/63566\/revisions\/63688"}],"wp:featuredmedia":[{"embeddable":true,"href":"https:\/\/www.viajamenorca.com\/fr\/wp-json\/wp\/v2\/media\/53793"}],"wp:attachment":[{"href":"https:\/\/www.viajamenorca.com\/fr\/wp-json\/wp\/v2\/media?parent=63566"}],"wp:term":[{"taxonomy":"category","embeddable":true,"href":"https:\/\/www.viajamenorca.com\/fr\/wp-json\/wp\/v2\/categories?post=63566"},{"taxonomy":"post_tag","embeddable":true,"href":"https:\/\/www.viajamenorca.com\/fr\/wp-json\/wp\/v2\/tags?post=63566"}],"curies":[{"name":"wp","href":"https:\/\/api.w.org\/{rel}","templated":true}]}}