{"id":63570,"date":"2019-03-22T16:46:24","date_gmt":"2019-03-22T16:46:24","guid":{"rendered":"https:\/\/www.viajamenorca.com\/non-classe\/imagenes-panoramicas\/"},"modified":"2026-03-16T06:25:08","modified_gmt":"2026-03-16T06:25:08","slug":"imagenes-panoramicas","status":"publish","type":"post","link":"https:\/\/www.viajamenorca.com\/fr\/guide-touristique\/photos-et-videos\/imagenes-panoramicas\/","title":{"rendered":"Images panoramiques"},"content":{"rendered":"<h3><span style=\"font-size: 13pt;\">Photos panoramiques de paysages, de plages, de villages, d&rsquo;\u00e9glises et de monuments arch\u00e9ologiques de Minorque<\/span><\/h3>\n<div id='gallery-1' class='gallery galleryid-63570 gallery-columns-4 gallery-size-islemag_3_1_rectangle'><figure class='gallery-item'>\n\t\t\t<div class='gallery-icon landscape'>\n\t\t\t\t<a href='https:\/\/www.viajamenorca.com\/fr\/guide-touristique\/photos-et-videos\/imagenes-panoramicas\/attachment\/pano-23-2\/#main'><img decoding=\"async\" width=\"300\" height=\"100\" src=\"https:\/\/www.viajamenorca.com\/wp-content\/uploads\/2019\/03\/pano-23-300x100.jpg\" class=\"attachment-islemag_3_1_rectangle size-islemag_3_1_rectangle\" alt=\"\" \/><\/a>\n\t\t\t<\/div><\/figure><figure class='gallery-item'>\n\t\t\t<div class='gallery-icon landscape'>\n\t\t\t\t<a href='https:\/\/www.viajamenorca.com\/fr\/guide-touristique\/photos-et-videos\/imagenes-panoramicas\/attachment\/pano-24\/#main'><img decoding=\"async\" width=\"300\" height=\"100\" src=\"https:\/\/www.viajamenorca.com\/wp-content\/uploads\/2019\/03\/pano-24-300x100.jpg\" class=\"attachment-islemag_3_1_rectangle size-islemag_3_1_rectangle\" alt=\"\" \/><\/a>\n\t\t\t<\/div><\/figure><figure class='gallery-item'>\n\t\t\t<div class='gallery-icon landscape'>\n\t\t\t\t<a href='https:\/\/www.viajamenorca.com\/fr\/guide-touristique\/photos-et-videos\/imagenes-panoramicas\/attachment\/pano-25\/#main'><img decoding=\"async\" width=\"300\" height=\"100\" src=\"https:\/\/www.viajamenorca.com\/wp-content\/uploads\/2019\/03\/pano-25-300x100.jpg\" class=\"attachment-islemag_3_1_rectangle size-islemag_3_1_rectangle\" alt=\"\" \/><\/a>\n\t\t\t<\/div><\/figure><figure class='gallery-item'>\n\t\t\t<div class='gallery-icon landscape'>\n\t\t\t\t<a href='https:\/\/www.viajamenorca.com\/fr\/guide-touristique\/photos-et-videos\/imagenes-panoramicas\/attachment\/pano-26-2\/#main'><img decoding=\"async\" width=\"300\" height=\"100\" src=\"https:\/\/www.viajamenorca.com\/wp-content\/uploads\/2019\/03\/pano-26-300x100.jpg\" class=\"attachment-islemag_3_1_rectangle size-islemag_3_1_rectangle\" alt=\"\" \/><\/a>\n\t\t\t<\/div><\/figure><figure class='gallery-item'>\n\t\t\t<div class='gallery-icon landscape'>\n\t\t\t\t<a href='https:\/\/www.viajamenorca.com\/fr\/guide-touristique\/photos-et-videos\/imagenes-panoramicas\/attachment\/pano-27\/#main'><img decoding=\"async\" width=\"300\" height=\"100\" src=\"https:\/\/www.viajamenorca.com\/wp-content\/uploads\/2019\/03\/pano-27-300x100.jpg\" class=\"attachment-islemag_3_1_rectangle size-islemag_3_1_rectangle\" alt=\"\" \/><\/a>\n\t\t\t<\/div><\/figure><figure class='gallery-item'>\n\t\t\t<div class='gallery-icon landscape'>\n\t\t\t\t<a href='https:\/\/www.viajamenorca.com\/fr\/guide-touristique\/photos-et-videos\/imagenes-panoramicas\/attachment\/pano-28\/#main'><img decoding=\"async\" width=\"300\" height=\"100\" src=\"https:\/\/www.viajamenorca.com\/wp-content\/uploads\/2019\/03\/pano-28-300x100.jpg\" class=\"attachment-islemag_3_1_rectangle size-islemag_3_1_rectangle\" alt=\"\" \/><\/a>\n\t\t\t<\/div><\/figure><figure class='gallery-item'>\n\t\t\t<div class='gallery-icon landscape'>\n\t\t\t\t<a href='https:\/\/www.viajamenorca.com\/fr\/guide-touristique\/photos-et-videos\/imagenes-panoramicas\/attachment\/pano-29\/#main'><img decoding=\"async\" width=\"300\" height=\"100\" src=\"https:\/\/www.viajamenorca.com\/wp-content\/uploads\/2019\/03\/pano-29-300x100.jpg\" class=\"attachment-islemag_3_1_rectangle size-islemag_3_1_rectangle\" alt=\"\" \/><\/a>\n\t\t\t<\/div><\/figure><figure class='gallery-item'>\n\t\t\t<div class='gallery-icon landscape'>\n\t\t\t\t<a href='https:\/\/www.viajamenorca.com\/fr\/guide-touristique\/photos-et-videos\/imagenes-panoramicas\/attachment\/pano-30-2\/#main'><img decoding=\"async\" width=\"300\" height=\"100\" src=\"https:\/\/www.viajamenorca.com\/wp-content\/uploads\/2019\/03\/pano-30-300x100.jpg\" class=\"attachment-islemag_3_1_rectangle size-islemag_3_1_rectangle\" alt=\"\" \/><\/a>\n\t\t\t<\/div><\/figure><figure class='gallery-item'>\n\t\t\t<div class='gallery-icon landscape'>\n\t\t\t\t<a href='https:\/\/www.viajamenorca.com\/fr\/guide-touristique\/photos-et-videos\/imagenes-panoramicas\/attachment\/pano-31\/#main'><img decoding=\"async\" width=\"300\" height=\"100\" src=\"https:\/\/www.viajamenorca.com\/wp-content\/uploads\/2019\/03\/pano-31-300x100.jpg\" class=\"attachment-islemag_3_1_rectangle size-islemag_3_1_rectangle\" alt=\"\" \/><\/a>\n\t\t\t<\/div><\/figure><figure class='gallery-item'>\n\t\t\t<div class='gallery-icon landscape'>\n\t\t\t\t<a href='https:\/\/www.viajamenorca.com\/fr\/guide-touristique\/photos-et-videos\/imagenes-panoramicas\/attachment\/pano-32\/#main'><img decoding=\"async\" width=\"300\" height=\"100\" src=\"https:\/\/www.viajamenorca.com\/wp-content\/uploads\/2019\/03\/pano-32-300x100.jpg\" class=\"attachment-islemag_3_1_rectangle size-islemag_3_1_rectangle\" alt=\"\" \/><\/a>\n\t\t\t<\/div><\/figure><figure class='gallery-item'>\n\t\t\t<div class='gallery-icon landscape'>\n\t\t\t\t<a href='https:\/\/www.viajamenorca.com\/fr\/guide-touristique\/photos-et-videos\/imagenes-panoramicas\/attachment\/pano-33\/#main'><img decoding=\"async\" width=\"300\" height=\"100\" src=\"https:\/\/www.viajamenorca.com\/wp-content\/uploads\/2019\/03\/pano-33-300x100.jpg\" class=\"attachment-islemag_3_1_rectangle size-islemag_3_1_rectangle\" alt=\"\" \/><\/a>\n\t\t\t<\/div><\/figure><figure class='gallery-item'>\n\t\t\t<div class='gallery-icon landscape'>\n\t\t\t\t<a href='https:\/\/www.viajamenorca.com\/fr\/guide-touristique\/photos-et-videos\/imagenes-panoramicas\/attachment\/pano-34\/#main'><img decoding=\"async\" width=\"300\" height=\"100\" src=\"https:\/\/www.viajamenorca.com\/wp-content\/uploads\/2019\/03\/pano-34-300x100.jpg\" class=\"attachment-islemag_3_1_rectangle size-islemag_3_1_rectangle\" alt=\"\" \/><\/a>\n\t\t\t<\/div><\/figure><figure class='gallery-item'>\n\t\t\t<div class='gallery-icon landscape'>\n\t\t\t\t<a href='https:\/\/www.viajamenorca.com\/fr\/guide-touristique\/photos-et-videos\/imagenes-panoramicas\/attachment\/pano-35\/#main'><img decoding=\"async\" width=\"300\" height=\"100\" src=\"https:\/\/www.viajamenorca.com\/wp-content\/uploads\/2019\/03\/pano-35-300x100.jpg\" class=\"attachment-islemag_3_1_rectangle size-islemag_3_1_rectangle\" alt=\"\" \/><\/a>\n\t\t\t<\/div><\/figure><figure class='gallery-item'>\n\t\t\t<div class='gallery-icon landscape'>\n\t\t\t\t<a href='https:\/\/www.viajamenorca.com\/fr\/guide-touristique\/photos-et-videos\/imagenes-panoramicas\/attachment\/pano-36\/#main'><img decoding=\"async\" width=\"300\" height=\"100\" src=\"https:\/\/www.viajamenorca.com\/wp-content\/uploads\/2019\/03\/pano-36-300x100.jpg\" class=\"attachment-islemag_3_1_rectangle size-islemag_3_1_rectangle\" alt=\"\" \/><\/a>\n\t\t\t<\/div><\/figure><figure class='gallery-item'>\n\t\t\t<div class='gallery-icon landscape'>\n\t\t\t\t<a href='https:\/\/www.viajamenorca.com\/fr\/guide-touristique\/photos-et-videos\/imagenes-panoramicas\/attachment\/pano-37\/#main'><img decoding=\"async\" width=\"300\" height=\"100\" src=\"https:\/\/www.viajamenorca.com\/wp-content\/uploads\/2019\/03\/pano-37-300x100.jpg\" class=\"attachment-islemag_3_1_rectangle size-islemag_3_1_rectangle\" alt=\"\" \/><\/a>\n\t\t\t<\/div><\/figure><figure class='gallery-item'>\n\t\t\t<div class='gallery-icon landscape'>\n\t\t\t\t<a href='https:\/\/www.viajamenorca.com\/fr\/guide-touristique\/photos-et-videos\/imagenes-panoramicas\/attachment\/pano-38\/#main'><img decoding=\"async\" width=\"300\" height=\"100\" src=\"https:\/\/www.viajamenorca.com\/wp-content\/uploads\/2019\/03\/pano-38-300x100.jpg\" class=\"attachment-islemag_3_1_rectangle size-islemag_3_1_rectangle\" alt=\"\" \/><\/a>\n\t\t\t<\/div><\/figure><figure class='gallery-item'>\n\t\t\t<div class='gallery-icon landscape'>\n\t\t\t\t<a href='https:\/\/www.viajamenorca.com\/fr\/guide-touristique\/photos-et-videos\/imagenes-panoramicas\/attachment\/pano-39\/#main'><img decoding=\"async\" width=\"300\" height=\"100\" src=\"https:\/\/www.viajamenorca.com\/wp-content\/uploads\/2019\/03\/pano-39-300x100.jpg\" class=\"attachment-islemag_3_1_rectangle size-islemag_3_1_rectangle\" alt=\"\" \/><\/a>\n\t\t\t<\/div><\/figure><figure class='gallery-item'>\n\t\t\t<div class='gallery-icon landscape'>\n\t\t\t\t<a href='https:\/\/www.viajamenorca.com\/fr\/guide-touristique\/photos-et-videos\/imagenes-panoramicas\/attachment\/pano-40\/#main'><img decoding=\"async\" width=\"300\" height=\"100\" src=\"https:\/\/www.viajamenorca.com\/wp-content\/uploads\/2019\/03\/pano-40-300x100.jpg\" class=\"attachment-islemag_3_1_rectangle size-islemag_3_1_rectangle\" alt=\"\" \/><\/a>\n\t\t\t<\/div><\/figure><figure class='gallery-item'>\n\t\t\t<div class='gallery-icon landscape'>\n\t\t\t\t<a href='https:\/\/www.viajamenorca.com\/fr\/guide-touristique\/photos-et-videos\/imagenes-panoramicas\/attachment\/pano-41\/#main'><img decoding=\"async\" width=\"300\" height=\"100\" src=\"https:\/\/www.viajamenorca.com\/wp-content\/uploads\/2019\/03\/pano-41-300x100.jpg\" class=\"attachment-islemag_3_1_rectangle size-islemag_3_1_rectangle\" alt=\"\" \/><\/a>\n\t\t\t<\/div><\/figure><figure class='gallery-item'>\n\t\t\t<div class='gallery-icon landscape'>\n\t\t\t\t<a href='https:\/\/www.viajamenorca.com\/fr\/guide-touristique\/photos-et-videos\/imagenes-panoramicas\/attachment\/pano-42\/#main'><img decoding=\"async\" width=\"300\" height=\"100\" src=\"https:\/\/www.viajamenorca.com\/wp-content\/uploads\/2019\/03\/pano-42-300x100.jpg\" class=\"attachment-islemag_3_1_rectangle size-islemag_3_1_rectangle\" alt=\"\" \/><\/a>\n\t\t\t<\/div><\/figure><figure class='gallery-item'>\n\t\t\t<div class='gallery-icon landscape'>\n\t\t\t\t<a href='https:\/\/www.viajamenorca.com\/fr\/guide-touristique\/photos-et-videos\/imagenes-panoramicas\/attachment\/pano-43\/#main'><img decoding=\"async\" width=\"300\" height=\"100\" src=\"https:\/\/www.viajamenorca.com\/wp-content\/uploads\/2019\/03\/pano-43-300x100.jpg\" class=\"attachment-islemag_3_1_rectangle size-islemag_3_1_rectangle\" alt=\"\" \/><\/a>\n\t\t\t<\/div><\/figure><figure class='gallery-item'>\n\t\t\t<div class='gallery-icon landscape'>\n\t\t\t\t<a href='https:\/\/www.viajamenorca.com\/fr\/guide-touristique\/photos-et-videos\/imagenes-panoramicas\/attachment\/pano-44\/#main'><img decoding=\"async\" width=\"300\" height=\"100\" src=\"https:\/\/www.viajamenorca.com\/wp-content\/uploads\/2019\/03\/pano-44-300x100.jpg\" class=\"attachment-islemag_3_1_rectangle size-islemag_3_1_rectangle\" alt=\"\" \/><\/a>\n\t\t\t<\/div><\/figure><figure class='gallery-item'>\n\t\t\t<div class='gallery-icon landscape'>\n\t\t\t\t<a href='https:\/\/www.viajamenorca.com\/fr\/guide-touristique\/photos-et-videos\/imagenes-panoramicas\/attachment\/pano-45\/#main'><img decoding=\"async\" width=\"300\" height=\"100\" src=\"https:\/\/www.viajamenorca.com\/wp-content\/uploads\/2019\/03\/pano-45-300x100.jpg\" class=\"attachment-islemag_3_1_rectangle size-islemag_3_1_rectangle\" alt=\"\" \/><\/a>\n\t\t\t<\/div><\/figure><figure class='gallery-item'>\n\t\t\t<div class='gallery-icon landscape'>\n\t\t\t\t<a href='https:\/\/www.viajamenorca.com\/fr\/guide-touristique\/photos-et-videos\/imagenes-panoramicas\/attachment\/pano-46\/#main'><img decoding=\"async\" width=\"300\" height=\"100\" src=\"https:\/\/www.viajamenorca.com\/wp-content\/uploads\/2019\/03\/pano-46-300x100.jpg\" class=\"attachment-islemag_3_1_rectangle size-islemag_3_1_rectangle\" alt=\"Binimel.la\" \/><\/a>\n\t\t\t<\/div><\/figure><figure class='gallery-item'>\n\t\t\t<div class='gallery-icon landscape'>\n\t\t\t\t<a href='https:\/\/www.viajamenorca.com\/fr\/guide-touristique\/photos-et-videos\/imagenes-panoramicas\/attachment\/pano-47\/#main'><img decoding=\"async\" width=\"300\" height=\"100\" src=\"https:\/\/www.viajamenorca.com\/wp-content\/uploads\/2019\/03\/pano-47-300x100.jpg\" class=\"attachment-islemag_3_1_rectangle size-islemag_3_1_rectangle\" alt=\"\" \/><\/a>\n\t\t\t<\/div><\/figure><figure class='gallery-item'>\n\t\t\t<div class='gallery-icon landscape'>\n\t\t\t\t<a href='https:\/\/www.viajamenorca.com\/fr\/guide-touristique\/photos-et-videos\/imagenes-panoramicas\/attachment\/pano-48\/#main'><img decoding=\"async\" width=\"300\" height=\"100\" src=\"https:\/\/www.viajamenorca.com\/wp-content\/uploads\/2019\/03\/pano-48-300x100.jpg\" class=\"attachment-islemag_3_1_rectangle size-islemag_3_1_rectangle\" alt=\"\" \/><\/a>\n\t\t\t<\/div><\/figure><figure class='gallery-item'>\n\t\t\t<div class='gallery-icon landscape'>\n\t\t\t\t<a href='https:\/\/www.viajamenorca.com\/fr\/guide-touristique\/photos-et-videos\/imagenes-panoramicas\/attachment\/pano-49\/#main'><img decoding=\"async\" width=\"300\" height=\"100\" src=\"https:\/\/www.viajamenorca.com\/wp-content\/uploads\/2019\/03\/pano-49-300x100.jpg\" class=\"attachment-islemag_3_1_rectangle size-islemag_3_1_rectangle\" alt=\"\" \/><\/a>\n\t\t\t<\/div><\/figure><figure class='gallery-item'>\n\t\t\t<div class='gallery-icon landscape'>\n\t\t\t\t<a href='https:\/\/www.viajamenorca.com\/fr\/guide-touristique\/photos-et-videos\/imagenes-panoramicas\/attachment\/pano-50\/#main'><img decoding=\"async\" width=\"300\" height=\"100\" src=\"https:\/\/www.viajamenorca.com\/wp-content\/uploads\/2019\/03\/pano-50-300x100.jpg\" class=\"attachment-islemag_3_1_rectangle size-islemag_3_1_rectangle\" alt=\"\" \/><\/a>\n\t\t\t<\/div><\/figure><figure class='gallery-item'>\n\t\t\t<div class='gallery-icon landscape'>\n\t\t\t\t<a href='https:\/\/www.viajamenorca.com\/fr\/guide-touristique\/photos-et-videos\/imagenes-panoramicas\/attachment\/pano-51-2\/#main'><img decoding=\"async\" width=\"300\" height=\"100\" src=\"https:\/\/www.viajamenorca.com\/wp-content\/uploads\/2019\/03\/pano-51-300x100.jpg\" class=\"attachment-islemag_3_1_rectangle size-islemag_3_1_rectangle\" alt=\"\" \/><\/a>\n\t\t\t<\/div><\/figure><figure class='gallery-item'>\n\t\t\t<div class='gallery-icon landscape'>\n\t\t\t\t<a href='https:\/\/www.viajamenorca.com\/fr\/guide-touristique\/photos-et-videos\/imagenes-panoramicas\/attachment\/pano-52\/#main'><img decoding=\"async\" width=\"300\" height=\"100\" src=\"https:\/\/www.viajamenorca.com\/wp-content\/uploads\/2019\/03\/pano-52-300x100.jpg\" class=\"attachment-islemag_3_1_rectangle size-islemag_3_1_rectangle\" alt=\"\" \/><\/a>\n\t\t\t<\/div><\/figure><figure class='gallery-item'>\n\t\t\t<div class='gallery-icon landscape'>\n\t\t\t\t<a href='https:\/\/www.viajamenorca.com\/fr\/guide-touristique\/photos-et-videos\/imagenes-panoramicas\/attachment\/pano-53\/#main'><img decoding=\"async\" width=\"300\" height=\"100\" src=\"https:\/\/www.viajamenorca.com\/wp-content\/uploads\/2019\/03\/pano-53-300x100.jpg\" class=\"attachment-islemag_3_1_rectangle size-islemag_3_1_rectangle\" alt=\"\" \/><\/a>\n\t\t\t<\/div><\/figure><figure class='gallery-item'>\n\t\t\t<div class='gallery-icon landscape'>\n\t\t\t\t<a href='https:\/\/www.viajamenorca.com\/fr\/guide-touristique\/photos-et-videos\/imagenes-panoramicas\/attachment\/pano-54\/#main'><img decoding=\"async\" width=\"300\" height=\"100\" src=\"https:\/\/www.viajamenorca.com\/wp-content\/uploads\/2019\/03\/pano-54-300x100.jpg\" class=\"attachment-islemag_3_1_rectangle size-islemag_3_1_rectangle\" alt=\"\" \/><\/a>\n\t\t\t<\/div><\/figure><figure class='gallery-item'>\n\t\t\t<div class='gallery-icon landscape'>\n\t\t\t\t<a href='https:\/\/www.viajamenorca.com\/fr\/guide-touristique\/photos-et-videos\/imagenes-panoramicas\/attachment\/pano-55\/#main'><img decoding=\"async\" width=\"300\" height=\"100\" src=\"https:\/\/www.viajamenorca.com\/wp-content\/uploads\/2019\/03\/pano-55-300x100.jpg\" class=\"attachment-islemag_3_1_rectangle size-islemag_3_1_rectangle\" alt=\"\" \/><\/a>\n\t\t\t<\/div><\/figure><figure class='gallery-item'>\n\t\t\t<div class='gallery-icon landscape'>\n\t\t\t\t<a href='https:\/\/www.viajamenorca.com\/fr\/guide-touristique\/photos-et-videos\/imagenes-panoramicas\/attachment\/pano-56\/#main'><img decoding=\"async\" width=\"300\" height=\"100\" src=\"https:\/\/www.viajamenorca.com\/wp-content\/uploads\/2019\/03\/pano-56-300x100.jpg\" class=\"attachment-islemag_3_1_rectangle size-islemag_3_1_rectangle\" alt=\"\" \/><\/a>\n\t\t\t<\/div><\/figure><figure class='gallery-item'>\n\t\t\t<div class='gallery-icon landscape'>\n\t\t\t\t<a href='https:\/\/www.viajamenorca.com\/fr\/guide-touristique\/photos-et-videos\/imagenes-panoramicas\/attachment\/pano-57\/#main'><img decoding=\"async\" width=\"300\" height=\"100\" src=\"https:\/\/www.viajamenorca.com\/wp-content\/uploads\/2019\/03\/pano-57-300x100.jpg\" class=\"attachment-islemag_3_1_rectangle size-islemag_3_1_rectangle\" alt=\"\" \/><\/a>\n\t\t\t<\/div><\/figure><figure class='gallery-item'>\n\t\t\t<div class='gallery-icon landscape'>\n\t\t\t\t<a href='https:\/\/www.viajamenorca.com\/fr\/guide-touristique\/photos-et-videos\/imagenes-panoramicas\/attachment\/pano-58\/#main'><img decoding=\"async\" width=\"300\" height=\"100\" src=\"https:\/\/www.viajamenorca.com\/wp-content\/uploads\/2019\/03\/pano-58-300x100.jpg\" class=\"attachment-islemag_3_1_rectangle size-islemag_3_1_rectangle\" alt=\"\" \/><\/a>\n\t\t\t<\/div><\/figure><figure class='gallery-item'>\n\t\t\t<div class='gallery-icon landscape'>\n\t\t\t\t<a href='https:\/\/www.viajamenorca.com\/fr\/guide-touristique\/photos-et-videos\/imagenes-panoramicas\/attachment\/pano-59\/#main'><img decoding=\"async\" width=\"300\" height=\"100\" src=\"https:\/\/www.viajamenorca.com\/wp-content\/uploads\/2019\/03\/pano-59-300x100.jpg\" class=\"attachment-islemag_3_1_rectangle size-islemag_3_1_rectangle\" alt=\"\" \/><\/a>\n\t\t\t<\/div><\/figure><figure class='gallery-item'>\n\t\t\t<div class='gallery-icon landscape'>\n\t\t\t\t<a href='https:\/\/www.viajamenorca.com\/fr\/guide-touristique\/photos-et-videos\/imagenes-panoramicas\/attachment\/pano-60\/#main'><img decoding=\"async\" width=\"300\" height=\"100\" src=\"https:\/\/www.viajamenorca.com\/wp-content\/uploads\/2019\/03\/pano-60-300x100.jpg\" class=\"attachment-islemag_3_1_rectangle size-islemag_3_1_rectangle\" alt=\"\" \/><\/a>\n\t\t\t<\/div><\/figure><figure class='gallery-item'>\n\t\t\t<div class='gallery-icon landscape'>\n\t\t\t\t<a href='https:\/\/www.viajamenorca.com\/fr\/guide-touristique\/photos-et-videos\/imagenes-panoramicas\/attachment\/pano-61\/#main'><img decoding=\"async\" width=\"300\" height=\"100\" src=\"https:\/\/www.viajamenorca.com\/wp-content\/uploads\/2019\/03\/pano-61-300x100.jpg\" class=\"attachment-islemag_3_1_rectangle size-islemag_3_1_rectangle\" alt=\"\" srcset=\"https:\/\/www.viajamenorca.com\/wp-content\/uploads\/2019\/03\/pano-61-300x100.jpg 300w, https:\/\/www.viajamenorca.com\/wp-content\/uploads\/2019\/03\/pano-61-770x259.jpg 770w\" sizes=\"(max-width: 300px) 100vw, 300px\" \/><\/a>\n\t\t\t<\/div><\/figure><figure class='gallery-item'>\n\t\t\t<div class='gallery-icon landscape'>\n\t\t\t\t<a href='https:\/\/www.viajamenorca.com\/fr\/guide-touristique\/photos-et-videos\/imagenes-panoramicas\/attachment\/pano-62\/#main'><img decoding=\"async\" width=\"300\" height=\"100\" src=\"https:\/\/www.viajamenorca.com\/wp-content\/uploads\/2019\/03\/pano-62-300x100.jpg\" class=\"attachment-islemag_3_1_rectangle size-islemag_3_1_rectangle\" alt=\"\" \/><\/a>\n\t\t\t<\/div><\/figure><figure class='gallery-item'>\n\t\t\t<div class='gallery-icon landscape'>\n\t\t\t\t<a href='https:\/\/www.viajamenorca.com\/fr\/guide-touristique\/photos-et-videos\/imagenes-panoramicas\/attachment\/pano-63\/#main'><img decoding=\"async\" width=\"300\" height=\"100\" src=\"https:\/\/www.viajamenorca.com\/wp-content\/uploads\/2019\/03\/pano-63-300x100.jpg\" class=\"attachment-islemag_3_1_rectangle size-islemag_3_1_rectangle\" alt=\"\" \/><\/a>\n\t\t\t<\/div><\/figure><figure class='gallery-item'>\n\t\t\t<div class='gallery-icon landscape'>\n\t\t\t\t<a href='https:\/\/www.viajamenorca.com\/fr\/guide-touristique\/photos-et-videos\/imagenes-panoramicas\/attachment\/pano-64\/#main'><img decoding=\"async\" width=\"300\" height=\"100\" src=\"https:\/\/www.viajamenorca.com\/wp-content\/uploads\/2019\/03\/pano-64-300x100.jpg\" class=\"attachment-islemag_3_1_rectangle size-islemag_3_1_rectangle\" alt=\"\" \/><\/a>\n\t\t\t<\/div><\/figure><figure class='gallery-item'>\n\t\t\t<div class='gallery-icon landscape'>\n\t\t\t\t<a href='https:\/\/www.viajamenorca.com\/fr\/guide-touristique\/photos-et-videos\/imagenes-panoramicas\/attachment\/pano-65\/#main'><img decoding=\"async\" width=\"300\" height=\"100\" src=\"https:\/\/www.viajamenorca.com\/wp-content\/uploads\/2019\/03\/pano-65-300x100.jpg\" class=\"attachment-islemag_3_1_rectangle size-islemag_3_1_rectangle\" alt=\"\" \/><\/a>\n\t\t\t<\/div><\/figure><figure class='gallery-item'>\n\t\t\t<div class='gallery-icon landscape'>\n\t\t\t\t<a href='https:\/\/www.viajamenorca.com\/fr\/guide-touristique\/photos-et-videos\/imagenes-panoramicas\/attachment\/pano-66\/#main'><img decoding=\"async\" width=\"300\" height=\"100\" src=\"https:\/\/www.viajamenorca.com\/wp-content\/uploads\/2019\/03\/pano-66-300x100.jpg\" class=\"attachment-islemag_3_1_rectangle size-islemag_3_1_rectangle\" alt=\"\" \/><\/a>\n\t\t\t<\/div><\/figure><figure class='gallery-item'>\n\t\t\t<div class='gallery-icon landscape'>\n\t\t\t\t<a href='https:\/\/www.viajamenorca.com\/fr\/guia-turistica\/fotos-y-videos\/imagenes-panoramicas\/attachment\/pano-67\/#main'><img decoding=\"async\" width=\"300\" height=\"100\" src=\"https:\/\/www.viajamenorca.com\/wp-content\/uploads\/2019\/03\/pano-67-300x100.jpg\" class=\"attachment-islemag_3_1_rectangle size-islemag_3_1_rectangle\" alt=\"\" \/><\/a>\n\t\t\t<\/div><\/figure><figure class='gallery-item'>\n\t\t\t<div class='gallery-icon landscape'>\n\t\t\t\t<a href='https:\/\/www.viajamenorca.com\/fr\/guide-touristique\/photos-et-videos\/imagenes-panoramicas\/attachment\/pano-68\/#main'><img decoding=\"async\" width=\"300\" height=\"100\" src=\"https:\/\/www.viajamenorca.com\/wp-content\/uploads\/2019\/03\/pano-68-300x100.jpg\" class=\"attachment-islemag_3_1_rectangle size-islemag_3_1_rectangle\" alt=\"\" \/><\/a>\n\t\t\t<\/div><\/figure><figure class='gallery-item'>\n\t\t\t<div class='gallery-icon landscape'>\n\t\t\t\t<a href='https:\/\/www.viajamenorca.com\/fr\/guide-touristique\/photos-et-videos\/imagenes-panoramicas\/attachment\/pano-69\/#main'><img decoding=\"async\" width=\"300\" height=\"100\" src=\"https:\/\/www.viajamenorca.com\/wp-content\/uploads\/2019\/03\/pano-69-300x100.jpg\" class=\"attachment-islemag_3_1_rectangle size-islemag_3_1_rectangle\" alt=\"\" \/><\/a>\n\t\t\t<\/div><\/figure><figure class='gallery-item'>\n\t\t\t<div class='gallery-icon landscape'>\n\t\t\t\t<a href='https:\/\/www.viajamenorca.com\/fr\/guide-touristique\/photos-et-videos\/imagenes-panoramicas\/attachment\/pano-70\/#main'><img decoding=\"async\" width=\"300\" height=\"100\" src=\"https:\/\/www.viajamenorca.com\/wp-content\/uploads\/2019\/03\/pano-70-300x100.jpg\" class=\"attachment-islemag_3_1_rectangle size-islemag_3_1_rectangle\" alt=\"\" \/><\/a>\n\t\t\t<\/div><\/figure><figure class='gallery-item'>\n\t\t\t<div class='gallery-icon landscape'>\n\t\t\t\t<a href='https:\/\/www.viajamenorca.com\/fr\/guide-touristique\/photos-et-videos\/imagenes-panoramicas\/attachment\/pano-71\/#main'><img decoding=\"async\" width=\"300\" height=\"100\" src=\"https:\/\/www.viajamenorca.com\/wp-content\/uploads\/2019\/03\/pano-71-300x100.jpg\" class=\"attachment-islemag_3_1_rectangle size-islemag_3_1_rectangle\" alt=\"\" \/><\/a>\n\t\t\t<\/div><\/figure><figure class='gallery-item'>\n\t\t\t<div class='gallery-icon landscape'>\n\t\t\t\t<a href='https:\/\/www.viajamenorca.com\/fr\/guide-touristique\/photos-et-videos\/imagenes-panoramicas\/attachment\/pano-72\/#main'><img decoding=\"async\" width=\"300\" height=\"100\" src=\"https:\/\/www.viajamenorca.com\/wp-content\/uploads\/2019\/03\/pano-72-300x100.jpg\" class=\"attachment-islemag_3_1_rectangle size-islemag_3_1_rectangle\" alt=\"\" \/><\/a>\n\t\t\t<\/div><\/figure><figure class='gallery-item'>\n\t\t\t<div class='gallery-icon landscape'>\n\t\t\t\t<a href='https:\/\/www.viajamenorca.com\/fr\/guide-touristique\/photos-et-videos\/imagenes-panoramicas\/attachment\/pano-73\/#main'><img decoding=\"async\" width=\"300\" height=\"100\" src=\"https:\/\/www.viajamenorca.com\/wp-content\/uploads\/2019\/03\/pano-73-300x100.jpg\" class=\"attachment-islemag_3_1_rectangle size-islemag_3_1_rectangle\" alt=\"\" \/><\/a>\n\t\t\t<\/div><\/figure><figure class='gallery-item'>\n\t\t\t<div class='gallery-icon landscape'>\n\t\t\t\t<a href='https:\/\/www.viajamenorca.com\/fr\/guide-touristique\/photos-et-videos\/imagenes-panoramicas\/attachment\/pano-74\/#main'><img decoding=\"async\" width=\"300\" height=\"100\" src=\"https:\/\/www.viajamenorca.com\/wp-content\/uploads\/2019\/03\/pano-74-300x100.jpg\" class=\"attachment-islemag_3_1_rectangle size-islemag_3_1_rectangle\" alt=\"\" \/><\/a>\n\t\t\t<\/div><\/figure><figure class='gallery-item'>\n\t\t\t<div class='gallery-icon landscape'>\n\t\t\t\t<a href='https:\/\/www.viajamenorca.com\/fr\/guide-touristique\/photos-et-videos\/imagenes-panoramicas\/attachment\/pano-75\/#main'><img decoding=\"async\" width=\"300\" height=\"100\" src=\"https:\/\/www.viajamenorca.com\/wp-content\/uploads\/2019\/03\/pano-75-300x100.jpg\" class=\"attachment-islemag_3_1_rectangle size-islemag_3_1_rectangle\" alt=\"\" \/><\/a>\n\t\t\t<\/div><\/figure><figure class='gallery-item'>\n\t\t\t<div class='gallery-icon landscape'>\n\t\t\t\t<a href='https:\/\/www.viajamenorca.com\/fr\/guide-touristique\/photos-et-videos\/imagenes-panoramicas\/attachment\/pano-1\/#main'><img decoding=\"async\" width=\"300\" height=\"100\" src=\"https:\/\/www.viajamenorca.com\/wp-content\/uploads\/2019\/03\/pano-1-300x100.jpg\" class=\"attachment-islemag_3_1_rectangle size-islemag_3_1_rectangle\" alt=\"\" \/><\/a>\n\t\t\t<\/div><\/figure><figure class='gallery-item'>\n\t\t\t<div class='gallery-icon landscape'>\n\t\t\t\t<a href='https:\/\/www.viajamenorca.com\/fr\/guide-touristique\/photos-et-videos\/imagenes-panoramicas\/attachment\/pano-2\/#main'><img decoding=\"async\" width=\"300\" height=\"100\" src=\"https:\/\/www.viajamenorca.com\/wp-content\/uploads\/2019\/03\/pano-2-300x100.jpg\" class=\"attachment-islemag_3_1_rectangle size-islemag_3_1_rectangle\" alt=\"\" \/><\/a>\n\t\t\t<\/div><\/figure><figure class='gallery-item'>\n\t\t\t<div class='gallery-icon landscape'>\n\t\t\t\t<a href='https:\/\/www.viajamenorca.com\/fr\/guide-touristique\/photos-et-videos\/imagenes-panoramicas\/attachment\/pano-3\/#main'><img decoding=\"async\" width=\"300\" height=\"100\" src=\"https:\/\/www.viajamenorca.com\/wp-content\/uploads\/2019\/03\/pano-3-300x100.jpg\" class=\"attachment-islemag_3_1_rectangle size-islemag_3_1_rectangle\" alt=\"\" \/><\/a>\n\t\t\t<\/div><\/figure><figure class='gallery-item'>\n\t\t\t<div class='gallery-icon landscape'>\n\t\t\t\t<a href='https:\/\/www.viajamenorca.com\/fr\/guide-touristique\/photos-et-videos\/imagenes-panoramicas\/attachment\/pano-4\/#main'><img decoding=\"async\" width=\"300\" height=\"100\" src=\"https:\/\/www.viajamenorca.com\/wp-content\/uploads\/2019\/03\/pano-4-300x100.jpg\" class=\"attachment-islemag_3_1_rectangle size-islemag_3_1_rectangle\" alt=\"\" \/><\/a>\n\t\t\t<\/div><\/figure><figure class='gallery-item'>\n\t\t\t<div class='gallery-icon landscape'>\n\t\t\t\t<a href='https:\/\/www.viajamenorca.com\/fr\/guide-touristique\/photos-et-videos\/imagenes-panoramicas\/attachment\/pano-5\/#main'><img decoding=\"async\" width=\"300\" height=\"100\" src=\"https:\/\/www.viajamenorca.com\/wp-content\/uploads\/2019\/03\/pano-5-300x100.jpg\" class=\"attachment-islemag_3_1_rectangle size-islemag_3_1_rectangle\" alt=\"\" \/><\/a>\n\t\t\t<\/div><\/figure><figure class='gallery-item'>\n\t\t\t<div class='gallery-icon landscape'>\n\t\t\t\t<a href='https:\/\/www.viajamenorca.com\/fr\/guide-touristique\/photos-et-videos\/imagenes-panoramicas\/attachment\/pano-6\/#main'><img decoding=\"async\" width=\"300\" height=\"100\" src=\"https:\/\/www.viajamenorca.com\/wp-content\/uploads\/2019\/03\/pano-6-300x100.jpg\" class=\"attachment-islemag_3_1_rectangle size-islemag_3_1_rectangle\" alt=\"\" \/><\/a>\n\t\t\t<\/div><\/figure><figure class='gallery-item'>\n\t\t\t<div class='gallery-icon landscape'>\n\t\t\t\t<a href='https:\/\/www.viajamenorca.com\/fr\/guide-touristique\/photos-et-videos\/imagenes-panoramicas\/attachment\/pano-7\/#main'><img decoding=\"async\" width=\"300\" height=\"100\" src=\"https:\/\/www.viajamenorca.com\/wp-content\/uploads\/2019\/03\/pano-7-300x100.jpg\" class=\"attachment-islemag_3_1_rectangle size-islemag_3_1_rectangle\" alt=\"\" \/><\/a>\n\t\t\t<\/div><\/figure><figure class='gallery-item'>\n\t\t\t<div class='gallery-icon landscape'>\n\t\t\t\t<a href='https:\/\/www.viajamenorca.com\/fr\/guide-touristique\/photos-et-videos\/imagenes-panoramicas\/attachment\/pano-8-2\/#main'><img decoding=\"async\" width=\"300\" height=\"100\" src=\"https:\/\/www.viajamenorca.com\/wp-content\/uploads\/2019\/03\/pano-8-300x100.jpg\" class=\"attachment-islemag_3_1_rectangle size-islemag_3_1_rectangle\" alt=\"\" \/><\/a>\n\t\t\t<\/div><\/figure><figure class='gallery-item'>\n\t\t\t<div class='gallery-icon landscape'>\n\t\t\t\t<a href='https:\/\/www.viajamenorca.com\/fr\/guide-touristique\/photos-et-videos\/imagenes-panoramicas\/attachment\/pano-9\/#main'><img decoding=\"async\" width=\"300\" height=\"100\" src=\"https:\/\/www.viajamenorca.com\/wp-content\/uploads\/2019\/03\/pano-9-300x100.jpg\" class=\"attachment-islemag_3_1_rectangle size-islemag_3_1_rectangle\" alt=\"\" \/><\/a>\n\t\t\t<\/div><\/figure><figure class='gallery-item'>\n\t\t\t<div class='gallery-icon landscape'>\n\t\t\t\t<a href='https:\/\/www.viajamenorca.com\/fr\/guide-touristique\/photos-et-videos\/imagenes-panoramicas\/attachment\/pano-10\/#main'><img decoding=\"async\" width=\"300\" height=\"100\" src=\"https:\/\/www.viajamenorca.com\/wp-content\/uploads\/2019\/03\/pano-10-300x100.jpg\" class=\"attachment-islemag_3_1_rectangle size-islemag_3_1_rectangle\" alt=\"\" \/><\/a>\n\t\t\t<\/div><\/figure><figure class='gallery-item'>\n\t\t\t<div class='gallery-icon landscape'>\n\t\t\t\t<a href='https:\/\/www.viajamenorca.com\/fr\/guide-touristique\/photos-et-videos\/imagenes-panoramicas\/attachment\/pano-11\/#main'><img decoding=\"async\" width=\"300\" height=\"100\" src=\"https:\/\/www.viajamenorca.com\/wp-content\/uploads\/2019\/03\/pano-11-300x100.jpg\" class=\"attachment-islemag_3_1_rectangle size-islemag_3_1_rectangle\" alt=\"\" \/><\/a>\n\t\t\t<\/div><\/figure><figure class='gallery-item'>\n\t\t\t<div class='gallery-icon landscape'>\n\t\t\t\t<a href='https:\/\/www.viajamenorca.com\/fr\/guide-touristique\/photos-et-videos\/imagenes-panoramicas\/attachment\/pano-12\/#main'><img decoding=\"async\" width=\"300\" height=\"100\" src=\"https:\/\/www.viajamenorca.com\/wp-content\/uploads\/2019\/03\/pano-12-300x100.jpg\" class=\"attachment-islemag_3_1_rectangle size-islemag_3_1_rectangle\" alt=\"\" \/><\/a>\n\t\t\t<\/div><\/figure><figure class='gallery-item'>\n\t\t\t<div class='gallery-icon landscape'>\n\t\t\t\t<a href='https:\/\/www.viajamenorca.com\/fr\/guide-touristique\/photos-et-videos\/imagenes-panoramicas\/attachment\/pano-13\/#main'><img decoding=\"async\" width=\"300\" height=\"100\" src=\"https:\/\/www.viajamenorca.com\/wp-content\/uploads\/2019\/03\/pano-13-300x100.jpg\" class=\"attachment-islemag_3_1_rectangle size-islemag_3_1_rectangle\" alt=\"\" srcset=\"https:\/\/www.viajamenorca.com\/wp-content\/uploads\/2019\/03\/pano-13-300x100.jpg 300w, https:\/\/www.viajamenorca.com\/wp-content\/uploads\/2019\/03\/pano-13-110x38.jpg 110w\" sizes=\"(max-width: 300px) 100vw, 300px\" \/><\/a>\n\t\t\t<\/div><\/figure><figure class='gallery-item'>\n\t\t\t<div class='gallery-icon landscape'>\n\t\t\t\t<a href='https:\/\/www.viajamenorca.com\/fr\/guide-touristique\/photos-et-videos\/imagenes-panoramicas\/attachment\/pano-14\/#main'><img decoding=\"async\" width=\"300\" height=\"100\" src=\"https:\/\/www.viajamenorca.com\/wp-content\/uploads\/2019\/03\/pano-14-300x100.jpg\" class=\"attachment-islemag_3_1_rectangle size-islemag_3_1_rectangle\" alt=\"\" \/><\/a>\n\t\t\t<\/div><\/figure><figure class='gallery-item'>\n\t\t\t<div class='gallery-icon landscape'>\n\t\t\t\t<a href='https:\/\/www.viajamenorca.com\/fr\/guide-touristique\/photos-et-videos\/imagenes-panoramicas\/attachment\/pano-15\/#main'><img decoding=\"async\" width=\"300\" height=\"100\" src=\"https:\/\/www.viajamenorca.com\/wp-content\/uploads\/2019\/03\/pano-15-300x100.jpg\" class=\"attachment-islemag_3_1_rectangle size-islemag_3_1_rectangle\" alt=\"\" \/><\/a>\n\t\t\t<\/div><\/figure><figure class='gallery-item'>\n\t\t\t<div class='gallery-icon landscape'>\n\t\t\t\t<a href='https:\/\/www.viajamenorca.com\/fr\/guide-touristique\/photos-et-videos\/imagenes-panoramicas\/attachment\/pano-16\/#main'><img decoding=\"async\" width=\"300\" height=\"100\" src=\"https:\/\/www.viajamenorca.com\/wp-content\/uploads\/2019\/03\/pano-16-300x100.jpg\" class=\"attachment-islemag_3_1_rectangle size-islemag_3_1_rectangle\" alt=\"\" \/><\/a>\n\t\t\t<\/div><\/figure><figure class='gallery-item'>\n\t\t\t<div class='gallery-icon landscape'>\n\t\t\t\t<a href='https:\/\/www.viajamenorca.com\/fr\/guide-touristique\/photos-et-videos\/imagenes-panoramicas\/attachment\/pano-17\/#main'><img decoding=\"async\" width=\"300\" height=\"100\" src=\"https:\/\/www.viajamenorca.com\/wp-content\/uploads\/2019\/03\/pano-17-300x100.jpg\" class=\"attachment-islemag_3_1_rectangle size-islemag_3_1_rectangle\" alt=\"\" srcset=\"https:\/\/www.viajamenorca.com\/wp-content\/uploads\/2019\/03\/pano-17-300x100.jpg 300w, https:\/\/www.viajamenorca.com\/wp-content\/uploads\/2019\/03\/pano-17-770x260.jpg 770w\" sizes=\"(max-width: 300px) 100vw, 300px\" \/><\/a>\n\t\t\t<\/div><\/figure><figure class='gallery-item'>\n\t\t\t<div class='gallery-icon landscape'>\n\t\t\t\t<a href='https:\/\/www.viajamenorca.com\/fr\/guide-touristique\/photos-et-videos\/imagenes-panoramicas\/attachment\/pano-18\/#main'><img decoding=\"async\" width=\"300\" height=\"100\" src=\"https:\/\/www.viajamenorca.com\/wp-content\/uploads\/2019\/03\/pano-18-300x100.jpg\" class=\"attachment-islemag_3_1_rectangle size-islemag_3_1_rectangle\" alt=\"\" \/><\/a>\n\t\t\t<\/div><\/figure><figure class='gallery-item'>\n\t\t\t<div class='gallery-icon landscape'>\n\t\t\t\t<a href='https:\/\/www.viajamenorca.com\/fr\/guide-touristique\/photos-et-videos\/imagenes-panoramicas\/attachment\/pano-19\/#main'><img decoding=\"async\" width=\"300\" height=\"100\" src=\"https:\/\/www.viajamenorca.com\/wp-content\/uploads\/2019\/03\/pano-19-300x100.jpg\" class=\"attachment-islemag_3_1_rectangle size-islemag_3_1_rectangle\" alt=\"\" \/><\/a>\n\t\t\t<\/div><\/figure><figure class='gallery-item'>\n\t\t\t<div class='gallery-icon landscape'>\n\t\t\t\t<a href='https:\/\/www.viajamenorca.com\/fr\/guide-touristique\/photos-et-videos\/imagenes-panoramicas\/attachment\/pano-20-2\/#main'><img decoding=\"async\" width=\"300\" height=\"100\" src=\"https:\/\/www.viajamenorca.com\/wp-content\/uploads\/2019\/03\/pano-20-300x100.jpg\" class=\"attachment-islemag_3_1_rectangle size-islemag_3_1_rectangle\" alt=\"\" \/><\/a>\n\t\t\t<\/div><\/figure><figure class='gallery-item'>\n\t\t\t<div class='gallery-icon landscape'>\n\t\t\t\t<a href='https:\/\/www.viajamenorca.com\/fr\/guide-touristique\/photos-et-videos\/imagenes-panoramicas\/attachment\/pano-21-2\/#main'><img decoding=\"async\" width=\"300\" height=\"100\" src=\"https:\/\/www.viajamenorca.com\/wp-content\/uploads\/2019\/03\/pano-21-300x100.jpg\" class=\"attachment-islemag_3_1_rectangle size-islemag_3_1_rectangle\" alt=\"\" \/><\/a>\n\t\t\t<\/div><\/figure><figure class='gallery-item'>\n\t\t\t<div class='gallery-icon landscape'>\n\t\t\t\t<a href='https:\/\/www.viajamenorca.com\/fr\/guide-touristique\/photos-et-videos\/imagenes-panoramicas\/attachment\/pano-22\/#main'><img decoding=\"async\" width=\"300\" height=\"100\" src=\"https:\/\/www.viajamenorca.com\/wp-content\/uploads\/2019\/03\/pano-22-300x100.jpg\" class=\"attachment-islemag_3_1_rectangle size-islemag_3_1_rectangle\" alt=\"\" \/><\/a>\n\t\t\t<\/div><\/figure><figure class='gallery-item'>\n\t\t\t<div class='gallery-icon landscape'>\n\t\t\t\t<a href='https:\/\/www.viajamenorca.com\/fr\/20190216_120723\/'><img decoding=\"async\" width=\"300\" height=\"100\" src=\"https:\/\/www.viajamenorca.com\/wp-content\/uploads\/2019\/02\/20190216_120723-300x100.jpg\" class=\"attachment-islemag_3_1_rectangle size-islemag_3_1_rectangle\" alt=\"\" \/><\/a>\n\t\t\t<\/div><\/figure><figure class='gallery-item'>\n\t\t\t<div class='gallery-icon landscape'>\n\t\t\t\t<a href='https:\/\/www.viajamenorca.com\/fr\/page9\/'><img decoding=\"async\" width=\"300\" height=\"100\" src=\"https:\/\/www.viajamenorca.com\/wp-content\/uploads\/2017\/01\/page9-300x100.jpg\" class=\"attachment-islemag_3_1_rectangle size-islemag_3_1_rectangle\" alt=\"\" \/><\/a>\n\t\t\t<\/div><\/figure><figure class='gallery-item'>\n\t\t\t<div class='gallery-icon landscape'>\n\t\t\t\t<a href='https:\/\/www.viajamenorca.com\/fr\/page10\/'><img decoding=\"async\" width=\"300\" height=\"100\" src=\"https:\/\/www.viajamenorca.com\/wp-content\/uploads\/2017\/01\/page10-300x100.jpg\" class=\"attachment-islemag_3_1_rectangle size-islemag_3_1_rectangle\" alt=\"\" \/><\/a>\n\t\t\t<\/div><\/figure><figure class='gallery-item'>\n\t\t\t<div class='gallery-icon landscape'>\n\t\t\t\t<a href='https:\/\/www.viajamenorca.com\/fr\/img_20170312_133216-pano\/'><img decoding=\"async\" width=\"300\" height=\"100\" src=\"https:\/\/www.viajamenorca.com\/wp-content\/uploads\/2018\/01\/IMG_20170312_133216-PANO-300x100.jpg\" class=\"attachment-islemag_3_1_rectangle size-islemag_3_1_rectangle\" alt=\"\" \/><\/a>\n\t\t\t<\/div><\/figure><figure class='gallery-item'>\n\t\t\t<div class='gallery-icon landscape'>\n\t\t\t\t<a href='https:\/\/www.viajamenorca.com\/fr\/img_20170304_142605-pano\/'><img decoding=\"async\" width=\"300\" height=\"100\" src=\"https:\/\/www.viajamenorca.com\/wp-content\/uploads\/2018\/01\/IMG_20170304_142605-PANO-300x100.jpg\" class=\"attachment-islemag_3_1_rectangle size-islemag_3_1_rectangle\" alt=\"\" \/><\/a>\n\t\t\t<\/div><\/figure>\n\t\t<\/div>\n\n\r\n<div style=\"text-align: center;\"><script>function loadScript(url, callback){var script=document.createElement('script'); script.type='text\/javascript'; if (script.readyState){script.onreadystatechange=function(){if (script.readyState=='loaded' || script.readyState=='complete'){script.onreadystatechange=null; callback();}};}else{script.onload=function(){callback();};}script.src=url; document.getElementsByTagName('head')[0].appendChild(script);}loadScript('https:\/\/cdn2.civitatis.com\/js\/vendor\/iframeResizer.min.js', function(){iFrameResize({checkOrigin:false,initCallback:function(iframe){setTimeout(function(){var resizeEvent = window.document.createEvent('UIEvents'); resizeEvent.initUIEvent('resize', true, false, window, 0); iframe.dispatchEvent(resizeEvent);});}})})<\/script><iframe class=\"civitatis-iframe\" style=\"max-width: 100%;\" src=\"https:\/\/www.civitatis.com\/widget-activities\/?affiliated=99960&#038;display=cosy&#038;cant=6&#038;lang=fr&#038;currency=EUR&#038;zone=492&#038;transfer=1&#038;cmp=Widget_Menorca_ES&#038;width=100%&#038;hideButton=0&#038;centerContent=1&#038;typeSelection=all&#038;color=1d5a8f&#038;typography=Montserrat&#038;removeBackground=1&#038;showShadow=1&#038;roundedButtons=1\" width=\"100%\" frameborder=\"0\" data-maxwidth=\"100%\"><\/iframe><\/div>\r\n","protected":false},"excerpt":{"rendered":"<p>Photos panoramiques de paysages, de plages, de villages, d&rsquo;\u00e9glises et de monuments arch\u00e9ologiques de Minorque<\/p>\n","protected":false},"author":1,"featured_media":63572,"comment_status":"closed","ping_status":"closed","sticky":false,"template":"","format":"standard","meta":{"_acf_changed":false,"footnotes":""},"categories":[1581,1869],"tags":[1585,3166,2685,2305],"class_list":["post-63570","post","type-post","status-publish","format-standard","has-post-thumbnail","hentry","category-guide-touristique","category-photos-et-videos","tag-es-mercadal","tag-imagenes-panoramicas-2","tag-photos","tag-plages","resize-featured-image"],"acf":{"elige_un_tipo_de_actividad":"","buscar_por_zonas":""},"yoast_head":"<!-- This site is optimized with the Yoast SEO plugin v27.4 - https:\/\/yoast.com\/product\/yoast-seo-wordpress\/ -->\n<title>Images panoramiques - Viaja a Menorca<\/title>\n<meta name=\"description\" content=\"Galerie d&#039;images panoramiques de Minorque , pr\u00e9sentant paysages , plages , villages , \u00e9glises et monuments arch\u00e9ologiques . Nous esp\u00e9rons qu&#039;elles vous plairont ;)\" \/>\n<meta name=\"robots\" content=\"index, follow, max-snippet:-1, max-image-preview:large, max-video-preview:-1\" \/>\n<link rel=\"canonical\" href=\"https:\/\/www.viajamenorca.com\/fr\/guide-touristique\/photos-et-videos\/imagenes-panoramicas\/\" \/>\n<meta property=\"og:locale\" content=\"fr_FR\" \/>\n<meta property=\"og:type\" content=\"article\" \/>\n<meta property=\"og:title\" content=\"Images panoramiques - Viaja a Menorca\" \/>\n<meta property=\"og:description\" content=\"Galerie d&#039;images panoramiques de Minorque , pr\u00e9sentant paysages , plages , villages , \u00e9glises et monuments arch\u00e9ologiques . Nous esp\u00e9rons qu&#039;elles vous plairont ;)\" \/>\n<meta property=\"og:url\" content=\"https:\/\/www.viajamenorca.com\/fr\/guide-touristique\/photos-et-videos\/imagenes-panoramicas\/\" \/>\n<meta property=\"og:site_name\" content=\"Viaja a Menorca\" \/>\n<meta property=\"article:publisher\" content=\"https:\/\/www.facebook.com\/ViajaMenorca\/\" \/>\n<meta property=\"article:author\" content=\"https:\/\/www.facebook.com\/ViajaMenorca\/\" \/>\n<meta property=\"article:published_time\" content=\"2019-03-22T16:46:24+00:00\" \/>\n<meta property=\"article:modified_time\" content=\"2026-03-16T06:25:08+00:00\" \/>\n<meta property=\"og:image\" content=\"https:\/\/www.viajamenorca.com\/wp-content\/uploads\/2019\/03\/pano-8.jpg\" \/>\n\t<meta property=\"og:image:width\" content=\"1404\" \/>\n\t<meta property=\"og:image:height\" content=\"328\" \/>\n\t<meta property=\"og:image:type\" content=\"image\/jpeg\" \/>\n<meta name=\"author\" content=\"RVM\" \/>\n<meta name=\"twitter:card\" content=\"summary_large_image\" \/>\n<meta name=\"twitter:creator\" content=\"@ViajaMenorca\" \/>\n<meta name=\"twitter:site\" content=\"@ViajaMenorca\" \/>\n<meta name=\"twitter:label1\" content=\"\u00c9crit par\" \/>\n\t<meta name=\"twitter:data1\" content=\"RVM\" \/>\n<script type=\"application\/ld+json\" class=\"yoast-schema-graph\">{\"@context\":\"https:\\\/\\\/schema.org\",\"@graph\":[{\"@type\":\"Article\",\"@id\":\"https:\\\/\\\/www.viajamenorca.com\\\/fr\\\/guide-touristique\\\/photos-et-videos\\\/imagenes-panoramicas\\\/#article\",\"isPartOf\":{\"@id\":\"https:\\\/\\\/www.viajamenorca.com\\\/fr\\\/guide-touristique\\\/photos-et-videos\\\/imagenes-panoramicas\\\/\"},\"author\":{\"name\":\"RVM\",\"@id\":\"https:\\\/\\\/www.viajamenorca.com\\\/fr\\\/#\\\/schema\\\/person\\\/a4a17bcf26fbf36b9726dc16edd0a3fc\"},\"headline\":\"Images panoramiques\",\"datePublished\":\"2019-03-22T16:46:24+00:00\",\"dateModified\":\"2026-03-16T06:25:08+00:00\",\"mainEntityOfPage\":{\"@id\":\"https:\\\/\\\/www.viajamenorca.com\\\/fr\\\/guide-touristique\\\/photos-et-videos\\\/imagenes-panoramicas\\\/\"},\"wordCount\":25,\"publisher\":{\"@id\":\"https:\\\/\\\/www.viajamenorca.com\\\/fr\\\/#organization\"},\"image\":{\"@id\":\"https:\\\/\\\/www.viajamenorca.com\\\/fr\\\/guide-touristique\\\/photos-et-videos\\\/imagenes-panoramicas\\\/#primaryimage\"},\"thumbnailUrl\":\"https:\\\/\\\/www.viajamenorca.com\\\/wp-content\\\/uploads\\\/2019\\\/03\\\/pano-8.jpg\",\"keywords\":[\"Es Mercadal\",\"Im\u00e1genes Panor\u00e1micas\",\"Photos\",\"Plages\"],\"articleSection\":[\"Guide touristique\",\"Photos et vid\u00e9os\"],\"inLanguage\":\"fr-FR\"},{\"@type\":\"WebPage\",\"@id\":\"https:\\\/\\\/www.viajamenorca.com\\\/fr\\\/guide-touristique\\\/photos-et-videos\\\/imagenes-panoramicas\\\/\",\"url\":\"https:\\\/\\\/www.viajamenorca.com\\\/fr\\\/guide-touristique\\\/photos-et-videos\\\/imagenes-panoramicas\\\/\",\"name\":\"Images panoramiques - Viaja a Menorca\",\"isPartOf\":{\"@id\":\"https:\\\/\\\/www.viajamenorca.com\\\/fr\\\/#website\"},\"primaryImageOfPage\":{\"@id\":\"https:\\\/\\\/www.viajamenorca.com\\\/fr\\\/guide-touristique\\\/photos-et-videos\\\/imagenes-panoramicas\\\/#primaryimage\"},\"image\":{\"@id\":\"https:\\\/\\\/www.viajamenorca.com\\\/fr\\\/guide-touristique\\\/photos-et-videos\\\/imagenes-panoramicas\\\/#primaryimage\"},\"thumbnailUrl\":\"https:\\\/\\\/www.viajamenorca.com\\\/wp-content\\\/uploads\\\/2019\\\/03\\\/pano-8.jpg\",\"datePublished\":\"2019-03-22T16:46:24+00:00\",\"dateModified\":\"2026-03-16T06:25:08+00:00\",\"description\":\"Galerie d'images panoramiques de Minorque , pr\u00e9sentant paysages , plages , villages , \u00e9glises et monuments arch\u00e9ologiques . Nous esp\u00e9rons qu'elles vous plairont ;)\",\"breadcrumb\":{\"@id\":\"https:\\\/\\\/www.viajamenorca.com\\\/fr\\\/guide-touristique\\\/photos-et-videos\\\/imagenes-panoramicas\\\/#breadcrumb\"},\"inLanguage\":\"fr-FR\",\"potentialAction\":[{\"@type\":\"ReadAction\",\"target\":[\"https:\\\/\\\/www.viajamenorca.com\\\/fr\\\/guide-touristique\\\/photos-et-videos\\\/imagenes-panoramicas\\\/\"]}]},{\"@type\":\"ImageObject\",\"inLanguage\":\"fr-FR\",\"@id\":\"https:\\\/\\\/www.viajamenorca.com\\\/fr\\\/guide-touristique\\\/photos-et-videos\\\/imagenes-panoramicas\\\/#primaryimage\",\"url\":\"https:\\\/\\\/www.viajamenorca.com\\\/wp-content\\\/uploads\\\/2019\\\/03\\\/pano-8.jpg\",\"contentUrl\":\"https:\\\/\\\/www.viajamenorca.com\\\/wp-content\\\/uploads\\\/2019\\\/03\\\/pano-8.jpg\",\"width\":1404,\"height\":328},{\"@type\":\"BreadcrumbList\",\"@id\":\"https:\\\/\\\/www.viajamenorca.com\\\/fr\\\/guide-touristique\\\/photos-et-videos\\\/imagenes-panoramicas\\\/#breadcrumb\",\"itemListElement\":[{\"@type\":\"ListItem\",\"position\":1,\"name\":\"Guide touristique\",\"item\":\"https:\\\/\\\/www.viajamenorca.com\\\/fr\\\/.\\\/guide-touristique\\\/\"},{\"@type\":\"ListItem\",\"position\":2,\"name\":\"Photos et vid\u00e9os\",\"item\":\"https:\\\/\\\/www.viajamenorca.com\\\/fr\\\/.\\\/guide-touristique\\\/photos-et-videos\\\/\"},{\"@type\":\"ListItem\",\"position\":3,\"name\":\"Images panoramiques\"}]},{\"@type\":\"WebSite\",\"@id\":\"https:\\\/\\\/www.viajamenorca.com\\\/fr\\\/#website\",\"url\":\"https:\\\/\\\/www.viajamenorca.com\\\/fr\\\/\",\"name\":\"Viaja a Menorca\",\"description\":\"Votre aventure minorquine commence ici !\",\"publisher\":{\"@id\":\"https:\\\/\\\/www.viajamenorca.com\\\/fr\\\/#organization\"},\"alternateName\":\"Gu\u00eda tur\u00edstica de Menorca\",\"potentialAction\":[{\"@type\":\"SearchAction\",\"target\":{\"@type\":\"EntryPoint\",\"urlTemplate\":\"https:\\\/\\\/www.viajamenorca.com\\\/fr\\\/?s={search_term_string}\"},\"query-input\":{\"@type\":\"PropertyValueSpecification\",\"valueRequired\":true,\"valueName\":\"search_term_string\"}}],\"inLanguage\":\"fr-FR\"},{\"@type\":\"Organization\",\"@id\":\"https:\\\/\\\/www.viajamenorca.com\\\/fr\\\/#organization\",\"name\":\"Viaja a Menorca - Gu\u00eda tur\u00edstica\",\"alternateName\":\"Viaja a Menorca\",\"url\":\"https:\\\/\\\/www.viajamenorca.com\\\/fr\\\/\",\"logo\":{\"@type\":\"ImageObject\",\"inLanguage\":\"fr-FR\",\"@id\":\"https:\\\/\\\/www.viajamenorca.com\\\/fr\\\/#\\\/schema\\\/logo\\\/image\\\/\",\"url\":\"https:\\\/\\\/www.viajamenorca.com\\\/wp-content\\\/uploads\\\/2021\\\/11\\\/viajamenorca.jpg\",\"contentUrl\":\"https:\\\/\\\/www.viajamenorca.com\\\/wp-content\\\/uploads\\\/2021\\\/11\\\/viajamenorca.jpg\",\"width\":714,\"height\":714,\"caption\":\"Viaja a Menorca - Gu\u00eda tur\u00edstica\"},\"image\":{\"@id\":\"https:\\\/\\\/www.viajamenorca.com\\\/fr\\\/#\\\/schema\\\/logo\\\/image\\\/\"},\"sameAs\":[\"https:\\\/\\\/www.facebook.com\\\/ViajaMenorca\\\/\",\"https:\\\/\\\/x.com\\\/ViajaMenorca\",\"https:\\\/\\\/www.instagram.com\\\/viaja_menorca\\\/?hl=es\",\"https:\\\/\\\/www.youtube.com\\\/channel\\\/UCWtpR3jxp79HeZ8zZfHLhXw\"]},{\"@type\":\"Person\",\"@id\":\"https:\\\/\\\/www.viajamenorca.com\\\/fr\\\/#\\\/schema\\\/person\\\/a4a17bcf26fbf36b9726dc16edd0a3fc\",\"name\":\"RVM\",\"image\":{\"@type\":\"ImageObject\",\"inLanguage\":\"fr-FR\",\"@id\":\"https:\\\/\\\/www.viajamenorca.com\\\/wp-content\\\/litespeed\\\/avatar\\\/f92762d1538920c5ee7c40d8d2c84bc0.jpg?ver=1777343553\",\"url\":\"https:\\\/\\\/www.viajamenorca.com\\\/wp-content\\\/litespeed\\\/avatar\\\/f92762d1538920c5ee7c40d8d2c84bc0.jpg?ver=1777343553\",\"contentUrl\":\"https:\\\/\\\/www.viajamenorca.com\\\/wp-content\\\/litespeed\\\/avatar\\\/f92762d1538920c5ee7c40d8d2c84bc0.jpg?ver=1777343553\",\"caption\":\"RVM\"},\"description\":\"Guia turistica de Menorca creada por un menorquin amante de su tierra, espero que os guste.\",\"sameAs\":[\"http:\\\/\\\/www.viajamenorca.com\",\"https:\\\/\\\/www.facebook.com\\\/ViajaMenorca\\\/\",\"https:\\\/\\\/www.instagram.com\\\/viaja_menorca\\\/?hl=es\",\"https:\\\/\\\/x.com\\\/ViajaMenorca\",\"https:\\\/\\\/www.youtube.com\\\/c\\\/ViajamenorcaEs\",\"https:\\\/\\\/es.wikipedia.org\\\/wiki\\\/Menorca\"]}]}<\/script>\n<!-- \/ Yoast SEO plugin. -->","yoast_head_json":{"title":"Images panoramiques - Viaja a Menorca","description":"Galerie d'images panoramiques de Minorque , pr\u00e9sentant paysages , plages , villages , \u00e9glises et monuments arch\u00e9ologiques . Nous esp\u00e9rons qu'elles vous plairont ;)","robots":{"index":"index","follow":"follow","max-snippet":"max-snippet:-1","max-image-preview":"max-image-preview:large","max-video-preview":"max-video-preview:-1"},"canonical":"https:\/\/www.viajamenorca.com\/fr\/guide-touristique\/photos-et-videos\/imagenes-panoramicas\/","og_locale":"fr_FR","og_type":"article","og_title":"Images panoramiques - Viaja a Menorca","og_description":"Galerie d'images panoramiques de Minorque , pr\u00e9sentant paysages , plages , villages , \u00e9glises et monuments arch\u00e9ologiques . Nous esp\u00e9rons qu'elles vous plairont ;)","og_url":"https:\/\/www.viajamenorca.com\/fr\/guide-touristique\/photos-et-videos\/imagenes-panoramicas\/","og_site_name":"Viaja a Menorca","article_publisher":"https:\/\/www.facebook.com\/ViajaMenorca\/","article_author":"https:\/\/www.facebook.com\/ViajaMenorca\/","article_published_time":"2019-03-22T16:46:24+00:00","article_modified_time":"2026-03-16T06:25:08+00:00","og_image":[{"width":1404,"height":328,"url":"https:\/\/www.viajamenorca.com\/wp-content\/uploads\/2019\/03\/pano-8.jpg","type":"image\/jpeg"}],"author":"RVM","twitter_card":"summary_large_image","twitter_creator":"@ViajaMenorca","twitter_site":"@ViajaMenorca","twitter_misc":{"\u00c9crit par":"RVM"},"schema":{"@context":"https:\/\/schema.org","@graph":[{"@type":"Article","@id":"https:\/\/www.viajamenorca.com\/fr\/guide-touristique\/photos-et-videos\/imagenes-panoramicas\/#article","isPartOf":{"@id":"https:\/\/www.viajamenorca.com\/fr\/guide-touristique\/photos-et-videos\/imagenes-panoramicas\/"},"author":{"name":"RVM","@id":"https:\/\/www.viajamenorca.com\/fr\/#\/schema\/person\/a4a17bcf26fbf36b9726dc16edd0a3fc"},"headline":"Images panoramiques","datePublished":"2019-03-22T16:46:24+00:00","dateModified":"2026-03-16T06:25:08+00:00","mainEntityOfPage":{"@id":"https:\/\/www.viajamenorca.com\/fr\/guide-touristique\/photos-et-videos\/imagenes-panoramicas\/"},"wordCount":25,"publisher":{"@id":"https:\/\/www.viajamenorca.com\/fr\/#organization"},"image":{"@id":"https:\/\/www.viajamenorca.com\/fr\/guide-touristique\/photos-et-videos\/imagenes-panoramicas\/#primaryimage"},"thumbnailUrl":"https:\/\/www.viajamenorca.com\/wp-content\/uploads\/2019\/03\/pano-8.jpg","keywords":["Es Mercadal","Im\u00e1genes Panor\u00e1micas","Photos","Plages"],"articleSection":["Guide touristique","Photos et vid\u00e9os"],"inLanguage":"fr-FR"},{"@type":"WebPage","@id":"https:\/\/www.viajamenorca.com\/fr\/guide-touristique\/photos-et-videos\/imagenes-panoramicas\/","url":"https:\/\/www.viajamenorca.com\/fr\/guide-touristique\/photos-et-videos\/imagenes-panoramicas\/","name":"Images panoramiques - Viaja a Menorca","isPartOf":{"@id":"https:\/\/www.viajamenorca.com\/fr\/#website"},"primaryImageOfPage":{"@id":"https:\/\/www.viajamenorca.com\/fr\/guide-touristique\/photos-et-videos\/imagenes-panoramicas\/#primaryimage"},"image":{"@id":"https:\/\/www.viajamenorca.com\/fr\/guide-touristique\/photos-et-videos\/imagenes-panoramicas\/#primaryimage"},"thumbnailUrl":"https:\/\/www.viajamenorca.com\/wp-content\/uploads\/2019\/03\/pano-8.jpg","datePublished":"2019-03-22T16:46:24+00:00","dateModified":"2026-03-16T06:25:08+00:00","description":"Galerie d'images panoramiques de Minorque , pr\u00e9sentant paysages , plages , villages , \u00e9glises et monuments arch\u00e9ologiques . Nous esp\u00e9rons qu'elles vous plairont ;)","breadcrumb":{"@id":"https:\/\/www.viajamenorca.com\/fr\/guide-touristique\/photos-et-videos\/imagenes-panoramicas\/#breadcrumb"},"inLanguage":"fr-FR","potentialAction":[{"@type":"ReadAction","target":["https:\/\/www.viajamenorca.com\/fr\/guide-touristique\/photos-et-videos\/imagenes-panoramicas\/"]}]},{"@type":"ImageObject","inLanguage":"fr-FR","@id":"https:\/\/www.viajamenorca.com\/fr\/guide-touristique\/photos-et-videos\/imagenes-panoramicas\/#primaryimage","url":"https:\/\/www.viajamenorca.com\/wp-content\/uploads\/2019\/03\/pano-8.jpg","contentUrl":"https:\/\/www.viajamenorca.com\/wp-content\/uploads\/2019\/03\/pano-8.jpg","width":1404,"height":328},{"@type":"BreadcrumbList","@id":"https:\/\/www.viajamenorca.com\/fr\/guide-touristique\/photos-et-videos\/imagenes-panoramicas\/#breadcrumb","itemListElement":[{"@type":"ListItem","position":1,"name":"Guide touristique","item":"https:\/\/www.viajamenorca.com\/fr\/.\/guide-touristique\/"},{"@type":"ListItem","position":2,"name":"Photos et vid\u00e9os","item":"https:\/\/www.viajamenorca.com\/fr\/.\/guide-touristique\/photos-et-videos\/"},{"@type":"ListItem","position":3,"name":"Images panoramiques"}]},{"@type":"WebSite","@id":"https:\/\/www.viajamenorca.com\/fr\/#website","url":"https:\/\/www.viajamenorca.com\/fr\/","name":"Viaja a Menorca","description":"Votre aventure minorquine commence ici !","publisher":{"@id":"https:\/\/www.viajamenorca.com\/fr\/#organization"},"alternateName":"Gu\u00eda tur\u00edstica de Menorca","potentialAction":[{"@type":"SearchAction","target":{"@type":"EntryPoint","urlTemplate":"https:\/\/www.viajamenorca.com\/fr\/?s={search_term_string}"},"query-input":{"@type":"PropertyValueSpecification","valueRequired":true,"valueName":"search_term_string"}}],"inLanguage":"fr-FR"},{"@type":"Organization","@id":"https:\/\/www.viajamenorca.com\/fr\/#organization","name":"Viaja a Menorca - Gu\u00eda tur\u00edstica","alternateName":"Viaja a Menorca","url":"https:\/\/www.viajamenorca.com\/fr\/","logo":{"@type":"ImageObject","inLanguage":"fr-FR","@id":"https:\/\/www.viajamenorca.com\/fr\/#\/schema\/logo\/image\/","url":"https:\/\/www.viajamenorca.com\/wp-content\/uploads\/2021\/11\/viajamenorca.jpg","contentUrl":"https:\/\/www.viajamenorca.com\/wp-content\/uploads\/2021\/11\/viajamenorca.jpg","width":714,"height":714,"caption":"Viaja a Menorca - Gu\u00eda tur\u00edstica"},"image":{"@id":"https:\/\/www.viajamenorca.com\/fr\/#\/schema\/logo\/image\/"},"sameAs":["https:\/\/www.facebook.com\/ViajaMenorca\/","https:\/\/x.com\/ViajaMenorca","https:\/\/www.instagram.com\/viaja_menorca\/?hl=es","https:\/\/www.youtube.com\/channel\/UCWtpR3jxp79HeZ8zZfHLhXw"]},{"@type":"Person","@id":"https:\/\/www.viajamenorca.com\/fr\/#\/schema\/person\/a4a17bcf26fbf36b9726dc16edd0a3fc","name":"RVM","image":{"@type":"ImageObject","inLanguage":"fr-FR","@id":"https:\/\/www.viajamenorca.com\/wp-content\/litespeed\/avatar\/f92762d1538920c5ee7c40d8d2c84bc0.jpg?ver=1777343553","url":"https:\/\/www.viajamenorca.com\/wp-content\/litespeed\/avatar\/f92762d1538920c5ee7c40d8d2c84bc0.jpg?ver=1777343553","contentUrl":"https:\/\/www.viajamenorca.com\/wp-content\/litespeed\/avatar\/f92762d1538920c5ee7c40d8d2c84bc0.jpg?ver=1777343553","caption":"RVM"},"description":"Guia turistica de Menorca creada por un menorquin amante de su tierra, espero que os guste.","sameAs":["http:\/\/www.viajamenorca.com","https:\/\/www.facebook.com\/ViajaMenorca\/","https:\/\/www.instagram.com\/viaja_menorca\/?hl=es","https:\/\/x.com\/ViajaMenorca","https:\/\/www.youtube.com\/c\/ViajamenorcaEs","https:\/\/es.wikipedia.org\/wiki\/Menorca"]}]}},"_links":{"self":[{"href":"https:\/\/www.viajamenorca.com\/fr\/wp-json\/wp\/v2\/posts\/63570","targetHints":{"allow":["GET"]}}],"collection":[{"href":"https:\/\/www.viajamenorca.com\/fr\/wp-json\/wp\/v2\/posts"}],"about":[{"href":"https:\/\/www.viajamenorca.com\/fr\/wp-json\/wp\/v2\/types\/post"}],"author":[{"embeddable":true,"href":"https:\/\/www.viajamenorca.com\/fr\/wp-json\/wp\/v2\/users\/1"}],"replies":[{"embeddable":true,"href":"https:\/\/www.viajamenorca.com\/fr\/wp-json\/wp\/v2\/comments?post=63570"}],"version-history":[{"count":4,"href":"https:\/\/www.viajamenorca.com\/fr\/wp-json\/wp\/v2\/posts\/63570\/revisions"}],"predecessor-version":[{"id":63986,"href":"https:\/\/www.viajamenorca.com\/fr\/wp-json\/wp\/v2\/posts\/63570\/revisions\/63986"}],"wp:featuredmedia":[{"embeddable":true,"href":"https:\/\/www.viajamenorca.com\/fr\/wp-json\/wp\/v2\/media\/63572"}],"wp:attachment":[{"href":"https:\/\/www.viajamenorca.com\/fr\/wp-json\/wp\/v2\/media?parent=63570"}],"wp:term":[{"taxonomy":"category","embeddable":true,"href":"https:\/\/www.viajamenorca.com\/fr\/wp-json\/wp\/v2\/categories?post=63570"},{"taxonomy":"post_tag","embeddable":true,"href":"https:\/\/www.viajamenorca.com\/fr\/wp-json\/wp\/v2\/tags?post=63570"}],"curies":[{"name":"wp","href":"https:\/\/api.w.org\/{rel}","templated":true}]}}