{"id":63573,"date":"2019-03-02T23:55:52","date_gmt":"2019-03-02T23:55:52","guid":{"rendered":"https:\/\/www.viajamenorca.com\/non-classe\/un-poco-de-historia\/"},"modified":"2026-04-02T00:18:07","modified_gmt":"2026-04-02T00:18:07","slug":"histoire-de-minorque","status":"publish","type":"post","link":"https:\/\/www.viajamenorca.com\/fr\/guide-touristique\/a-propos-de-minorque\/histoire-de-minorque\/","title":{"rendered":"Un peu d&rsquo;histoire"},"content":{"rendered":"<h3><span style=\"font-size: 13.5pt;\">Avec sa riche culture talayotique et ses monuments historiques, Minorque est un mus\u00e9e en plein air qui vous permet de vous immerger dans son histoire. D\u00e9couvrez les secrets du pass\u00e9 sur cette \u00eele m\u00e9diterran\u00e9enne.<\/span><\/h3>\n<p><a href=\"https:\/\/www.viajamenorca.com\/guia-turistica\/attachment\/mapa_antiguo_menorca\/#main\"><img decoding=\"async\" class=\"alignright wp-image-2476\" title=\"Histoire de Minorque - Carte ancienne de Minorque\" src=\"https:\/\/www.viajamenorca.com\/wp-content\/uploads\/2010\/04\/mapa_antiguo_menorca-e1550587785508.jpg\" alt=\"Carte ancienne de Minorque - histoire de Minorque\" width=\"320\" height=\"255\" srcset=\"https:\/\/www.viajamenorca.com\/wp-content\/uploads\/2010\/04\/mapa_antiguo_menorca-e1550587785508.jpg 560w, https:\/\/www.viajamenorca.com\/wp-content\/uploads\/2010\/04\/mapa_antiguo_menorca-e1550587785508-300x239.jpg 300w, https:\/\/www.viajamenorca.com\/wp-content\/uploads\/2010\/04\/mapa_antiguo_menorca-e1550587785508-110x88.jpg 110w, https:\/\/www.viajamenorca.com\/wp-content\/uploads\/2010\/04\/mapa_antiguo_menorca-e1550587785508-420x335.jpg 420w, https:\/\/www.viajamenorca.com\/wp-content\/uploads\/2010\/04\/mapa_antiguo_menorca-e1550587785508-540x430.jpg 540w\" sizes=\"(max-width: 320px) 100vw, 320px\" \/><\/a><\/p>\n<h3><span style=\"font-size: 15pt;\"><\/span><\/h3>\n<h2><span style=\"font-size: 18pt;\">Histoire de Minorque<\/span><\/h2>\n<p>Minorque, de par sa situation strat\u00e9gique au centre de la M\u00e9diterran\u00e9e, a \u00e9t\u00e9 un point de confluence pour diverses cultures qui, depuis la pr\u00e9histoire, ont trouv\u00e9 refuge et port d&rsquo;escale sur l&rsquo;\u00eele. L&#8217;empreinte de ces civilisations est ind\u00e9niable et se trouve dispers\u00e9e sur tout le territoire minorquin, faisant de l&rsquo;\u00eele un v\u00e9ritable mus\u00e9e en plein air pour ceux qui souhaitent explorer son pass\u00e9.<\/p>\n<h2><span style=\"font-size: 18pt;\">La culture talayotique<\/span><\/h2>\n<p>Le legs le plus embl\u00e9matique de l&rsquo;\u00e9poque pr\u00e9historique de Minorque est sa culture talayotique, dont les vestiges comprennent les imposantes \u00ab\u00a0taules\u00a0\u00bb, des structures m\u00e9galithiques uniques au monde qui servaient de centres c\u00e9r\u00e9moniels. <div class=\"g g-8\"><div class=\"g-single a-74\"><a href=\"https:\/\/www.viajamenorca.com\/fr\/activites\/location-de-bateaux\/louer-un-kayak\/\" target=\"_blank\" rel=\"nofollow\">\r\n    <img decoding=\"async\" src=\"https:\/\/www.viajamenorca.com\/wp-content\/uploads\/2026\/02\/FRANCES_BLUE-6-1.jpg\" width=\"350\" height=\"210\" title=\"Excursions en kayak\" alt=\"Excursions en kayak\" alt=\"Free tour por Mah\u00f3n\" \/>\" \/>\r\n<\/a><\/div><\/div><\/p>\n<p>Les s\u00e9pultures m\u00e9galithiques, connues sous le nom de \u00ab\u00a0navetas\u00a0\u00bb, sont un autre t\u00e9moignage impressionnant des pratiques fun\u00e9raires anciennes, construites avec de grands blocs de pierre en forme de navire invers\u00e9. Les \u00ab\u00a0talaiots\u00a0\u00bb se distinguent \u00e9galement : ces tours de guet dominent le paysage minorquin et offrent un aper\u00e7u de l&rsquo;architecture d\u00e9fensive de l&rsquo;\u00e9poque.<\/p>\n<p>Les <a href=\"https:\/\/www.viajamenorca.com\/fr\/guide-touristique\/routes-et-itineraires\/talayotique-minorque\/\"><strong>villages pr\u00e9historiques<\/strong><\/a>, comme celui de <a href=\"https:\/\/www.viajamenorca.com\/guia-turistica\/rutas-e-itinerarios\/menorca-talayotica\/trepuco\/\"><strong>Trepuc\u00f3<\/strong><\/a> ou <strong><a href=\"https:\/\/www.viajamenorca.com\/guia-turistica\/rutas-e-itinerarios\/menorca-talayotica\/torre-den-galmes\/\">Torre d\u2019en Galm\u00e9s<\/a><\/strong>, r\u00e9v\u00e8lent le mode de vie de ces cultures anciennes et leur organisation sociale avanc\u00e9e. Ces \u00e9tablissements, avec leurs habitations et espaces communs, t\u00e9moignent d&rsquo;une communaut\u00e9 bien structur\u00e9e et connect\u00e9e \u00e0 son environnement.<\/p>\n<h2><span style=\"font-size: 18pt;\">Conqu\u00eates et dominations<\/span><\/h2>\n<p>L&rsquo;histoire de Minorque a \u00e9t\u00e9 forg\u00e9e par les conqu\u00eates et les dominations de diverses cultures au fil des si\u00e8cles. Romains, Arabes, la Couronne d&rsquo;Aragon, le Royaume de Majorque, les pirates barbaresques, les Anglais et les Fran\u00e7ais ont laiss\u00e9 leur trace sur l&rsquo;\u00eele, cr\u00e9ant un h\u00e9ritage patrimonial et culturel unique.<\/p>\n<p data-sourcepos=\"5:1-5:346\">Des rues m\u00e9di\u00e9vales \u00e9troites de <a href=\"https:\/\/www.viajamenorca.com\/fr\/guide-touristique\/villages\/ciutadella-citadelle\/\"><strong>Ciutadella<\/strong><\/a>, qui \u00e9voquent un pass\u00e9 de chevaliers et de remparts, \u00e0 l&rsquo;architecture militaire anglaise de <a href=\"https:\/\/www.viajamenorca.com\/fr\/guide-touristique\/villages\/mao-mahon\/\"><strong>Mah\u00f3n<\/strong><\/a>, refl\u00e9tant son importance strat\u00e9gique durant la domination britannique, Minorque vous propose un voyage fascinant \u00e0 travers le temps. <div class=\"g g-10\"><div class=\"g-single a-80\"><a href=\"https:\/\/www.civitatis.com\/fr\/fornells\/croisiere-criques-nord\/?aid=99960\" target=\"_blank\" rel=\"nofollow\">\r\n    <img decoding=\"async\" src=\"https:\/\/www.viajamenorca.com\/wp-content\/uploads\/2026\/02\/FRANCES_ROSE-5-1.jpg\" width=\"350\" height=\"210\" title=\"Promenade en bateau criques nord\" alt=\"Promenade en bateau criques nord\" \/>\r\n<\/a><\/div><\/div><\/p>\n<p>L&rsquo;\u00eele conserve des vestiges romains, comme ceux que l&rsquo;on trouve dans des villes comme Mah\u00f3n, Ciutadella ou le <a href=\"https:\/\/www.viajamenorca.com\/guia-turistica\/rutas-e-itinerarios\/ruta-monumental\/puerto-sanitja-sanisera\/\"><strong>port de sa Sanitja<\/strong><\/a>. L&rsquo;architecture islamique s&rsquo;appr\u00e9cie dans d&rsquo;anciennes mosqu\u00e9es, des maisons seigneuriales et au <a href=\"https:\/\/www.viajamenorca.com\/guia-turistica\/rutas-e-itinerarios\/ruta-monumental\/castillo-de-santa-agueda\/\"><strong>ch\u00e2teau de Santa \u00c1gueda<\/strong><\/a>. L&rsquo;influence britannique, quant \u00e0 elle, se refl\u00e8te dans l&rsquo;\u00e9l\u00e9gance de l&rsquo;architecture g\u00e9orgienne et dans d&rsquo;imposantes forteresses comme le ch\u00e2teau de San Felipe, le fort de <strong><a href=\"https:\/\/www.viajamenorca.com\/guia-turistica\/rutas-e-itinerarios\/ruta-monumental\/fort-de-marlborough\/\">Marlborough<\/a> <\/strong>et les tours de d\u00e9fense qui entourent l&rsquo;\u00eele. Enfin, l&rsquo;h\u00e9ritage fran\u00e7ais est perceptible dans la planification urbaine de certaines zones et de certains <a href=\"https:\/\/www.viajamenorca.com\/fr\/guide-touristique\/populations\/\"><strong>villages<\/strong><\/a>, comme <strong><a href=\"https:\/\/www.viajamenorca.com\/fr\/guide-touristique\/villages\/sant-lluis-san-luis\/\">Sant Llu\u00eds<\/a><\/strong>.<\/p>\n<h2><span style=\"font-size: 18pt;\">Un h\u00e9ritage prot\u00e9g\u00e9<\/span><\/h2>\n<p>Minorque n&rsquo;a pas seulement pr\u00e9serv\u00e9 tous ces <a href=\"https:\/\/www.viajamenorca.com\/fr\/guide-touristique\/routes-et-itineraires\/route-monumentale\/\"><strong>monuments<\/strong><\/a>, elle a aussi maintenu un engagement ferme envers la <a href=\"https:\/\/www.viajamenorca.com\/fr\/guide-touristique\/reserve-de-biosphere\/\"><strong>conservation de l&rsquo;environnement<\/strong><\/a> et le tourisme durable. De plus, l&rsquo;\u00eele a \u00e9t\u00e9 d\u00e9clar\u00e9e <a href=\"https:\/\/www.viajamenorca.com\/fr\/blog-magazine\/patrimoine-mondial\/\"><strong>Patrimoine Mondial<\/strong><\/a> par l&rsquo;UNESCO, ce qui souligne son importance historique et culturelle au niveau mondial. La combinaison de l&rsquo;histoire, de la culture et de la nature fait de Minorque une destination unique pour les passionn\u00e9s d&rsquo;arch\u00e9ologie et d&rsquo;histoire.<\/p>\n<h2><span style=\"font-size: 18pt;\">Plus d&rsquo;articles sur l&rsquo;histoire<\/span><\/h2>\n<ul>\n<li>\n<h3><a href=\"https:\/\/www.viajamenorca.com\/fr\/blog-magazine\/patrimoine-mondial\/#Lrsquoepoque_talayotique\">L&rsquo;\u00e9poque talayotique<\/a><\/h3>\n<\/li>\n<li>\n<h3><span style=\"font-size: 15pt;\"><a href=\"https:\/\/www.viajamenorca.com\/fr\/guide-touristique\/villages\/alaior-alayor\/#Un_peu_drsquohistoire_et_de_culture\">Histoire d&rsquo;Alaior<\/a><\/span><\/h3>\n<\/li>\n<li>\n<h3><a href=\"https:\/\/www.viajamenorca.com\/fr\/guide-touristique\/villages\/fornells\/#Histoire_de_Fornells\">Histoire de Fornells<\/a><\/h3>\n<\/li>\n<li>\n<h3><a href=\"https:\/\/www.viajamenorca.com\/fr\/guide-touristique\/villages\/es-mercadal\/#Lrsquohistoire\">Histoire d&rsquo;Es Mercadal<\/a><\/h3>\n<\/li>\n<li>\n<h3><a href=\"https:\/\/www.viajamenorca.com\/fr\/guide-touristique\/villages\/sant-lluis-san-luis\/#Lrsquohistoire\">Histoire de Sant Llu\u00eds<\/a><\/h3>\n<\/li>\n<li>\n<h3><span style=\"font-size: 15pt;\"><a href=\"https:\/\/www.viajamenorca.com\/fr\/guide-touristique\/villages\/es-migjorn-gran\/#Lrsquohistoire\">Histoire d&rsquo;Es Migjorn Gran<\/a><\/span><\/h3>\n<\/li>\n<li>\n<h3><span style=\"font-size: 15pt;\"><a href=\"https:\/\/www.viajamenorca.com\/fr\/guide-touristique\/villages\/es-castell-villacarlos\/#Lrsquohistoire\">Histoire d&rsquo;Es Castell (Villacarlos)<\/a><\/span><\/h3>\n<\/li>\n<li>\n<h3><a href=\"https:\/\/www.viajamenorca.com\/fr\/que-faire-a-minorque\/foires-et-marches\/marche-de-mahon\/#Histoire\">Histoire du March\u00e9 de Mah\u00f3n<\/a><\/h3>\n<\/li>\n<li>\n<h3><a href=\"https:\/\/www.viajamenorca.com\/fr\/guide-touristique\/routes-et-itineraires\/itineraire-culturel\/musees\/\">Mus\u00e9es de Minorque<\/a><\/h3>\n<\/li>\n<\/ul>\n<h2 style=\"text-align: center;\"><span style=\"font-size: 18pt;\">Galerie d&rsquo;images<\/span><\/h2>\n\n\n<figure class=\"wp-block-gallery has-nested-images columns-3 is-cropped wp-block-gallery-1 is-layout-flex wp-block-gallery-is-layout-flex\">\n<figure class=\"wp-block-image size-large\"><a href=\"https:\/\/www.viajamenorca.com\/fr\/img_20220125_154219\/\"><img decoding=\"async\" width=\"1024\" height=\"472\" data-id=\"19970\" src=\"https:\/\/www.viajamenorca.com\/wp-content\/uploads\/2022\/02\/IMG_20220125_154219-1024x472.jpg\" alt=\"\" class=\"wp-image-19970\" srcset=\"https:\/\/www.viajamenorca.com\/wp-content\/uploads\/2022\/02\/IMG_20220125_154219-1024x472.jpg 1024w, https:\/\/www.viajamenorca.com\/wp-content\/uploads\/2022\/02\/IMG_20220125_154219-350x161.jpg 350w, https:\/\/www.viajamenorca.com\/wp-content\/uploads\/2022\/02\/IMG_20220125_154219-768x354.jpg 768w, https:\/\/www.viajamenorca.com\/wp-content\/uploads\/2022\/02\/IMG_20220125_154219-1536x709.jpg 1536w, https:\/\/www.viajamenorca.com\/wp-content\/uploads\/2022\/02\/IMG_20220125_154219-2048x945.jpg 2048w\" sizes=\"(max-width: 1024px) 100vw, 1024px\" \/><\/a><\/figure>\n\n\n\n<figure class=\"wp-block-image size-large\"><a href=\"https:\/\/www.viajamenorca.com\/?attachment_id=1633#main\"><img decoding=\"async\" width=\"1024\" height=\"630\" data-id=\"1633\" src=\"https:\/\/www.viajamenorca.com\/wp-content\/uploads\/2017\/01\/IMG_20161023_171206-e1484947186402-1024x630.jpg\" alt=\"\" class=\"wp-image-1633\" srcset=\"https:\/\/www.viajamenorca.com\/wp-content\/uploads\/2017\/01\/IMG_20161023_171206-e1484947186402-1024x630.jpg 1024w, https:\/\/www.viajamenorca.com\/wp-content\/uploads\/2017\/01\/IMG_20161023_171206-e1484947186402-300x185.jpg 300w, https:\/\/www.viajamenorca.com\/wp-content\/uploads\/2017\/01\/IMG_20161023_171206-e1484947186402-768x472.jpg 768w, https:\/\/www.viajamenorca.com\/wp-content\/uploads\/2017\/01\/IMG_20161023_171206-e1484947186402-110x68.jpg 110w, https:\/\/www.viajamenorca.com\/wp-content\/uploads\/2017\/01\/IMG_20161023_171206-e1484947186402-420x258.jpg 420w, https:\/\/www.viajamenorca.com\/wp-content\/uploads\/2017\/01\/IMG_20161023_171206-e1484947186402-699x430.jpg 699w\" sizes=\"(max-width: 1024px) 100vw, 1024px\" \/><\/a><\/figure>\n\n\n\n<figure class=\"wp-block-image size-full\"><a href=\"https:\/\/www.viajamenorca.com\/guia-turistica\/rutas-e-itinerarios\/menorca-talayotica\/necropolis-de-cales-coves\/attachment\/img_20220218_181940_1_stitch\/#main\"><img decoding=\"async\" width=\"2560\" height=\"1910\" data-id=\"21225\" src=\"https:\/\/www.viajamenorca.com\/wp-content\/uploads\/2022\/02\/IMG_20220218_181940_1_stitch-scaled.jpg\" alt=\"\" class=\"wp-image-21225\" srcset=\"https:\/\/www.viajamenorca.com\/wp-content\/uploads\/2022\/02\/IMG_20220218_181940_1_stitch-scaled.jpg 2560w, https:\/\/www.viajamenorca.com\/wp-content\/uploads\/2022\/02\/IMG_20220218_181940_1_stitch-350x261.jpg 350w, https:\/\/www.viajamenorca.com\/wp-content\/uploads\/2022\/02\/IMG_20220218_181940_1_stitch-1024x764.jpg 1024w, https:\/\/www.viajamenorca.com\/wp-content\/uploads\/2022\/02\/IMG_20220218_181940_1_stitch-768x573.jpg 768w, https:\/\/www.viajamenorca.com\/wp-content\/uploads\/2022\/02\/IMG_20220218_181940_1_stitch-1536x1146.jpg 1536w, https:\/\/www.viajamenorca.com\/wp-content\/uploads\/2022\/02\/IMG_20220218_181940_1_stitch-2048x1528.jpg 2048w\" sizes=\"(max-width: 2560px) 100vw, 2560px\" \/><\/a><\/figure>\n\n\n\n<figure class=\"wp-block-image size-large\"><a href=\"https:\/\/www.viajamenorca.com\/guia-turistica\/attachment\/sala_hipostila_resize\/#main\"><img decoding=\"async\" width=\"717\" height=\"538\" data-id=\"1159\" src=\"https:\/\/www.viajamenorca.com\/wp-content\/uploads\/2010\/04\/sala_hipostila_resize.jpg\" alt=\"\" class=\"wp-image-1159\" srcset=\"https:\/\/www.viajamenorca.com\/wp-content\/uploads\/2010\/04\/sala_hipostila_resize.jpg 717w, https:\/\/www.viajamenorca.com\/wp-content\/uploads\/2010\/04\/sala_hipostila_resize-300x225.jpg 300w, https:\/\/www.viajamenorca.com\/wp-content\/uploads\/2010\/04\/sala_hipostila_resize-110x83.jpg 110w, https:\/\/www.viajamenorca.com\/wp-content\/uploads\/2010\/04\/sala_hipostila_resize-420x315.jpg 420w, https:\/\/www.viajamenorca.com\/wp-content\/uploads\/2010\/04\/sala_hipostila_resize-573x430.jpg 573w\" sizes=\"(max-width: 717px) 100vw, 717px\" \/><\/a><\/figure>\n\n\n\n<figure class=\"wp-block-image size-large\"><a href=\"https:\/\/www.viajamenorca.com\/guia-turistica\/rutas-e-itinerarios\/menorca-talayotica\/torre-den-galmes\/attachment\/dscn9381\/#main\"><img decoding=\"async\" width=\"768\" height=\"1024\" data-id=\"13831\" src=\"https:\/\/www.viajamenorca.com\/wp-content\/uploads\/2019\/01\/DSCN9381.jpg\" alt=\"\" class=\"wp-image-13831\" srcset=\"https:\/\/www.viajamenorca.com\/wp-content\/uploads\/2019\/01\/DSCN9381.jpg 768w, https:\/\/www.viajamenorca.com\/wp-content\/uploads\/2019\/01\/DSCN9381-225x300.jpg 225w, https:\/\/www.viajamenorca.com\/wp-content\/uploads\/2019\/01\/DSCN9381-83x110.jpg 83w, https:\/\/www.viajamenorca.com\/wp-content\/uploads\/2019\/01\/DSCN9381-315x420.jpg 315w, https:\/\/www.viajamenorca.com\/wp-content\/uploads\/2019\/01\/DSCN9381-323x430.jpg 323w\" sizes=\"(max-width: 768px) 100vw, 768px\" \/><\/a><\/figure>\n\n\n\n<figure class=\"wp-block-image size-large\"><a href=\"https:\/\/www.viajamenorca.com\/fr\/musee-de-minorque-3\/\"><img decoding=\"async\" width=\"1024\" height=\"768\" data-id=\"6919\" src=\"https:\/\/www.viajamenorca.com\/wp-content\/uploads\/2018\/11\/20181110_123714691237788-1024x768.jpg\" alt=\"\" class=\"wp-image-6919\" srcset=\"https:\/\/www.viajamenorca.com\/wp-content\/uploads\/2018\/11\/20181110_123714691237788-1024x768.jpg 1024w, https:\/\/www.viajamenorca.com\/wp-content\/uploads\/2018\/11\/20181110_123714691237788-300x225.jpg 300w, https:\/\/www.viajamenorca.com\/wp-content\/uploads\/2018\/11\/20181110_123714691237788-768x576.jpg 768w, https:\/\/www.viajamenorca.com\/wp-content\/uploads\/2018\/11\/20181110_123714691237788-110x83.jpg 110w, https:\/\/www.viajamenorca.com\/wp-content\/uploads\/2018\/11\/20181110_123714691237788-420x315.jpg 420w, https:\/\/www.viajamenorca.com\/wp-content\/uploads\/2018\/11\/20181110_123714691237788-573x430.jpg 573w\" sizes=\"(max-width: 1024px) 100vw, 1024px\" \/><\/a><\/figure>\n\n\n\n<figure class=\"wp-block-image size-large\"><a href=\"https:\/\/www.viajamenorca.com\/guia-turistica\/rutas-e-itinerarios\/ruta-monumental\/basilicas\/basilica-des-fornas-torello\/attachment\/img_20211220_163241\/#main\"><img decoding=\"async\" width=\"1024\" height=\"472\" data-id=\"18729\" src=\"https:\/\/www.viajamenorca.com\/wp-content\/uploads\/2019\/01\/IMG_20211220_163241-1024x472.jpg\" alt=\"\" class=\"wp-image-18729\" srcset=\"https:\/\/www.viajamenorca.com\/wp-content\/uploads\/2019\/01\/IMG_20211220_163241-1024x472.jpg 1024w, https:\/\/www.viajamenorca.com\/wp-content\/uploads\/2019\/01\/IMG_20211220_163241-350x161.jpg 350w, https:\/\/www.viajamenorca.com\/wp-content\/uploads\/2019\/01\/IMG_20211220_163241-768x354.jpg 768w, https:\/\/www.viajamenorca.com\/wp-content\/uploads\/2019\/01\/IMG_20211220_163241-1536x709.jpg 1536w, https:\/\/www.viajamenorca.com\/wp-content\/uploads\/2019\/01\/IMG_20211220_163241-2048x945.jpg 2048w\" sizes=\"(max-width: 1024px) 100vw, 1024px\" \/><\/a><\/figure>\n\n\n\n<figure class=\"wp-block-image size-large\"><a href=\"https:\/\/www.viajamenorca.com\/?attachment_id=1951#main\"><img decoding=\"async\" width=\"576\" height=\"768\" data-id=\"1951\" src=\"https:\/\/www.viajamenorca.com\/wp-content\/uploads\/2017\/01\/IMG_20161216_145700-Copy.jpg\" alt=\"\" class=\"wp-image-1951\" srcset=\"https:\/\/www.viajamenorca.com\/wp-content\/uploads\/2017\/01\/IMG_20161216_145700-Copy.jpg 576w, https:\/\/www.viajamenorca.com\/wp-content\/uploads\/2017\/01\/IMG_20161216_145700-Copy-225x300.jpg 225w, https:\/\/www.viajamenorca.com\/wp-content\/uploads\/2017\/01\/IMG_20161216_145700-Copy-83x110.jpg 83w, https:\/\/www.viajamenorca.com\/wp-content\/uploads\/2017\/01\/IMG_20161216_145700-Copy-315x420.jpg 315w, https:\/\/www.viajamenorca.com\/wp-content\/uploads\/2017\/01\/IMG_20161216_145700-Copy-323x430.jpg 323w\" sizes=\"(max-width: 576px) 100vw, 576px\" \/><\/a><\/figure>\n\n\n\n<figure class=\"wp-block-image size-large\"><a href=\"https:\/\/www.viajamenorca.com\/?attachment_id=1687#main\"><img decoding=\"async\" width=\"1024\" height=\"768\" data-id=\"1687\" src=\"https:\/\/www.viajamenorca.com\/wp-content\/uploads\/2017\/01\/IMG_20161212_162158-Copy-1024x768.jpg\" alt=\"\" class=\"wp-image-1687\" srcset=\"https:\/\/www.viajamenorca.com\/wp-content\/uploads\/2017\/01\/IMG_20161212_162158-Copy.jpg 1024w, https:\/\/www.viajamenorca.com\/wp-content\/uploads\/2017\/01\/IMG_20161212_162158-Copy-300x225.jpg 300w, https:\/\/www.viajamenorca.com\/wp-content\/uploads\/2017\/01\/IMG_20161212_162158-Copy-768x576.jpg 768w, https:\/\/www.viajamenorca.com\/wp-content\/uploads\/2017\/01\/IMG_20161212_162158-Copy-110x83.jpg 110w, https:\/\/www.viajamenorca.com\/wp-content\/uploads\/2017\/01\/IMG_20161212_162158-Copy-420x315.jpg 420w, https:\/\/www.viajamenorca.com\/wp-content\/uploads\/2017\/01\/IMG_20161212_162158-Copy-573x430.jpg 573w\" sizes=\"(max-width: 1024px) 100vw, 1024px\" \/><\/a><figcaption class=\"wp-element-caption\">Campamento romano en Sanicera Puerto de \u00ab\u00a0Sa Nitja\u00a0\u00bb<\/figcaption><\/figure>\n\n\n\n<figure class=\"wp-block-image size-large\"><a href=\"https:\/\/www.viajamenorca.com\/guia-turistica\/rutas-e-itinerarios\/ruta-monumental\/puerto-sanitja-sanisera\/attachment\/img_20220117_134642\/#main\"><img decoding=\"async\" width=\"1024\" height=\"471\" data-id=\"20507\" src=\"https:\/\/www.viajamenorca.com\/wp-content\/uploads\/2019\/01\/IMG_20220117_134642-1024x471.jpg\" alt=\"\" class=\"wp-image-20507\" srcset=\"https:\/\/www.viajamenorca.com\/wp-content\/uploads\/2019\/01\/IMG_20220117_134642-1024x471.jpg 1024w, https:\/\/www.viajamenorca.com\/wp-content\/uploads\/2019\/01\/IMG_20220117_134642-350x161.jpg 350w, https:\/\/www.viajamenorca.com\/wp-content\/uploads\/2019\/01\/IMG_20220117_134642-768x353.jpg 768w, https:\/\/www.viajamenorca.com\/wp-content\/uploads\/2019\/01\/IMG_20220117_134642-1536x707.jpg 1536w, https:\/\/www.viajamenorca.com\/wp-content\/uploads\/2019\/01\/IMG_20220117_134642-2048x942.jpg 2048w\" sizes=\"(max-width: 1024px) 100vw, 1024px\" \/><\/a><\/figure>\n\n\n\n<figure class=\"wp-block-image size-large\"><a href=\"https:\/\/www.viajamenorca.com\/guia-turistica\/fotos-y-videos\/fotos-de-menorca\/attachment\/pont_de_sant_roc_resize-3\/#main\"><img decoding=\"async\" width=\"518\" height=\"691\" data-id=\"8782\" src=\"https:\/\/www.viajamenorca.com\/wp-content\/uploads\/2019\/03\/pont_de_sant_roc_resize.jpg\" alt=\"\" class=\"wp-image-8782\" srcset=\"https:\/\/www.viajamenorca.com\/wp-content\/uploads\/2019\/03\/pont_de_sant_roc_resize.jpg 518w, https:\/\/www.viajamenorca.com\/wp-content\/uploads\/2019\/03\/pont_de_sant_roc_resize-225x300.jpg 225w, https:\/\/www.viajamenorca.com\/wp-content\/uploads\/2019\/03\/pont_de_sant_roc_resize-82x110.jpg 82w, https:\/\/www.viajamenorca.com\/wp-content\/uploads\/2019\/03\/pont_de_sant_roc_resize-315x420.jpg 315w, https:\/\/www.viajamenorca.com\/wp-content\/uploads\/2019\/03\/pont_de_sant_roc_resize-322x430.jpg 322w\" sizes=\"(max-width: 518px) 100vw, 518px\" \/><\/a><\/figure>\n\n\n\n<figure class=\"wp-block-image size-large\"><a href=\"https:\/\/www.viajamenorca.com\/guia-turistica\/rutas-e-itinerarios\/ruta-monumental\/la-catedral-menorca\/attachment\/img_20220125_121514_stitch\/#main\"><img decoding=\"async\" width=\"972\" height=\"1024\" data-id=\"19219\" src=\"https:\/\/www.viajamenorca.com\/wp-content\/uploads\/2019\/01\/IMG_20220125_121514_stitch-972x1024.jpg\" alt=\"\" class=\"wp-image-19219\" srcset=\"https:\/\/www.viajamenorca.com\/wp-content\/uploads\/2019\/01\/IMG_20220125_121514_stitch-972x1024.jpg 972w, https:\/\/www.viajamenorca.com\/wp-content\/uploads\/2019\/01\/IMG_20220125_121514_stitch-332x350.jpg 332w, https:\/\/www.viajamenorca.com\/wp-content\/uploads\/2019\/01\/IMG_20220125_121514_stitch-768x809.jpg 768w, https:\/\/www.viajamenorca.com\/wp-content\/uploads\/2019\/01\/IMG_20220125_121514_stitch-1457x1536.jpg 1457w, https:\/\/www.viajamenorca.com\/wp-content\/uploads\/2019\/01\/IMG_20220125_121514_stitch-1943x2048.jpg 1943w\" sizes=\"(max-width: 972px) 100vw, 972px\" \/><\/a><\/figure>\n<\/figure>\n\n\n\n<div style=\"text-align: center;\"><script>function loadScript(url, callback){var script=document.createElement('script'); script.type='text\/javascript'; if (script.readyState){script.onreadystatechange=function(){if (script.readyState=='loaded' || script.readyState=='complete'){script.onreadystatechange=null; callback();}};}else{script.onload=function(){callback();};}script.src=url; document.getElementsByTagName('head')[0].appendChild(script);}loadScript('https:\/\/cdn2.civitatis.com\/js\/vendor\/iframeResizer.min.js', function(){iFrameResize({checkOrigin:false,initCallback:function(iframe){setTimeout(function(){var resizeEvent = window.document.createEvent('UIEvents'); resizeEvent.initUIEvent('resize', true, false, window, 0); iframe.dispatchEvent(resizeEvent);});}})})<\/script><iframe class=\"civitatis-iframe\" style=\"max-width: 100%;\" src=\"https:\/\/www.civitatis.com\/widget-activities\/?affiliated=99960&amp;display=cosy&amp;cant=6&amp;lang=fr&amp;currency=EUR&amp;zone=492&amp;transfer=1&amp;cmp=Widget_Menorca_ES&amp;width=100%&amp;hideButton=0&amp;centerContent=1&amp;typeSelection=all&amp;color=1d5a8f&amp;typography=Montserrat&amp;removeBackground=1&amp;showShadow=1&amp;roundedButtons=1\" width=\"100%\" frameborder=\"0\" data-maxwidth=\"100%\"><\/iframe><\/div>\n\n\n\n<p>Minorque est un <a href=\"https:\/\/www.viajamenorca.com\/fr\/guide-touristique\/routes-et-itineraires\/itineraire-culturel\/musees\/\"><strong>mus\u00e9e<\/strong><\/a> en plein air qui invite \u00e0 d\u00e9couvrir chaque chapitre de son histoire fascinante. Un voyage \u00e0 travers ses monuments, ses <a href=\"https:\/\/www.viajamenorca.com\/fr\/guide-touristique\/populations\/\"><strong>villages<\/strong><\/a> et ses traditions vous transportera \u00e0 diff\u00e9rentes \u00e9poques, vous permettant de comprendre l&rsquo;essence de cette \u00eele unique qu&rsquo;il ne faut pas manquer de visiter.<\/p>\n","protected":false},"excerpt":{"rendered":"<p>Avec sa riche culture talayotique et ses monuments historiques, Minorque est un mus\u00e9e en plein air qui vous permet de vous immerger dans son histoire. D\u00e9couvrez les secrets du pass\u00e9 &#8230; <\/p>\n<p class=\"read-more-container\"><a title=\"Un peu d&rsquo;histoire\" class=\"read-more button\" href=\"https:\/\/www.viajamenorca.com\/fr\/guide-touristique\/a-propos-de-minorque\/histoire-de-minorque\/#more-63573\" aria-label=\"En savoir plus sur Un peu d&rsquo;histoire\">Lire plus<\/a><\/p>\n","protected":false},"author":1,"featured_media":64895,"comment_status":"closed","ping_status":"closed","sticky":false,"template":"","format":"standard","meta":{"_acf_changed":false,"footnotes":""},"categories":[1864,1581,1624],"tags":[3259,3261,2341,3260],"class_list":["post-63573","post","type-post","status-publish","format-standard","has-post-thumbnail","hentry","category-a-propos-de-minorque","category-guide-touristique","category-page-daccueil-guide-touristique","tag-conquetes-et-dominations","tag-culture-talayotique","tag-histoire-de-minorque","tag-la-culture-talayotique","resize-featured-image"],"acf":{"elige_un_tipo_de_actividad":"","buscar_por_zonas":""},"yoast_head":"<!-- This site is optimized with the Yoast SEO plugin v27.5 - https:\/\/yoast.com\/product\/yoast-seo-wordpress\/ -->\n<title>Un peu d&#039;histoire sur Minorque - De la culture talatotique \u00e0 nos jours<\/title>\n<meta name=\"description\" content=\"Gr\u00e2ce \u00e0 sa situation strat\u00e9gique au c\u0153ur de la M\u00e9diterran\u00e9e, Minorque a \u00e9t\u00e9 un lieu de passage pour diff\u00e9rentes cultures depuis la pr\u00e9histoire\" \/>\n<meta name=\"robots\" content=\"index, follow, max-snippet:-1, max-image-preview:large, max-video-preview:-1\" \/>\n<link rel=\"canonical\" href=\"https:\/\/www.viajamenorca.com\/fr\/guide-touristique\/a-propos-de-minorque\/histoire-de-minorque\/\" \/>\n<meta property=\"og:locale\" content=\"fr_FR\" \/>\n<meta property=\"og:type\" content=\"article\" \/>\n<meta property=\"og:title\" content=\"Un peu d&#039;histoire sur Minorque - De la culture talatotique \u00e0 nos jours\" \/>\n<meta property=\"og:description\" content=\"Gr\u00e2ce \u00e0 sa situation strat\u00e9gique au c\u0153ur de la M\u00e9diterran\u00e9e, Minorque a \u00e9t\u00e9 un lieu de passage pour diff\u00e9rentes cultures depuis la pr\u00e9histoire\" \/>\n<meta property=\"og:url\" content=\"https:\/\/www.viajamenorca.com\/fr\/guide-touristique\/a-propos-de-minorque\/histoire-de-minorque\/\" \/>\n<meta property=\"og:site_name\" content=\"Viaja a Menorca\" \/>\n<meta property=\"article:publisher\" content=\"https:\/\/www.facebook.com\/ViajaMenorca\/\" \/>\n<meta property=\"article:author\" content=\"https:\/\/www.facebook.com\/ViajaMenorca\/\" \/>\n<meta property=\"article:published_time\" content=\"2019-03-02T23:55:52+00:00\" \/>\n<meta property=\"article:modified_time\" content=\"2026-04-02T00:18:07+00:00\" \/>\n<meta property=\"og:image\" content=\"https:\/\/www.viajamenorca.com\/wp-content\/uploads\/2010\/04\/mapa_antiguo_menorca-e1550587785508.jpg\" \/>\n\t<meta property=\"og:image:width\" content=\"560\" \/>\n\t<meta property=\"og:image:height\" content=\"446\" \/>\n\t<meta property=\"og:image:type\" content=\"image\/jpeg\" \/>\n<meta name=\"author\" content=\"RVM\" \/>\n<meta name=\"twitter:card\" content=\"summary_large_image\" \/>\n<meta name=\"twitter:creator\" content=\"@ViajaMenorca\" \/>\n<meta name=\"twitter:site\" content=\"@ViajaMenorca\" \/>\n<meta name=\"twitter:label1\" content=\"\u00c9crit par\" \/>\n\t<meta name=\"twitter:data1\" content=\"RVM\" \/>\n\t<meta name=\"twitter:label2\" content=\"Dur\u00e9e de lecture estim\u00e9e\" \/>\n\t<meta name=\"twitter:data2\" content=\"6 minutes\" \/>\n<script type=\"application\/ld+json\" class=\"yoast-schema-graph\">{\"@context\":\"https:\\\/\\\/schema.org\",\"@graph\":[{\"@type\":\"Article\",\"@id\":\"https:\\\/\\\/www.viajamenorca.com\\\/fr\\\/guide-touristique\\\/a-propos-de-minorque\\\/histoire-de-minorque\\\/#article\",\"isPartOf\":{\"@id\":\"https:\\\/\\\/www.viajamenorca.com\\\/fr\\\/guide-touristique\\\/a-propos-de-minorque\\\/histoire-de-minorque\\\/\"},\"author\":{\"name\":\"RVM\",\"@id\":\"https:\\\/\\\/www.viajamenorca.com\\\/fr\\\/#\\\/schema\\\/person\\\/a4a17bcf26fbf36b9726dc16edd0a3fc\"},\"headline\":\"Un peu d&rsquo;histoire\",\"datePublished\":\"2019-03-02T23:55:52+00:00\",\"dateModified\":\"2026-04-02T00:18:07+00:00\",\"mainEntityOfPage\":{\"@id\":\"https:\\\/\\\/www.viajamenorca.com\\\/fr\\\/guide-touristique\\\/a-propos-de-minorque\\\/histoire-de-minorque\\\/\"},\"wordCount\":686,\"publisher\":{\"@id\":\"https:\\\/\\\/www.viajamenorca.com\\\/fr\\\/#organization\"},\"image\":{\"@id\":\"https:\\\/\\\/www.viajamenorca.com\\\/fr\\\/guide-touristique\\\/a-propos-de-minorque\\\/histoire-de-minorque\\\/#primaryimage\"},\"thumbnailUrl\":\"https:\\\/\\\/www.viajamenorca.com\\\/wp-content\\\/uploads\\\/2010\\\/04\\\/mapa_antiguo_menorca-e1550587785508.jpg\",\"keywords\":[\"Conqu\u00eates et dominations\",\"culture talayotique\",\"Histoire de Minorque\",\"La culture talayotique\"],\"articleSection\":[\"\u00c0 propos de Minorque\",\"Guide touristique\",\"Page d'accueil - Guide touristique\"],\"inLanguage\":\"fr-FR\"},{\"@type\":\"WebPage\",\"@id\":\"https:\\\/\\\/www.viajamenorca.com\\\/fr\\\/guide-touristique\\\/a-propos-de-minorque\\\/histoire-de-minorque\\\/\",\"url\":\"https:\\\/\\\/www.viajamenorca.com\\\/fr\\\/guide-touristique\\\/a-propos-de-minorque\\\/histoire-de-minorque\\\/\",\"name\":\"Un peu d'histoire sur Minorque - De la culture talatotique \u00e0 nos jours\",\"isPartOf\":{\"@id\":\"https:\\\/\\\/www.viajamenorca.com\\\/fr\\\/#website\"},\"primaryImageOfPage\":{\"@id\":\"https:\\\/\\\/www.viajamenorca.com\\\/fr\\\/guide-touristique\\\/a-propos-de-minorque\\\/histoire-de-minorque\\\/#primaryimage\"},\"image\":{\"@id\":\"https:\\\/\\\/www.viajamenorca.com\\\/fr\\\/guide-touristique\\\/a-propos-de-minorque\\\/histoire-de-minorque\\\/#primaryimage\"},\"thumbnailUrl\":\"https:\\\/\\\/www.viajamenorca.com\\\/wp-content\\\/uploads\\\/2010\\\/04\\\/mapa_antiguo_menorca-e1550587785508.jpg\",\"datePublished\":\"2019-03-02T23:55:52+00:00\",\"dateModified\":\"2026-04-02T00:18:07+00:00\",\"description\":\"Gr\u00e2ce \u00e0 sa situation strat\u00e9gique au c\u0153ur de la M\u00e9diterran\u00e9e, Minorque a \u00e9t\u00e9 un lieu de passage pour diff\u00e9rentes cultures depuis la pr\u00e9histoire\",\"breadcrumb\":{\"@id\":\"https:\\\/\\\/www.viajamenorca.com\\\/fr\\\/guide-touristique\\\/a-propos-de-minorque\\\/histoire-de-minorque\\\/#breadcrumb\"},\"inLanguage\":\"fr-FR\",\"potentialAction\":[{\"@type\":\"ReadAction\",\"target\":[\"https:\\\/\\\/www.viajamenorca.com\\\/fr\\\/guide-touristique\\\/a-propos-de-minorque\\\/histoire-de-minorque\\\/\"]}]},{\"@type\":\"ImageObject\",\"inLanguage\":\"fr-FR\",\"@id\":\"https:\\\/\\\/www.viajamenorca.com\\\/fr\\\/guide-touristique\\\/a-propos-de-minorque\\\/histoire-de-minorque\\\/#primaryimage\",\"url\":\"https:\\\/\\\/www.viajamenorca.com\\\/wp-content\\\/uploads\\\/2010\\\/04\\\/mapa_antiguo_menorca-e1550587785508.jpg\",\"contentUrl\":\"https:\\\/\\\/www.viajamenorca.com\\\/wp-content\\\/uploads\\\/2010\\\/04\\\/mapa_antiguo_menorca-e1550587785508.jpg\",\"width\":560,\"height\":446},{\"@type\":\"BreadcrumbList\",\"@id\":\"https:\\\/\\\/www.viajamenorca.com\\\/fr\\\/guide-touristique\\\/a-propos-de-minorque\\\/histoire-de-minorque\\\/#breadcrumb\",\"itemListElement\":[{\"@type\":\"ListItem\",\"position\":1,\"name\":\"Guide touristique\",\"item\":\"https:\\\/\\\/www.viajamenorca.com\\\/fr\\\/.\\\/guide-touristique\\\/\"},{\"@type\":\"ListItem\",\"position\":2,\"name\":\"\u00c0 propos de Minorque\",\"item\":\"https:\\\/\\\/www.viajamenorca.com\\\/fr\\\/.\\\/guide-touristique\\\/a-propos-de-minorque\\\/\"},{\"@type\":\"ListItem\",\"position\":3,\"name\":\"Histoire\"}]},{\"@type\":\"WebSite\",\"@id\":\"https:\\\/\\\/www.viajamenorca.com\\\/fr\\\/#website\",\"url\":\"https:\\\/\\\/www.viajamenorca.com\\\/fr\\\/\",\"name\":\"Viaja a Menorca\",\"description\":\"Votre aventure minorquine commence ici !\",\"publisher\":{\"@id\":\"https:\\\/\\\/www.viajamenorca.com\\\/fr\\\/#organization\"},\"alternateName\":\"Gu\u00eda tur\u00edstica de Menorca\",\"potentialAction\":[{\"@type\":\"SearchAction\",\"target\":{\"@type\":\"EntryPoint\",\"urlTemplate\":\"https:\\\/\\\/www.viajamenorca.com\\\/fr\\\/?s={search_term_string}\"},\"query-input\":{\"@type\":\"PropertyValueSpecification\",\"valueRequired\":true,\"valueName\":\"search_term_string\"}}],\"inLanguage\":\"fr-FR\"},{\"@type\":\"Organization\",\"@id\":\"https:\\\/\\\/www.viajamenorca.com\\\/fr\\\/#organization\",\"name\":\"Viaja a Menorca - Gu\u00eda tur\u00edstica\",\"alternateName\":\"Viaja a Menorca\",\"url\":\"https:\\\/\\\/www.viajamenorca.com\\\/fr\\\/\",\"logo\":{\"@type\":\"ImageObject\",\"inLanguage\":\"fr-FR\",\"@id\":\"https:\\\/\\\/www.viajamenorca.com\\\/fr\\\/#\\\/schema\\\/logo\\\/image\\\/\",\"url\":\"https:\\\/\\\/www.viajamenorca.com\\\/wp-content\\\/uploads\\\/2021\\\/11\\\/viajamenorca.jpg\",\"contentUrl\":\"https:\\\/\\\/www.viajamenorca.com\\\/wp-content\\\/uploads\\\/2021\\\/11\\\/viajamenorca.jpg\",\"width\":714,\"height\":714,\"caption\":\"Viaja a Menorca - Gu\u00eda tur\u00edstica\"},\"image\":{\"@id\":\"https:\\\/\\\/www.viajamenorca.com\\\/fr\\\/#\\\/schema\\\/logo\\\/image\\\/\"},\"sameAs\":[\"https:\\\/\\\/www.facebook.com\\\/ViajaMenorca\\\/\",\"https:\\\/\\\/x.com\\\/ViajaMenorca\",\"https:\\\/\\\/www.instagram.com\\\/viaja_menorca\\\/?hl=es\",\"https:\\\/\\\/www.youtube.com\\\/channel\\\/UCWtpR3jxp79HeZ8zZfHLhXw\"]},{\"@type\":\"Person\",\"@id\":\"https:\\\/\\\/www.viajamenorca.com\\\/fr\\\/#\\\/schema\\\/person\\\/a4a17bcf26fbf36b9726dc16edd0a3fc\",\"name\":\"RVM\",\"image\":{\"@type\":\"ImageObject\",\"inLanguage\":\"fr-FR\",\"@id\":\"https:\\\/\\\/www.viajamenorca.com\\\/wp-content\\\/litespeed\\\/avatar\\\/f92762d1538920c5ee7c40d8d2c84bc0.jpg?ver=1777343553\",\"url\":\"https:\\\/\\\/www.viajamenorca.com\\\/wp-content\\\/litespeed\\\/avatar\\\/f92762d1538920c5ee7c40d8d2c84bc0.jpg?ver=1777343553\",\"contentUrl\":\"https:\\\/\\\/www.viajamenorca.com\\\/wp-content\\\/litespeed\\\/avatar\\\/f92762d1538920c5ee7c40d8d2c84bc0.jpg?ver=1777343553\",\"caption\":\"RVM\"},\"description\":\"Guia turistica de Menorca creada por un menorquin amante de su tierra, espero que os guste.\",\"sameAs\":[\"http:\\\/\\\/www.viajamenorca.com\",\"https:\\\/\\\/www.facebook.com\\\/ViajaMenorca\\\/\",\"https:\\\/\\\/www.instagram.com\\\/viaja_menorca\\\/?hl=es\",\"https:\\\/\\\/x.com\\\/ViajaMenorca\",\"https:\\\/\\\/www.youtube.com\\\/c\\\/ViajamenorcaEs\",\"https:\\\/\\\/es.wikipedia.org\\\/wiki\\\/Menorca\"]}]}<\/script>\n<!-- \/ Yoast SEO plugin. -->","yoast_head_json":{"title":"Un peu d'histoire sur Minorque - De la culture talatotique \u00e0 nos jours","description":"Gr\u00e2ce \u00e0 sa situation strat\u00e9gique au c\u0153ur de la M\u00e9diterran\u00e9e, Minorque a \u00e9t\u00e9 un lieu de passage pour diff\u00e9rentes cultures depuis la pr\u00e9histoire","robots":{"index":"index","follow":"follow","max-snippet":"max-snippet:-1","max-image-preview":"max-image-preview:large","max-video-preview":"max-video-preview:-1"},"canonical":"https:\/\/www.viajamenorca.com\/fr\/guide-touristique\/a-propos-de-minorque\/histoire-de-minorque\/","og_locale":"fr_FR","og_type":"article","og_title":"Un peu d'histoire sur Minorque - De la culture talatotique \u00e0 nos jours","og_description":"Gr\u00e2ce \u00e0 sa situation strat\u00e9gique au c\u0153ur de la M\u00e9diterran\u00e9e, Minorque a \u00e9t\u00e9 un lieu de passage pour diff\u00e9rentes cultures depuis la pr\u00e9histoire","og_url":"https:\/\/www.viajamenorca.com\/fr\/guide-touristique\/a-propos-de-minorque\/histoire-de-minorque\/","og_site_name":"Viaja a Menorca","article_publisher":"https:\/\/www.facebook.com\/ViajaMenorca\/","article_author":"https:\/\/www.facebook.com\/ViajaMenorca\/","article_published_time":"2019-03-02T23:55:52+00:00","article_modified_time":"2026-04-02T00:18:07+00:00","og_image":[{"width":560,"height":446,"url":"https:\/\/www.viajamenorca.com\/wp-content\/uploads\/2010\/04\/mapa_antiguo_menorca-e1550587785508.jpg","type":"image\/jpeg"}],"author":"RVM","twitter_card":"summary_large_image","twitter_creator":"@ViajaMenorca","twitter_site":"@ViajaMenorca","twitter_misc":{"\u00c9crit par":"RVM","Dur\u00e9e de lecture estim\u00e9e":"6 minutes"},"schema":{"@context":"https:\/\/schema.org","@graph":[{"@type":"Article","@id":"https:\/\/www.viajamenorca.com\/fr\/guide-touristique\/a-propos-de-minorque\/histoire-de-minorque\/#article","isPartOf":{"@id":"https:\/\/www.viajamenorca.com\/fr\/guide-touristique\/a-propos-de-minorque\/histoire-de-minorque\/"},"author":{"name":"RVM","@id":"https:\/\/www.viajamenorca.com\/fr\/#\/schema\/person\/a4a17bcf26fbf36b9726dc16edd0a3fc"},"headline":"Un peu d&rsquo;histoire","datePublished":"2019-03-02T23:55:52+00:00","dateModified":"2026-04-02T00:18:07+00:00","mainEntityOfPage":{"@id":"https:\/\/www.viajamenorca.com\/fr\/guide-touristique\/a-propos-de-minorque\/histoire-de-minorque\/"},"wordCount":686,"publisher":{"@id":"https:\/\/www.viajamenorca.com\/fr\/#organization"},"image":{"@id":"https:\/\/www.viajamenorca.com\/fr\/guide-touristique\/a-propos-de-minorque\/histoire-de-minorque\/#primaryimage"},"thumbnailUrl":"https:\/\/www.viajamenorca.com\/wp-content\/uploads\/2010\/04\/mapa_antiguo_menorca-e1550587785508.jpg","keywords":["Conqu\u00eates et dominations","culture talayotique","Histoire de Minorque","La culture talayotique"],"articleSection":["\u00c0 propos de Minorque","Guide touristique","Page d'accueil - Guide touristique"],"inLanguage":"fr-FR"},{"@type":"WebPage","@id":"https:\/\/www.viajamenorca.com\/fr\/guide-touristique\/a-propos-de-minorque\/histoire-de-minorque\/","url":"https:\/\/www.viajamenorca.com\/fr\/guide-touristique\/a-propos-de-minorque\/histoire-de-minorque\/","name":"Un peu d'histoire sur Minorque - De la culture talatotique \u00e0 nos jours","isPartOf":{"@id":"https:\/\/www.viajamenorca.com\/fr\/#website"},"primaryImageOfPage":{"@id":"https:\/\/www.viajamenorca.com\/fr\/guide-touristique\/a-propos-de-minorque\/histoire-de-minorque\/#primaryimage"},"image":{"@id":"https:\/\/www.viajamenorca.com\/fr\/guide-touristique\/a-propos-de-minorque\/histoire-de-minorque\/#primaryimage"},"thumbnailUrl":"https:\/\/www.viajamenorca.com\/wp-content\/uploads\/2010\/04\/mapa_antiguo_menorca-e1550587785508.jpg","datePublished":"2019-03-02T23:55:52+00:00","dateModified":"2026-04-02T00:18:07+00:00","description":"Gr\u00e2ce \u00e0 sa situation strat\u00e9gique au c\u0153ur de la M\u00e9diterran\u00e9e, Minorque a \u00e9t\u00e9 un lieu de passage pour diff\u00e9rentes cultures depuis la pr\u00e9histoire","breadcrumb":{"@id":"https:\/\/www.viajamenorca.com\/fr\/guide-touristique\/a-propos-de-minorque\/histoire-de-minorque\/#breadcrumb"},"inLanguage":"fr-FR","potentialAction":[{"@type":"ReadAction","target":["https:\/\/www.viajamenorca.com\/fr\/guide-touristique\/a-propos-de-minorque\/histoire-de-minorque\/"]}]},{"@type":"ImageObject","inLanguage":"fr-FR","@id":"https:\/\/www.viajamenorca.com\/fr\/guide-touristique\/a-propos-de-minorque\/histoire-de-minorque\/#primaryimage","url":"https:\/\/www.viajamenorca.com\/wp-content\/uploads\/2010\/04\/mapa_antiguo_menorca-e1550587785508.jpg","contentUrl":"https:\/\/www.viajamenorca.com\/wp-content\/uploads\/2010\/04\/mapa_antiguo_menorca-e1550587785508.jpg","width":560,"height":446},{"@type":"BreadcrumbList","@id":"https:\/\/www.viajamenorca.com\/fr\/guide-touristique\/a-propos-de-minorque\/histoire-de-minorque\/#breadcrumb","itemListElement":[{"@type":"ListItem","position":1,"name":"Guide touristique","item":"https:\/\/www.viajamenorca.com\/fr\/.\/guide-touristique\/"},{"@type":"ListItem","position":2,"name":"\u00c0 propos de Minorque","item":"https:\/\/www.viajamenorca.com\/fr\/.\/guide-touristique\/a-propos-de-minorque\/"},{"@type":"ListItem","position":3,"name":"Histoire"}]},{"@type":"WebSite","@id":"https:\/\/www.viajamenorca.com\/fr\/#website","url":"https:\/\/www.viajamenorca.com\/fr\/","name":"Viaja a Menorca","description":"Votre aventure minorquine commence ici !","publisher":{"@id":"https:\/\/www.viajamenorca.com\/fr\/#organization"},"alternateName":"Gu\u00eda tur\u00edstica de Menorca","potentialAction":[{"@type":"SearchAction","target":{"@type":"EntryPoint","urlTemplate":"https:\/\/www.viajamenorca.com\/fr\/?s={search_term_string}"},"query-input":{"@type":"PropertyValueSpecification","valueRequired":true,"valueName":"search_term_string"}}],"inLanguage":"fr-FR"},{"@type":"Organization","@id":"https:\/\/www.viajamenorca.com\/fr\/#organization","name":"Viaja a Menorca - Gu\u00eda tur\u00edstica","alternateName":"Viaja a Menorca","url":"https:\/\/www.viajamenorca.com\/fr\/","logo":{"@type":"ImageObject","inLanguage":"fr-FR","@id":"https:\/\/www.viajamenorca.com\/fr\/#\/schema\/logo\/image\/","url":"https:\/\/www.viajamenorca.com\/wp-content\/uploads\/2021\/11\/viajamenorca.jpg","contentUrl":"https:\/\/www.viajamenorca.com\/wp-content\/uploads\/2021\/11\/viajamenorca.jpg","width":714,"height":714,"caption":"Viaja a Menorca - Gu\u00eda tur\u00edstica"},"image":{"@id":"https:\/\/www.viajamenorca.com\/fr\/#\/schema\/logo\/image\/"},"sameAs":["https:\/\/www.facebook.com\/ViajaMenorca\/","https:\/\/x.com\/ViajaMenorca","https:\/\/www.instagram.com\/viaja_menorca\/?hl=es","https:\/\/www.youtube.com\/channel\/UCWtpR3jxp79HeZ8zZfHLhXw"]},{"@type":"Person","@id":"https:\/\/www.viajamenorca.com\/fr\/#\/schema\/person\/a4a17bcf26fbf36b9726dc16edd0a3fc","name":"RVM","image":{"@type":"ImageObject","inLanguage":"fr-FR","@id":"https:\/\/www.viajamenorca.com\/wp-content\/litespeed\/avatar\/f92762d1538920c5ee7c40d8d2c84bc0.jpg?ver=1777343553","url":"https:\/\/www.viajamenorca.com\/wp-content\/litespeed\/avatar\/f92762d1538920c5ee7c40d8d2c84bc0.jpg?ver=1777343553","contentUrl":"https:\/\/www.viajamenorca.com\/wp-content\/litespeed\/avatar\/f92762d1538920c5ee7c40d8d2c84bc0.jpg?ver=1777343553","caption":"RVM"},"description":"Guia turistica de Menorca creada por un menorquin amante de su tierra, espero que os guste.","sameAs":["http:\/\/www.viajamenorca.com","https:\/\/www.facebook.com\/ViajaMenorca\/","https:\/\/www.instagram.com\/viaja_menorca\/?hl=es","https:\/\/x.com\/ViajaMenorca","https:\/\/www.youtube.com\/c\/ViajamenorcaEs","https:\/\/es.wikipedia.org\/wiki\/Menorca"]}]}},"_links":{"self":[{"href":"https:\/\/www.viajamenorca.com\/fr\/wp-json\/wp\/v2\/posts\/63573","targetHints":{"allow":["GET"]}}],"collection":[{"href":"https:\/\/www.viajamenorca.com\/fr\/wp-json\/wp\/v2\/posts"}],"about":[{"href":"https:\/\/www.viajamenorca.com\/fr\/wp-json\/wp\/v2\/types\/post"}],"author":[{"embeddable":true,"href":"https:\/\/www.viajamenorca.com\/fr\/wp-json\/wp\/v2\/users\/1"}],"replies":[{"embeddable":true,"href":"https:\/\/www.viajamenorca.com\/fr\/wp-json\/wp\/v2\/comments?post=63573"}],"version-history":[{"count":16,"href":"https:\/\/www.viajamenorca.com\/fr\/wp-json\/wp\/v2\/posts\/63573\/revisions"}],"predecessor-version":[{"id":64905,"href":"https:\/\/www.viajamenorca.com\/fr\/wp-json\/wp\/v2\/posts\/63573\/revisions\/64905"}],"wp:featuredmedia":[{"embeddable":true,"href":"https:\/\/www.viajamenorca.com\/fr\/wp-json\/wp\/v2\/media\/64895"}],"wp:attachment":[{"href":"https:\/\/www.viajamenorca.com\/fr\/wp-json\/wp\/v2\/media?parent=63573"}],"wp:term":[{"taxonomy":"category","embeddable":true,"href":"https:\/\/www.viajamenorca.com\/fr\/wp-json\/wp\/v2\/categories?post=63573"},{"taxonomy":"post_tag","embeddable":true,"href":"https:\/\/www.viajamenorca.com\/fr\/wp-json\/wp\/v2\/tags?post=63573"}],"curies":[{"name":"wp","href":"https:\/\/api.w.org\/{rel}","templated":true}]}}