{"id":63582,"date":"2018-11-02T23:25:26","date_gmt":"2018-11-02T23:25:26","guid":{"rendered":"https:\/\/www.viajamenorca.com\/non-classe\/el-tiempo-en-menorca\/"},"modified":"2026-04-01T00:49:18","modified_gmt":"2026-04-01T00:49:18","slug":"le-climat-a-minorque","status":"publish","type":"post","link":"https:\/\/www.viajamenorca.com\/fr\/guide-touristique\/le-climat-a-minorque\/","title":{"rendered":"Le climat \u00e0 Minorque"},"content":{"rendered":"<h3>Le climat de l&rsquo;\u00eele est typiquement m\u00e9diterran\u00e9en, avec des temp\u00e9ratures douces et agr\u00e9ables, o\u00f9 se distinguent les vents du nord appel\u00e9s \u00ab\u00a0<a href=\"https:\/\/www.viajamenorca.com\/fr\/guide-touristique\/le-climat-a-minorque\/#Vents_la_tramuntana\"><strong>Tramuntana<\/strong><\/a>\u00ab\u00a0. Voici une petite <a href=\"https:\/\/www.viajamenorca.com\/fr\/guide-touristique\/la-meteo-previsions\/\"><strong>pr\u00e9vision m\u00e9t\u00e9orologique<\/strong><\/a> de l&rsquo;AEMET et des images du <a href=\"https:\/\/www.viajamenorca.com\/fr\/guide-touristique\/le-climat\/image-meteosat\/\"><strong>satellite Meteosat<\/strong><\/a> actualis\u00e9es.<\/h3>\n<h3><\/h3>\n<h2><span style=\"font-size: 18pt;\">Temp\u00e9ratures<\/span><\/h2>\n<p><span style=\"font-size: 12pt;\">Le climat de Minorque se distingue par ses temp\u00e9ratures douces dont la moyenne annuelle se situe entre 16 et 17 degr\u00e9s Celsius<\/span>, l&rsquo;\u00eele vous permet de profiter d&rsquo;un environnement agr\u00e9able durant la majeure partie de l&rsquo;ann\u00e9e.<\/p>\n<p>Les \u00e9t\u00e9s, avec des maximales avoisinant les 30\u00b0C, sont id\u00e9aux pour se d\u00e9tendre sur la plage ou pratiquer des sports nautiques. En hiver, avec des temp\u00e9ratures moyennes de 7\u00b0C, vous pourrez explorer l&rsquo;\u00eele sans avoir besoin de trop vous couvrir, tout en profitant de paysages plus paisibles et de magnifiques couchers de soleil.<\/p>\n<h2><span style=\"font-size: 18pt;\">Vents, la \u00ab\u00a0tramuntana\u00a0\u00bb<\/span><\/h2>\n<p><span style=\"font-size: 12pt;\">Le vent du nord, frais et caract\u00e9ristique, appel\u00e9 \u00ab\u00a0tramuntana\u00a0\u00bb, marque le paysage minorquin. <div class=\"g g-8\"><div class=\"g-single a-70\"><a href=\"https:\/\/www.civitatis.com\/fr\/mahon\/transferts\/?aid=99960\" target=\"_blank\" rel=\"nofollow\">\r\n    <img decoding=\"async\" src=\"https:\/\/www.viajamenorca.com\/wp-content\/uploads\/2026\/02\/FRANCES_BLUE-2-2.jpg\" width=\"350\" height=\"210\" title=\"Transferts \u00e0 Minorque - A\u00e9roport\" alt=\"Transferts \u00e0 Minorque - A\u00e9roport\" \/>\r\n<\/a><\/div><\/div><\/span><\/p>\n<p><span style=\"font-size: 12pt;\">La \u00ab\u00a0tramuntana\u00a0\u00bb, provenant d&rsquo;Europe, est plus froide en hiver, mais se transforme en une brise agr\u00e9able et tr\u00e8s appr\u00e9ci\u00e9e en \u00e9t\u00e9. \u00c0 l&rsquo;inverse, le vent du sud, venant d&rsquo;Afrique du Nord, apporte une sensation de chaleur et de r\u00e9confort durant les mois les plus froids de l&rsquo;ann\u00e9e.<\/span><\/p>\n<p>Cependant, \u00e0 certaines occasions, ces vents peuvent se transformer en rafales s\u00e8ches et vigoureuses, particuli\u00e8rement durant l&rsquo;hiver, o\u00f9 ils peuvent d\u00e9passer les 120 kilom\u00e8tres par heure. C&rsquo;est pourquoi Minorque re\u00e7oit le surnom de \u00ab\u00a0S&rsquo;illa d&rsquo;es vent\u00a0\u00bb, l&rsquo;\u00eele du vent.<\/p>\n<h2><span style=\"font-size: 18pt;\">Pr\u00e9cipitations<\/span><\/h2>\n<p><span style=\"font-size: 12pt;\"><a href=\"http:\/\/www.viajamenorca.es\/wp-content\/uploads\/2010\/04\/IMG0492_0494_easyHDR-PRO-4-Copy.jpg\"><img decoding=\"async\" class=\"alignright wp-image-1243\" title=\"Le Climat \u00e0 Minorque - La M\u00e9t\u00e9o - Carte m\u00e9t\u00e9osat - Pr\u00e9visions\" src=\"https:\/\/viajamenorca.com\/wp-content\/uploads\/2010\/04\/IMG0492_0494_easyHDR-PRO-4-Copy-1024x669.jpg\" alt=\"La m\u00e9t\u00e9o \u00e0 Minorque\" width=\"350\" height=\"229\" srcset=\"https:\/\/www.viajamenorca.com\/wp-content\/uploads\/2010\/04\/IMG0492_0494_easyHDR-PRO-4-Copy.jpg 1024w, https:\/\/www.viajamenorca.com\/wp-content\/uploads\/2010\/04\/IMG0492_0494_easyHDR-PRO-4-Copy-300x196.jpg 300w, https:\/\/www.viajamenorca.com\/wp-content\/uploads\/2010\/04\/IMG0492_0494_easyHDR-PRO-4-Copy-768x502.jpg 768w, https:\/\/www.viajamenorca.com\/wp-content\/uploads\/2010\/04\/IMG0492_0494_easyHDR-PRO-4-Copy-110x72.jpg 110w, https:\/\/www.viajamenorca.com\/wp-content\/uploads\/2010\/04\/IMG0492_0494_easyHDR-PRO-4-Copy-420x274.jpg 420w, https:\/\/www.viajamenorca.com\/wp-content\/uploads\/2010\/04\/IMG0492_0494_easyHDR-PRO-4-Copy-658x430.jpg 658w\" sizes=\"(max-width: 350px) 100vw, 350px\" \/><\/a>Les pluies en \u00e9t\u00e9 sont rares et irr\u00e9guli\u00e8res, se r\u00e9partissant entre les autres saisons, surtout en automne, avec la particularit\u00e9 qu&rsquo;il peut pleuvoir \u00e0 <a href=\"https:\/\/www.viajamenorca.com\/fr\/guide-touristique\/villages\/mao-mahon\/\"><strong>Mah\u00f3n<\/strong><\/a> alors qu&rsquo;au m\u00eame moment, \u00e0 <a href=\"https:\/\/www.viajamenorca.com\/fr\/guide-touristique\/villages\/ciutadella-citadelle\/\"><strong>Ciutadella<\/strong><\/a>, il fait un grand soleil. <\/span><\/p>\n<p><span style=\"font-size: 12pt;\">Cela permet, par exemple, de choisir entre les <strong><a href=\"https:\/\/www.viajamenorca.com\/fr\/guide-touristique\/plages-et-criques\/cote-est\/\">plages du levant (est)<\/a><\/strong> ou celles du <strong><a href=\"https:\/\/www.viajamenorca.com\/fr\/guide-touristique\/plages-et-criques\/cote-ouest\/\">ponant (ouest)<\/a><\/strong> selon ce qui nous convient le mieux.<\/span><\/p>\n<p><span style=\"font-size: 12pt;\">La r\u00e9partition de ces pluies au cours de l&rsquo;ann\u00e9e est \u00e9galement tr\u00e8s in\u00e9gale ; ainsi, dans un r\u00e9gime normal, l&rsquo;automne correspond au maximum saisonnier de pluie, celle-ci \u00e9tant tr\u00e8s rare durant la p\u00e9riode estivale.<\/span><\/p>\n<p><span style=\"font-size: 12pt;\">La pluviom\u00e9trie moyenne annuelle varie d&rsquo;un endroit \u00e0 l&rsquo;autre de l&rsquo;\u00eele, entre 450 mm dans la r\u00e9gion sud-est et 650 mm dans les r\u00e9gions de l&rsquo;int\u00e9rieur et de l&rsquo;extr\u00eame nord-est.<\/span><\/p>\n<h2><span style=\"font-size: 18pt;\">Pr\u00e9visions m\u00e9t\u00e9orologiques<\/span><\/h2>\n<h3 style=\"text-align: left;\"><span style=\"font-size: 14pt;\">Pr\u00e9visions m\u00e9t\u00e9orologiques de l&rsquo;Agence \u00c9tatale de M\u00e9t\u00e9orologie pour les prochains jours. Informations recueillies \u00e0 la station situ\u00e9e \u00e0 l&rsquo; <a href=\"https:\/\/www.viajamenorca.com\/fr\/guide-touristique\/transport\/aeroport-de-minorque\/\"><strong>a\u00e9roport de Minorque<\/strong><\/a>.<\/span><\/h3>\n<p><iframe style=\"width: 805px; height: 609px; border: 0; overflow: hidden;\" src=\"https:\/\/www.meteoblue.com\/fr\/meteo\/widget\/three\/minorque_espagne_2513925?geoloc=fixed&amp;nocurrent=0&amp;noforecast=0&amp;tempunit=CELSIUS&amp;windunit=KILOMETER_PER_HOUR&amp;days=7&amp;layout=monochrome&amp;user_key=c71ad7171c9997ee&amp;embed_key=015cdae13492b3ce&amp;sig=56b84f6387ea8e3d2030cf1c9f77c2c22f4e08157f10d3ae3802f9fb408c655e\" frameborder=\"0\" scrolling=\"NO\" sandbox=\"allow-same-origin allow-scripts allow-popups allow-popups-to-escape-sandbox\"><\/iframe><\/p>\n<div><!-- DO NOT REMOVE THIS LINK --><a href=\"https:\/\/www.meteoblue.com\/fr\/meteo\/semaine\/index\" target=\"_blank\" rel=\"nofollow noopener\">meteoblue<\/a><\/div>\n\n\n<h2 class=\"wp-block-heading\" style=\"font-size:22px\">Image du satellite Meteosat<\/h2>\n\n\n\n<iframe src=\"https:\/\/www.meteoblue.com\/fr\/meteo\/cartes\/widget\/minorque_espagne_2513925?windAnimation=1&#038;gust=1&#038;satellite=1&#038;cloudsAndPrecipitation=1&#038;temperature=1&#038;sunshine=1&#038;extremeForecastIndex=1&#038;geoloc=fixed&#038;tempunit=C&#038;lengthunit=metric&#038;windunit=km%252Fh&#038;zoom=9&#038;autowidth=auto&#038;user_key=c71ad7171c9997ee&#038;embed_key=aa3cc14ff1c2be8b&#038;sig=b37dec4918ed1dc3f9546a7b7d6030ccf0254096b38c6507fbe587bbfa076882\" frameborder=\"0\" scrolling=\"NO\" allowtransparency=\"true\" sandbox=\"allow-same-origin allow-scripts allow-popups allow-popups-to-escape-sandbox\" style=\"width: 100%;height: 609px;border: 0;overflow: hidden;\"><\/iframe><div><!-- DO NOT REMOVE THIS LINK --><a href=\"https:\/\/www.meteoblue.com\/fr\/meteo\/semaine\/index\" target=\"_blank\" rel=\"noopener\">meteoblue<\/a><\/div>\n\n\n\n<div style='text-align:center;'><script>function loadScript(url, callback){var script=document.createElement('script'); script.type='text\/javascript'; if (script.readyState){script.onreadystatechange=function(){if (script.readyState=='loaded' || script.readyState=='complete'){script.onreadystatechange=null; callback();}};}else{script.onload=function(){callback();};}script.src=url; document.getElementsByTagName('head')[0].appendChild(script);}loadScript('https:\/\/cdn2.civitatis.com\/js\/vendor\/iframeResizer.min.js', function(){iFrameResize({checkOrigin:false,initCallback:function(iframe){setTimeout(function(){var resizeEvent = window.document.createEvent('UIEvents'); resizeEvent.initUIEvent('resize', true, false, window, 0); iframe.dispatchEvent(resizeEvent);});}})})<\/script><iframe class='civitatis-iframe' src='https:\/\/www.civitatis.com\/widget-activities\/?affiliated=99960&#038;display=cosy&#038;cant=6&#038;lang=fr&#038;currency=EUR&#038;zone=492&#038;transfer=1&#038;cmp=Widget_Menorca_ES&#038;width=100%&#038;hideButton=0&#038;centerContent=1&#038;typeSelection=all&#038;color=1d5a8f&#038;typography=Montserrat&#038;removeBackground=1&#038;showShadow=1&#038;roundedButtons=1' width='100%'  frameborder='0' data-maxwidth='100%' style='max-width: 100%' ><\/iframe><\/div>\n\n\n\n<h3><strong><a href=\"https:\/\/www.viajamenorca.com\/fr\/guide-touristique\/le-climat-a-minorque\/\"><span style=\"font-size: 18pt;\">La m\u00e9t\u00e9o \u00e0 Minorque<\/span><\/a><\/strong><\/h3>\n","protected":false},"excerpt":{"rendered":"<p>Le climat de l&rsquo;\u00eele est typiquement m\u00e9diterran\u00e9en, avec des temp\u00e9ratures douces et agr\u00e9ables, o\u00f9 se distinguent les vents du nord appel\u00e9s \u00ab\u00a0Tramuntana\u00ab\u00a0. Voici une petite pr\u00e9vision m\u00e9t\u00e9orologique de l&rsquo;AEMET et &#8230; <\/p>\n<p class=\"read-more-container\"><a title=\"Le climat \u00e0 Minorque\" class=\"read-more button\" href=\"https:\/\/www.viajamenorca.com\/fr\/guide-touristique\/le-climat-a-minorque\/#more-63582\" aria-label=\"En savoir plus sur Le climat \u00e0 Minorque\">Lire plus<\/a><\/p>\n","protected":false},"author":1,"featured_media":53805,"comment_status":"closed","ping_status":"closed","sticky":false,"template":"","format":"standard","meta":{"_acf_changed":false,"footnotes":""},"categories":[1581,1624],"tags":[3281,3280,3282,3278,3275,3274,3279,3273,3272,3277],"class_list":["post-63582","post","type-post","status-publish","format-standard","has-post-thumbnail","hentry","category-guide-touristique","category-page-daccueil-guide-touristique","tag-climat-mediterraneen","tag-image-du-satellite-meteosat","tag-laemet","tag-la-tramuntana","tag-la-meteo-a-minorque","tag-le-climat-a-minorque","tag-precipitations","tag-previsions","tag-previsions-meteorologiques","tag-vents","resize-featured-image"],"acf":{"elige_un_tipo_de_actividad":"","buscar_por_zonas":""},"yoast_head":"<!-- This site is optimized with the Yoast SEO plugin v27.5 - https:\/\/yoast.com\/product\/yoast-seo-wordpress\/ -->\n<title>Le climat \u00e0 Minorque \ud83c\udf24\ufe0f Pr\u00e9visions, temp\u00e9ratures, Image satellite<\/title>\n<meta name=\"description\" content=\"Le climat de l&#039;\u00eele est typiquement m\u00e9diterran\u00e9en ; il se caract\u00e9rise par des temp\u00e9ratures douces, dont la moyenne annuelle se situe entre\ud83c\udf21\ufe0f\u2614\" \/>\n<meta name=\"robots\" content=\"index, follow, max-snippet:-1, max-image-preview:large, max-video-preview:-1\" \/>\n<link rel=\"canonical\" href=\"https:\/\/www.viajamenorca.com\/fr\/guide-touristique\/le-climat-a-minorque\/\" \/>\n<meta property=\"og:locale\" content=\"fr_FR\" \/>\n<meta property=\"og:type\" content=\"article\" \/>\n<meta property=\"og:title\" content=\"Le climat \u00e0 Minorque \ud83c\udf24\ufe0f Pr\u00e9visions, temp\u00e9ratures, Image satellite\" \/>\n<meta property=\"og:description\" content=\"Le climat de l&#039;\u00eele est typiquement m\u00e9diterran\u00e9en ; il se caract\u00e9rise par des temp\u00e9ratures douces, dont la moyenne annuelle se situe entre\ud83c\udf21\ufe0f\u2614\" \/>\n<meta property=\"og:url\" content=\"https:\/\/www.viajamenorca.com\/fr\/guide-touristique\/le-climat-a-minorque\/\" \/>\n<meta property=\"og:site_name\" content=\"Viaja a Menorca\" \/>\n<meta property=\"article:publisher\" content=\"https:\/\/www.facebook.com\/ViajaMenorca\/\" \/>\n<meta property=\"article:author\" content=\"https:\/\/www.facebook.com\/ViajaMenorca\/\" \/>\n<meta property=\"article:published_time\" content=\"2018-11-02T23:25:26+00:00\" \/>\n<meta property=\"article:modified_time\" content=\"2026-04-01T00:49:18+00:00\" \/>\n<meta property=\"og:image\" content=\"https:\/\/www.viajamenorca.com\/wp-content\/uploads\/2010\/04\/clima-menorca.png\" \/>\n\t<meta property=\"og:image:width\" content=\"150\" \/>\n\t<meta property=\"og:image:height\" content=\"150\" \/>\n\t<meta property=\"og:image:type\" content=\"image\/png\" \/>\n<meta name=\"author\" content=\"RVM\" \/>\n<meta name=\"twitter:card\" content=\"summary_large_image\" \/>\n<meta name=\"twitter:creator\" content=\"@ViajaMenorca\" \/>\n<meta name=\"twitter:site\" content=\"@ViajaMenorca\" \/>\n<meta name=\"twitter:label1\" content=\"\u00c9crit par\" \/>\n\t<meta name=\"twitter:data1\" content=\"RVM\" \/>\n\t<meta name=\"twitter:label2\" content=\"Dur\u00e9e de lecture estim\u00e9e\" \/>\n\t<meta name=\"twitter:data2\" content=\"3 minutes\" \/>\n<script type=\"application\/ld+json\" class=\"yoast-schema-graph\">{\"@context\":\"https:\\\/\\\/schema.org\",\"@graph\":[{\"@type\":\"Article\",\"@id\":\"https:\\\/\\\/www.viajamenorca.com\\\/fr\\\/guide-touristique\\\/le-climat-a-minorque\\\/#article\",\"isPartOf\":{\"@id\":\"https:\\\/\\\/www.viajamenorca.com\\\/fr\\\/guide-touristique\\\/le-climat-a-minorque\\\/\"},\"author\":{\"name\":\"RVM\",\"@id\":\"https:\\\/\\\/www.viajamenorca.com\\\/fr\\\/#\\\/schema\\\/person\\\/a4a17bcf26fbf36b9726dc16edd0a3fc\"},\"headline\":\"Le climat \u00e0 Minorque\",\"datePublished\":\"2018-11-02T23:25:26+00:00\",\"dateModified\":\"2026-04-01T00:49:18+00:00\",\"mainEntityOfPage\":{\"@id\":\"https:\\\/\\\/www.viajamenorca.com\\\/fr\\\/guide-touristique\\\/le-climat-a-minorque\\\/\"},\"wordCount\":464,\"publisher\":{\"@id\":\"https:\\\/\\\/www.viajamenorca.com\\\/fr\\\/#organization\"},\"image\":{\"@id\":\"https:\\\/\\\/www.viajamenorca.com\\\/fr\\\/guide-touristique\\\/le-climat-a-minorque\\\/#primaryimage\"},\"thumbnailUrl\":\"https:\\\/\\\/www.viajamenorca.com\\\/wp-content\\\/uploads\\\/2010\\\/04\\\/clima-menorca.png\",\"keywords\":[\"climat m\u00e9diterran\u00e9en\",\"Image du satellite Meteosat\",\"l'AEMET\",\"la \\\"tramuntana\\\"\",\"La m\u00e9t\u00e9o \u00e0 Minorque\",\"Le climat \u00e0 Minorque\",\"Pr\u00e9cipitations\",\"Pr\u00e9visions\",\"Pr\u00e9visions m\u00e9t\u00e9orologiques\",\"Vents\"],\"articleSection\":[\"Guide touristique\",\"Page d'accueil - Guide touristique\"],\"inLanguage\":\"fr-FR\"},{\"@type\":\"WebPage\",\"@id\":\"https:\\\/\\\/www.viajamenorca.com\\\/fr\\\/guide-touristique\\\/le-climat-a-minorque\\\/\",\"url\":\"https:\\\/\\\/www.viajamenorca.com\\\/fr\\\/guide-touristique\\\/le-climat-a-minorque\\\/\",\"name\":\"Le climat \u00e0 Minorque \ud83c\udf24\ufe0f Pr\u00e9visions, temp\u00e9ratures, Image satellite\",\"isPartOf\":{\"@id\":\"https:\\\/\\\/www.viajamenorca.com\\\/fr\\\/#website\"},\"primaryImageOfPage\":{\"@id\":\"https:\\\/\\\/www.viajamenorca.com\\\/fr\\\/guide-touristique\\\/le-climat-a-minorque\\\/#primaryimage\"},\"image\":{\"@id\":\"https:\\\/\\\/www.viajamenorca.com\\\/fr\\\/guide-touristique\\\/le-climat-a-minorque\\\/#primaryimage\"},\"thumbnailUrl\":\"https:\\\/\\\/www.viajamenorca.com\\\/wp-content\\\/uploads\\\/2010\\\/04\\\/clima-menorca.png\",\"datePublished\":\"2018-11-02T23:25:26+00:00\",\"dateModified\":\"2026-04-01T00:49:18+00:00\",\"description\":\"Le climat de l'\u00eele est typiquement m\u00e9diterran\u00e9en ; il se caract\u00e9rise par des temp\u00e9ratures douces, dont la moyenne annuelle se situe entre\ud83c\udf21\ufe0f\u2614\",\"breadcrumb\":{\"@id\":\"https:\\\/\\\/www.viajamenorca.com\\\/fr\\\/guide-touristique\\\/le-climat-a-minorque\\\/#breadcrumb\"},\"inLanguage\":\"fr-FR\",\"potentialAction\":[{\"@type\":\"ReadAction\",\"target\":[\"https:\\\/\\\/www.viajamenorca.com\\\/fr\\\/guide-touristique\\\/le-climat-a-minorque\\\/\"]}]},{\"@type\":\"ImageObject\",\"inLanguage\":\"fr-FR\",\"@id\":\"https:\\\/\\\/www.viajamenorca.com\\\/fr\\\/guide-touristique\\\/le-climat-a-minorque\\\/#primaryimage\",\"url\":\"https:\\\/\\\/www.viajamenorca.com\\\/wp-content\\\/uploads\\\/2010\\\/04\\\/clima-menorca.png\",\"contentUrl\":\"https:\\\/\\\/www.viajamenorca.com\\\/wp-content\\\/uploads\\\/2010\\\/04\\\/clima-menorca.png\",\"width\":150,\"height\":150},{\"@type\":\"BreadcrumbList\",\"@id\":\"https:\\\/\\\/www.viajamenorca.com\\\/fr\\\/guide-touristique\\\/le-climat-a-minorque\\\/#breadcrumb\",\"itemListElement\":[{\"@type\":\"ListItem\",\"position\":1,\"name\":\"Guide touristique\",\"item\":\"https:\\\/\\\/www.viajamenorca.com\\\/fr\\\/.\\\/guide-touristique\\\/\"},{\"@type\":\"ListItem\",\"position\":2,\"name\":\"Pr\u00e9visions\"}]},{\"@type\":\"WebSite\",\"@id\":\"https:\\\/\\\/www.viajamenorca.com\\\/fr\\\/#website\",\"url\":\"https:\\\/\\\/www.viajamenorca.com\\\/fr\\\/\",\"name\":\"Viaja a Menorca\",\"description\":\"Votre aventure minorquine commence ici !\",\"publisher\":{\"@id\":\"https:\\\/\\\/www.viajamenorca.com\\\/fr\\\/#organization\"},\"alternateName\":\"Gu\u00eda tur\u00edstica de Menorca\",\"potentialAction\":[{\"@type\":\"SearchAction\",\"target\":{\"@type\":\"EntryPoint\",\"urlTemplate\":\"https:\\\/\\\/www.viajamenorca.com\\\/fr\\\/?s={search_term_string}\"},\"query-input\":{\"@type\":\"PropertyValueSpecification\",\"valueRequired\":true,\"valueName\":\"search_term_string\"}}],\"inLanguage\":\"fr-FR\"},{\"@type\":\"Organization\",\"@id\":\"https:\\\/\\\/www.viajamenorca.com\\\/fr\\\/#organization\",\"name\":\"Viaja a Menorca - Gu\u00eda tur\u00edstica\",\"alternateName\":\"Viaja a Menorca\",\"url\":\"https:\\\/\\\/www.viajamenorca.com\\\/fr\\\/\",\"logo\":{\"@type\":\"ImageObject\",\"inLanguage\":\"fr-FR\",\"@id\":\"https:\\\/\\\/www.viajamenorca.com\\\/fr\\\/#\\\/schema\\\/logo\\\/image\\\/\",\"url\":\"https:\\\/\\\/www.viajamenorca.com\\\/wp-content\\\/uploads\\\/2021\\\/11\\\/viajamenorca.jpg\",\"contentUrl\":\"https:\\\/\\\/www.viajamenorca.com\\\/wp-content\\\/uploads\\\/2021\\\/11\\\/viajamenorca.jpg\",\"width\":714,\"height\":714,\"caption\":\"Viaja a Menorca - Gu\u00eda tur\u00edstica\"},\"image\":{\"@id\":\"https:\\\/\\\/www.viajamenorca.com\\\/fr\\\/#\\\/schema\\\/logo\\\/image\\\/\"},\"sameAs\":[\"https:\\\/\\\/www.facebook.com\\\/ViajaMenorca\\\/\",\"https:\\\/\\\/x.com\\\/ViajaMenorca\",\"https:\\\/\\\/www.instagram.com\\\/viaja_menorca\\\/?hl=es\",\"https:\\\/\\\/www.youtube.com\\\/channel\\\/UCWtpR3jxp79HeZ8zZfHLhXw\"]},{\"@type\":\"Person\",\"@id\":\"https:\\\/\\\/www.viajamenorca.com\\\/fr\\\/#\\\/schema\\\/person\\\/a4a17bcf26fbf36b9726dc16edd0a3fc\",\"name\":\"RVM\",\"image\":{\"@type\":\"ImageObject\",\"inLanguage\":\"fr-FR\",\"@id\":\"https:\\\/\\\/www.viajamenorca.com\\\/wp-content\\\/litespeed\\\/avatar\\\/f92762d1538920c5ee7c40d8d2c84bc0.jpg?ver=1777343553\",\"url\":\"https:\\\/\\\/www.viajamenorca.com\\\/wp-content\\\/litespeed\\\/avatar\\\/f92762d1538920c5ee7c40d8d2c84bc0.jpg?ver=1777343553\",\"contentUrl\":\"https:\\\/\\\/www.viajamenorca.com\\\/wp-content\\\/litespeed\\\/avatar\\\/f92762d1538920c5ee7c40d8d2c84bc0.jpg?ver=1777343553\",\"caption\":\"RVM\"},\"description\":\"Guia turistica de Menorca creada por un menorquin amante de su tierra, espero que os guste.\",\"sameAs\":[\"http:\\\/\\\/www.viajamenorca.com\",\"https:\\\/\\\/www.facebook.com\\\/ViajaMenorca\\\/\",\"https:\\\/\\\/www.instagram.com\\\/viaja_menorca\\\/?hl=es\",\"https:\\\/\\\/x.com\\\/ViajaMenorca\",\"https:\\\/\\\/www.youtube.com\\\/c\\\/ViajamenorcaEs\",\"https:\\\/\\\/es.wikipedia.org\\\/wiki\\\/Menorca\"]}]}<\/script>\n<!-- \/ Yoast SEO plugin. -->","yoast_head_json":{"title":"Le climat \u00e0 Minorque \ud83c\udf24\ufe0f Pr\u00e9visions, temp\u00e9ratures, Image satellite","description":"Le climat de l'\u00eele est typiquement m\u00e9diterran\u00e9en ; il se caract\u00e9rise par des temp\u00e9ratures douces, dont la moyenne annuelle se situe entre\ud83c\udf21\ufe0f\u2614","robots":{"index":"index","follow":"follow","max-snippet":"max-snippet:-1","max-image-preview":"max-image-preview:large","max-video-preview":"max-video-preview:-1"},"canonical":"https:\/\/www.viajamenorca.com\/fr\/guide-touristique\/le-climat-a-minorque\/","og_locale":"fr_FR","og_type":"article","og_title":"Le climat \u00e0 Minorque \ud83c\udf24\ufe0f Pr\u00e9visions, temp\u00e9ratures, Image satellite","og_description":"Le climat de l'\u00eele est typiquement m\u00e9diterran\u00e9en ; il se caract\u00e9rise par des temp\u00e9ratures douces, dont la moyenne annuelle se situe entre\ud83c\udf21\ufe0f\u2614","og_url":"https:\/\/www.viajamenorca.com\/fr\/guide-touristique\/le-climat-a-minorque\/","og_site_name":"Viaja a Menorca","article_publisher":"https:\/\/www.facebook.com\/ViajaMenorca\/","article_author":"https:\/\/www.facebook.com\/ViajaMenorca\/","article_published_time":"2018-11-02T23:25:26+00:00","article_modified_time":"2026-04-01T00:49:18+00:00","og_image":[{"width":150,"height":150,"url":"https:\/\/www.viajamenorca.com\/wp-content\/uploads\/2010\/04\/clima-menorca.png","type":"image\/png"}],"author":"RVM","twitter_card":"summary_large_image","twitter_creator":"@ViajaMenorca","twitter_site":"@ViajaMenorca","twitter_misc":{"\u00c9crit par":"RVM","Dur\u00e9e de lecture estim\u00e9e":"3 minutes"},"schema":{"@context":"https:\/\/schema.org","@graph":[{"@type":"Article","@id":"https:\/\/www.viajamenorca.com\/fr\/guide-touristique\/le-climat-a-minorque\/#article","isPartOf":{"@id":"https:\/\/www.viajamenorca.com\/fr\/guide-touristique\/le-climat-a-minorque\/"},"author":{"name":"RVM","@id":"https:\/\/www.viajamenorca.com\/fr\/#\/schema\/person\/a4a17bcf26fbf36b9726dc16edd0a3fc"},"headline":"Le climat \u00e0 Minorque","datePublished":"2018-11-02T23:25:26+00:00","dateModified":"2026-04-01T00:49:18+00:00","mainEntityOfPage":{"@id":"https:\/\/www.viajamenorca.com\/fr\/guide-touristique\/le-climat-a-minorque\/"},"wordCount":464,"publisher":{"@id":"https:\/\/www.viajamenorca.com\/fr\/#organization"},"image":{"@id":"https:\/\/www.viajamenorca.com\/fr\/guide-touristique\/le-climat-a-minorque\/#primaryimage"},"thumbnailUrl":"https:\/\/www.viajamenorca.com\/wp-content\/uploads\/2010\/04\/clima-menorca.png","keywords":["climat m\u00e9diterran\u00e9en","Image du satellite Meteosat","l'AEMET","la \"tramuntana\"","La m\u00e9t\u00e9o \u00e0 Minorque","Le climat \u00e0 Minorque","Pr\u00e9cipitations","Pr\u00e9visions","Pr\u00e9visions m\u00e9t\u00e9orologiques","Vents"],"articleSection":["Guide touristique","Page d'accueil - Guide touristique"],"inLanguage":"fr-FR"},{"@type":"WebPage","@id":"https:\/\/www.viajamenorca.com\/fr\/guide-touristique\/le-climat-a-minorque\/","url":"https:\/\/www.viajamenorca.com\/fr\/guide-touristique\/le-climat-a-minorque\/","name":"Le climat \u00e0 Minorque \ud83c\udf24\ufe0f Pr\u00e9visions, temp\u00e9ratures, Image satellite","isPartOf":{"@id":"https:\/\/www.viajamenorca.com\/fr\/#website"},"primaryImageOfPage":{"@id":"https:\/\/www.viajamenorca.com\/fr\/guide-touristique\/le-climat-a-minorque\/#primaryimage"},"image":{"@id":"https:\/\/www.viajamenorca.com\/fr\/guide-touristique\/le-climat-a-minorque\/#primaryimage"},"thumbnailUrl":"https:\/\/www.viajamenorca.com\/wp-content\/uploads\/2010\/04\/clima-menorca.png","datePublished":"2018-11-02T23:25:26+00:00","dateModified":"2026-04-01T00:49:18+00:00","description":"Le climat de l'\u00eele est typiquement m\u00e9diterran\u00e9en ; il se caract\u00e9rise par des temp\u00e9ratures douces, dont la moyenne annuelle se situe entre\ud83c\udf21\ufe0f\u2614","breadcrumb":{"@id":"https:\/\/www.viajamenorca.com\/fr\/guide-touristique\/le-climat-a-minorque\/#breadcrumb"},"inLanguage":"fr-FR","potentialAction":[{"@type":"ReadAction","target":["https:\/\/www.viajamenorca.com\/fr\/guide-touristique\/le-climat-a-minorque\/"]}]},{"@type":"ImageObject","inLanguage":"fr-FR","@id":"https:\/\/www.viajamenorca.com\/fr\/guide-touristique\/le-climat-a-minorque\/#primaryimage","url":"https:\/\/www.viajamenorca.com\/wp-content\/uploads\/2010\/04\/clima-menorca.png","contentUrl":"https:\/\/www.viajamenorca.com\/wp-content\/uploads\/2010\/04\/clima-menorca.png","width":150,"height":150},{"@type":"BreadcrumbList","@id":"https:\/\/www.viajamenorca.com\/fr\/guide-touristique\/le-climat-a-minorque\/#breadcrumb","itemListElement":[{"@type":"ListItem","position":1,"name":"Guide touristique","item":"https:\/\/www.viajamenorca.com\/fr\/.\/guide-touristique\/"},{"@type":"ListItem","position":2,"name":"Pr\u00e9visions"}]},{"@type":"WebSite","@id":"https:\/\/www.viajamenorca.com\/fr\/#website","url":"https:\/\/www.viajamenorca.com\/fr\/","name":"Viaja a Menorca","description":"Votre aventure minorquine commence ici !","publisher":{"@id":"https:\/\/www.viajamenorca.com\/fr\/#organization"},"alternateName":"Gu\u00eda tur\u00edstica de Menorca","potentialAction":[{"@type":"SearchAction","target":{"@type":"EntryPoint","urlTemplate":"https:\/\/www.viajamenorca.com\/fr\/?s={search_term_string}"},"query-input":{"@type":"PropertyValueSpecification","valueRequired":true,"valueName":"search_term_string"}}],"inLanguage":"fr-FR"},{"@type":"Organization","@id":"https:\/\/www.viajamenorca.com\/fr\/#organization","name":"Viaja a Menorca - Gu\u00eda tur\u00edstica","alternateName":"Viaja a Menorca","url":"https:\/\/www.viajamenorca.com\/fr\/","logo":{"@type":"ImageObject","inLanguage":"fr-FR","@id":"https:\/\/www.viajamenorca.com\/fr\/#\/schema\/logo\/image\/","url":"https:\/\/www.viajamenorca.com\/wp-content\/uploads\/2021\/11\/viajamenorca.jpg","contentUrl":"https:\/\/www.viajamenorca.com\/wp-content\/uploads\/2021\/11\/viajamenorca.jpg","width":714,"height":714,"caption":"Viaja a Menorca - Gu\u00eda tur\u00edstica"},"image":{"@id":"https:\/\/www.viajamenorca.com\/fr\/#\/schema\/logo\/image\/"},"sameAs":["https:\/\/www.facebook.com\/ViajaMenorca\/","https:\/\/x.com\/ViajaMenorca","https:\/\/www.instagram.com\/viaja_menorca\/?hl=es","https:\/\/www.youtube.com\/channel\/UCWtpR3jxp79HeZ8zZfHLhXw"]},{"@type":"Person","@id":"https:\/\/www.viajamenorca.com\/fr\/#\/schema\/person\/a4a17bcf26fbf36b9726dc16edd0a3fc","name":"RVM","image":{"@type":"ImageObject","inLanguage":"fr-FR","@id":"https:\/\/www.viajamenorca.com\/wp-content\/litespeed\/avatar\/f92762d1538920c5ee7c40d8d2c84bc0.jpg?ver=1777343553","url":"https:\/\/www.viajamenorca.com\/wp-content\/litespeed\/avatar\/f92762d1538920c5ee7c40d8d2c84bc0.jpg?ver=1777343553","contentUrl":"https:\/\/www.viajamenorca.com\/wp-content\/litespeed\/avatar\/f92762d1538920c5ee7c40d8d2c84bc0.jpg?ver=1777343553","caption":"RVM"},"description":"Guia turistica de Menorca creada por un menorquin amante de su tierra, espero que os guste.","sameAs":["http:\/\/www.viajamenorca.com","https:\/\/www.facebook.com\/ViajaMenorca\/","https:\/\/www.instagram.com\/viaja_menorca\/?hl=es","https:\/\/x.com\/ViajaMenorca","https:\/\/www.youtube.com\/c\/ViajamenorcaEs","https:\/\/es.wikipedia.org\/wiki\/Menorca"]}]}},"_links":{"self":[{"href":"https:\/\/www.viajamenorca.com\/fr\/wp-json\/wp\/v2\/posts\/63582","targetHints":{"allow":["GET"]}}],"collection":[{"href":"https:\/\/www.viajamenorca.com\/fr\/wp-json\/wp\/v2\/posts"}],"about":[{"href":"https:\/\/www.viajamenorca.com\/fr\/wp-json\/wp\/v2\/types\/post"}],"author":[{"embeddable":true,"href":"https:\/\/www.viajamenorca.com\/fr\/wp-json\/wp\/v2\/users\/1"}],"replies":[{"embeddable":true,"href":"https:\/\/www.viajamenorca.com\/fr\/wp-json\/wp\/v2\/comments?post=63582"}],"version-history":[{"count":19,"href":"https:\/\/www.viajamenorca.com\/fr\/wp-json\/wp\/v2\/posts\/63582\/revisions"}],"predecessor-version":[{"id":63851,"href":"https:\/\/www.viajamenorca.com\/fr\/wp-json\/wp\/v2\/posts\/63582\/revisions\/63851"}],"wp:featuredmedia":[{"embeddable":true,"href":"https:\/\/www.viajamenorca.com\/fr\/wp-json\/wp\/v2\/media\/53805"}],"wp:attachment":[{"href":"https:\/\/www.viajamenorca.com\/fr\/wp-json\/wp\/v2\/media?parent=63582"}],"wp:term":[{"taxonomy":"category","embeddable":true,"href":"https:\/\/www.viajamenorca.com\/fr\/wp-json\/wp\/v2\/categories?post=63582"},{"taxonomy":"post_tag","embeddable":true,"href":"https:\/\/www.viajamenorca.com\/fr\/wp-json\/wp\/v2\/tags?post=63582"}],"curies":[{"name":"wp","href":"https:\/\/api.w.org\/{rel}","templated":true}]}}