{"id":63584,"date":"2018-11-02T22:50:18","date_gmt":"2018-11-02T22:50:18","guid":{"rendered":"https:\/\/www.viajamenorca.com\/non-classe\/telefonos-de-interes\/"},"modified":"2026-03-15T09:12:29","modified_gmt":"2026-03-15T09:12:29","slug":"telephone-utiles","status":"publish","type":"post","link":"https:\/\/www.viajamenorca.com\/fr\/guide-touristique\/telephones-et-liens\/telephone-utiles\/","title":{"rendered":"Num\u00e9ros de t\u00e9l\u00e9phone utiles"},"content":{"rendered":"<h3><span style=\"font-size: 14pt;\">N&rsquo;oubliez pas d&rsquo;ajouter le pr\u00e9fixe +34 si vous appelez hors de l&rsquo;Espagne<\/span><\/h3>\n<table style=\"width: 100%; height: 1619px;\" border=\"0\" width=\"539\" align=\"center\">\n<tbody>\n<tr style=\"height: 40px;\">\n<td style=\"height: 40px;\" width=\"310\">\n<div class=\"Estilo8\"><strong>Consell Insular Menorca (Conseil de l&rsquo;\u00cele)<\/strong><\/div>\n<\/td>\n<td style=\"height: 40px;\" width=\"219\">\n<div class=\"Estilo8\" style=\"text-align: left;\"><a href=\"tel:\/\/971356050\"><strong> 971 35 60 50 <\/strong><\/a><\/div>\n<\/td>\n<\/tr>\n<tr style=\"text-align: left;\">\n<td style=\"height: 40px;\">\n<div class=\"Estilo8\"><strong>A\u00e9roport de Minorque<\/strong><\/div>\n<\/td>\n<td style=\"height: 40px;\">\n<div class=\"Estilo8\"><strong><a href=\"tel:\/\/913211000\">913 211 000<\/a><\/strong><\/div>\n<\/td>\n<\/tr>\n<tr style=\"height: 40px;\">\n<td style=\"height: 40px;\">\n<div class=\"Estilo8\"><strong>Radio Taxi<\/strong><\/div>\n<\/td>\n<td style=\"height: 40px;\">\n<div class=\"Estilo8\"><a href=\"tel:\/\/971367111\"><strong> 971 36 71 11 <\/strong><\/a><\/div>\n<\/td>\n<\/tr>\n<tr style=\"height: 40px;\">\n<td style=\"height: 40px;\">\n<div class=\"Estilo8\"><strong>Police Nationale (Urgences)<\/strong><\/div>\n<\/td>\n<td style=\"height: 40px;\">\n<div class=\"Estilo8\"><a href=\"tel:\/\/091\" rel=\"\"><strong>091<\/strong><\/a><\/div>\n<\/td>\n<\/tr>\n<tr style=\"height: 40px;\">\n<td style=\"height: 40px;\">\n<div class=\"Estilo8\"><strong>Urgences g\u00e9n\u00e9rales<\/strong><\/div>\n<\/td>\n<td style=\"height: 40px;\">\n<div class=\"Estilo8\"><a href=\"tel:\/\/112\"><strong>112<\/strong><\/a><\/div>\n<\/td>\n<\/tr>\n<tr style=\"height: 20px;\">\n<td style=\"height: 20px;\">\n<div class=\"Estilo8\"><strong>Urgences m\u00e9dicales<\/strong><\/div>\n<\/td>\n<td style=\"height: 20px;\">\n<div class=\"Estilo8\"><strong><a href=\"tel:\/\/061\" rel=\"\">061<\/a><\/strong><\/div>\n<\/td>\n<\/tr>\n<tr style=\"height: 40px;\">\n<td style=\"height: 40px;\">\n<div class=\"Estilo8\"><strong>H\u00f4pital<\/strong><\/div>\n<\/td>\n<td style=\"height: 40px;\">\n<div class=\"Estilo8\"><a href=\"tel:\/\/971487000\"><strong>971 487 000<\/strong><\/a><\/div>\n<\/td>\n<\/tr>\n<tr style=\"height: 20px;\">\n<td style=\"height: 20px;\"><strong> Prise de rendez-vous : Centres de sant\u00e9<\/strong><\/td>\n<td style=\"height: 20px;\">\n<div class=\"Estilo8\"><strong><a href=\"tel:\/\/971 220 000\" rel=\"\">971 220 000<\/a><\/strong><\/div>\n<\/td>\n<\/tr>\n<tr style=\"height: 40px;\">\n<td style=\"height: 40px;\">\n<div class=\"Estilo8\"><b>Transmediterr\u00e1nea (Gare maritime de Mah\u00f3n)<\/b><\/div>\n<\/td>\n<td style=\"height: 40px;\">\n<div class=\"Estilo8\"><a href=\"tel:\/\/902454645\"><strong>902 454 645<\/strong><\/a><\/div>\n<\/td>\n<\/tr>\n<tr style=\"height: 10px;\">\n<td style=\"height: 10px;\"><strong>Bureaux d&rsquo;information touristique<\/strong><\/td>\n<td style=\"height: 10px;\">\n<div class=\"Estilo8\">\u00a0<\/div>\n<\/td>\n<\/tr>\n<tr style=\"height: 40px;\">\n<td style=\"height: 40px;\">\n<div class=\"Estilo8\" style=\"padding-left: 40px;\"><a href=\"https:\/\/www.viajamenorca.com\/fr\/guide-touristique\/villages\/mao-mahon\/\"><strong>Mah\u00f3n<\/strong><\/a><\/div>\n<\/td>\n<td style=\"height: 40px;\">\n<div class=\"Estilo8\"><a href=\"tel:\/\/971363790\"><strong><span aria-label=\"Appeler le num\u00e9ro de t\u00e9l\u00e9phone 971 36 37 90\">971 36 37 90<\/span><\/strong><\/a><\/div>\n<\/td>\n<\/tr>\n<tr style=\"height: 40px;\">\n<td style=\"height: 40px;\">\n<div class=\"Estilo8\" style=\"padding-left: 40px;\"><a href=\"https:\/\/www.viajamenorca.com\/fr\/guide-touristique\/villages\/ciutadella-citadelle\/\"><strong>Ciutadella<\/strong><\/a><\/div>\n<\/td>\n<td style=\"height: 40px;\">\n<div class=\"Estilo8\"><a href=\"tel:\/\/971383724\"><strong><span aria-label=\"Appeler le num\u00e9ro de t\u00e9l\u00e9phone 971 38 37 24\">971 38 37 24<\/span><\/strong><\/a><\/div>\n<\/td>\n<\/tr>\n<tr style=\"height: 40px;\">\n<td style=\"height: 40px;\">\n<div class=\"Estilo8\" style=\"padding-left: 40px;\"><a href=\"https:\/\/www.viajamenorca.com\/fr\/guide-touristique\/villages\/es-mercadal\/\"><strong>Es Mercadal<\/strong><\/a><\/div>\n<\/td>\n<td style=\"height: 40px;\">\n<div class=\"Estilo8\"><a href=\"tel:\/\/971154400\"><strong><span aria-label=\"Appeler le num\u00e9ro de t\u00e9l\u00e9phone 971 15 44 00\">971 15 44 00<\/span><\/strong><\/a><\/div>\n<\/td>\n<\/tr>\n<tr style=\"height: 40px;\">\n<td style=\"height: 40px;\">\n<div class=\"Estilo8\" style=\"padding-left: 40px;\"><strong>Alaior<\/strong><\/div>\n<\/td>\n<td style=\"height: 40px;\">\n<div class=\"Estilo8\"><strong><a href=\"tel:\/\/971371002\">971 371 002<\/a><\/strong><\/div>\n<\/td>\n<\/tr>\n<tr style=\"height: 40px;\">\n<td style=\"height: 40px;\">\n<div class=\"Estilo8\" style=\"padding-left: 40px;\"><strong>Ferreries<\/strong><\/div>\n<\/td>\n<td style=\"height: 40px;\">\n<div class=\"Estilo8\"><a href=\"tel:\/\/611188525\"><strong><span aria-label=\"Appeler le num\u00e9ro de t\u00e9l\u00e9phone 611 18 85 25\">611 18 85 25<\/span><\/strong><\/a><\/div>\n<\/td>\n<\/tr>\n<tr style=\"height: 40px;\">\n<td style=\"height: 40px;\">\n<div class=\"Estilo8\" style=\"padding-left: 40px;\"><strong>A\u00e9roport<\/strong><\/div>\n<\/td>\n<td style=\"height: 40px;\">\n<div class=\"Estilo8\"><a href=\"tel:\/\/971356944\"><strong><span aria-label=\"Appeler le num\u00e9ro de t\u00e9l\u00e9phone 971 35 69 44\">971 35 69 44<\/span><\/strong><\/a><\/div>\n<\/td>\n<\/tr>\n<tr style=\"height: 40px;\">\n<td style=\"height: 40px;\">\n<div class=\"Estilo8\"><strong>Garde Civile (Guardia Civil)<\/strong><\/div>\n<\/td>\n<td style=\"height: 40px;\">\n<div class=\"Estilo8\"><a href=\"tel:\/\/062\"><strong>062<\/strong><\/a><\/div>\n<\/td>\n<\/tr>\n<tr style=\"height: 40px;\">\n<td style=\"height: 40px;\">\n<div class=\"Estilo8\"><strong>Iberia<\/strong><\/div>\n<\/td>\n<td style=\"height: 40px;\">\n<div class=\"Estilo8\"><a href=\"tel:901111500\"><strong>901 111 500<\/strong><\/a><\/div>\n<\/td>\n<\/tr>\n<tr style=\"height: 40px;\">\n<td style=\"height: 40px;\">\n<div class=\"Estilo8\"><strong>Air Europa <\/strong><\/div>\n<\/td>\n<td style=\"height: 40px;\">\n<div class=\"Estilo8\"><a href=\"tel:\/\/911401501\"><strong>911 40 15 01<\/strong><\/a><\/div>\n<\/td>\n<\/tr>\n<tr style=\"height: 40px;\">\n<td style=\"height: 40px;\">\n<div class=\"Estilo8\"><strong>Balearia<\/strong><\/div>\n<\/td>\n<td style=\"height: 40px;\">\n<div class=\"Estilo8\"><a href=\"tel:\/\/912660215\"><strong>912 660 215<\/strong><\/a><\/div>\n<\/td>\n<\/tr>\n<tr style=\"height: 40px;\">\n<td style=\"height: 40px;\">\n<div class=\"Estilo8\"><strong>Pompiers<\/strong><\/div>\n<\/td>\n<td style=\"height: 40px;\">\n<div class=\"Estilo8\"><strong><a href=\"tel:\/\/971351011\">971 35 10 11<\/a> <\/strong><\/div>\n<\/td>\n<\/tr>\n<tr style=\"height: 40px;\">\n<td style=\"height: 40px;\"><span class=\"Estilo8\"><strong>Direction Insulaire de l&rsquo;Administration d&rsquo;\u00c9tat<\/strong><\/span><\/td>\n<td style=\"height: 40px;\">\n<div class=\"Estilo8\"><a href=\"tel:\/\/971989280\"><strong>971 989 280<\/strong><\/a><\/div>\n<\/td>\n<\/tr>\n<tr style=\"height: 40px;\">\n<td style=\"height: 40px;\"><span class=\"Estilo8\"><strong>Police Municipale<\/strong><\/span><\/td>\n<td style=\"height: 40px;\">\n<div class=\"Estilo8\"><a href=\"tel:\/\/092\"><strong>092<\/strong><\/a><\/div>\n<\/td>\n<\/tr>\n<tr style=\"height: 40px;\">\n<td style=\"height: 40px;\"><span class=\"Estilo8\"><strong>\u00c9v\u00each\u00e9 de Minorque<\/strong><\/span><\/td>\n<td style=\"height: 40px;\">\n<div class=\"Estilo8\"><a href=\"tel:\/\/971380343\"><strong>971 380 343<\/strong><\/a><\/div>\n<\/td>\n<\/tr>\n<tr style=\"height: 40px;\">\n<td style=\"height: 40px;\"><span class=\"Estilo8\"><strong>Consulat du Royaume-Uni<\/strong><\/span><\/td>\n<td style=\"height: 40px;\">\n<div class=\"Estilo8\"><a href=\"tel:\/\/933666200\"><strong><span aria-label=\"Appeler le num\u00e9ro de t\u00e9l\u00e9phone 933 66 62 00\">933 666 200<\/span><\/strong><\/a><\/div>\n<\/td>\n<\/tr>\n<tr style=\"height: 40px;\">\n<td style=\"height: 40px;\"><span class=\"Estilo8\"><strong>Consulat d&rsquo;Allemagne<\/strong><\/span><\/td>\n<td style=\"height: 40px;\">\n<div class=\"Estilo8\"><strong><a href=\"tel:\/\/971361668\">971 36 16 68<\/a> <\/strong><\/div>\n<\/td>\n<\/tr>\n<tr style=\"height: 40px;\">\n<td style=\"height: 40px;\"><span class=\"Estilo8\"><strong>Consulat de France<\/strong><\/span><\/td>\n<td style=\"height: 40px;\">\n<div class=\"Estilo8\"><a href=\"tel:\/\/971730301\"><strong>971 730 301<\/strong><\/a><\/div>\n<\/td>\n<\/tr>\n<tr style=\"height: 40px;\">\n<td style=\"height: 40px;\"><span class=\"Estilo8\"><strong>Consulat des Pays-Bas<\/strong><\/span><\/td>\n<td style=\"height: 40px;\">\n<div class=\"Estilo8\"><a href=\"tel:\/\/913537512\"><strong>91 353 75 12<\/strong><\/a><\/div>\n<\/td>\n<\/tr>\n<tr style=\"height: 40px;\">\n<td style=\"height: 40px;\"><span class=\"Estilo8\"><strong>Consulat d&rsquo;Italie<\/strong><\/span><\/td>\n<td style=\"height: 40px;\">\n<div class=\"Estilo8\"><a href=\"tel:\/\/807300747\"><strong>807 30 07 47<\/strong><\/a><\/div>\n<\/td>\n<\/tr>\n<tr style=\"height: 61px;\">\n<td style=\"height: 61px;\"><span class=\"Estilo8\"><strong>Mairie de <\/strong><\/span><b>Mah\u00f3n<\/b><\/td>\n<td style=\"height: 61px;\">\n<p class=\"Estilo8 Estilo79 Estilo3 Estilo3 Estilo10\"><a href=\"tel:\/\/971369800\"><strong>971 36 98 00<\/strong><\/a><\/p>\n<\/td>\n<\/tr>\n<tr style=\"height: 61px;\">\n<td style=\"height: 61px;\"><span class=\"Estilo8\"><strong>Mairie de Ciutadella<\/strong><\/span><\/td>\n<td style=\"height: 61px;\">\n<p class=\"Estilo8 Estilo79 Estilo3 Estilo3 Estilo10\"><a href=\"tel:\/\/971381050\"><strong>971 38 10 50<\/strong><\/a><\/p>\n<\/td>\n<\/tr>\n<tr style=\"height: 61px;\">\n<td style=\"height: 61px;\"><span class=\"Estilo8\"><strong>Mairie de Es Mercadal<\/strong><\/span><\/td>\n<td style=\"height: 61px;\">\n<p class=\"Estilo8 Estilo79 Estilo3 Estilo3 Estilo10\"><a href=\"tel:\/\/971375002\"><strong>971 37 50 02<\/strong><\/a><\/p>\n<\/td>\n<\/tr>\n<tr style=\"height: 61px;\">\n<td style=\"height: 61px;\"><span class=\"Estilo8\"><strong>Mairie de Es Castell<\/strong><\/span><\/td>\n<td style=\"height: 61px;\">\n<p class=\"Estilo8 Estilo79 Estilo3 Estilo3 Estilo10\"><a href=\"tel:\/\/971365193\"><strong>971 36 51 93<\/strong><\/a><\/p>\n<\/td>\n<\/tr>\n<tr style=\"height: 61px;\">\n<td style=\"height: 61px;\"><span class=\"Estilo8\"><strong>Mairie de Ferreries<\/strong><\/span><\/td>\n<td style=\"height: 61px;\">\n<p class=\"Estilo8 Estilo79 Estilo3 Estilo3 Estilo10\"><a href=\"tel:\/\/971373003\"><strong>971 37 30 03<\/strong><\/a><\/p>\n<\/td>\n<\/tr>\n<tr style=\"height: 61px;\">\n<td style=\"height: 61px;\"><span class=\"Estilo8\"><strong>Mairie d&rsquo;Alaior<\/strong><\/span><\/td>\n<td style=\"height: 61px;\">\n<p class=\"Estilo8 Estilo79 Estilo3 Estilo3 Estilo10\"><a href=\"tel:\/\/971371002\"><strong>971 37 10 02<\/strong><\/a><\/p>\n<\/td>\n<\/tr>\n<tr style=\"height: 61px;\">\n<td style=\"height: 61px;\"><span class=\"Estilo8\"><strong>Mairie de Sant Llu\u00eds<\/strong><\/span><\/td>\n<td style=\"height: 61px;\">\n<p class=\"Estilo8 Estilo79 Estilo3 Estilo3 Estilo10\"><a href=\"tel:\/\/971150950\"><strong>971 15 09 50<\/strong><\/a><\/p>\n<\/td>\n<\/tr>\n<tr style=\"height: 61px;\">\n<td style=\"height: 61px;\"><span class=\"Estilo8\"><strong>Mairie de Es Migjorn Gran<\/strong><\/span><\/td>\n<td style=\"height: 61px;\">\n<p class=\"Estilo8 Estilo79 Estilo3 Estilo3 Estilo10\"><a href=\"tel:\/\/971370111\"><strong>971 37 01 11<\/strong><\/a><\/p>\n<\/td>\n<\/tr>\n<\/tbody>\n<\/table>\n\n\n<div style=\"text-align: center;\"><script>function loadScript(url, callback){var script=document.createElement('script'); script.type='text\/javascript'; if (script.readyState){script.onreadystatechange=function(){if (script.readyState=='loaded' || script.readyState=='complete'){script.onreadystatechange=null; callback();}};}else{script.onload=function(){callback();};}script.src=url; document.getElementsByTagName('head')[0].appendChild(script);}loadScript('https:\/\/cdn2.civitatis.com\/js\/vendor\/iframeResizer.min.js', function(){iFrameResize({checkOrigin:false,initCallback:function(iframe){setTimeout(function(){var resizeEvent = window.document.createEvent('UIEvents'); resizeEvent.initUIEvent('resize', true, false, window, 0); iframe.dispatchEvent(resizeEvent);});}})})<\/script><iframe class=\"civitatis-iframe\" style=\"max-width: 100%;\" src=\"https:\/\/www.civitatis.com\/widget-activities\/?affiliated=99960&amp;display=cosy&amp;cant=6&amp;lang=fr&amp;currency=EUR&amp;zone=492&amp;transfer=1&amp;cmp=Widget_Menorca_ES&amp;width=100%&amp;hideButton=0&amp;centerContent=1&amp;typeSelection=all&amp;color=1d5a8f&amp;typography=Montserrat&amp;removeBackground=1&amp;showShadow=1&amp;roundedButtons=1\" width=\"100%\" frameborder=\"0\" data-maxwidth=\"100%\"><\/iframe><\/div>\n","protected":false},"excerpt":{"rendered":"<p>N&rsquo;oubliez pas d&rsquo;ajouter le pr\u00e9fixe +34 si vous appelez hors de l&rsquo;Espagne Consell Insular Menorca (Conseil de l&rsquo;\u00cele) 971 35 60 50 A\u00e9roport de Minorque 913 211 000 Radio Taxi &#8230; <\/p>\n<p class=\"read-more-container\"><a title=\"Num\u00e9ros de t\u00e9l\u00e9phone utiles\" class=\"read-more button\" href=\"https:\/\/www.viajamenorca.com\/fr\/guide-touristique\/telephones-et-liens\/telephone-utiles\/#more-63584\" aria-label=\"En savoir plus sur Num\u00e9ros de t\u00e9l\u00e9phone utiles\">Lire plus<\/a><\/p>\n","protected":false},"author":1,"featured_media":56292,"comment_status":"closed","ping_status":"closed","sticky":false,"template":"","format":"standard","meta":{"_acf_changed":false,"footnotes":""},"categories":[1581,1865],"tags":[3256,3258,3255,3253,3254,3257],"class_list":["post-63584","post","type-post","status-publish","format-standard","has-post-thumbnail","hentry","category-guide-touristique","category-telephones-et-liens","tag-aeroport-de-minorque","tag-hopital","tag-numeros-de-telephone-utiles","tag-repertoire","tag-telephone-minorque","tag-urgences-medicales","resize-featured-image"],"acf":{"elige_un_tipo_de_actividad":"","buscar_por_zonas":""},"yoast_head":"<!-- This site is optimized with the Yoast SEO plugin v27.4 - https:\/\/yoast.com\/product\/yoast-seo-wordpress\/ -->\n<title>Num\u00e9ros de t\u00e9l\u00e9phone utiles \u00e0 Minorque - R\u00e9pertoire- Viaja a Menorca<\/title>\n<meta name=\"description\" content=\"\ud83d\udcdeNum\u00e9ros de t\u00e9l\u00e9phone utiles si vous voyagez \u00e0 Minorque : services d&#039;urgence, mairies, consulats, compagnies a\u00e9riennes, informations tourist\" \/>\n<meta name=\"robots\" content=\"index, follow, max-snippet:-1, max-image-preview:large, max-video-preview:-1\" \/>\n<link rel=\"canonical\" href=\"https:\/\/www.viajamenorca.com\/fr\/guide-touristique\/telephones-et-liens\/telephone-utiles\/\" \/>\n<meta property=\"og:locale\" content=\"fr_FR\" \/>\n<meta property=\"og:type\" content=\"article\" \/>\n<meta property=\"og:title\" content=\"Num\u00e9ros de t\u00e9l\u00e9phone utiles \u00e0 Minorque - R\u00e9pertoire- Viaja a Menorca\" \/>\n<meta property=\"og:description\" content=\"\ud83d\udcdeNum\u00e9ros de t\u00e9l\u00e9phone utiles si vous voyagez \u00e0 Minorque : services d&#039;urgence, mairies, consulats, compagnies a\u00e9riennes, informations tourist\" \/>\n<meta property=\"og:url\" content=\"https:\/\/www.viajamenorca.com\/fr\/guide-touristique\/telephones-et-liens\/telephone-utiles\/\" \/>\n<meta property=\"og:site_name\" content=\"Viaja a Menorca\" \/>\n<meta property=\"article:publisher\" content=\"https:\/\/www.facebook.com\/ViajaMenorca\/\" \/>\n<meta property=\"article:author\" content=\"https:\/\/www.facebook.com\/ViajaMenorca\/\" \/>\n<meta property=\"article:published_time\" content=\"2018-11-02T22:50:18+00:00\" \/>\n<meta property=\"article:modified_time\" content=\"2026-03-15T09:12:29+00:00\" \/>\n<meta property=\"og:image\" content=\"https:\/\/www.viajamenorca.com\/wp-content\/uploads\/2018\/11\/agenda.jpg\" \/>\n\t<meta property=\"og:image:width\" content=\"1280\" \/>\n\t<meta property=\"og:image:height\" content=\"853\" \/>\n\t<meta property=\"og:image:type\" content=\"image\/jpeg\" \/>\n<meta name=\"author\" content=\"RVM\" \/>\n<meta name=\"twitter:card\" content=\"summary_large_image\" \/>\n<meta name=\"twitter:creator\" content=\"@ViajaMenorca\" \/>\n<meta name=\"twitter:site\" content=\"@ViajaMenorca\" \/>\n<meta name=\"twitter:label1\" content=\"\u00c9crit par\" \/>\n\t<meta name=\"twitter:data1\" content=\"RVM\" \/>\n\t<meta name=\"twitter:label2\" content=\"Dur\u00e9e de lecture estim\u00e9e\" \/>\n\t<meta name=\"twitter:data2\" content=\"2 minutes\" \/>\n<script type=\"application\/ld+json\" class=\"yoast-schema-graph\">{\"@context\":\"https:\\\/\\\/schema.org\",\"@graph\":[{\"@type\":\"Article\",\"@id\":\"https:\\\/\\\/www.viajamenorca.com\\\/fr\\\/guide-touristique\\\/telephones-et-liens\\\/telephone-utiles\\\/#article\",\"isPartOf\":{\"@id\":\"https:\\\/\\\/www.viajamenorca.com\\\/fr\\\/guide-touristique\\\/telephones-et-liens\\\/telephone-utiles\\\/\"},\"author\":{\"name\":\"RVM\",\"@id\":\"https:\\\/\\\/www.viajamenorca.com\\\/fr\\\/#\\\/schema\\\/person\\\/a4a17bcf26fbf36b9726dc16edd0a3fc\"},\"headline\":\"Num\u00e9ros de t\u00e9l\u00e9phone utiles\",\"datePublished\":\"2018-11-02T22:50:18+00:00\",\"dateModified\":\"2026-03-15T09:12:29+00:00\",\"mainEntityOfPage\":{\"@id\":\"https:\\\/\\\/www.viajamenorca.com\\\/fr\\\/guide-touristique\\\/telephones-et-liens\\\/telephone-utiles\\\/\"},\"wordCount\":141,\"publisher\":{\"@id\":\"https:\\\/\\\/www.viajamenorca.com\\\/fr\\\/#organization\"},\"image\":{\"@id\":\"https:\\\/\\\/www.viajamenorca.com\\\/fr\\\/guide-touristique\\\/telephones-et-liens\\\/telephone-utiles\\\/#primaryimage\"},\"thumbnailUrl\":\"https:\\\/\\\/www.viajamenorca.com\\\/wp-content\\\/uploads\\\/2018\\\/11\\\/agenda.jpg\",\"keywords\":[\"A\u00e9roport de Minorque\",\"H\u00f4pital\",\"Num\u00e9ros de t\u00e9l\u00e9phone utiles\",\"r\u00e9pertoire\",\"t\u00e9l\u00e9phone minorque\",\"Urgences m\u00e9dicales\"],\"articleSection\":[\"Guide touristique\",\"T\u00e9l\u00e9phones et liens\"],\"inLanguage\":\"fr-FR\"},{\"@type\":\"WebPage\",\"@id\":\"https:\\\/\\\/www.viajamenorca.com\\\/fr\\\/guide-touristique\\\/telephones-et-liens\\\/telephone-utiles\\\/\",\"url\":\"https:\\\/\\\/www.viajamenorca.com\\\/fr\\\/guide-touristique\\\/telephones-et-liens\\\/telephone-utiles\\\/\",\"name\":\"Num\u00e9ros de t\u00e9l\u00e9phone utiles \u00e0 Minorque - R\u00e9pertoire- Viaja a Menorca\",\"isPartOf\":{\"@id\":\"https:\\\/\\\/www.viajamenorca.com\\\/fr\\\/#website\"},\"primaryImageOfPage\":{\"@id\":\"https:\\\/\\\/www.viajamenorca.com\\\/fr\\\/guide-touristique\\\/telephones-et-liens\\\/telephone-utiles\\\/#primaryimage\"},\"image\":{\"@id\":\"https:\\\/\\\/www.viajamenorca.com\\\/fr\\\/guide-touristique\\\/telephones-et-liens\\\/telephone-utiles\\\/#primaryimage\"},\"thumbnailUrl\":\"https:\\\/\\\/www.viajamenorca.com\\\/wp-content\\\/uploads\\\/2018\\\/11\\\/agenda.jpg\",\"datePublished\":\"2018-11-02T22:50:18+00:00\",\"dateModified\":\"2026-03-15T09:12:29+00:00\",\"description\":\"\ud83d\udcdeNum\u00e9ros de t\u00e9l\u00e9phone utiles si vous voyagez \u00e0 Minorque : services d'urgence, mairies, consulats, compagnies a\u00e9riennes, informations tourist\",\"breadcrumb\":{\"@id\":\"https:\\\/\\\/www.viajamenorca.com\\\/fr\\\/guide-touristique\\\/telephones-et-liens\\\/telephone-utiles\\\/#breadcrumb\"},\"inLanguage\":\"fr-FR\",\"potentialAction\":[{\"@type\":\"ReadAction\",\"target\":[\"https:\\\/\\\/www.viajamenorca.com\\\/fr\\\/guide-touristique\\\/telephones-et-liens\\\/telephone-utiles\\\/\"]}]},{\"@type\":\"ImageObject\",\"inLanguage\":\"fr-FR\",\"@id\":\"https:\\\/\\\/www.viajamenorca.com\\\/fr\\\/guide-touristique\\\/telephones-et-liens\\\/telephone-utiles\\\/#primaryimage\",\"url\":\"https:\\\/\\\/www.viajamenorca.com\\\/wp-content\\\/uploads\\\/2018\\\/11\\\/agenda.jpg\",\"contentUrl\":\"https:\\\/\\\/www.viajamenorca.com\\\/wp-content\\\/uploads\\\/2018\\\/11\\\/agenda.jpg\",\"width\":1280,\"height\":853},{\"@type\":\"BreadcrumbList\",\"@id\":\"https:\\\/\\\/www.viajamenorca.com\\\/fr\\\/guide-touristique\\\/telephones-et-liens\\\/telephone-utiles\\\/#breadcrumb\",\"itemListElement\":[{\"@type\":\"ListItem\",\"position\":1,\"name\":\"Guide touristique\",\"item\":\"https:\\\/\\\/www.viajamenorca.com\\\/fr\\\/.\\\/guide-touristique\\\/\"},{\"@type\":\"ListItem\",\"position\":2,\"name\":\"T\u00e9l\u00e9phones et liens\",\"item\":\"https:\\\/\\\/www.viajamenorca.com\\\/fr\\\/.\\\/guide-touristique\\\/telephones-et-liens\\\/\"},{\"@type\":\"ListItem\",\"position\":3,\"name\":\"r\u00e9pertoire\"}]},{\"@type\":\"WebSite\",\"@id\":\"https:\\\/\\\/www.viajamenorca.com\\\/fr\\\/#website\",\"url\":\"https:\\\/\\\/www.viajamenorca.com\\\/fr\\\/\",\"name\":\"Viaja a Menorca\",\"description\":\"Votre aventure minorquine commence ici !\",\"publisher\":{\"@id\":\"https:\\\/\\\/www.viajamenorca.com\\\/fr\\\/#organization\"},\"alternateName\":\"Gu\u00eda tur\u00edstica de Menorca\",\"potentialAction\":[{\"@type\":\"SearchAction\",\"target\":{\"@type\":\"EntryPoint\",\"urlTemplate\":\"https:\\\/\\\/www.viajamenorca.com\\\/fr\\\/?s={search_term_string}\"},\"query-input\":{\"@type\":\"PropertyValueSpecification\",\"valueRequired\":true,\"valueName\":\"search_term_string\"}}],\"inLanguage\":\"fr-FR\"},{\"@type\":\"Organization\",\"@id\":\"https:\\\/\\\/www.viajamenorca.com\\\/fr\\\/#organization\",\"name\":\"Viaja a Menorca - Gu\u00eda tur\u00edstica\",\"alternateName\":\"Viaja a Menorca\",\"url\":\"https:\\\/\\\/www.viajamenorca.com\\\/fr\\\/\",\"logo\":{\"@type\":\"ImageObject\",\"inLanguage\":\"fr-FR\",\"@id\":\"https:\\\/\\\/www.viajamenorca.com\\\/fr\\\/#\\\/schema\\\/logo\\\/image\\\/\",\"url\":\"https:\\\/\\\/www.viajamenorca.com\\\/wp-content\\\/uploads\\\/2021\\\/11\\\/viajamenorca.jpg\",\"contentUrl\":\"https:\\\/\\\/www.viajamenorca.com\\\/wp-content\\\/uploads\\\/2021\\\/11\\\/viajamenorca.jpg\",\"width\":714,\"height\":714,\"caption\":\"Viaja a Menorca - Gu\u00eda tur\u00edstica\"},\"image\":{\"@id\":\"https:\\\/\\\/www.viajamenorca.com\\\/fr\\\/#\\\/schema\\\/logo\\\/image\\\/\"},\"sameAs\":[\"https:\\\/\\\/www.facebook.com\\\/ViajaMenorca\\\/\",\"https:\\\/\\\/x.com\\\/ViajaMenorca\",\"https:\\\/\\\/www.instagram.com\\\/viaja_menorca\\\/?hl=es\",\"https:\\\/\\\/www.youtube.com\\\/channel\\\/UCWtpR3jxp79HeZ8zZfHLhXw\"]},{\"@type\":\"Person\",\"@id\":\"https:\\\/\\\/www.viajamenorca.com\\\/fr\\\/#\\\/schema\\\/person\\\/a4a17bcf26fbf36b9726dc16edd0a3fc\",\"name\":\"RVM\",\"image\":{\"@type\":\"ImageObject\",\"inLanguage\":\"fr-FR\",\"@id\":\"https:\\\/\\\/www.viajamenorca.com\\\/wp-content\\\/litespeed\\\/avatar\\\/f92762d1538920c5ee7c40d8d2c84bc0.jpg?ver=1776737859\",\"url\":\"https:\\\/\\\/www.viajamenorca.com\\\/wp-content\\\/litespeed\\\/avatar\\\/f92762d1538920c5ee7c40d8d2c84bc0.jpg?ver=1776737859\",\"contentUrl\":\"https:\\\/\\\/www.viajamenorca.com\\\/wp-content\\\/litespeed\\\/avatar\\\/f92762d1538920c5ee7c40d8d2c84bc0.jpg?ver=1776737859\",\"caption\":\"RVM\"},\"description\":\"Guia turistica de Menorca creada por un menorquin amante de su tierra, espero que os guste.\",\"sameAs\":[\"http:\\\/\\\/www.viajamenorca.com\",\"https:\\\/\\\/www.facebook.com\\\/ViajaMenorca\\\/\",\"https:\\\/\\\/www.instagram.com\\\/viaja_menorca\\\/?hl=es\",\"https:\\\/\\\/x.com\\\/ViajaMenorca\",\"https:\\\/\\\/www.youtube.com\\\/c\\\/ViajamenorcaEs\",\"https:\\\/\\\/es.wikipedia.org\\\/wiki\\\/Menorca\"]}]}<\/script>\n<!-- \/ Yoast SEO plugin. -->","yoast_head_json":{"title":"Num\u00e9ros de t\u00e9l\u00e9phone utiles \u00e0 Minorque - R\u00e9pertoire- Viaja a Menorca","description":"\ud83d\udcdeNum\u00e9ros de t\u00e9l\u00e9phone utiles si vous voyagez \u00e0 Minorque : services d'urgence, mairies, consulats, compagnies a\u00e9riennes, informations tourist","robots":{"index":"index","follow":"follow","max-snippet":"max-snippet:-1","max-image-preview":"max-image-preview:large","max-video-preview":"max-video-preview:-1"},"canonical":"https:\/\/www.viajamenorca.com\/fr\/guide-touristique\/telephones-et-liens\/telephone-utiles\/","og_locale":"fr_FR","og_type":"article","og_title":"Num\u00e9ros de t\u00e9l\u00e9phone utiles \u00e0 Minorque - R\u00e9pertoire- Viaja a Menorca","og_description":"\ud83d\udcdeNum\u00e9ros de t\u00e9l\u00e9phone utiles si vous voyagez \u00e0 Minorque : services d'urgence, mairies, consulats, compagnies a\u00e9riennes, informations tourist","og_url":"https:\/\/www.viajamenorca.com\/fr\/guide-touristique\/telephones-et-liens\/telephone-utiles\/","og_site_name":"Viaja a Menorca","article_publisher":"https:\/\/www.facebook.com\/ViajaMenorca\/","article_author":"https:\/\/www.facebook.com\/ViajaMenorca\/","article_published_time":"2018-11-02T22:50:18+00:00","article_modified_time":"2026-03-15T09:12:29+00:00","og_image":[{"width":1280,"height":853,"url":"https:\/\/www.viajamenorca.com\/wp-content\/uploads\/2018\/11\/agenda.jpg","type":"image\/jpeg"}],"author":"RVM","twitter_card":"summary_large_image","twitter_creator":"@ViajaMenorca","twitter_site":"@ViajaMenorca","twitter_misc":{"\u00c9crit par":"RVM","Dur\u00e9e de lecture estim\u00e9e":"2 minutes"},"schema":{"@context":"https:\/\/schema.org","@graph":[{"@type":"Article","@id":"https:\/\/www.viajamenorca.com\/fr\/guide-touristique\/telephones-et-liens\/telephone-utiles\/#article","isPartOf":{"@id":"https:\/\/www.viajamenorca.com\/fr\/guide-touristique\/telephones-et-liens\/telephone-utiles\/"},"author":{"name":"RVM","@id":"https:\/\/www.viajamenorca.com\/fr\/#\/schema\/person\/a4a17bcf26fbf36b9726dc16edd0a3fc"},"headline":"Num\u00e9ros de t\u00e9l\u00e9phone utiles","datePublished":"2018-11-02T22:50:18+00:00","dateModified":"2026-03-15T09:12:29+00:00","mainEntityOfPage":{"@id":"https:\/\/www.viajamenorca.com\/fr\/guide-touristique\/telephones-et-liens\/telephone-utiles\/"},"wordCount":141,"publisher":{"@id":"https:\/\/www.viajamenorca.com\/fr\/#organization"},"image":{"@id":"https:\/\/www.viajamenorca.com\/fr\/guide-touristique\/telephones-et-liens\/telephone-utiles\/#primaryimage"},"thumbnailUrl":"https:\/\/www.viajamenorca.com\/wp-content\/uploads\/2018\/11\/agenda.jpg","keywords":["A\u00e9roport de Minorque","H\u00f4pital","Num\u00e9ros de t\u00e9l\u00e9phone utiles","r\u00e9pertoire","t\u00e9l\u00e9phone minorque","Urgences m\u00e9dicales"],"articleSection":["Guide touristique","T\u00e9l\u00e9phones et liens"],"inLanguage":"fr-FR"},{"@type":"WebPage","@id":"https:\/\/www.viajamenorca.com\/fr\/guide-touristique\/telephones-et-liens\/telephone-utiles\/","url":"https:\/\/www.viajamenorca.com\/fr\/guide-touristique\/telephones-et-liens\/telephone-utiles\/","name":"Num\u00e9ros de t\u00e9l\u00e9phone utiles \u00e0 Minorque - R\u00e9pertoire- Viaja a Menorca","isPartOf":{"@id":"https:\/\/www.viajamenorca.com\/fr\/#website"},"primaryImageOfPage":{"@id":"https:\/\/www.viajamenorca.com\/fr\/guide-touristique\/telephones-et-liens\/telephone-utiles\/#primaryimage"},"image":{"@id":"https:\/\/www.viajamenorca.com\/fr\/guide-touristique\/telephones-et-liens\/telephone-utiles\/#primaryimage"},"thumbnailUrl":"https:\/\/www.viajamenorca.com\/wp-content\/uploads\/2018\/11\/agenda.jpg","datePublished":"2018-11-02T22:50:18+00:00","dateModified":"2026-03-15T09:12:29+00:00","description":"\ud83d\udcdeNum\u00e9ros de t\u00e9l\u00e9phone utiles si vous voyagez \u00e0 Minorque : services d'urgence, mairies, consulats, compagnies a\u00e9riennes, informations tourist","breadcrumb":{"@id":"https:\/\/www.viajamenorca.com\/fr\/guide-touristique\/telephones-et-liens\/telephone-utiles\/#breadcrumb"},"inLanguage":"fr-FR","potentialAction":[{"@type":"ReadAction","target":["https:\/\/www.viajamenorca.com\/fr\/guide-touristique\/telephones-et-liens\/telephone-utiles\/"]}]},{"@type":"ImageObject","inLanguage":"fr-FR","@id":"https:\/\/www.viajamenorca.com\/fr\/guide-touristique\/telephones-et-liens\/telephone-utiles\/#primaryimage","url":"https:\/\/www.viajamenorca.com\/wp-content\/uploads\/2018\/11\/agenda.jpg","contentUrl":"https:\/\/www.viajamenorca.com\/wp-content\/uploads\/2018\/11\/agenda.jpg","width":1280,"height":853},{"@type":"BreadcrumbList","@id":"https:\/\/www.viajamenorca.com\/fr\/guide-touristique\/telephones-et-liens\/telephone-utiles\/#breadcrumb","itemListElement":[{"@type":"ListItem","position":1,"name":"Guide touristique","item":"https:\/\/www.viajamenorca.com\/fr\/.\/guide-touristique\/"},{"@type":"ListItem","position":2,"name":"T\u00e9l\u00e9phones et liens","item":"https:\/\/www.viajamenorca.com\/fr\/.\/guide-touristique\/telephones-et-liens\/"},{"@type":"ListItem","position":3,"name":"r\u00e9pertoire"}]},{"@type":"WebSite","@id":"https:\/\/www.viajamenorca.com\/fr\/#website","url":"https:\/\/www.viajamenorca.com\/fr\/","name":"Viaja a Menorca","description":"Votre aventure minorquine commence ici !","publisher":{"@id":"https:\/\/www.viajamenorca.com\/fr\/#organization"},"alternateName":"Gu\u00eda tur\u00edstica de Menorca","potentialAction":[{"@type":"SearchAction","target":{"@type":"EntryPoint","urlTemplate":"https:\/\/www.viajamenorca.com\/fr\/?s={search_term_string}"},"query-input":{"@type":"PropertyValueSpecification","valueRequired":true,"valueName":"search_term_string"}}],"inLanguage":"fr-FR"},{"@type":"Organization","@id":"https:\/\/www.viajamenorca.com\/fr\/#organization","name":"Viaja a Menorca - Gu\u00eda tur\u00edstica","alternateName":"Viaja a Menorca","url":"https:\/\/www.viajamenorca.com\/fr\/","logo":{"@type":"ImageObject","inLanguage":"fr-FR","@id":"https:\/\/www.viajamenorca.com\/fr\/#\/schema\/logo\/image\/","url":"https:\/\/www.viajamenorca.com\/wp-content\/uploads\/2021\/11\/viajamenorca.jpg","contentUrl":"https:\/\/www.viajamenorca.com\/wp-content\/uploads\/2021\/11\/viajamenorca.jpg","width":714,"height":714,"caption":"Viaja a Menorca - Gu\u00eda tur\u00edstica"},"image":{"@id":"https:\/\/www.viajamenorca.com\/fr\/#\/schema\/logo\/image\/"},"sameAs":["https:\/\/www.facebook.com\/ViajaMenorca\/","https:\/\/x.com\/ViajaMenorca","https:\/\/www.instagram.com\/viaja_menorca\/?hl=es","https:\/\/www.youtube.com\/channel\/UCWtpR3jxp79HeZ8zZfHLhXw"]},{"@type":"Person","@id":"https:\/\/www.viajamenorca.com\/fr\/#\/schema\/person\/a4a17bcf26fbf36b9726dc16edd0a3fc","name":"RVM","image":{"@type":"ImageObject","inLanguage":"fr-FR","@id":"https:\/\/www.viajamenorca.com\/wp-content\/litespeed\/avatar\/f92762d1538920c5ee7c40d8d2c84bc0.jpg?ver=1776737859","url":"https:\/\/www.viajamenorca.com\/wp-content\/litespeed\/avatar\/f92762d1538920c5ee7c40d8d2c84bc0.jpg?ver=1776737859","contentUrl":"https:\/\/www.viajamenorca.com\/wp-content\/litespeed\/avatar\/f92762d1538920c5ee7c40d8d2c84bc0.jpg?ver=1776737859","caption":"RVM"},"description":"Guia turistica de Menorca creada por un menorquin amante de su tierra, espero que os guste.","sameAs":["http:\/\/www.viajamenorca.com","https:\/\/www.facebook.com\/ViajaMenorca\/","https:\/\/www.instagram.com\/viaja_menorca\/?hl=es","https:\/\/x.com\/ViajaMenorca","https:\/\/www.youtube.com\/c\/ViajamenorcaEs","https:\/\/es.wikipedia.org\/wiki\/Menorca"]}]}},"_links":{"self":[{"href":"https:\/\/www.viajamenorca.com\/fr\/wp-json\/wp\/v2\/posts\/63584","targetHints":{"allow":["GET"]}}],"collection":[{"href":"https:\/\/www.viajamenorca.com\/fr\/wp-json\/wp\/v2\/posts"}],"about":[{"href":"https:\/\/www.viajamenorca.com\/fr\/wp-json\/wp\/v2\/types\/post"}],"author":[{"embeddable":true,"href":"https:\/\/www.viajamenorca.com\/fr\/wp-json\/wp\/v2\/users\/1"}],"replies":[{"embeddable":true,"href":"https:\/\/www.viajamenorca.com\/fr\/wp-json\/wp\/v2\/comments?post=63584"}],"version-history":[{"count":1,"href":"https:\/\/www.viajamenorca.com\/fr\/wp-json\/wp\/v2\/posts\/63584\/revisions"}],"predecessor-version":[{"id":63694,"href":"https:\/\/www.viajamenorca.com\/fr\/wp-json\/wp\/v2\/posts\/63584\/revisions\/63694"}],"wp:featuredmedia":[{"embeddable":true,"href":"https:\/\/www.viajamenorca.com\/fr\/wp-json\/wp\/v2\/media\/56292"}],"wp:attachment":[{"href":"https:\/\/www.viajamenorca.com\/fr\/wp-json\/wp\/v2\/media?parent=63584"}],"wp:term":[{"taxonomy":"category","embeddable":true,"href":"https:\/\/www.viajamenorca.com\/fr\/wp-json\/wp\/v2\/categories?post=63584"},{"taxonomy":"post_tag","embeddable":true,"href":"https:\/\/www.viajamenorca.com\/fr\/wp-json\/wp\/v2\/tags?post=63584"}],"curies":[{"name":"wp","href":"https:\/\/api.w.org\/{rel}","templated":true}]}}