{"id":63585,"date":"2018-11-02T22:20:42","date_gmt":"2018-11-02T22:20:42","guid":{"rendered":"https:\/\/www.viajamenorca.com\/non-classe\/el-tiempo-prediccion\/"},"modified":"2026-03-15T12:13:42","modified_gmt":"2026-03-15T12:13:42","slug":"la-meteo-previsions","status":"publish","type":"post","link":"https:\/\/www.viajamenorca.com\/fr\/guide-touristique\/la-meteo-previsions\/","title":{"rendered":"La m\u00e9t\u00e9o &#8211; Pr\u00e9visions"},"content":{"rendered":"<h4>La m\u00e9t\u00e9o \u00e0 Minorque &#8211; Pr\u00e9visions m\u00e9t\u00e9orologiques pour les prochains jours.<\/h4>\n<p><strong><span style=\"font-size: 12pt;\">Donn\u00e9es provenant des stations m\u00e9t\u00e9orologiques situ\u00e9es \u00e0 <a href=\"https:\/\/www.viajamenorca.com\/fr\/guide-touristique\/transport\/aeroport-de-minorque\/\">l&rsquo;a\u00e9roport de Minorque<\/a> et \u00e0 <a href=\"https:\/\/viajamenorca.com\/guia-turistica\/rutas-e-itinerarios\/ruta-monumental\/fortalesa-la-mola\/\">La Mola<\/a>, dans le port de <a href=\"https:\/\/www.viajamenorca.com\/fr\/guide-touristique\/villages\/mao-mahon\/\">Mah\u00f3n<\/a>.<\/span><\/strong><\/p>\n<p><iframe style=\"width: 805px; height: 591px; border: 0; overflow: hidden;\" src=\"https:\/\/www.meteoblue.com\/fr\/meteo\/widget\/three\/minorque_espagne_2513925?geoloc=fixed&amp;nocurrent=0&amp;noforecast=0&amp;tempunit=CELSIUS&amp;windunit=KILOMETER_PER_HOUR&amp;days=7&amp;layout=monochrome&amp;user_key=c71ad7171c9997ee&amp;embed_key=015cdae13492b3ce&amp;sig=56b84f6387ea8e3d2030cf1c9f77c2c22f4e08157f10d3ae3802f9fb408c655e\" frameborder=\"0\" scrolling=\"NO\" sandbox=\"allow-same-origin allow-scripts allow-popups allow-popups-to-escape-sandbox\"><\/iframe><\/p>\n<div><!-- DO NOT REMOVE THIS LINK --><a href=\"https:\/\/www.meteoblue.com\/fr\/meteo\/semaine\/index\" target=\"_blank\" rel=\"nofollow noopener\">meteoblue<\/a><\/div>\n<h3 style=\"text-align: center;\"><strong><a href=\"https:\/\/www.viajamenorca.com\/fr\/guide-touristique\/le-climat\/image-meteosat\/\">Voir l&rsquo;image Meteosat &gt;&gt;<\/a><\/strong><\/h3>\n\n\n<div style=\"text-align: center;\"><script>function loadScript(url, callback){var script=document.createElement('script'); script.type='text\/javascript'; if (script.readyState){script.onreadystatechange=function(){if (script.readyState=='loaded' || script.readyState=='complete'){script.onreadystatechange=null; callback();}};}else{script.onload=function(){callback();};}script.src=url; document.getElementsByTagName('head')[0].appendChild(script);}loadScript('https:\/\/cdn2.civitatis.com\/js\/vendor\/iframeResizer.min.js', function(){iFrameResize({checkOrigin:false,initCallback:function(iframe){setTimeout(function(){var resizeEvent = window.document.createEvent('UIEvents'); resizeEvent.initUIEvent('resize', true, false, window, 0); iframe.dispatchEvent(resizeEvent);});}})})<\/script><iframe class=\"civitatis-iframe\" style=\"max-width: 100%;\" src=\"https:\/\/www.civitatis.com\/widget-activities\/?affiliated=99960&amp;display=cosy&amp;cant=6&amp;lang=fr&amp;currency=EUR&amp;zone=492&amp;transfer=1&amp;cmp=Widget_Menorca_ES&amp;width=100%&amp;hideButton=0&amp;centerContent=1&amp;typeSelection=all&amp;color=1d5a8f&amp;typography=Montserrat&amp;removeBackground=1&amp;showShadow=1&amp;roundedButtons=1\" width=\"100%\" frameborder=\"0\" data-maxwidth=\"100%\"><\/iframe><\/div>\n","protected":false},"excerpt":{"rendered":"<p>La m\u00e9t\u00e9o \u00e0 Minorque &#8211; Pr\u00e9visions m\u00e9t\u00e9orologiques pour les prochains jours. Donn\u00e9es provenant des stations m\u00e9t\u00e9orologiques situ\u00e9es \u00e0 l&rsquo;a\u00e9roport de Minorque et \u00e0 La Mola, dans le port de Mah\u00f3n. &#8230; <\/p>\n<p class=\"read-more-container\"><a title=\"La m\u00e9t\u00e9o &#8211; Pr\u00e9visions\" class=\"read-more button\" href=\"https:\/\/www.viajamenorca.com\/fr\/guide-touristique\/la-meteo-previsions\/#more-63585\" aria-label=\"En savoir plus sur La m\u00e9t\u00e9o &#8211; Pr\u00e9visions\">Lire plus<\/a><\/p>\n","protected":false},"author":1,"featured_media":63811,"comment_status":"closed","ping_status":"closed","sticky":false,"template":"","format":"standard","meta":{"_acf_changed":false,"footnotes":""},"categories":[1581,1868],"tags":[3197,3198,3199,3271,3200,3272,3201],"class_list":["post-63585","post","type-post","status-publish","format-standard","has-post-thumbnail","hentry","category-guide-touristique","category-le-climat","tag-el-tiempo","tag-el-tiempo-en-menorca","tag-menorca-weather","tag-meteo","tag-meteorologia","tag-previsions-meteorologiques","tag-radar-meteorologico","resize-featured-image"],"acf":{"elige_un_tipo_de_actividad":"","buscar_por_zonas":""},"yoast_head":"<!-- This site is optimized with the Yoast SEO plugin v27.5 - https:\/\/yoast.com\/product\/yoast-seo-wordpress\/ -->\n<title>La m\u00e9t\u00e9o \u00e0 Minorque \ud83c\udf24\ufe0f Pr\u00e9visions m\u00e9t\u00e9orologiques<\/title>\n<meta name=\"description\" content=\"La m\u00e9t\u00e9o \u00e0 Minorque. Pr\u00e9visions m\u00e9t\u00e9orologiques pour les prochains jours. Image Meteosat, radar m\u00e9t\u00e9orologique, Minorque, \u00celes Bal\u00e9ares \ud83c\udf21\ufe0f\u2614\" \/>\n<meta name=\"robots\" content=\"index, follow, max-snippet:-1, max-image-preview:large, max-video-preview:-1\" \/>\n<link rel=\"canonical\" href=\"https:\/\/www.viajamenorca.com\/fr\/guide-touristique\/la-meteo-previsions\/\" \/>\n<meta property=\"og:locale\" content=\"fr_FR\" \/>\n<meta property=\"og:type\" content=\"article\" \/>\n<meta property=\"og:title\" content=\"La m\u00e9t\u00e9o \u00e0 Minorque \ud83c\udf24\ufe0f Pr\u00e9visions m\u00e9t\u00e9orologiques\" \/>\n<meta property=\"og:description\" content=\"La m\u00e9t\u00e9o \u00e0 Minorque. Pr\u00e9visions m\u00e9t\u00e9orologiques pour les prochains jours. Image Meteosat, radar m\u00e9t\u00e9orologique, Minorque, \u00celes Bal\u00e9ares \ud83c\udf21\ufe0f\u2614\" \/>\n<meta property=\"og:url\" content=\"https:\/\/www.viajamenorca.com\/fr\/guide-touristique\/la-meteo-previsions\/\" \/>\n<meta property=\"og:site_name\" content=\"Viaja a Menorca\" \/>\n<meta property=\"article:publisher\" content=\"https:\/\/www.facebook.com\/ViajaMenorca\/\" \/>\n<meta property=\"article:author\" content=\"https:\/\/www.facebook.com\/ViajaMenorca\/\" \/>\n<meta property=\"article:published_time\" content=\"2018-11-02T22:20:42+00:00\" \/>\n<meta property=\"article:modified_time\" content=\"2026-03-15T12:13:42+00:00\" \/>\n<meta property=\"og:image\" content=\"https:\/\/www.viajamenorca.com\/wp-content\/uploads\/2018\/11\/meteofr.jpg\" \/>\n\t<meta property=\"og:image:width\" content=\"1018\" \/>\n\t<meta property=\"og:image:height\" content=\"676\" \/>\n\t<meta property=\"og:image:type\" content=\"image\/jpeg\" \/>\n<meta name=\"author\" content=\"RVM\" \/>\n<meta name=\"twitter:card\" content=\"summary_large_image\" \/>\n<meta name=\"twitter:creator\" content=\"@ViajaMenorca\" \/>\n<meta name=\"twitter:site\" content=\"@ViajaMenorca\" \/>\n<meta name=\"twitter:label1\" content=\"\u00c9crit par\" \/>\n\t<meta name=\"twitter:data1\" content=\"RVM\" \/>\n\t<meta name=\"twitter:label2\" content=\"Dur\u00e9e de lecture estim\u00e9e\" \/>\n\t<meta name=\"twitter:data2\" content=\"1 minute\" \/>\n<script type=\"application\/ld+json\" class=\"yoast-schema-graph\">{\"@context\":\"https:\\\/\\\/schema.org\",\"@graph\":[{\"@type\":\"Article\",\"@id\":\"https:\\\/\\\/www.viajamenorca.com\\\/fr\\\/guide-touristique\\\/la-meteo-previsions\\\/#article\",\"isPartOf\":{\"@id\":\"https:\\\/\\\/www.viajamenorca.com\\\/fr\\\/guide-touristique\\\/la-meteo-previsions\\\/\"},\"author\":{\"name\":\"RVM\",\"@id\":\"https:\\\/\\\/www.viajamenorca.com\\\/fr\\\/#\\\/schema\\\/person\\\/a4a17bcf26fbf36b9726dc16edd0a3fc\"},\"headline\":\"La m\u00e9t\u00e9o &#8211; Pr\u00e9visions\",\"datePublished\":\"2018-11-02T22:20:42+00:00\",\"dateModified\":\"2026-03-15T12:13:42+00:00\",\"mainEntityOfPage\":{\"@id\":\"https:\\\/\\\/www.viajamenorca.com\\\/fr\\\/guide-touristique\\\/la-meteo-previsions\\\/\"},\"wordCount\":53,\"publisher\":{\"@id\":\"https:\\\/\\\/www.viajamenorca.com\\\/fr\\\/#organization\"},\"image\":{\"@id\":\"https:\\\/\\\/www.viajamenorca.com\\\/fr\\\/guide-touristique\\\/la-meteo-previsions\\\/#primaryimage\"},\"thumbnailUrl\":\"https:\\\/\\\/www.viajamenorca.com\\\/wp-content\\\/uploads\\\/2018\\\/11\\\/meteofr.jpg\",\"keywords\":[\"El Tiempo\",\"El tiempo en Menorca\",\"menorca weather\",\"M\u00e9t\u00e9o\",\"Meteorologia\",\"Pr\u00e9visions m\u00e9t\u00e9orologiques\",\"radar meteorol\u00f3gico\"],\"articleSection\":[\"Guide touristique\",\"Le climat \u00e0 Minorque\"],\"inLanguage\":\"fr-FR\"},{\"@type\":\"WebPage\",\"@id\":\"https:\\\/\\\/www.viajamenorca.com\\\/fr\\\/guide-touristique\\\/la-meteo-previsions\\\/\",\"url\":\"https:\\\/\\\/www.viajamenorca.com\\\/fr\\\/guide-touristique\\\/la-meteo-previsions\\\/\",\"name\":\"La m\u00e9t\u00e9o \u00e0 Minorque \ud83c\udf24\ufe0f Pr\u00e9visions m\u00e9t\u00e9orologiques\",\"isPartOf\":{\"@id\":\"https:\\\/\\\/www.viajamenorca.com\\\/fr\\\/#website\"},\"primaryImageOfPage\":{\"@id\":\"https:\\\/\\\/www.viajamenorca.com\\\/fr\\\/guide-touristique\\\/la-meteo-previsions\\\/#primaryimage\"},\"image\":{\"@id\":\"https:\\\/\\\/www.viajamenorca.com\\\/fr\\\/guide-touristique\\\/la-meteo-previsions\\\/#primaryimage\"},\"thumbnailUrl\":\"https:\\\/\\\/www.viajamenorca.com\\\/wp-content\\\/uploads\\\/2018\\\/11\\\/meteofr.jpg\",\"datePublished\":\"2018-11-02T22:20:42+00:00\",\"dateModified\":\"2026-03-15T12:13:42+00:00\",\"description\":\"La m\u00e9t\u00e9o \u00e0 Minorque. Pr\u00e9visions m\u00e9t\u00e9orologiques pour les prochains jours. Image Meteosat, radar m\u00e9t\u00e9orologique, Minorque, \u00celes Bal\u00e9ares \ud83c\udf21\ufe0f\u2614\",\"breadcrumb\":{\"@id\":\"https:\\\/\\\/www.viajamenorca.com\\\/fr\\\/guide-touristique\\\/la-meteo-previsions\\\/#breadcrumb\"},\"inLanguage\":\"fr-FR\",\"potentialAction\":[{\"@type\":\"ReadAction\",\"target\":[\"https:\\\/\\\/www.viajamenorca.com\\\/fr\\\/guide-touristique\\\/la-meteo-previsions\\\/\"]}]},{\"@type\":\"ImageObject\",\"inLanguage\":\"fr-FR\",\"@id\":\"https:\\\/\\\/www.viajamenorca.com\\\/fr\\\/guide-touristique\\\/la-meteo-previsions\\\/#primaryimage\",\"url\":\"https:\\\/\\\/www.viajamenorca.com\\\/wp-content\\\/uploads\\\/2018\\\/11\\\/meteofr.jpg\",\"contentUrl\":\"https:\\\/\\\/www.viajamenorca.com\\\/wp-content\\\/uploads\\\/2018\\\/11\\\/meteofr.jpg\",\"width\":1018,\"height\":676},{\"@type\":\"BreadcrumbList\",\"@id\":\"https:\\\/\\\/www.viajamenorca.com\\\/fr\\\/guide-touristique\\\/la-meteo-previsions\\\/#breadcrumb\",\"itemListElement\":[{\"@type\":\"ListItem\",\"position\":1,\"name\":\"Guide touristique\",\"item\":\"https:\\\/\\\/www.viajamenorca.com\\\/fr\\\/.\\\/guide-touristique\\\/\"},{\"@type\":\"ListItem\",\"position\":2,\"name\":\"Le climat \u00e0 Minorque\",\"item\":\"https:\\\/\\\/www.viajamenorca.com\\\/fr\\\/.\\\/guide-touristique\\\/le-climat\\\/\"},{\"@type\":\"ListItem\",\"position\":3,\"name\":\"M\u00e9t\u00e9o\"}]},{\"@type\":\"WebSite\",\"@id\":\"https:\\\/\\\/www.viajamenorca.com\\\/fr\\\/#website\",\"url\":\"https:\\\/\\\/www.viajamenorca.com\\\/fr\\\/\",\"name\":\"Viaja a Menorca\",\"description\":\"Votre aventure minorquine commence ici !\",\"publisher\":{\"@id\":\"https:\\\/\\\/www.viajamenorca.com\\\/fr\\\/#organization\"},\"alternateName\":\"Gu\u00eda tur\u00edstica de Menorca\",\"potentialAction\":[{\"@type\":\"SearchAction\",\"target\":{\"@type\":\"EntryPoint\",\"urlTemplate\":\"https:\\\/\\\/www.viajamenorca.com\\\/fr\\\/?s={search_term_string}\"},\"query-input\":{\"@type\":\"PropertyValueSpecification\",\"valueRequired\":true,\"valueName\":\"search_term_string\"}}],\"inLanguage\":\"fr-FR\"},{\"@type\":\"Organization\",\"@id\":\"https:\\\/\\\/www.viajamenorca.com\\\/fr\\\/#organization\",\"name\":\"Viaja a Menorca - Gu\u00eda tur\u00edstica\",\"alternateName\":\"Viaja a Menorca\",\"url\":\"https:\\\/\\\/www.viajamenorca.com\\\/fr\\\/\",\"logo\":{\"@type\":\"ImageObject\",\"inLanguage\":\"fr-FR\",\"@id\":\"https:\\\/\\\/www.viajamenorca.com\\\/fr\\\/#\\\/schema\\\/logo\\\/image\\\/\",\"url\":\"https:\\\/\\\/www.viajamenorca.com\\\/wp-content\\\/uploads\\\/2021\\\/11\\\/viajamenorca.jpg\",\"contentUrl\":\"https:\\\/\\\/www.viajamenorca.com\\\/wp-content\\\/uploads\\\/2021\\\/11\\\/viajamenorca.jpg\",\"width\":714,\"height\":714,\"caption\":\"Viaja a Menorca - Gu\u00eda tur\u00edstica\"},\"image\":{\"@id\":\"https:\\\/\\\/www.viajamenorca.com\\\/fr\\\/#\\\/schema\\\/logo\\\/image\\\/\"},\"sameAs\":[\"https:\\\/\\\/www.facebook.com\\\/ViajaMenorca\\\/\",\"https:\\\/\\\/x.com\\\/ViajaMenorca\",\"https:\\\/\\\/www.instagram.com\\\/viaja_menorca\\\/?hl=es\",\"https:\\\/\\\/www.youtube.com\\\/channel\\\/UCWtpR3jxp79HeZ8zZfHLhXw\"]},{\"@type\":\"Person\",\"@id\":\"https:\\\/\\\/www.viajamenorca.com\\\/fr\\\/#\\\/schema\\\/person\\\/a4a17bcf26fbf36b9726dc16edd0a3fc\",\"name\":\"RVM\",\"image\":{\"@type\":\"ImageObject\",\"inLanguage\":\"fr-FR\",\"@id\":\"https:\\\/\\\/www.viajamenorca.com\\\/wp-content\\\/litespeed\\\/avatar\\\/f92762d1538920c5ee7c40d8d2c84bc0.jpg?ver=1777343553\",\"url\":\"https:\\\/\\\/www.viajamenorca.com\\\/wp-content\\\/litespeed\\\/avatar\\\/f92762d1538920c5ee7c40d8d2c84bc0.jpg?ver=1777343553\",\"contentUrl\":\"https:\\\/\\\/www.viajamenorca.com\\\/wp-content\\\/litespeed\\\/avatar\\\/f92762d1538920c5ee7c40d8d2c84bc0.jpg?ver=1777343553\",\"caption\":\"RVM\"},\"description\":\"Guia turistica de Menorca creada por un menorquin amante de su tierra, espero que os guste.\",\"sameAs\":[\"http:\\\/\\\/www.viajamenorca.com\",\"https:\\\/\\\/www.facebook.com\\\/ViajaMenorca\\\/\",\"https:\\\/\\\/www.instagram.com\\\/viaja_menorca\\\/?hl=es\",\"https:\\\/\\\/x.com\\\/ViajaMenorca\",\"https:\\\/\\\/www.youtube.com\\\/c\\\/ViajamenorcaEs\",\"https:\\\/\\\/es.wikipedia.org\\\/wiki\\\/Menorca\"]}]}<\/script>\n<!-- \/ Yoast SEO plugin. -->","yoast_head_json":{"title":"La m\u00e9t\u00e9o \u00e0 Minorque \ud83c\udf24\ufe0f Pr\u00e9visions m\u00e9t\u00e9orologiques","description":"La m\u00e9t\u00e9o \u00e0 Minorque. Pr\u00e9visions m\u00e9t\u00e9orologiques pour les prochains jours. Image Meteosat, radar m\u00e9t\u00e9orologique, Minorque, \u00celes Bal\u00e9ares \ud83c\udf21\ufe0f\u2614","robots":{"index":"index","follow":"follow","max-snippet":"max-snippet:-1","max-image-preview":"max-image-preview:large","max-video-preview":"max-video-preview:-1"},"canonical":"https:\/\/www.viajamenorca.com\/fr\/guide-touristique\/la-meteo-previsions\/","og_locale":"fr_FR","og_type":"article","og_title":"La m\u00e9t\u00e9o \u00e0 Minorque \ud83c\udf24\ufe0f Pr\u00e9visions m\u00e9t\u00e9orologiques","og_description":"La m\u00e9t\u00e9o \u00e0 Minorque. Pr\u00e9visions m\u00e9t\u00e9orologiques pour les prochains jours. Image Meteosat, radar m\u00e9t\u00e9orologique, Minorque, \u00celes Bal\u00e9ares \ud83c\udf21\ufe0f\u2614","og_url":"https:\/\/www.viajamenorca.com\/fr\/guide-touristique\/la-meteo-previsions\/","og_site_name":"Viaja a Menorca","article_publisher":"https:\/\/www.facebook.com\/ViajaMenorca\/","article_author":"https:\/\/www.facebook.com\/ViajaMenorca\/","article_published_time":"2018-11-02T22:20:42+00:00","article_modified_time":"2026-03-15T12:13:42+00:00","og_image":[{"width":1018,"height":676,"url":"https:\/\/www.viajamenorca.com\/wp-content\/uploads\/2018\/11\/meteofr.jpg","type":"image\/jpeg"}],"author":"RVM","twitter_card":"summary_large_image","twitter_creator":"@ViajaMenorca","twitter_site":"@ViajaMenorca","twitter_misc":{"\u00c9crit par":"RVM","Dur\u00e9e de lecture estim\u00e9e":"1 minute"},"schema":{"@context":"https:\/\/schema.org","@graph":[{"@type":"Article","@id":"https:\/\/www.viajamenorca.com\/fr\/guide-touristique\/la-meteo-previsions\/#article","isPartOf":{"@id":"https:\/\/www.viajamenorca.com\/fr\/guide-touristique\/la-meteo-previsions\/"},"author":{"name":"RVM","@id":"https:\/\/www.viajamenorca.com\/fr\/#\/schema\/person\/a4a17bcf26fbf36b9726dc16edd0a3fc"},"headline":"La m\u00e9t\u00e9o &#8211; Pr\u00e9visions","datePublished":"2018-11-02T22:20:42+00:00","dateModified":"2026-03-15T12:13:42+00:00","mainEntityOfPage":{"@id":"https:\/\/www.viajamenorca.com\/fr\/guide-touristique\/la-meteo-previsions\/"},"wordCount":53,"publisher":{"@id":"https:\/\/www.viajamenorca.com\/fr\/#organization"},"image":{"@id":"https:\/\/www.viajamenorca.com\/fr\/guide-touristique\/la-meteo-previsions\/#primaryimage"},"thumbnailUrl":"https:\/\/www.viajamenorca.com\/wp-content\/uploads\/2018\/11\/meteofr.jpg","keywords":["El Tiempo","El tiempo en Menorca","menorca weather","M\u00e9t\u00e9o","Meteorologia","Pr\u00e9visions m\u00e9t\u00e9orologiques","radar meteorol\u00f3gico"],"articleSection":["Guide touristique","Le climat \u00e0 Minorque"],"inLanguage":"fr-FR"},{"@type":"WebPage","@id":"https:\/\/www.viajamenorca.com\/fr\/guide-touristique\/la-meteo-previsions\/","url":"https:\/\/www.viajamenorca.com\/fr\/guide-touristique\/la-meteo-previsions\/","name":"La m\u00e9t\u00e9o \u00e0 Minorque \ud83c\udf24\ufe0f Pr\u00e9visions m\u00e9t\u00e9orologiques","isPartOf":{"@id":"https:\/\/www.viajamenorca.com\/fr\/#website"},"primaryImageOfPage":{"@id":"https:\/\/www.viajamenorca.com\/fr\/guide-touristique\/la-meteo-previsions\/#primaryimage"},"image":{"@id":"https:\/\/www.viajamenorca.com\/fr\/guide-touristique\/la-meteo-previsions\/#primaryimage"},"thumbnailUrl":"https:\/\/www.viajamenorca.com\/wp-content\/uploads\/2018\/11\/meteofr.jpg","datePublished":"2018-11-02T22:20:42+00:00","dateModified":"2026-03-15T12:13:42+00:00","description":"La m\u00e9t\u00e9o \u00e0 Minorque. Pr\u00e9visions m\u00e9t\u00e9orologiques pour les prochains jours. Image Meteosat, radar m\u00e9t\u00e9orologique, Minorque, \u00celes Bal\u00e9ares \ud83c\udf21\ufe0f\u2614","breadcrumb":{"@id":"https:\/\/www.viajamenorca.com\/fr\/guide-touristique\/la-meteo-previsions\/#breadcrumb"},"inLanguage":"fr-FR","potentialAction":[{"@type":"ReadAction","target":["https:\/\/www.viajamenorca.com\/fr\/guide-touristique\/la-meteo-previsions\/"]}]},{"@type":"ImageObject","inLanguage":"fr-FR","@id":"https:\/\/www.viajamenorca.com\/fr\/guide-touristique\/la-meteo-previsions\/#primaryimage","url":"https:\/\/www.viajamenorca.com\/wp-content\/uploads\/2018\/11\/meteofr.jpg","contentUrl":"https:\/\/www.viajamenorca.com\/wp-content\/uploads\/2018\/11\/meteofr.jpg","width":1018,"height":676},{"@type":"BreadcrumbList","@id":"https:\/\/www.viajamenorca.com\/fr\/guide-touristique\/la-meteo-previsions\/#breadcrumb","itemListElement":[{"@type":"ListItem","position":1,"name":"Guide touristique","item":"https:\/\/www.viajamenorca.com\/fr\/.\/guide-touristique\/"},{"@type":"ListItem","position":2,"name":"Le climat \u00e0 Minorque","item":"https:\/\/www.viajamenorca.com\/fr\/.\/guide-touristique\/le-climat\/"},{"@type":"ListItem","position":3,"name":"M\u00e9t\u00e9o"}]},{"@type":"WebSite","@id":"https:\/\/www.viajamenorca.com\/fr\/#website","url":"https:\/\/www.viajamenorca.com\/fr\/","name":"Viaja a Menorca","description":"Votre aventure minorquine commence ici !","publisher":{"@id":"https:\/\/www.viajamenorca.com\/fr\/#organization"},"alternateName":"Gu\u00eda tur\u00edstica de Menorca","potentialAction":[{"@type":"SearchAction","target":{"@type":"EntryPoint","urlTemplate":"https:\/\/www.viajamenorca.com\/fr\/?s={search_term_string}"},"query-input":{"@type":"PropertyValueSpecification","valueRequired":true,"valueName":"search_term_string"}}],"inLanguage":"fr-FR"},{"@type":"Organization","@id":"https:\/\/www.viajamenorca.com\/fr\/#organization","name":"Viaja a Menorca - Gu\u00eda tur\u00edstica","alternateName":"Viaja a Menorca","url":"https:\/\/www.viajamenorca.com\/fr\/","logo":{"@type":"ImageObject","inLanguage":"fr-FR","@id":"https:\/\/www.viajamenorca.com\/fr\/#\/schema\/logo\/image\/","url":"https:\/\/www.viajamenorca.com\/wp-content\/uploads\/2021\/11\/viajamenorca.jpg","contentUrl":"https:\/\/www.viajamenorca.com\/wp-content\/uploads\/2021\/11\/viajamenorca.jpg","width":714,"height":714,"caption":"Viaja a Menorca - Gu\u00eda tur\u00edstica"},"image":{"@id":"https:\/\/www.viajamenorca.com\/fr\/#\/schema\/logo\/image\/"},"sameAs":["https:\/\/www.facebook.com\/ViajaMenorca\/","https:\/\/x.com\/ViajaMenorca","https:\/\/www.instagram.com\/viaja_menorca\/?hl=es","https:\/\/www.youtube.com\/channel\/UCWtpR3jxp79HeZ8zZfHLhXw"]},{"@type":"Person","@id":"https:\/\/www.viajamenorca.com\/fr\/#\/schema\/person\/a4a17bcf26fbf36b9726dc16edd0a3fc","name":"RVM","image":{"@type":"ImageObject","inLanguage":"fr-FR","@id":"https:\/\/www.viajamenorca.com\/wp-content\/litespeed\/avatar\/f92762d1538920c5ee7c40d8d2c84bc0.jpg?ver=1777343553","url":"https:\/\/www.viajamenorca.com\/wp-content\/litespeed\/avatar\/f92762d1538920c5ee7c40d8d2c84bc0.jpg?ver=1777343553","contentUrl":"https:\/\/www.viajamenorca.com\/wp-content\/litespeed\/avatar\/f92762d1538920c5ee7c40d8d2c84bc0.jpg?ver=1777343553","caption":"RVM"},"description":"Guia turistica de Menorca creada por un menorquin amante de su tierra, espero que os guste.","sameAs":["http:\/\/www.viajamenorca.com","https:\/\/www.facebook.com\/ViajaMenorca\/","https:\/\/www.instagram.com\/viaja_menorca\/?hl=es","https:\/\/x.com\/ViajaMenorca","https:\/\/www.youtube.com\/c\/ViajamenorcaEs","https:\/\/es.wikipedia.org\/wiki\/Menorca"]}]}},"_links":{"self":[{"href":"https:\/\/www.viajamenorca.com\/fr\/wp-json\/wp\/v2\/posts\/63585","targetHints":{"allow":["GET"]}}],"collection":[{"href":"https:\/\/www.viajamenorca.com\/fr\/wp-json\/wp\/v2\/posts"}],"about":[{"href":"https:\/\/www.viajamenorca.com\/fr\/wp-json\/wp\/v2\/types\/post"}],"author":[{"embeddable":true,"href":"https:\/\/www.viajamenorca.com\/fr\/wp-json\/wp\/v2\/users\/1"}],"replies":[{"embeddable":true,"href":"https:\/\/www.viajamenorca.com\/fr\/wp-json\/wp\/v2\/comments?post=63585"}],"version-history":[{"count":17,"href":"https:\/\/www.viajamenorca.com\/fr\/wp-json\/wp\/v2\/posts\/63585\/revisions"}],"predecessor-version":[{"id":63849,"href":"https:\/\/www.viajamenorca.com\/fr\/wp-json\/wp\/v2\/posts\/63585\/revisions\/63849"}],"wp:featuredmedia":[{"embeddable":true,"href":"https:\/\/www.viajamenorca.com\/fr\/wp-json\/wp\/v2\/media\/63811"}],"wp:attachment":[{"href":"https:\/\/www.viajamenorca.com\/fr\/wp-json\/wp\/v2\/media?parent=63585"}],"wp:term":[{"taxonomy":"category","embeddable":true,"href":"https:\/\/www.viajamenorca.com\/fr\/wp-json\/wp\/v2\/categories?post=63585"},{"taxonomy":"post_tag","embeddable":true,"href":"https:\/\/www.viajamenorca.com\/fr\/wp-json\/wp\/v2\/tags?post=63585"}],"curies":[{"name":"wp","href":"https:\/\/api.w.org\/{rel}","templated":true}]}}