{"id":62518,"date":"2026-03-07T02:59:47","date_gmt":"2026-03-07T02:59:47","guid":{"rendered":"https:\/\/www.viajamenorca.com\/senza-categoria\/escapada-a-menorca-semana-santa\/"},"modified":"2026-04-02T00:15:26","modified_gmt":"2026-04-02T00:15:26","slug":"settimana-santa","status":"publish","type":"post","link":"https:\/\/www.viajamenorca.com\/it\/rivista\/settimana-santa\/","title":{"rendered":"Settimana Santa a Minorca 2026: Processioni e itinerari"},"content":{"rendered":"\n<h3 class=\"wp-block-heading\"><span style=\"font-size: 13pt;\">Dal 29 marzo al 5 aprile, l&#8217;isola celebra una delle festivit\u00e0 pi\u00f9 radicate nella cultura minorchina, offrendo un mix unico di tradizione, spiritualit\u00e0 e bellezza naturale.<\/span><\/h3>\n\n\n<div class=\"wp-block-image\">\n<figure class=\"alignright size-large is-resized\"><a href=\"https:\/\/www.viajamenorca.com\/wp-content\/uploads\/2025\/03\/semana-santa-menorca-2026-2-724x1024.jpg\"><img decoding=\"async\" width=\"724\" height=\"1024\" src=\"https:\/\/www.viajamenorca.com\/wp-content\/uploads\/2025\/03\/semana-santa-menorca-2026-2-724x1024.jpg\" alt=\"\" class=\"wp-image-62490\" style=\"width:350px\" title=\"Settimana Santa a Minorca 2026: Processioni e itinerari\" srcset=\"https:\/\/www.viajamenorca.com\/wp-content\/uploads\/2025\/03\/semana-santa-menorca-2026-2-724x1024.jpg 724w, https:\/\/www.viajamenorca.com\/wp-content\/uploads\/2025\/03\/semana-santa-menorca-2026-2-247x350.jpg 247w, https:\/\/www.viajamenorca.com\/wp-content\/uploads\/2025\/03\/semana-santa-menorca-2026-2-768x1086.jpg 768w, https:\/\/www.viajamenorca.com\/wp-content\/uploads\/2025\/03\/semana-santa-menorca-2026-2.jpg 905w\" sizes=\"(max-width: 724px) 100vw, 724px\" \/><\/a><\/figure>\n<\/div>\n\n\n<h4 class=\"wp-block-heading\"><span style=\"font-size: 14pt;\"><\/span><\/h4>\n\n\n\n<h2 class=\"wp-block-heading\"><span style=\"font-size: 18pt;\">Tradizione e spiritualit\u00e0<\/span><\/h2>\n\n\n\n<p><strong>Processioni rinnovate:<\/strong> Le confraternite di Minorca preparano le processioni con novit\u00e0 per quest&#8217;anno, mantenendo viva la tradizione e offrendo ai visitatori un&#8217;esperienza unica.<\/p>\n\n\n\n<p><strong>Incontri e ricongiungimenti:<\/strong> La Settimana Santa \u00e8 il momento ideale per connettersi con la comunit\u00e0 locale e partecipare ai riti religiosi che si celebrano nei diversi borghi dell&#8217;isola.<\/p>\n\n\n\n<h3 class=\"wp-block-heading\"><span style=\"font-size: 13pt;\"><strong><strong>S\u2019\u00c0via Corema e il Carametler<\/strong><\/strong><\/span><\/h3>\n\n\n\n<h3 class=\"wp-block-heading\"><span style=\"font-size: 13pt;\">Durante la Settimana Santa a Minorca, spiccano due figure tradizionali della celebrazione:<\/span><\/h3>\n\n\n\n<p><strong>S\u2019\u00c0via Corema (La Nonna Quaresima): <\/strong>Un&#8217;anziana con sette gambe che simboleggiano le sette settimane precedenti la Pasqua. Ogni settimana perde una gamba, segnando il conto alla rovescia. Questa emblematica figura rimane un simbolo della tradizione minorchina.<\/p>\n\n\n\n<p><strong>Il \u00abCarametler\u00bb:<\/strong> Segna la fine del periodo di astinenza con un tocco festoso. Si tratta di un albero magico decorato con caramelle e dolci, che i bambini innaffiano con acqua e zucchero per &#8220;farlo crescere&#8221; prima di raccogliere la loro ricompensa. Una celebrazione piena di simbolismo e gioia.<\/p>\n\n\n\n<h2 class=\"wp-block-heading\"><span style=\"font-size: 18pt;\">Cosa fare a Minorca durante la Settimana Santa<\/span><\/h2>\n\n\n\n<h3 class=\"wp-block-heading\"><strong><span style=\"font-size: 14pt;\">Attivit\u00e0 per tutti<\/span><\/strong><\/h3>\n\n\n\n<p>Minorca offre attivit\u00e0 per ogni gusto: dalle avventure all&#8217;aria aperta alla deliziosa gastronomia, fino alla ricca cultura locale con percorsi storici e mercati artigianali.<\/p>\n\n\n\n<h2 class=\"wp-block-heading\"><strong><span style=\"font-size: 14pt;\">Natura e avventura<\/span><\/strong><\/h2>\n\n\n\n<p><div class=\"g g-9\"><div class=\"g-single a-52\"><a href=\"https:\/\/www.civitatis.com\/it\/cala-en-bosch\/barca-sud-minorca-cala-bosch\/?aid=99960\" target=\"_blank\" rel=\"nofollow\">\r\n    <img decoding=\"async\" src=\"https:\/\/www.viajamenorca.com\/wp-content\/uploads\/2026\/02\/ITALIANO_ROSE-6-1.jpg\" width=\"350\" height=\"210\" title=\"Escursione in barca alle calette del sud\" alt=\"Escursione in barca alle calette del sud\" \/>\r\n<\/a><\/div><\/div> <strong>Alla scoperta di calette segrete:<\/strong> Approfitta della tranquillit\u00e0 della Settimana Santa per esplorare spiagge vergini e angoli nascosti della costa.<br><strong>Sentieri per trekking e ciclismo:<\/strong> Goditi la natura allo stato puro percorrendo i <strong><a href=\"https:\/\/www.viajamenorca.com\/it\/guida-turistica\/itinerari-e-percorsi\/percorso-panoramico\/\">sentieri<\/a><\/strong> dell&#8217;isola, come il celebre <a href=\"https:\/\/www.viajamenorca.com\/guia-turistica\/rutas-e-itinerarios\/cami-de-cavalls\/\"><strong>Cam\u00ed de Cavalls<\/strong><\/a>.<br><strong>Attivit\u00e0 acquatiche:<\/strong> Immergiti nelle acque cristalline del Mediterraneo praticando <a href=\"https:\/\/www.viajamenorca.com\/it\/attivita\/sport-acquatici\/subacquea\/\" rel=\"nofollow\"><strong>snorkel<\/strong><\/a>, <a href=\"https:\/\/www.viajamenorca.com\/it\/attivita\/sport-acquatici\/subacquea\/\"><strong>sub<\/strong> <\/a>o <a href=\"https:\/\/www.viajamenorca.com\/it\/attivita\/noleggio-barche\/noleggiare-un-kayak\/\"><strong>kayak<\/strong><\/a>.&nbsp;<\/p>\n\n\n\n<h2 class=\"wp-block-heading\"><strong><span style=\"font-size: 14pt;\">Gastronomia e prodotti locali<\/span><\/strong><\/h2>\n\n\n\n<p><strong>Mercati artigianali:<\/strong> Trova prodotti unici fatti a mano nei diversi <a href=\"https:\/\/www.viajamenorca.com\/it\/cosa-fare-a-minorca\/fiere-e-mercati\/calendario-dei-mercati-artigianali-e-agroalimentari\/\"><strong>mercatini<\/strong> <\/a>che si tengono durante la settimana.<br><strong>Giro delle tapas:<\/strong> Scopri i <strong><a href=\"https:\/\/www.viajamenorca.com\/it\/.\/cosa-fare-a-minorca\/dove-mangiare\/ristoranti\/\" type=\"category\" id=\"1830\">bar e ristoranti<\/a><\/strong> di Minorca e assaggia le loro &#8220;tapas&#8221; pi\u00f9 tipiche.<br><strong>Vini minorchini:<\/strong> Accompagna i tuoi pasti con i vini della Denominazione di Origine &#8220;Vino de la tierra Isla de Menorca&#8221;. \u00c8 possibile anche visitare alcune <a href=\"https:\/\/www.viajamenorca.com\/guia-turistica\/gastronomia\/bebidas-menorquinas\/vinos-bodegas-menorca\/\"><strong>cantine<\/strong><\/a>.<\/p>\n\n\n\n<h2 class=\"wp-block-heading\"><strong><span style=\"font-size: 14pt;\">Cultura e patrimonio<\/span><\/strong><\/h2>\n\n\n\n<p><strong>Visite guidate: <\/strong>Scopri la storia e le leggende dell&#8217;isola con <strong><a href=\"https:\/\/www.viajamenorca.com\/it\/attivita\/visite-guidate-guide-turistiche\/\">guide esperte<\/a><\/strong>. Non perdere le <a href=\"https:\/\/www.viajamenorca.com\/it\/attivita\/visite-guidate-guide-turistiche\/\"><strong>visite guidate gratuite<\/strong><\/a> a <a title=\"Visitas guiada gratuita a Mah\u00f3n\" href=\"https:\/\/www.viajamenorca.com\/actividades\/visitas-guiadas\/visita-guiada-free-tour-por-mahon-mao\/\" target=\"_blank\" rel=\"nofollow noopener\"><strong>Mah\u00f3n<\/strong> <\/a>e <a title=\"Visitas guiada gratuita a Ciudadela\" href=\"https:\/\/www.viajamenorca.com\/it\/attivita\/visite-guidate\/visita-guidata-tour-libero-intorno-a-ciutadella\/\" target=\"_blank\" rel=\"nofollow noopener\"><strong>Ciutadella<\/strong><\/a>. Maggiori informazioni <strong><a href=\"https:\/\/www.viajamenorca.com\/it\/attivita\/visite-guidate-guide-turistiche\/\">qui<\/a><\/strong>.<br><strong>Siti archeologici: <\/strong>Visita i talayots e i villaggi preistorici per scoprire la ricca Cultura Talaiotica, recentemente dichiarata <a href=\"https:\/\/www.viajamenorca.com\/revista\/menorca-tatayotica-patrimonio-mundial\/\"><strong>Patrimonio dell&#8217;Umanit\u00e0 UNESCO<\/strong><\/a>.<br><strong>Musei ed mostre:<\/strong> Scopri il patrimonio culturale nei <strong><a href=\"https:\/\/www.viajamenorca.com\/it\/guida-turistica\/itinerari-e-percorsi\/itinerario-culturale\/musei\/\" type=\"post\" id=\"58151\">musei <\/a><\/strong>e nelle <strong><a href=\"https:\/\/www.viajamenorca.com\/it\/guida-turistica\/itinerari-e-percorsi\/itinerario-culturale\/sale-espositive\/\" type=\"post\" id=\"55504\">esposizioni <\/a><\/strong>temporanee dell&#8217;isola.<br>Concerti di musica classica: Goditi la musica sacra nei diversi templi dell&#8217;isola. <a href=\"https:\/\/bisbatdemenorca.org\/\" target=\"_blank\" rel=\"noreferrer noopener nofollow\"><strong>Informacion sobre horarios aqu\u00ed<\/strong><\/a>. <div class=\"g g-6\"><div class=\"g-single a-45\"><a href=\"https:\/\/www.viajamenorca.com\/it\/attivita\/noleggio-barche\/noleggiare-un-kayak\/\" target=\"_blank\" rel=\"nofollow\">\r\n    <img decoding=\"async\" src=\"https:\/\/www.viajamenorca.com\/wp-content\/uploads\/2026\/02\/ITALIANO_BLUE-6-1.jpg\" width=\"350\" height=\"210\" title=\"Escursioni in kayak\" alt=\"Escursioni in kayak\" \/>\r\n<\/a><\/div><\/div><\/p>\n\n\n\n<h2 class=\"wp-block-heading\"><span style=\"font-size: 18pt;\">Consigli pratici<\/span><\/h2>\n\n\n\n<p>Prenota in anticipo: <strong><a href=\"https:\/\/www.viajamenorca.com\/it\/hotel-alloggi\/\" type=\"page\" id=\"53112\">Hotel<\/a><\/strong>, <strong><a href=\"https:\/\/www.viajamenorca.com\/it\/guida-turistica\/trasporto\/voli\/\" type=\"post\" id=\"58570\">voli<\/a><\/strong>, <strong><a href=\"https:\/\/www.viajamenorca.com\/it\/guida-turistica\/trasporto\/noleggio-auto\/\" type=\"post\" id=\"55286\">noleggio auto<\/a><\/strong> e <strong><a href=\"https:\/\/www.viajamenorca.com\/it\/guida-turistica\/trasporto\/\" type=\"page\" id=\"53320\">trasferimenti <\/a><\/strong>tendono ad avere prezzi pi\u00f9 bassi se prenotati con largo anticipo.<br><strong>Trasporto pubblico:<\/strong> Utilizza i <strong><a href=\"https:\/\/www.viajamenorca.com\/it\/guida-turistica\/trasporto\/\" type=\"page\" id=\"53320\">mezzi pubblici<\/a><\/strong> per spostarti sull&#8217;isola ed evitare problemi di parcheggio.<br>Rispetta l&#8217;ambiente: Collabora alla conservazione del <a href=\"https:\/\/www.viajamenorca.com\/guia-turistica\/reserva-de-biosfera\/colabora-tu-tambien\/\"><strong>territorio<\/strong><\/a> e rispetta le norme degli spazi naturali protetti.<\/p>\n\n\n\n<h2 class=\"wp-block-heading\"><span style=\"font-size: 18pt;\">Calendario religioso, processioni e itinerari<\/span><\/h2>\n\n\n\n<h3 class=\"wp-block-heading\"><strong><span style=\"font-size: 16pt;\">Date della Settimana Santa a Minorca 2026<\/span><\/strong><\/h3>\n\n\n\n<ul class=\"wp-block-list fechas Semana Santa 2023\">\n<li><h2><span style=\"font-size: 14pt;\"><strong>Domenica delle Palme: 29 marzo<\/strong><\/span><\/h2><\/li>\n<\/ul>\n\n\n\n<p><span style=\"font-size: 12pt;\">Gli atti della Domenica delle Palme danno inizio alla Settimana Santa. Molte chiese di Minorca celebrano la <strong>benedizione delle palme<\/strong> e le tradizionali <strong>processioni della Via Crucis<\/strong>.<\/span><\/p>\n\n\n\n<ul class=\"wp-block-list fechas Semana Santa 2023\">\n<li><h3><span style=\"font-size: 14pt;\"><strong><strong>Luned\u00ec Santo: 30 marzo<\/strong><\/strong><\/span><\/h3><\/li>\n<\/ul>\n\n\n\n<p><strong>Processione <\/strong>della Confraternita di Nuestro Padre Jes\u00fas de la Sentencia nella <strong>chiesa di Sant Antoni Abat a Mah\u00f3n<\/strong>.<\/p>\n\n\n\n<ul class=\"wp-block-list fechas Semana Santa 2023\">\n<li><h3><span style=\"font-size: 14pt;\"><strong>Marted\u00ec Santo: 31 marzo<\/strong><\/span><\/h3><\/li>\n<\/ul>\n\n\n\n<p><strong>Processione <\/strong>della <strong>Via Crucis<\/strong> nella <strong>parrocchia del Roser a Es Castell<\/strong>.<\/p>\n\n\n\n<ul class=\"wp-block-list fechas Semana Santa 2023\">\n<li><h2><span style=\"font-size: 14pt;\"><strong>Mercoled\u00ec Santo: 1 aprile<\/strong><\/span><\/h2><\/li>\n<\/ul>\n\n\n\n<p><strong>Messa Crismale <\/strong>nella <strong>Cattedrale di Minorca<\/strong>. Messa in cui si consacra il Santo Crisma e in cui si benedicono anche i Santi Oli dei catecumeni e degli infermi.<\/p>\n\n\n\n<ul class=\"wp-block-list fechas Semana Santa 2023\">\n<li><h2><span style=\"font-size: 14pt;\"><strong>Gioved\u00ec Santo: 2 aprile<\/strong><\/span><\/h2><\/li>\n<\/ul>\n\n\n\n<p>Il Gioved\u00ec Santo inizia con una <strong>veglia di preghiera<\/strong> accanto a Ges\u00f9 e all&#8217;Eucaristia \u201c<strong>al Sant\u00edssim<\/strong>\u201d, commemorando l&#8217;Ultima Cena del Signore nella <strong>Chiesa de La Concepci\u00f3n di Mah\u00f3n<\/strong>.<\/p>\n\n\n\n<p><span style=\"font-size: 12pt;\">Successivamente prosegue con la <strong>processione del santo silenzio<\/strong>, che conta sulla partecipazione della <strong>Confraternita de La Sang di Mah\u00f3n<\/strong> e che d\u00e0 inizio agli atti religiosi del Triduo Pasquale a Minorca celebrati nella <strong>chiesa di Sant Josep<\/strong> con l&#8217;immagine del Cristo Crocifisso con Maria Maddalena che abbraccia la croce ai suoi piedi.<\/span><\/p>\n\n\n\n<ul class=\"wp-block-list\">\n<li><h2><span style=\"font-size: 14pt;\"><strong>Venerd\u00ec Santo: 3 aprile<\/strong><\/span><\/h2><\/li>\n<\/ul>\n\n\n\n<p><span style=\"font-size: 14pt;\"><span style=\"line-height: 1.5;\">Processione nella <a href=\"https:\/\/viajamenorca.com\/guia-turistica\/rutas-e-itinerarios\/ruta-monumental\/la-catedral-menorca\/\"><strong>Cattedrale di<\/strong> <strong>Ciutadella<\/strong><\/a>, sede della Diocesi di Minorca.<\/span><\/span><\/p>\n\n\n<div class=\"wp-block-image\">\n<figure class=\"alignright\"><a href=\"https:\/\/www.viajamenorca.com\/wp-content\/uploads\/2024\/02\/confrares-350x233.jpg\" rel=\"noopener\"><img decoding=\"async\" width=\"350\" height=\"233\" src=\"https:\/\/www.viajamenorca.com\/wp-content\/uploads\/2024\/02\/confrares-350x233.jpg\" alt=\"\" class=\"wp-image-33190\" srcset=\"https:\/\/www.viajamenorca.com\/wp-content\/uploads\/2024\/02\/confrares-350x233.jpg 350w, https:\/\/www.viajamenorca.com\/wp-content\/uploads\/2024\/02\/confrares-768x510.jpg 768w, https:\/\/www.viajamenorca.com\/wp-content\/uploads\/2024\/02\/confrares.jpg 960w\" sizes=\"(max-width: 350px) 100vw, 350px\" \/><\/a><figcaption class=\"wp-element-caption\">Foto: <a href=\"http:\/\/jesusdenatzaret.com\/\" target=\"_blank\" rel=\"noopener\">jesusdenatzaret.com<\/a><\/figcaption><\/figure>\n<\/div>\n\n\n<p><span style=\"font-size: 12pt;\"><span style=\"line-height: 1.5;\">Conter\u00e0 sulla presenza di Mons. Gerard Villalonga Hell\u00edn (da confermare), vescovo della diocesi minorchina, che avr\u00e0 l&#8217;onore di presiedere la processione. Questa partir\u00e0 dalla porta principale della Cattedrale e percorrer\u00e0 le vie pi\u00f9 centrali della citt\u00e0, con la partecipazione di diverse confraternite.<\/span><\/span><\/p>\n\n\n\n<p><span style=\"font-size: 12pt;\"><span style=\"font-size: 12pt;\">Le <strong>celebrazioni pi\u00f9 frequentate<\/strong> il Venerd\u00ec Santo sono solitamente quelle di <\/span><a style=\"font-size: 12pt;\" href=\"https:\/\/viajamenorca.com\/guia-turistica\/pueblos\/mahon\/\" rel=\"nofollow\"><strong>Mah\u00f3n<\/strong><\/a><span style=\"font-size: 12pt;\"> e <\/span><a style=\"font-size: 12pt;\" href=\"https:\/\/viajamenorca.com\/guia-turistica\/pueblos\/ciudadela\/\" rel=\"nofollow\"><strong>Ciudadela<\/strong><\/a><span style=\"font-size: 12pt;\">, ma si pu\u00f2 seguire la <strong>Processione del Santo Sepolcro<\/strong> (Santo Entierro) in diverse <\/span><a style=\"font-size: 12pt;\" href=\"https:\/\/www.viajamenorca.com\/it\/guida-turistica\/popolazioni\/\" rel=\"nofollow\"><strong>localit\u00e0<\/strong><\/a><span style=\"font-size: 12pt;\"> dell&#8217;isola: <\/span><span style=\"line-height: 1.5;\"><strong><a href=\"https:\/\/viajamenorca.com\/guia-turistica\/pueblos\/mercadal\/\">Es Mercadal<\/a><\/strong>, <strong><a href=\"https:\/\/www.viajamenorca.com\/it\/guida-turistica\/villaggi\/alaior-alayor\/\">Alaior<\/a><\/strong>,&nbsp;<a href=\"https:\/\/www.viajamenorca.com\/it\/guida-turistica\/villaggi\/ferreries\/\"><b>Ferreries<\/b><\/a><span style=\"font-size: 12pt;\">, Es Migjorn, <\/span><a style=\"font-size: 12pt;\" href=\"https:\/\/www.viajamenorca.com\/it\/guida-turistica\/villaggi\/sant-lluis-san-luis\/\"><strong>Sant Llu\u00eds<\/strong><\/a><span style=\"font-size: 12pt;\">, Es castell, <\/span><a style=\"font-size: 12pt;\" href=\"https:\/\/www.viajamenorca.com\/it\/guida-turistica\/villaggi\/fornells\/\"><strong>Fornells<\/strong><\/a><span style=\"font-size: 12pt;\">.<\/span><\/span><\/span><\/p>\n\n\n\n<ul class=\"wp-block-list fechas Semana Santa 2023\">\n<li><h2><span style=\"font-size: 14pt;\"><strong>Sabato Santo: 4 aprile<\/strong><\/span><\/h2><\/li>\n\n\n\n<li><h2><span style=\"font-size: 14pt;\"><strong>Domenica di Resurrezione: 5 aprile<\/strong><\/span><\/h2><\/li>\n<\/ul>\n\n\n\n<p><span style=\"font-size: 12pt;\">Minorca vive la Domenica di Resurrezione con diverse processioni che celebrano il culmine della Settimana Santa con la <strong>Processione dell&#8217;Incontro<\/strong> (Procesi\u00f3n del Encuentro).<\/span><\/p>\n\n\n\n<p><strong>Monsignor Villalonga Hell\u00edn<\/strong>, <strong>vescovo di Minorca<\/strong>, presieder\u00e0 gli atti (da confermare), tra cui spiccano quelli celebrati nella <strong>Chiesa di Santa Mar\u00eda di Mah\u00f3n<\/strong>, dove verr\u00e0 officiata la messa pasquale. Di rilievo anche la <strong>Processione dell&#8217;Incontro<\/strong> che quest&#8217;anno cambia itinerario (non passer\u00e0 per Plaza de la Constituci\u00f3n a causa di lavori) e partir\u00e0 dalla <strong>Chiesa delle Concezioniste<\/strong>.<\/p>\n\n\n\n<p><span style=\"font-size: 12pt;\"><span style=\"line-height: 1.5;\">Per concludere, in vari comuni dell&#8217;isola si tiene il <strong>tradizionale canto del \u2018Deixem lo Dol\u2019<\/strong>, con esibizioni di gruppi corali che cantano celebrando la Pasqua.<\/span><\/span><\/p>\n\n\n\n<h2 class=\"wp-block-heading\"><span style=\"font-size: 18pt;\">Orari delle messe e concerti<\/span><\/h2>\n\n\n\n<ul class=\"wp-block-list\">\n<li>Sul sito del vescovado \u00e8 possibile consultare tutti gli orari, paese per paese, delle processioni della Settimana Santa:<strong><span style=\"font-size: 14pt;\"> <\/span><\/strong><a title=\"Bisbat de Menorca\" href=\"https:\/\/bisbatdemenorca.org\" target=\"_blank\" rel=\"noopener\"><strong><span style=\"font-size: 14pt;\">bisbatdemenorca.org<\/span><\/strong><\/a> Sul sito della Confraternita de la Sang \u00e8 possibile consultare l&#8217;agenda e gli itinerari a Mah\u00f3n.<\/li>\n\n\n\n<li>Sul sito della <strong><a href=\"https:\/\/lasang.com\/agenda.html\" target=\"_blank\" rel=\"noreferrer noopener nofollow\">Confraternita de la Sang<\/a><\/strong> \u00e8 possibile consultare <strong><a href=\"https:\/\/lasang.com\/agenda.html\" target=\"_blank\" rel=\"noreferrer noopener nofollow\">l&#8217;agenda <\/a><\/strong>e gli <strong><a href=\"https:\/\/lasang.com\/procesiones.html\" target=\"_blank\" rel=\"noreferrer noopener nofollow\">itinerari <\/a><\/strong>a Mah\u00f3n.<\/li>\n\n\n\n<li>Puoi anche visitare i siti web delle diverse confraternite e congregazioni di Minorca. [<strong><a href=\"https:\/\/cofradiasmenorca.wordpress.com\/enlaces\/\" target=\"_blank\" rel=\"noreferrer noopener nofollow\">Vedi elenco<\/a><\/strong>]<\/li>\n<\/ul>\n\n\n\n<h2 class=\"wp-block-heading\"><span style=\"font-size: 17pt;\">Seguire gli eventi online<\/span><\/h2>\n\n\n\n<h3 class=\"wp-block-heading LC20lb DKV0Md\"><span style=\"font-size: 12pt;\">\u00c8 possibile seguire le diverse manifestazioni religiose attraverso il canale YouTube del &#8220;Bisbat&#8221; di Menorca: <strong><a href=\"https:\/\/www.youtube.com\/user\/BisbatdeMenorca\" target=\"_blank\" rel=\"noreferrer noopener nofollow\">youtube.com\/user\/BisbatdeMenorca<\/a><\/strong><\/span> <span style=\"font-size: 12pt;\">e il sito web ufficiale della diocesi: <strong><a href=\"https:\/\/bisbatdemenorca.org\" target=\"_blank\" rel=\"nofollow noopener\">bisbatdemenorca.org<\/a><\/strong><\/span>.<\/h3>\n\n\n\n<hr \/>\n<h3><span style=\"font-size: 14pt;\"><strong>Video<\/strong><\/span><\/h3>\n\n\n\n<figure class=\"wp-block-embed is-type-video is-provider-youtube wp-block-embed-youtube wp-embed-aspect-16-9 wp-has-aspect-ratio\"><div class=\"wp-block-embed__wrapper\">\n<iframe title=\"DOMINGO DE RAMOS. MAH\u00d3N 2024.\" width=\"1200\" height=\"675\" src=\"https:\/\/www.youtube.com\/embed\/PdEUzAQcw7I?feature=oembed\" frameborder=\"0\" allow=\"accelerometer; autoplay; clipboard-write; encrypted-media; gyroscope; picture-in-picture; web-share\" referrerpolicy=\"strict-origin-when-cross-origin\" allowfullscreen><\/iframe>\n<\/div><\/figure>\n\n\n\n<hr class=\"wp-block-separator has-alpha-channel-opacity\"\/>\n\n\n\n<h3 class=\"wp-block-heading\"><span style=\"font-size: 14pt;\">La Settimana Santa a Minorca \u00e8 un&#8217;esperienza da non perdere. Vieni a goderti la tradizione, la cultura, la natura e la gastronomia di questa meravigliosa isola.<\/span><\/h3>\n","protected":false},"excerpt":{"rendered":"<p>Dal 29 marzo al 5 aprile, l&#8217;isola celebra una delle festivit\u00e0 pi\u00f9 radicate nella cultura minorchina, offrendo un mix unico di tradizione, spiritualit\u00e0 e bellezza naturale. Tradizione e spiritualit\u00e0 Processioni &#8230; <\/p>\n<p class=\"read-more-container\"><a title=\"Settimana Santa a Minorca 2026: Processioni e itinerari\" class=\"read-more button\" href=\"https:\/\/www.viajamenorca.com\/it\/rivista\/settimana-santa\/#more-62518\" aria-label=\"Per saperne di pi\u00f9 su Settimana Santa a Minorca 2026: Processioni e itinerari\">Leggi tutto<\/a><\/p>\n","protected":false},"author":1,"featured_media":64887,"comment_status":"open","ping_status":"open","sticky":false,"template":"","format":"standard","meta":{"_acf_changed":false,"footnotes":""},"categories":[1527,1702],"tags":[2778,2788,2779,2784,1550,2273,2065,1546,2780,2781,2785,2782,2783,2789],"class_list":["post-62518","post","type-post","status-publish","format-standard","has-post-thumbnail","hentry","category-rivista","category-programmi-e-guide","tag-actos-religiosos","tag-atti-religiosi","tag-calendario-de-actos","tag-calendario-degli-atti","tag-cittadella","tag-ciutadella","tag-concerti","tag-mahon","tag-misas-semana-santa","tag-procesiones-y-recorridos","tag-processioni-e-itinerari","tag-semana-santa","tag-semana-santa-menorca","tag-settimana-santa","resize-featured-image"],"acf":{"elige_un_tipo_de_actividad":"","buscar_por_zonas":""},"yoast_head":"<!-- This site is optimized with the Yoast SEO plugin v27.4 - https:\/\/yoast.com\/product\/yoast-seo-wordpress\/ -->\n<title>Settimana Santa a Minorca 2026: Processioni e itinerari - Guide<\/title>\n<meta name=\"description\" content=\"La Settimana Santa \u00e8 una delle festivit\u00e0 pi\u00f9 importanti per i minorchini e un&#039;occasione unica per i turisti e i visitatori di conoscere..\" \/>\n<meta name=\"robots\" content=\"index, follow, max-snippet:-1, max-image-preview:large, max-video-preview:-1\" \/>\n<link rel=\"canonical\" href=\"https:\/\/www.viajamenorca.com\/it\/rivista\/settimana-santa\/\" \/>\n<meta property=\"og:locale\" content=\"it_IT\" \/>\n<meta property=\"og:type\" content=\"article\" \/>\n<meta property=\"og:title\" content=\"Settimana Santa a Minorca 2026: Processioni e itinerari - Guide\" \/>\n<meta property=\"og:description\" content=\"La Settimana Santa \u00e8 una delle festivit\u00e0 pi\u00f9 importanti per i minorchini e un&#039;occasione unica per i turisti e i visitatori di conoscere..\" \/>\n<meta property=\"og:url\" content=\"https:\/\/www.viajamenorca.com\/it\/rivista\/settimana-santa\/\" \/>\n<meta property=\"og:site_name\" content=\"Viaja a Menorca\" \/>\n<meta property=\"article:publisher\" content=\"https:\/\/www.facebook.com\/ViajaMenorca\/\" \/>\n<meta property=\"article:author\" content=\"https:\/\/www.facebook.com\/ViajaMenorca\/\" \/>\n<meta property=\"article:published_time\" content=\"2026-03-07T02:59:47+00:00\" \/>\n<meta property=\"article:modified_time\" content=\"2026-04-02T00:15:26+00:00\" \/>\n<meta property=\"og:image\" content=\"https:\/\/www.viajamenorca.com\/wp-content\/uploads\/2025\/03\/semana-santa-menorca-2026-2.jpg\" \/>\n\t<meta property=\"og:image:width\" content=\"905\" \/>\n\t<meta property=\"og:image:height\" content=\"1280\" \/>\n\t<meta property=\"og:image:type\" content=\"image\/jpeg\" \/>\n<meta name=\"author\" content=\"RVM\" \/>\n<meta name=\"twitter:card\" content=\"summary_large_image\" \/>\n<meta name=\"twitter:creator\" content=\"@ViajaMenorca\" \/>\n<meta name=\"twitter:site\" content=\"@ViajaMenorca\" \/>\n<meta name=\"twitter:label1\" content=\"Scritto da\" \/>\n\t<meta name=\"twitter:data1\" content=\"RVM\" \/>\n\t<meta name=\"twitter:label2\" content=\"Tempo di lettura stimato\" \/>\n\t<meta name=\"twitter:data2\" content=\"6 minuto\" \/>\n<script type=\"application\/ld+json\" class=\"yoast-schema-graph\">{\"@context\":\"https:\\\/\\\/schema.org\",\"@graph\":[{\"@type\":\"Article\",\"@id\":\"https:\\\/\\\/www.viajamenorca.com\\\/it\\\/rivista\\\/settimana-santa\\\/#article\",\"isPartOf\":{\"@id\":\"https:\\\/\\\/www.viajamenorca.com\\\/it\\\/rivista\\\/settimana-santa\\\/\"},\"author\":{\"name\":\"RVM\",\"@id\":\"https:\\\/\\\/www.viajamenorca.com\\\/it\\\/#\\\/schema\\\/person\\\/a4a17bcf26fbf36b9726dc16edd0a3fc\"},\"headline\":\"Settimana Santa a Minorca 2026: Processioni e itinerari\",\"datePublished\":\"2026-03-07T02:59:47+00:00\",\"dateModified\":\"2026-04-02T00:15:26+00:00\",\"mainEntityOfPage\":{\"@id\":\"https:\\\/\\\/www.viajamenorca.com\\\/it\\\/rivista\\\/settimana-santa\\\/\"},\"wordCount\":1055,\"commentCount\":0,\"publisher\":{\"@id\":\"https:\\\/\\\/www.viajamenorca.com\\\/it\\\/#organization\"},\"image\":{\"@id\":\"https:\\\/\\\/www.viajamenorca.com\\\/it\\\/rivista\\\/settimana-santa\\\/#primaryimage\"},\"thumbnailUrl\":\"https:\\\/\\\/www.viajamenorca.com\\\/wp-content\\\/uploads\\\/2025\\\/03\\\/semana-santa-menorca-2026-2.jpg\",\"keywords\":[\"Actos religiosos\",\"Atti religiosi\",\"Calendario de actos\",\"Calendario degli atti\",\"Cittadella\",\"Ciutadella\",\"Concerti\",\"Mahon\",\"Misas semana santa\",\"Procesiones y recorridos\",\"Processioni e itinerari\",\"Semana Santa\",\"semana santa menorca\",\"Settimana Santa\"],\"articleSection\":[\"Blog | Rivista di turismo\",\"Programmi e guide\"],\"inLanguage\":\"it-IT\",\"potentialAction\":[{\"@type\":\"CommentAction\",\"name\":\"Comment\",\"target\":[\"https:\\\/\\\/www.viajamenorca.com\\\/it\\\/rivista\\\/settimana-santa\\\/#respond\"]}]},{\"@type\":\"WebPage\",\"@id\":\"https:\\\/\\\/www.viajamenorca.com\\\/it\\\/rivista\\\/settimana-santa\\\/\",\"url\":\"https:\\\/\\\/www.viajamenorca.com\\\/it\\\/rivista\\\/settimana-santa\\\/\",\"name\":\"Settimana Santa a Minorca 2026: Processioni e itinerari - Guide\",\"isPartOf\":{\"@id\":\"https:\\\/\\\/www.viajamenorca.com\\\/it\\\/#website\"},\"primaryImageOfPage\":{\"@id\":\"https:\\\/\\\/www.viajamenorca.com\\\/it\\\/rivista\\\/settimana-santa\\\/#primaryimage\"},\"image\":{\"@id\":\"https:\\\/\\\/www.viajamenorca.com\\\/it\\\/rivista\\\/settimana-santa\\\/#primaryimage\"},\"thumbnailUrl\":\"https:\\\/\\\/www.viajamenorca.com\\\/wp-content\\\/uploads\\\/2025\\\/03\\\/semana-santa-menorca-2026-2.jpg\",\"datePublished\":\"2026-03-07T02:59:47+00:00\",\"dateModified\":\"2026-04-02T00:15:26+00:00\",\"description\":\"La Settimana Santa \u00e8 una delle festivit\u00e0 pi\u00f9 importanti per i minorchini e un'occasione unica per i turisti e i visitatori di conoscere..\",\"breadcrumb\":{\"@id\":\"https:\\\/\\\/www.viajamenorca.com\\\/it\\\/rivista\\\/settimana-santa\\\/#breadcrumb\"},\"inLanguage\":\"it-IT\",\"potentialAction\":[{\"@type\":\"ReadAction\",\"target\":[\"https:\\\/\\\/www.viajamenorca.com\\\/it\\\/rivista\\\/settimana-santa\\\/\"]}]},{\"@type\":\"ImageObject\",\"inLanguage\":\"it-IT\",\"@id\":\"https:\\\/\\\/www.viajamenorca.com\\\/it\\\/rivista\\\/settimana-santa\\\/#primaryimage\",\"url\":\"https:\\\/\\\/www.viajamenorca.com\\\/wp-content\\\/uploads\\\/2025\\\/03\\\/semana-santa-menorca-2026-2.jpg\",\"contentUrl\":\"https:\\\/\\\/www.viajamenorca.com\\\/wp-content\\\/uploads\\\/2025\\\/03\\\/semana-santa-menorca-2026-2.jpg\",\"width\":905,\"height\":1280},{\"@type\":\"BreadcrumbList\",\"@id\":\"https:\\\/\\\/www.viajamenorca.com\\\/it\\\/rivista\\\/settimana-santa\\\/#breadcrumb\",\"itemListElement\":[{\"@type\":\"ListItem\",\"position\":1,\"name\":\"Blog | Rivista di turismo\",\"item\":\"https:\\\/\\\/www.viajamenorca.com\\\/it\\\/.\\\/rivista\\\/\"},{\"@type\":\"ListItem\",\"position\":2,\"name\":\"Calendario religioso\"}]},{\"@type\":\"WebSite\",\"@id\":\"https:\\\/\\\/www.viajamenorca.com\\\/it\\\/#website\",\"url\":\"https:\\\/\\\/www.viajamenorca.com\\\/it\\\/\",\"name\":\"Viaja a Menorca\",\"description\":\"La tua avventura a Minorca inizia qui!\",\"publisher\":{\"@id\":\"https:\\\/\\\/www.viajamenorca.com\\\/it\\\/#organization\"},\"alternateName\":\"Gu\u00eda tur\u00edstica de Menorca\",\"potentialAction\":[{\"@type\":\"SearchAction\",\"target\":{\"@type\":\"EntryPoint\",\"urlTemplate\":\"https:\\\/\\\/www.viajamenorca.com\\\/it\\\/?s={search_term_string}\"},\"query-input\":{\"@type\":\"PropertyValueSpecification\",\"valueRequired\":true,\"valueName\":\"search_term_string\"}}],\"inLanguage\":\"it-IT\"},{\"@type\":\"Organization\",\"@id\":\"https:\\\/\\\/www.viajamenorca.com\\\/it\\\/#organization\",\"name\":\"Viaja a Menorca - Gu\u00eda tur\u00edstica\",\"alternateName\":\"Viaja a Menorca\",\"url\":\"https:\\\/\\\/www.viajamenorca.com\\\/it\\\/\",\"logo\":{\"@type\":\"ImageObject\",\"inLanguage\":\"it-IT\",\"@id\":\"https:\\\/\\\/www.viajamenorca.com\\\/it\\\/#\\\/schema\\\/logo\\\/image\\\/\",\"url\":\"https:\\\/\\\/www.viajamenorca.com\\\/wp-content\\\/uploads\\\/2021\\\/11\\\/viajamenorca.jpg\",\"contentUrl\":\"https:\\\/\\\/www.viajamenorca.com\\\/wp-content\\\/uploads\\\/2021\\\/11\\\/viajamenorca.jpg\",\"width\":714,\"height\":714,\"caption\":\"Viaja a Menorca - Gu\u00eda tur\u00edstica\"},\"image\":{\"@id\":\"https:\\\/\\\/www.viajamenorca.com\\\/it\\\/#\\\/schema\\\/logo\\\/image\\\/\"},\"sameAs\":[\"https:\\\/\\\/www.facebook.com\\\/ViajaMenorca\\\/\",\"https:\\\/\\\/x.com\\\/ViajaMenorca\",\"https:\\\/\\\/www.instagram.com\\\/viaja_menorca\\\/?hl=es\",\"https:\\\/\\\/www.youtube.com\\\/channel\\\/UCWtpR3jxp79HeZ8zZfHLhXw\"]},{\"@type\":\"Person\",\"@id\":\"https:\\\/\\\/www.viajamenorca.com\\\/it\\\/#\\\/schema\\\/person\\\/a4a17bcf26fbf36b9726dc16edd0a3fc\",\"name\":\"RVM\",\"image\":{\"@type\":\"ImageObject\",\"inLanguage\":\"it-IT\",\"@id\":\"https:\\\/\\\/www.viajamenorca.com\\\/wp-content\\\/litespeed\\\/avatar\\\/f92762d1538920c5ee7c40d8d2c84bc0.jpg?ver=1776737859\",\"url\":\"https:\\\/\\\/www.viajamenorca.com\\\/wp-content\\\/litespeed\\\/avatar\\\/f92762d1538920c5ee7c40d8d2c84bc0.jpg?ver=1776737859\",\"contentUrl\":\"https:\\\/\\\/www.viajamenorca.com\\\/wp-content\\\/litespeed\\\/avatar\\\/f92762d1538920c5ee7c40d8d2c84bc0.jpg?ver=1776737859\",\"caption\":\"RVM\"},\"description\":\"Guia turistica de Menorca creada por un menorquin amante de su tierra, espero que os guste.\",\"sameAs\":[\"http:\\\/\\\/www.viajamenorca.com\",\"https:\\\/\\\/www.facebook.com\\\/ViajaMenorca\\\/\",\"https:\\\/\\\/www.instagram.com\\\/viaja_menorca\\\/?hl=es\",\"https:\\\/\\\/x.com\\\/ViajaMenorca\",\"https:\\\/\\\/www.youtube.com\\\/c\\\/ViajamenorcaEs\",\"https:\\\/\\\/es.wikipedia.org\\\/wiki\\\/Menorca\"]}]}<\/script>\n<!-- \/ Yoast SEO plugin. -->","yoast_head_json":{"title":"Settimana Santa a Minorca 2026: Processioni e itinerari - Guide","description":"La Settimana Santa \u00e8 una delle festivit\u00e0 pi\u00f9 importanti per i minorchini e un'occasione unica per i turisti e i visitatori di conoscere..","robots":{"index":"index","follow":"follow","max-snippet":"max-snippet:-1","max-image-preview":"max-image-preview:large","max-video-preview":"max-video-preview:-1"},"canonical":"https:\/\/www.viajamenorca.com\/it\/rivista\/settimana-santa\/","og_locale":"it_IT","og_type":"article","og_title":"Settimana Santa a Minorca 2026: Processioni e itinerari - Guide","og_description":"La Settimana Santa \u00e8 una delle festivit\u00e0 pi\u00f9 importanti per i minorchini e un'occasione unica per i turisti e i visitatori di conoscere..","og_url":"https:\/\/www.viajamenorca.com\/it\/rivista\/settimana-santa\/","og_site_name":"Viaja a Menorca","article_publisher":"https:\/\/www.facebook.com\/ViajaMenorca\/","article_author":"https:\/\/www.facebook.com\/ViajaMenorca\/","article_published_time":"2026-03-07T02:59:47+00:00","article_modified_time":"2026-04-02T00:15:26+00:00","og_image":[{"width":905,"height":1280,"url":"https:\/\/www.viajamenorca.com\/wp-content\/uploads\/2025\/03\/semana-santa-menorca-2026-2.jpg","type":"image\/jpeg"}],"author":"RVM","twitter_card":"summary_large_image","twitter_creator":"@ViajaMenorca","twitter_site":"@ViajaMenorca","twitter_misc":{"Scritto da":"RVM","Tempo di lettura stimato":"6 minuto"},"schema":{"@context":"https:\/\/schema.org","@graph":[{"@type":"Article","@id":"https:\/\/www.viajamenorca.com\/it\/rivista\/settimana-santa\/#article","isPartOf":{"@id":"https:\/\/www.viajamenorca.com\/it\/rivista\/settimana-santa\/"},"author":{"name":"RVM","@id":"https:\/\/www.viajamenorca.com\/it\/#\/schema\/person\/a4a17bcf26fbf36b9726dc16edd0a3fc"},"headline":"Settimana Santa a Minorca 2026: Processioni e itinerari","datePublished":"2026-03-07T02:59:47+00:00","dateModified":"2026-04-02T00:15:26+00:00","mainEntityOfPage":{"@id":"https:\/\/www.viajamenorca.com\/it\/rivista\/settimana-santa\/"},"wordCount":1055,"commentCount":0,"publisher":{"@id":"https:\/\/www.viajamenorca.com\/it\/#organization"},"image":{"@id":"https:\/\/www.viajamenorca.com\/it\/rivista\/settimana-santa\/#primaryimage"},"thumbnailUrl":"https:\/\/www.viajamenorca.com\/wp-content\/uploads\/2025\/03\/semana-santa-menorca-2026-2.jpg","keywords":["Actos religiosos","Atti religiosi","Calendario de actos","Calendario degli atti","Cittadella","Ciutadella","Concerti","Mahon","Misas semana santa","Procesiones y recorridos","Processioni e itinerari","Semana Santa","semana santa menorca","Settimana Santa"],"articleSection":["Blog | Rivista di turismo","Programmi e guide"],"inLanguage":"it-IT","potentialAction":[{"@type":"CommentAction","name":"Comment","target":["https:\/\/www.viajamenorca.com\/it\/rivista\/settimana-santa\/#respond"]}]},{"@type":"WebPage","@id":"https:\/\/www.viajamenorca.com\/it\/rivista\/settimana-santa\/","url":"https:\/\/www.viajamenorca.com\/it\/rivista\/settimana-santa\/","name":"Settimana Santa a Minorca 2026: Processioni e itinerari - Guide","isPartOf":{"@id":"https:\/\/www.viajamenorca.com\/it\/#website"},"primaryImageOfPage":{"@id":"https:\/\/www.viajamenorca.com\/it\/rivista\/settimana-santa\/#primaryimage"},"image":{"@id":"https:\/\/www.viajamenorca.com\/it\/rivista\/settimana-santa\/#primaryimage"},"thumbnailUrl":"https:\/\/www.viajamenorca.com\/wp-content\/uploads\/2025\/03\/semana-santa-menorca-2026-2.jpg","datePublished":"2026-03-07T02:59:47+00:00","dateModified":"2026-04-02T00:15:26+00:00","description":"La Settimana Santa \u00e8 una delle festivit\u00e0 pi\u00f9 importanti per i minorchini e un'occasione unica per i turisti e i visitatori di conoscere..","breadcrumb":{"@id":"https:\/\/www.viajamenorca.com\/it\/rivista\/settimana-santa\/#breadcrumb"},"inLanguage":"it-IT","potentialAction":[{"@type":"ReadAction","target":["https:\/\/www.viajamenorca.com\/it\/rivista\/settimana-santa\/"]}]},{"@type":"ImageObject","inLanguage":"it-IT","@id":"https:\/\/www.viajamenorca.com\/it\/rivista\/settimana-santa\/#primaryimage","url":"https:\/\/www.viajamenorca.com\/wp-content\/uploads\/2025\/03\/semana-santa-menorca-2026-2.jpg","contentUrl":"https:\/\/www.viajamenorca.com\/wp-content\/uploads\/2025\/03\/semana-santa-menorca-2026-2.jpg","width":905,"height":1280},{"@type":"BreadcrumbList","@id":"https:\/\/www.viajamenorca.com\/it\/rivista\/settimana-santa\/#breadcrumb","itemListElement":[{"@type":"ListItem","position":1,"name":"Blog | Rivista di turismo","item":"https:\/\/www.viajamenorca.com\/it\/.\/rivista\/"},{"@type":"ListItem","position":2,"name":"Calendario religioso"}]},{"@type":"WebSite","@id":"https:\/\/www.viajamenorca.com\/it\/#website","url":"https:\/\/www.viajamenorca.com\/it\/","name":"Viaja a Menorca","description":"La tua avventura a Minorca inizia qui!","publisher":{"@id":"https:\/\/www.viajamenorca.com\/it\/#organization"},"alternateName":"Gu\u00eda tur\u00edstica de Menorca","potentialAction":[{"@type":"SearchAction","target":{"@type":"EntryPoint","urlTemplate":"https:\/\/www.viajamenorca.com\/it\/?s={search_term_string}"},"query-input":{"@type":"PropertyValueSpecification","valueRequired":true,"valueName":"search_term_string"}}],"inLanguage":"it-IT"},{"@type":"Organization","@id":"https:\/\/www.viajamenorca.com\/it\/#organization","name":"Viaja a Menorca - Gu\u00eda tur\u00edstica","alternateName":"Viaja a Menorca","url":"https:\/\/www.viajamenorca.com\/it\/","logo":{"@type":"ImageObject","inLanguage":"it-IT","@id":"https:\/\/www.viajamenorca.com\/it\/#\/schema\/logo\/image\/","url":"https:\/\/www.viajamenorca.com\/wp-content\/uploads\/2021\/11\/viajamenorca.jpg","contentUrl":"https:\/\/www.viajamenorca.com\/wp-content\/uploads\/2021\/11\/viajamenorca.jpg","width":714,"height":714,"caption":"Viaja a Menorca - Gu\u00eda tur\u00edstica"},"image":{"@id":"https:\/\/www.viajamenorca.com\/it\/#\/schema\/logo\/image\/"},"sameAs":["https:\/\/www.facebook.com\/ViajaMenorca\/","https:\/\/x.com\/ViajaMenorca","https:\/\/www.instagram.com\/viaja_menorca\/?hl=es","https:\/\/www.youtube.com\/channel\/UCWtpR3jxp79HeZ8zZfHLhXw"]},{"@type":"Person","@id":"https:\/\/www.viajamenorca.com\/it\/#\/schema\/person\/a4a17bcf26fbf36b9726dc16edd0a3fc","name":"RVM","image":{"@type":"ImageObject","inLanguage":"it-IT","@id":"https:\/\/www.viajamenorca.com\/wp-content\/litespeed\/avatar\/f92762d1538920c5ee7c40d8d2c84bc0.jpg?ver=1776737859","url":"https:\/\/www.viajamenorca.com\/wp-content\/litespeed\/avatar\/f92762d1538920c5ee7c40d8d2c84bc0.jpg?ver=1776737859","contentUrl":"https:\/\/www.viajamenorca.com\/wp-content\/litespeed\/avatar\/f92762d1538920c5ee7c40d8d2c84bc0.jpg?ver=1776737859","caption":"RVM"},"description":"Guia turistica de Menorca creada por un menorquin amante de su tierra, espero que os guste.","sameAs":["http:\/\/www.viajamenorca.com","https:\/\/www.facebook.com\/ViajaMenorca\/","https:\/\/www.instagram.com\/viaja_menorca\/?hl=es","https:\/\/x.com\/ViajaMenorca","https:\/\/www.youtube.com\/c\/ViajamenorcaEs","https:\/\/es.wikipedia.org\/wiki\/Menorca"]}]}},"_links":{"self":[{"href":"https:\/\/www.viajamenorca.com\/it\/wp-json\/wp\/v2\/posts\/62518","targetHints":{"allow":["GET"]}}],"collection":[{"href":"https:\/\/www.viajamenorca.com\/it\/wp-json\/wp\/v2\/posts"}],"about":[{"href":"https:\/\/www.viajamenorca.com\/it\/wp-json\/wp\/v2\/types\/post"}],"author":[{"embeddable":true,"href":"https:\/\/www.viajamenorca.com\/it\/wp-json\/wp\/v2\/users\/1"}],"replies":[{"embeddable":true,"href":"https:\/\/www.viajamenorca.com\/it\/wp-json\/wp\/v2\/comments?post=62518"}],"version-history":[{"count":16,"href":"https:\/\/www.viajamenorca.com\/it\/wp-json\/wp\/v2\/posts\/62518\/revisions"}],"predecessor-version":[{"id":64894,"href":"https:\/\/www.viajamenorca.com\/it\/wp-json\/wp\/v2\/posts\/62518\/revisions\/64894"}],"wp:featuredmedia":[{"embeddable":true,"href":"https:\/\/www.viajamenorca.com\/it\/wp-json\/wp\/v2\/media\/64887"}],"wp:attachment":[{"href":"https:\/\/www.viajamenorca.com\/it\/wp-json\/wp\/v2\/media?parent=62518"}],"wp:term":[{"taxonomy":"category","embeddable":true,"href":"https:\/\/www.viajamenorca.com\/it\/wp-json\/wp\/v2\/categories?post=62518"},{"taxonomy":"post_tag","embeddable":true,"href":"https:\/\/www.viajamenorca.com\/it\/wp-json\/wp\/v2\/tags?post=62518"}],"curies":[{"name":"wp","href":"https:\/\/api.w.org\/{rel}","templated":true}]}}